{"id":570583,"date":"2023-03-01T18:11:00","date_gmt":"2023-03-01T17:11:00","guid":{"rendered":"https:\/\/theplayoffs.news\/fr\/?p=570583"},"modified":"2023-03-01T18:11:00","modified_gmt":"2023-03-01T17:11:00","slug":"harden-de-retour-a-houston-apres-la-saison","status":"publish","type":"post","link":"https:\/\/theplayoffs.news\/fr\/actualite-nba\/harden-de-retour-a-houston-apres-la-saison\/","title":{"rendered":"Harden de retour \u00e0 Houston apr\u00e8s la saison ?"},"content":{"rendered":"<h2>Les premi&egrave;res rumeurs sur de potentielles mouvements la saison prochaine se font entendre. James Harden souhaiterait selon certaines sources revenir aux Rockets de Houston &agrave; la fin de la saison.<\/h2><p>Les Rockets de Houston et <a href=\"https:\/\/theplayoffs.news\/fr\/joueur\/james-harden-philadelphia-76ers-nba\/\" class=\"trk-cta-link\" data-cta-trk='{\"ctaType\":\"Link\",\"ctaSubType\":\"main\"}'>James Harden<\/a> vont-ils se retrouver ? C&rsquo;est en tout cas ce que les derni&egrave;res rumeurs disent &agrave; propos du meneur des 76ers de Philadelphie. Il retrouverait une franchise dans laquelle il a pass&eacute; un peu plus de <strong>9 ans de sa carri&egrave;re<\/strong> (2012-2021).<\/p><p>Cette rumeur provient des journalistes de The Athletic, en l&rsquo;occurrence <a href=\"https:\/\/bleacherreport.com\/articles\/10067227-james-harden-rumors-76ers-star-serious-about-rockets-reunion-amid-mutual-interest\" class=\"trk-cta-link\" data-cta-trk='{\"ctaType\":\"Link\",\"ctaSubType\":\"main\"}'>Sam Amick et Kelly Iko<\/a>. Les Rockets sont d&eacute;termin&eacute;s &agrave; reprendre le <strong>meneur de 33 ans<\/strong>. Mais cette rumeur si l&rsquo;on se penche sur les arguments qui poussent &agrave; voir un retour d&rsquo;Harden dans le Texas s&rsquo;av&egrave;rent r&eacute;alistes.<\/p><p>Malgr&eacute; de tr&egrave;s bonnes prestations sous le maillot des 76ers, Harden n&rsquo;est pas totalement &eacute;panoui sous les ordres de <strong>Doc Rivers<\/strong>. Il voudrait avoir un peu plus le ballon et le porter d&rsquo;avantage. En clair, il souhaite redevenir l&rsquo;option num&eacute;ro 1.<\/p><p>Ses statistiques en termes de points n&rsquo;ont jamais &eacute;t&eacute; aussi basses avec <strong>21,6 points de moyenne<\/strong> cette saison. Cela est relativement bas si l&rsquo;on compare cela &agrave; ses<strong> 29,2 points<\/strong> en un peu plus de 9 ans aux Rockets.<\/p><p>Autre argument, c&rsquo;est le c&ocirc;t&eacute; extra sportif. En effet, <strong>Harden<\/strong> avait plus de libert&eacute; du c&ocirc;t&eacute; de Houston qu&rsquo;actuellement &agrave; Philadelphie comme le rapporte une source proche du joueur.<\/p><blockquote><p>&laquo;&nbsp;C&rsquo;&eacute;tait un endroit (Houston) qui lui permettait d&rsquo;&ecirc;tre totalement lui-m&ecirc;me&nbsp;&raquo;, affirme la source de Amick et Iko. &laquo;&nbsp;Ils aiment (les joueurs) les bo&icirc;tes de nuits, les jets priv&eacute;s pour Vegas, ce manque de conditionnement&hellip; Donc ils sont en mode &laquo;&nbsp;Non, vous n&rsquo;y allez pas&nbsp;&raquo;. Du moment que vous en mettez 30 (points), tout va bien. Il n&rsquo;y a pas d&rsquo;autres endroits qui soit ce qu&rsquo;il a connu. Il aime cet endroit (Houston). C&rsquo;&eacute;tait le lieu qui lui permettait d&rsquo;&ecirc;tre r&eacute;ellement lui-m&ecirc;me&nbsp;&raquo;.<\/p><\/blockquote><p>Ce qui est s&ucirc;r, c&rsquo;est que certes &laquo;&nbsp;<em>The Beard<\/em>&nbsp;&raquo; marque moins de points mais il est actuellement le meilleur passeur de la NBA avec <strong>10,7 passes<\/strong> par match.<\/p><p>Le <strong>MVP 2018<\/strong> veut remporter un titre et au vu de la saison des Sixers, il est dans une &eacute;quipe qui a les armes pour &ecirc;tre performant en s&eacute;ries &eacute;liminatoires. <strong>Philadelphie<\/strong> est 3&egrave; de la Conf&eacute;rence Est (39-21).<\/p><p>James Harden veut gagner un titre mais &agrave; quel prix ? C&rsquo;est toute la question.<\/p>\n","protected":false},"excerpt":{"rendered":"","protected":false},"author":180310140,"featured_media":570584,"comment_status":"open","ping_status":"closed","sticky":false,"template":"","format":"standard","meta":{"inline_featured_image":false,"kia_subtitle":"","_mux_skip_reasons":[],"proofreadBy":0,"footnotes":""},"categories":[110,10],"tags":[139,140,2266],"sport":[],"saison":[],"class_list":["post-570583","post","type-post","status-publish","format-standard","has-post-thumbnail","hentry","category-actualite-nba","category-nba","tag-houston-rockets","tag-james-harden","tag-philadelphie-76ers"],"acf":[],"yoast_head":"<!-- This site is optimized with the Yoast SEO plugin v24.2 - https:\/\/yoast.com\/wordpress\/plugins\/seo\/ -->\n<title>Harden de retour &agrave; Houston apr&egrave;s la saison ? - The Playoffs FR<\/title>\n<meta name=\"robots\" content=\"index, follow, max-snippet:-1, max-image-preview:large, max-video-preview:-1\" \/>\n<link rel=\"canonical\" href=\"https:\/\/theplayoffs.news\/fr\/actualite-nba\/harden-de-retour-a-houston-apres-la-saison\/\" \/>\n<meta property=\"og:locale\" content=\"fr_FR\" \/>\n<meta property=\"og:type\" content=\"article\" \/>\n<meta property=\"og:title\" content=\"Harden de retour &agrave; Houston apr&egrave;s la saison ? - The Playoffs FR\" \/>\n<meta property=\"og:url\" content=\"https:\/\/theplayoffs.news\/fr\/actualite-nba\/harden-de-retour-a-houston-apres-la-saison\/\" \/>\n<meta property=\"og:site_name\" content=\"The Playoffs FR\" \/>\n<meta property=\"article:publisher\" content=\"https:\/\/www.facebook.com\/TheFreeAgentFR\/\" \/>\n<meta property=\"article:modified_time\" content=\"2023-03-01T18:11:00+01:00\" \/>\n<meta property=\"og:image\" content=\"https:\/\/theplayoffs.news\/fr\/wp-content\/uploads\/2023\/03\/James-Harden.jpg\" \/>\n\t<meta property=\"og:image:width\" content=\"1200\" \/>\n\t<meta property=\"og:image:height\" content=\"800\" \/>\n\t<meta property=\"og:image:type\" content=\"image\/jpeg\" \/>\n<meta name=\"author\" content=\"Theophile Batica-ferreira\" \/>\n<meta name=\"twitter:card\" content=\"summary_large_image\" \/>\n<meta name=\"twitter:creator\" content=\"@TheFreeAgentFR\" \/>\n<meta name=\"twitter:site\" content=\"@TheFreeAgentFR\" \/>\n<meta name=\"twitter:label1\" content=\"\u00c9crit par\" \/>\n\t<meta name=\"twitter:data1\" content=\"Theophile Batica-ferreira\" \/>\n\t<meta name=\"twitter:label2\" content=\"Dur\u00e9e de lecture estim\u00e9e\" \/>\n\t<meta name=\"twitter:data2\" content=\"2 minutes\" \/>\n<script type=\"application\/ld+json\" class=\"yoast-schema-graph\">{\"@context\":\"https:\/\/schema.org\",\"@graph\":[{\"@type\":\"WebPage\",\"@id\":\"https:\/\/theplayoffs.news\/fr\/actualite-nba\/harden-de-retour-a-houston-apres-la-saison\/\",\"url\":\"https:\/\/theplayoffs.news\/fr\/actualite-nba\/harden-de-retour-a-houston-apres-la-saison\/\",\"name\":\"Harden de retour \u00e0 Houston apr\u00e8s la saison ? - The Playoffs FR\",\"isPartOf\":{\"@id\":\"https:\/\/theplayoffs.news\/fr\/#website\"},\"primaryImageOfPage\":{\"@id\":\"https:\/\/theplayoffs.news\/fr\/actualite-nba\/harden-de-retour-a-houston-apres-la-saison\/#primaryimage\"},\"image\":{\"@id\":\"https:\/\/theplayoffs.news\/fr\/actualite-nba\/harden-de-retour-a-houston-apres-la-saison\/#primaryimage\"},\"thumbnailUrl\":\"https:\/\/theplayoffs.news\/fr\/wp-content\/uploads\/2023\/03\/James-Harden.jpg\",\"datePublished\":\"2023-03-01T17:11:00+00:00\",\"dateModified\":\"2023-03-01T17:11:00+00:00\",\"author\":{\"@id\":\"https:\/\/theplayoffs.news\/fr\/#\/schema\/person\/28782e5d11e28ced1db43166cecdaae9\"},\"breadcrumb\":{\"@id\":\"https:\/\/theplayoffs.news\/fr\/actualite-nba\/harden-de-retour-a-houston-apres-la-saison\/#breadcrumb\"},\"inLanguage\":\"fr-FR\",\"potentialAction\":[{\"@type\":\"ReadAction\",\"target\":[\"https:\/\/theplayoffs.news\/fr\/actualite-nba\/harden-de-retour-a-houston-apres-la-saison\/\"]}]},{\"@type\":\"ImageObject\",\"inLanguage\":\"fr-FR\",\"@id\":\"https:\/\/theplayoffs.news\/fr\/actualite-nba\/harden-de-retour-a-houston-apres-la-saison\/#primaryimage\",\"url\":\"https:\/\/theplayoffs.news\/fr\/wp-content\/uploads\/2023\/03\/James-Harden.jpg\",\"contentUrl\":\"https:\/\/theplayoffs.news\/fr\/wp-content\/uploads\/2023\/03\/James-Harden.jpg\",\"width\":1200,\"height\":800,\"caption\":\"Harden\"},{\"@type\":\"BreadcrumbList\",\"@id\":\"https:\/\/theplayoffs.news\/fr\/actualite-nba\/harden-de-retour-a-houston-apres-la-saison\/#breadcrumb\",\"itemListElement\":[{\"@type\":\"ListItem\",\"position\":1,\"name\":\"Accueil\",\"item\":\"https:\/\/theplayoffs.news\/fr\/\"},{\"@type\":\"ListItem\",\"position\":2,\"name\":\"Harden de retour \u00e0 Houston apr\u00e8s la saison ?\"}]},{\"@type\":\"WebSite\",\"@id\":\"https:\/\/theplayoffs.news\/fr\/#website\",\"url\":\"https:\/\/theplayoffs.news\/fr\/\",\"name\":\"The Playoffs FR\",\"description\":\"NBA-NFL-NHL-MLB\",\"potentialAction\":[{\"@type\":\"SearchAction\",\"target\":{\"@type\":\"EntryPoint\",\"urlTemplate\":\"https:\/\/theplayoffs.news\/fr\/?s={search_term_string}\"},\"query-input\":{\"@type\":\"PropertyValueSpecification\",\"valueRequired\":true,\"valueName\":\"search_term_string\"}}],\"inLanguage\":\"fr-FR\"},{\"@type\":\"Person\",\"@id\":\"https:\/\/theplayoffs.news\/fr\/#\/schema\/person\/28782e5d11e28ced1db43166cecdaae9\",\"name\":\"Theophile Batica-ferreira\",\"image\":{\"@type\":\"ImageObject\",\"inLanguage\":\"fr-FR\",\"@id\":\"https:\/\/theplayoffs.news\/fr\/#\/schema\/person\/image\/\",\"url\":\"https:\/\/secure.gravatar.com\/avatar\/2a8200ad0411f8ebd27c6b41622c1d7589cdf53cfc6c271372dbe6fbfd1e8159?s=96&d=mm&r=g\",\"contentUrl\":\"https:\/\/secure.gravatar.com\/avatar\/2a8200ad0411f8ebd27c6b41622c1d7589cdf53cfc6c271372dbe6fbfd1e8159?s=96&d=mm&r=g\",\"caption\":\"Theophile Batica-ferreira\"},\"url\":\"https:\/\/theplayoffs.news\/fr\/author\/theophile-batica-ferreiramediaschool-me\/\"}]}<\/script>\n<!-- \/ Yoast SEO plugin. -->","yoast_head_json":{"title":"Harden de retour &agrave; Houston apr&egrave;s la saison ? - The Playoffs FR","robots":{"index":"index","follow":"follow","max-snippet":"max-snippet:-1","max-image-preview":"max-image-preview:large","max-video-preview":"max-video-preview:-1"},"canonical":"https:\/\/theplayoffs.news\/fr\/actualite-nba\/harden-de-retour-a-houston-apres-la-saison\/","og_locale":"fr_FR","og_type":"article","og_title":"Harden de retour &agrave; Houston apr&egrave;s la saison ? - The Playoffs FR","og_url":"https:\/\/theplayoffs.news\/fr\/actualite-nba\/harden-de-retour-a-houston-apres-la-saison\/","og_site_name":"The Playoffs FR","article_publisher":"https:\/\/www.facebook.com\/TheFreeAgentFR\/","og_image":[{"width":1200,"height":800,"url":"https:\/\/theplayoffs.news\/fr\/wp-content\/uploads\/2023\/03\/James-Harden.jpg","type":"image\/jpeg"}],"author":"Theophile Batica-ferreira","twitter_card":"summary_large_image","twitter_creator":"@TheFreeAgentFR","twitter_site":"@TheFreeAgentFR","twitter_misc":{"\u00c9crit par":"Theophile Batica-ferreira","Dur\u00e9e de lecture estim\u00e9e":"2 minutes"},"schema":{"@context":"https:\/\/schema.org","@graph":[{"@type":"WebPage","@id":"https:\/\/theplayoffs.news\/fr\/actualite-nba\/harden-de-retour-a-houston-apres-la-saison\/","url":"https:\/\/theplayoffs.news\/fr\/actualite-nba\/harden-de-retour-a-houston-apres-la-saison\/","name":"Harden de retour \u00e0 Houston apr\u00e8s la saison ? - The Playoffs FR","isPartOf":{"@id":"https:\/\/theplayoffs.news\/fr\/#website"},"primaryImageOfPage":{"@id":"https:\/\/theplayoffs.news\/fr\/actualite-nba\/harden-de-retour-a-houston-apres-la-saison\/#primaryimage"},"image":{"@id":"https:\/\/theplayoffs.news\/fr\/actualite-nba\/harden-de-retour-a-houston-apres-la-saison\/#primaryimage"},"thumbnailUrl":"https:\/\/theplayoffs.news\/fr\/wp-content\/uploads\/2023\/03\/James-Harden.jpg","datePublished":"2023-03-01T17:11:00+00:00","dateModified":"2023-03-01T17:11:00+00:00","author":{"@id":"https:\/\/theplayoffs.news\/fr\/#\/schema\/person\/28782e5d11e28ced1db43166cecdaae9"},"breadcrumb":{"@id":"https:\/\/theplayoffs.news\/fr\/actualite-nba\/harden-de-retour-a-houston-apres-la-saison\/#breadcrumb"},"inLanguage":"fr-FR","potentialAction":[{"@type":"ReadAction","target":["https:\/\/theplayoffs.news\/fr\/actualite-nba\/harden-de-retour-a-houston-apres-la-saison\/"]}]},{"@type":"ImageObject","inLanguage":"fr-FR","@id":"https:\/\/theplayoffs.news\/fr\/actualite-nba\/harden-de-retour-a-houston-apres-la-saison\/#primaryimage","url":"https:\/\/theplayoffs.news\/fr\/wp-content\/uploads\/2023\/03\/James-Harden.jpg","contentUrl":"https:\/\/theplayoffs.news\/fr\/wp-content\/uploads\/2023\/03\/James-Harden.jpg","width":1200,"height":800,"caption":"Harden"},{"@type":"BreadcrumbList","@id":"https:\/\/theplayoffs.news\/fr\/actualite-nba\/harden-de-retour-a-houston-apres-la-saison\/#breadcrumb","itemListElement":[{"@type":"ListItem","position":1,"name":"Accueil","item":"https:\/\/theplayoffs.news\/fr\/"},{"@type":"ListItem","position":2,"name":"Harden de retour \u00e0 Houston apr\u00e8s la saison ?"}]},{"@type":"WebSite","@id":"https:\/\/theplayoffs.news\/fr\/#website","url":"https:\/\/theplayoffs.news\/fr\/","name":"The Playoffs FR","description":"NBA-NFL-NHL-MLB","potentialAction":[{"@type":"SearchAction","target":{"@type":"EntryPoint","urlTemplate":"https:\/\/theplayoffs.news\/fr\/?s={search_term_string}"},"query-input":{"@type":"PropertyValueSpecification","valueRequired":true,"valueName":"search_term_string"}}],"inLanguage":"fr-FR"},{"@type":"Person","@id":"https:\/\/theplayoffs.news\/fr\/#\/schema\/person\/28782e5d11e28ced1db43166cecdaae9","name":"Theophile Batica-ferreira","image":{"@type":"ImageObject","inLanguage":"fr-FR","@id":"https:\/\/theplayoffs.news\/fr\/#\/schema\/person\/image\/","url":"https:\/\/secure.gravatar.com\/avatar\/2a8200ad0411f8ebd27c6b41622c1d7589cdf53cfc6c271372dbe6fbfd1e8159?s=96&d=mm&r=g","contentUrl":"https:\/\/secure.gravatar.com\/avatar\/2a8200ad0411f8ebd27c6b41622c1d7589cdf53cfc6c271372dbe6fbfd1e8159?s=96&d=mm&r=g","caption":"Theophile Batica-ferreira"},"url":"https:\/\/theplayoffs.news\/fr\/author\/theophile-batica-ferreiramediaschool-me\/"}]}},"_links":{"self":[{"href":"https:\/\/theplayoffs.news\/fr\/wp-json\/wp\/v2\/posts\/570583","targetHints":{"allow":["GET"]}}],"collection":[{"href":"https:\/\/theplayoffs.news\/fr\/wp-json\/wp\/v2\/posts"}],"about":[{"href":"https:\/\/theplayoffs.news\/fr\/wp-json\/wp\/v2\/types\/post"}],"author":[{"embeddable":true,"href":"https:\/\/theplayoffs.news\/fr\/wp-json\/wp\/v2\/users\/180310140"}],"replies":[{"embeddable":true,"href":"https:\/\/theplayoffs.news\/fr\/wp-json\/wp\/v2\/comments?post=570583"}],"version-history":[{"count":3,"href":"https:\/\/theplayoffs.news\/fr\/wp-json\/wp\/v2\/posts\/570583\/revisions"}],"predecessor-version":[{"id":570587,"href":"https:\/\/theplayoffs.news\/fr\/wp-json\/wp\/v2\/posts\/570583\/revisions\/570587"}],"wp:featuredmedia":[{"embeddable":true,"href":"https:\/\/theplayoffs.news\/fr\/wp-json\/wp\/v2\/media\/570584"}],"wp:attachment":[{"href":"https:\/\/theplayoffs.news\/fr\/wp-json\/wp\/v2\/media?parent=570583"}],"wp:term":[{"taxonomy":"category","embeddable":true,"href":"https:\/\/theplayoffs.news\/fr\/wp-json\/wp\/v2\/categories?post=570583"},{"taxonomy":"post_tag","embeddable":true,"href":"https:\/\/theplayoffs.news\/fr\/wp-json\/wp\/v2\/tags?post=570583"},{"taxonomy":"sport","embeddable":true,"href":"https:\/\/theplayoffs.news\/fr\/wp-json\/wp\/v2\/sport?post=570583"},{"taxonomy":"saison","embeddable":true,"href":"https:\/\/theplayoffs.news\/fr\/wp-json\/wp\/v2\/saison?post=570583"}],"curies":[{"name":"wp","href":"https:\/\/api.w.org\/{rel}","templated":true}]}}