{"id":570407,"date":"2023-03-01T07:23:17","date_gmt":"2023-03-01T06:23:17","guid":{"rendered":"https:\/\/theplayoffs.news\/fr\/?p=570407"},"modified":"2023-03-01T07:23:17","modified_gmt":"2023-03-01T06:23:17","slug":"patrick-kane-debarque-a-new-york","status":"publish","type":"post","link":"https:\/\/theplayoffs.news\/fr\/actualite-nhl\/patrick-kane-debarque-a-new-york\/","title":{"rendered":"Patrick Kane d\u00e9barque \u00e0 New York !"},"content":{"rendered":"<h2>Patrick Kane devient un membre des Rangers<\/h2><p>&nbsp;<\/p><blockquote class=\"twitter-tweet\" data-width=\"500\" data-dnt=\"true\">\n<p lang=\"en\" dir=\"ltr\">IT'S SHOWTIME ON BROADWAY. <a href=\"https:\/\/t.co\/9w0SqD6oDd\" class=\"trk-cta-link\" data-cta-trk='{\"ctaType\":\"Link\",\"ctaSubType\":\"main\"}'>pic.twitter.com\/9w0SqD6oDd<\/a><\/p>\n<p>&mdash; New York Rangers (@NYRangers) <a href=\"https:\/\/twitter.com\/NYRangers\/status\/1630734598798729219?ref_src=twsrc%5Etfw\" class=\"trk-cta-link\" data-cta-trk='{\"ctaType\":\"Link\",\"ctaSubType\":\"main\"}'>March 1, 2023<\/a><\/p><\/blockquote><p><script async src=\"https:\/\/platform.twitter.com\/widgets.js\" charset=\"utf-8\"><\/script><\/p><p>&Agrave; quelques jours de la date limite des transactions de la NHL se tenant le 3 mars, <a href=\"https:\/\/theplayoffs.news\/fr\/joueur\/patrick-kane-nhl-7470\/\" class=\"trk-cta-link\" data-cta-trk='{\"ctaType\":\"Link\",\"ctaSubType\":\"main\"}'><strong>Patrick Kane<\/strong><\/a> a &eacute;t&eacute; envoy&eacute; aux<strong> Rangers de New York<\/strong> dans le cadre d&rsquo;un &eacute;change &agrave; 3 &eacute;quipes incluant les<strong> Coyotes de l&rsquo;Arizona<\/strong> et les <strong>Blackhawks de Chicago<\/strong>.<\/p><p>&nbsp;<\/p><h3>Les d&eacute;tails de l&rsquo;&eacute;change de Patrick Kane<\/h3><p>&nbsp;<\/p><blockquote class=\"twitter-tweet\" data-width=\"500\" data-dnt=\"true\">\n<p lang=\"en\" dir=\"ltr\">It&rsquo;s official! Patrick Kane is headed to the Big Apple in a three-way trade involving the Blackhawks, Rangers and Coyotes. &#127822;&#128509; <a href=\"https:\/\/t.co\/JSc7Pg08vA\" class=\"trk-cta-link\" data-cta-trk='{\"ctaType\":\"Link\",\"ctaSubType\":\"main\"}'>pic.twitter.com\/JSc7Pg08vA<\/a><\/p>\n<p>&mdash; Sportsnet (@Sportsnet) <a href=\"https:\/\/twitter.com\/Sportsnet\/status\/1630747829080604673?ref_src=twsrc%5Etfw\" class=\"trk-cta-link\" data-cta-trk='{\"ctaType\":\"Link\",\"ctaSubType\":\"main\"}'>March 1, 2023<\/a><\/p><\/blockquote><p><script async src=\"https:\/\/platform.twitter.com\/widgets.js\" charset=\"utf-8\"><\/script><\/p><p>Au cours de cet &eacute;change, <strong>Kane<\/strong>, auteur de 16 buts et 29 passes d&eacute;cisives pour un total de 45 points en 54 matchs avec<strong> Chicago<\/strong> cette saison, prend le chemin de <strong>New York<\/strong> en compagnie de <a href=\"https:\/\/theplayoffs.news\/fr\/joueur\/cooper-zech-philadelphia-flyers-nhl\/\" class=\"trk-cta-link\" data-cta-trk='{\"ctaType\":\"Link\",\"ctaSubType\":\"main\"}'><strong>Cooper Zech<\/strong><\/a>&nbsp; (10 points en 8 rencontres dans la ECHL et 2 points en 13 parties en AHL cette saison).<\/p><p>Du c&ocirc;t&eacute; des <strong>Chicago Blackhawks<\/strong>, la franchise retient 50% du salaire de <strong>Kane<\/strong> et re&ccedil;oit <strong>Vili Saarij&auml;rvi<\/strong> (33 points en 49 matchs en Ligue professionnelle suisse cette saison), <a href=\"https:\/\/theplayoffs.news\/fr\/joueur\/andy-welinski-new-york-rangers-nhl\/\" class=\"trk-cta-link\" data-cta-trk='{\"ctaType\":\"Link\",\"ctaSubType\":\"main\"}'><strong>Andy Welinski<\/strong><\/a> (16 points en 40 matchs de AHL cette saison), un choix conditionnel de 2e tour de en 2023 qui deviendrait un choix de 1er tour en 2024 ou bien en 2025 ainsi qu&rsquo;un choix de 4e tour en 2024 dans le cadre de l&rsquo;&eacute;change de <strong>Patrick Kane<\/strong> &agrave; <strong>New York.<\/strong><\/p><p>Quant aux<strong> Coyotes de l&rsquo;Arizona<\/strong>, ils re&ccedil;oivent un choix conditionnel de 5e tour des <strong>Rangers<\/strong> en guise de remerciement par rapport &agrave; l&rsquo;absorption de 25% du contrat de <strong>Patrick Kane<\/strong>.<\/p><p>&nbsp;<\/p><h3>Les retomb&eacute;es de l&rsquo;&eacute;change de Patrick Kane<\/h3><p>&nbsp;<\/p><p>D&eacute;sormais, <a href=\"https:\/\/www.youtube.com\/watch?v=8_uELOzkCbw\" class=\"trk-cta-link\" data-cta-trk='{\"ctaType\":\"Link\",\"ctaSubType\":\"main\"}'>les <strong>New York Rangers<\/strong> sont plus renforc&eacute;s que jamais en ayant acquis, l&rsquo;attaquant vedette de Chicago et le futur &laquo;&nbsp;Hall of Famer&nbsp;&raquo;, <strong>Patrick Kane<\/strong><\/a> qui vient ajouter une menace offensive sans pr&eacute;c&eacute;dente au top 6 d&rsquo;attaque de <strong>New York<\/strong>. Peu de temps apr&egrave;s avoir acquis <a href=\"https:\/\/theplayoffs.news\/fr\/joueur\/vladimir-tarasenko-nhl-11674\/\" class=\"trk-cta-link\" data-cta-trk='{\"ctaType\":\"Link\",\"ctaSubType\":\"main\"}'><strong>Vladimir Tarasenko<\/strong><\/a>, les <strong>Rangers<\/strong> se retrouvent donc avec <a href=\"https:\/\/theplayoffs.news\/fr\/joueur\/artemi-panarin-new-york-rangers-nhl\/\" class=\"trk-cta-link\" data-cta-trk='{\"ctaType\":\"Link\",\"ctaSubType\":\"main\"}'><strong>Artemi Panarin<\/strong><\/a>, <a href=\"https:\/\/theplayoffs.news\/fr\/joueur\/mika-zibanejad-new-york-rangers-nhl\/\" class=\"trk-cta-link\" data-cta-trk='{\"ctaType\":\"Link\",\"ctaSubType\":\"main\"}'><strong>Mika Zibanejad<\/strong><\/a>, <a href=\"https:\/\/theplayoffs.news\/fr\/joueur\/chris-kreider-new-york-rangers-nhl\/\" class=\"trk-cta-link\" data-cta-trk='{\"ctaType\":\"Link\",\"ctaSubType\":\"main\"}'><strong>Chris Kreider<\/strong><\/a>, <a href=\"https:\/\/theplayoffs.news\/fr\/joueur\/vincent-trocheck-nhl-5126072\/\" class=\"trk-cta-link\" data-cta-trk='{\"ctaType\":\"Link\",\"ctaSubType\":\"main\"}'><strong>Vincent Trocheck<\/strong><\/a>, <strong>Vladimir Tarasenko<\/strong> et maintenant <strong>Patrick Kane<\/strong> comme attaquants sur les deux premi&egrave;res lignes d&rsquo;attaque. Avec le &laquo;&nbsp;trade&nbsp;&raquo; de <strong>Kane<\/strong>, les <strong>Rangers<\/strong> esp&egrave;rent donc remporter le titre lors des play-offs de la campagne 2022-2023.<\/p><p>Quant aux <strong>Chicago Blackhawks<\/strong>, ils vont avoir la difficile t&acirc;che de tenter de combler ce vide avec le d&eacute;part de <strong>Kane<\/strong>, notamment avec le processus de reconstruction mis en place depuis quelques ann&eacute;es, ce qui a donc pouss&eacute; <strong>Patrick &laquo;&nbsp;Showtime&nbsp;&raquo; Kane<\/strong> vers la sortie. Nul ne doute qu&rsquo;il &eacute;tait appr&eacute;ci&eacute; &agrave; <strong>Chicago<\/strong>. Voici ce que <strong>Kyle Davidson<\/strong>, le <strong>directeur g&eacute;n&eacute;ral de Chicago<\/strong>, a affirm&eacute; dans un communiqu&eacute; :<\/p><p>&nbsp;<\/p><blockquote><p>&laquo;&nbsp;<strong>Patrick Kane<\/strong> laisse aux <strong>Blackhawks<\/strong> un h&eacute;ritage qu&rsquo;il sera difficile d&rsquo;&eacute;galer. Nous aimons tous <strong>Patrick<\/strong> et le souvenir qu&rsquo;il a laiss&eacute; &agrave; nos fans et &agrave; nos organisations pendant 16 saisons. Lui et ses repr&eacute;sentants ont &eacute;t&eacute; tr&egrave;s heureux de travailler avec nous pendant ce processus. J&rsquo;appr&eacute;cie vraiment la communication ouverte exemplaire que nous avons eue et nous lui souhaitons bonne chance avec les <strong>Rangers<\/strong>.&nbsp;&raquo;<\/p>\n<p><strong>Kyle Davidson<\/strong>, communiqu&eacute; officiel (<strong><em>Twitter officiel des Blackhawks de Chicago<\/em><\/strong>)<\/p><\/blockquote><blockquote class=\"twitter-tweet\" data-width=\"500\" data-dnt=\"true\">\n<p lang=\"en\" dir=\"ltr\">From GM Kyle Davidson: <a href=\"https:\/\/t.co\/x0eTdf86BS\" class=\"trk-cta-link\" data-cta-trk='{\"ctaType\":\"Link\",\"ctaSubType\":\"main\"}'>pic.twitter.com\/x0eTdf86BS<\/a><\/p>\n<p>&mdash; Chicago Blackhawks (@NHLBlackhawks) <a href=\"https:\/\/twitter.com\/NHLBlackhawks\/status\/1630736436529074176?ref_src=twsrc%5Etfw\" class=\"trk-cta-link\" data-cta-trk='{\"ctaType\":\"Link\",\"ctaSubType\":\"main\"}'>March 1, 2023<\/a><\/p><\/blockquote><p><script async src=\"https:\/\/platform.twitter.com\/widgets.js\" charset=\"utf-8\"><\/script><\/p><p><strong>Patrick Kane<\/strong> est une l&eacute;gende de la franchise en ayant inscrit pas moins de 1 225 points, dont 446 buts et 779 assistances en 1 161 matchs disput&eacute;s au cours de ses 16 saisons dans la <strong>NHL<\/strong>, toutes &eacute;tant avec l&rsquo;organisation des <strong>Blackhawks<\/strong>. C&rsquo;est donc une page de l&rsquo;histoire de la franchise qui se tourne et un nouveau chapitre qui commence pour <strong>Patrick Kane<\/strong> et les<strong> Chicago Blackhawks<\/strong>.<\/p>\n","protected":false},"excerpt":{"rendered":"","protected":false},"author":180310148,"featured_media":570487,"comment_status":"open","ping_status":"closed","sticky":false,"template":"","format":"standard","meta":{"inline_featured_image":false,"kia_subtitle":"","_mux_skip_reasons":[],"proofreadBy":0,"footnotes":""},"categories":[187,26],"tags":[360,258,24,1802],"sport":[],"saison":[],"class_list":["post-570407","post","type-post","status-publish","format-standard","has-post-thumbnail","hentry","category-actualite-nhl","category-nhl","tag-chicago-blackhawks","tag-new-york-rangers","tag-nhl","tag-patrick-kane"],"acf":[],"yoast_head":"<!-- This site is optimized with the Yoast SEO plugin v24.2 - https:\/\/yoast.com\/wordpress\/plugins\/seo\/ -->\n<title>Patrick Kane d&eacute;barque &agrave; New York ! - The Playoffs FR<\/title>\n<meta name=\"robots\" content=\"index, follow, max-snippet:-1, max-image-preview:large, max-video-preview:-1\" \/>\n<link rel=\"canonical\" href=\"https:\/\/theplayoffs.news\/fr\/actualite-nhl\/patrick-kane-debarque-a-new-york\/\" \/>\n<meta property=\"og:locale\" content=\"fr_FR\" \/>\n<meta property=\"og:type\" content=\"article\" \/>\n<meta property=\"og:title\" content=\"Patrick Kane d&eacute;barque &agrave; New York ! - The Playoffs FR\" \/>\n<meta property=\"og:url\" content=\"https:\/\/theplayoffs.news\/fr\/actualite-nhl\/patrick-kane-debarque-a-new-york\/\" \/>\n<meta property=\"og:site_name\" content=\"The Playoffs FR\" \/>\n<meta property=\"article:publisher\" content=\"https:\/\/www.facebook.com\/TheFreeAgentFR\/\" \/>\n<meta property=\"article:modified_time\" content=\"2023-03-01T07:23:17+01:00\" \/>\n<meta property=\"og:image\" content=\"https:\/\/theplayoffs.news\/fr\/wp-content\/uploads\/2023\/03\/patrick-kane.jpg\" \/>\n\t<meta property=\"og:image:width\" content=\"474\" \/>\n\t<meta property=\"og:image:height\" content=\"266\" \/>\n\t<meta property=\"og:image:type\" content=\"image\/jpeg\" \/>\n<meta name=\"author\" content=\"Rapha\u00ebl Dangueuger\" \/>\n<meta name=\"twitter:card\" content=\"summary_large_image\" \/>\n<meta name=\"twitter:creator\" content=\"@TheFreeAgentFR\" \/>\n<meta name=\"twitter:site\" content=\"@TheFreeAgentFR\" \/>\n<meta name=\"twitter:label1\" content=\"\u00c9crit par\" \/>\n\t<meta name=\"twitter:data1\" content=\"Rapha\u00ebl Dangueuger\" \/>\n\t<meta name=\"twitter:label2\" content=\"Dur\u00e9e de lecture estim\u00e9e\" \/>\n\t<meta name=\"twitter:data2\" content=\"3 minutes\" \/>\n<script type=\"application\/ld+json\" class=\"yoast-schema-graph\">{\"@context\":\"https:\/\/schema.org\",\"@graph\":[{\"@type\":\"WebPage\",\"@id\":\"https:\/\/theplayoffs.news\/fr\/actualite-nhl\/patrick-kane-debarque-a-new-york\/\",\"url\":\"https:\/\/theplayoffs.news\/fr\/actualite-nhl\/patrick-kane-debarque-a-new-york\/\",\"name\":\"Patrick Kane d\u00e9barque \u00e0 New York ! - The Playoffs FR\",\"isPartOf\":{\"@id\":\"https:\/\/theplayoffs.news\/fr\/#website\"},\"primaryImageOfPage\":{\"@id\":\"https:\/\/theplayoffs.news\/fr\/actualite-nhl\/patrick-kane-debarque-a-new-york\/#primaryimage\"},\"image\":{\"@id\":\"https:\/\/theplayoffs.news\/fr\/actualite-nhl\/patrick-kane-debarque-a-new-york\/#primaryimage\"},\"thumbnailUrl\":\"https:\/\/theplayoffs.news\/fr\/wp-content\/uploads\/2023\/03\/patrick-kane.jpg\",\"datePublished\":\"2023-03-01T06:23:17+00:00\",\"dateModified\":\"2023-03-01T06:23:17+00:00\",\"author\":{\"@id\":\"https:\/\/theplayoffs.news\/fr\/#\/schema\/person\/4b02b53432403b95b5e8ccbd4da65f97\"},\"breadcrumb\":{\"@id\":\"https:\/\/theplayoffs.news\/fr\/actualite-nhl\/patrick-kane-debarque-a-new-york\/#breadcrumb\"},\"inLanguage\":\"fr-FR\",\"potentialAction\":[{\"@type\":\"ReadAction\",\"target\":[\"https:\/\/theplayoffs.news\/fr\/actualite-nhl\/patrick-kane-debarque-a-new-york\/\"]}]},{\"@type\":\"ImageObject\",\"inLanguage\":\"fr-FR\",\"@id\":\"https:\/\/theplayoffs.news\/fr\/actualite-nhl\/patrick-kane-debarque-a-new-york\/#primaryimage\",\"url\":\"https:\/\/theplayoffs.news\/fr\/wp-content\/uploads\/2023\/03\/patrick-kane.jpg\",\"contentUrl\":\"https:\/\/theplayoffs.news\/fr\/wp-content\/uploads\/2023\/03\/patrick-kane.jpg\",\"width\":474,\"height\":266,\"caption\":\"Patrick Kane\"},{\"@type\":\"BreadcrumbList\",\"@id\":\"https:\/\/theplayoffs.news\/fr\/actualite-nhl\/patrick-kane-debarque-a-new-york\/#breadcrumb\",\"itemListElement\":[{\"@type\":\"ListItem\",\"position\":1,\"name\":\"Accueil\",\"item\":\"https:\/\/theplayoffs.news\/fr\/\"},{\"@type\":\"ListItem\",\"position\":2,\"name\":\"Patrick Kane d\u00e9barque \u00e0 New York !\"}]},{\"@type\":\"WebSite\",\"@id\":\"https:\/\/theplayoffs.news\/fr\/#website\",\"url\":\"https:\/\/theplayoffs.news\/fr\/\",\"name\":\"The Playoffs FR\",\"description\":\"NBA-NFL-NHL-MLB\",\"potentialAction\":[{\"@type\":\"SearchAction\",\"target\":{\"@type\":\"EntryPoint\",\"urlTemplate\":\"https:\/\/theplayoffs.news\/fr\/?s={search_term_string}\"},\"query-input\":{\"@type\":\"PropertyValueSpecification\",\"valueRequired\":true,\"valueName\":\"search_term_string\"}}],\"inLanguage\":\"fr-FR\"},{\"@type\":\"Person\",\"@id\":\"https:\/\/theplayoffs.news\/fr\/#\/schema\/person\/4b02b53432403b95b5e8ccbd4da65f97\",\"name\":\"Rapha\u00ebl Dangueuger\",\"image\":{\"@type\":\"ImageObject\",\"inLanguage\":\"fr-FR\",\"@id\":\"https:\/\/theplayoffs.news\/fr\/#\/schema\/person\/image\/\",\"url\":\"https:\/\/secure.gravatar.com\/avatar\/18c9032760c2b9c175c3f0c3b7c2cb563384755cdbc1a585e4cc6d57b742cfed?s=96&d=mm&r=g\",\"contentUrl\":\"https:\/\/secure.gravatar.com\/avatar\/18c9032760c2b9c175c3f0c3b7c2cb563384755cdbc1a585e4cc6d57b742cfed?s=96&d=mm&r=g\",\"caption\":\"Rapha\u00ebl Dangueuger\"},\"url\":\"https:\/\/theplayoffs.news\/fr\/author\/rdangueugeroutlook-fr\/\"}]}<\/script>\n<!-- \/ Yoast SEO plugin. -->","yoast_head_json":{"title":"Patrick Kane d&eacute;barque &agrave; New York ! - The Playoffs FR","robots":{"index":"index","follow":"follow","max-snippet":"max-snippet:-1","max-image-preview":"max-image-preview:large","max-video-preview":"max-video-preview:-1"},"canonical":"https:\/\/theplayoffs.news\/fr\/actualite-nhl\/patrick-kane-debarque-a-new-york\/","og_locale":"fr_FR","og_type":"article","og_title":"Patrick Kane d&eacute;barque &agrave; New York ! - The Playoffs FR","og_url":"https:\/\/theplayoffs.news\/fr\/actualite-nhl\/patrick-kane-debarque-a-new-york\/","og_site_name":"The Playoffs FR","article_publisher":"https:\/\/www.facebook.com\/TheFreeAgentFR\/","og_image":[{"width":474,"height":266,"url":"https:\/\/theplayoffs.news\/fr\/wp-content\/uploads\/2023\/03\/patrick-kane.jpg","type":"image\/jpeg"}],"author":"Rapha\u00ebl Dangueuger","twitter_card":"summary_large_image","twitter_creator":"@TheFreeAgentFR","twitter_site":"@TheFreeAgentFR","twitter_misc":{"\u00c9crit par":"Rapha\u00ebl Dangueuger","Dur\u00e9e de lecture estim\u00e9e":"3 minutes"},"schema":{"@context":"https:\/\/schema.org","@graph":[{"@type":"WebPage","@id":"https:\/\/theplayoffs.news\/fr\/actualite-nhl\/patrick-kane-debarque-a-new-york\/","url":"https:\/\/theplayoffs.news\/fr\/actualite-nhl\/patrick-kane-debarque-a-new-york\/","name":"Patrick Kane d\u00e9barque \u00e0 New York ! - The Playoffs FR","isPartOf":{"@id":"https:\/\/theplayoffs.news\/fr\/#website"},"primaryImageOfPage":{"@id":"https:\/\/theplayoffs.news\/fr\/actualite-nhl\/patrick-kane-debarque-a-new-york\/#primaryimage"},"image":{"@id":"https:\/\/theplayoffs.news\/fr\/actualite-nhl\/patrick-kane-debarque-a-new-york\/#primaryimage"},"thumbnailUrl":"https:\/\/theplayoffs.news\/fr\/wp-content\/uploads\/2023\/03\/patrick-kane.jpg","datePublished":"2023-03-01T06:23:17+00:00","dateModified":"2023-03-01T06:23:17+00:00","author":{"@id":"https:\/\/theplayoffs.news\/fr\/#\/schema\/person\/4b02b53432403b95b5e8ccbd4da65f97"},"breadcrumb":{"@id":"https:\/\/theplayoffs.news\/fr\/actualite-nhl\/patrick-kane-debarque-a-new-york\/#breadcrumb"},"inLanguage":"fr-FR","potentialAction":[{"@type":"ReadAction","target":["https:\/\/theplayoffs.news\/fr\/actualite-nhl\/patrick-kane-debarque-a-new-york\/"]}]},{"@type":"ImageObject","inLanguage":"fr-FR","@id":"https:\/\/theplayoffs.news\/fr\/actualite-nhl\/patrick-kane-debarque-a-new-york\/#primaryimage","url":"https:\/\/theplayoffs.news\/fr\/wp-content\/uploads\/2023\/03\/patrick-kane.jpg","contentUrl":"https:\/\/theplayoffs.news\/fr\/wp-content\/uploads\/2023\/03\/patrick-kane.jpg","width":474,"height":266,"caption":"Patrick Kane"},{"@type":"BreadcrumbList","@id":"https:\/\/theplayoffs.news\/fr\/actualite-nhl\/patrick-kane-debarque-a-new-york\/#breadcrumb","itemListElement":[{"@type":"ListItem","position":1,"name":"Accueil","item":"https:\/\/theplayoffs.news\/fr\/"},{"@type":"ListItem","position":2,"name":"Patrick Kane d\u00e9barque \u00e0 New York !"}]},{"@type":"WebSite","@id":"https:\/\/theplayoffs.news\/fr\/#website","url":"https:\/\/theplayoffs.news\/fr\/","name":"The Playoffs FR","description":"NBA-NFL-NHL-MLB","potentialAction":[{"@type":"SearchAction","target":{"@type":"EntryPoint","urlTemplate":"https:\/\/theplayoffs.news\/fr\/?s={search_term_string}"},"query-input":{"@type":"PropertyValueSpecification","valueRequired":true,"valueName":"search_term_string"}}],"inLanguage":"fr-FR"},{"@type":"Person","@id":"https:\/\/theplayoffs.news\/fr\/#\/schema\/person\/4b02b53432403b95b5e8ccbd4da65f97","name":"Rapha\u00ebl Dangueuger","image":{"@type":"ImageObject","inLanguage":"fr-FR","@id":"https:\/\/theplayoffs.news\/fr\/#\/schema\/person\/image\/","url":"https:\/\/secure.gravatar.com\/avatar\/18c9032760c2b9c175c3f0c3b7c2cb563384755cdbc1a585e4cc6d57b742cfed?s=96&d=mm&r=g","contentUrl":"https:\/\/secure.gravatar.com\/avatar\/18c9032760c2b9c175c3f0c3b7c2cb563384755cdbc1a585e4cc6d57b742cfed?s=96&d=mm&r=g","caption":"Rapha\u00ebl Dangueuger"},"url":"https:\/\/theplayoffs.news\/fr\/author\/rdangueugeroutlook-fr\/"}]}},"_links":{"self":[{"href":"https:\/\/theplayoffs.news\/fr\/wp-json\/wp\/v2\/posts\/570407","targetHints":{"allow":["GET"]}}],"collection":[{"href":"https:\/\/theplayoffs.news\/fr\/wp-json\/wp\/v2\/posts"}],"about":[{"href":"https:\/\/theplayoffs.news\/fr\/wp-json\/wp\/v2\/types\/post"}],"author":[{"embeddable":true,"href":"https:\/\/theplayoffs.news\/fr\/wp-json\/wp\/v2\/users\/180310148"}],"replies":[{"embeddable":true,"href":"https:\/\/theplayoffs.news\/fr\/wp-json\/wp\/v2\/comments?post=570407"}],"version-history":[{"count":3,"href":"https:\/\/theplayoffs.news\/fr\/wp-json\/wp\/v2\/posts\/570407\/revisions"}],"predecessor-version":[{"id":570493,"href":"https:\/\/theplayoffs.news\/fr\/wp-json\/wp\/v2\/posts\/570407\/revisions\/570493"}],"wp:featuredmedia":[{"embeddable":true,"href":"https:\/\/theplayoffs.news\/fr\/wp-json\/wp\/v2\/media\/570487"}],"wp:attachment":[{"href":"https:\/\/theplayoffs.news\/fr\/wp-json\/wp\/v2\/media?parent=570407"}],"wp:term":[{"taxonomy":"category","embeddable":true,"href":"https:\/\/theplayoffs.news\/fr\/wp-json\/wp\/v2\/categories?post=570407"},{"taxonomy":"post_tag","embeddable":true,"href":"https:\/\/theplayoffs.news\/fr\/wp-json\/wp\/v2\/tags?post=570407"},{"taxonomy":"sport","embeddable":true,"href":"https:\/\/theplayoffs.news\/fr\/wp-json\/wp\/v2\/sport?post=570407"},{"taxonomy":"saison","embeddable":true,"href":"https:\/\/theplayoffs.news\/fr\/wp-json\/wp\/v2\/saison?post=570407"}],"curies":[{"name":"wp","href":"https:\/\/api.w.org\/{rel}","templated":true}]}}