{"id":570192,"date":"2023-02-28T12:29:14","date_gmt":"2023-02-28T11:29:14","guid":{"rendered":"https:\/\/theplayoffs.news\/fr\/?p=570192"},"modified":"2023-02-28T12:29:15","modified_gmt":"2023-02-28T11:29:15","slug":"jayson-tatum-reagit-premiere-expulsion","status":"publish","type":"post","link":"https:\/\/theplayoffs.news\/fr\/actualite-nba\/jayson-tatum-reagit-premiere-expulsion\/","title":{"rendered":"Jayson Tatum r\u00e9agit \u00e0 sa premi\u00e8re expulsion en carri\u00e8re"},"content":{"rendered":"<h2>Jayson Tatum s&rsquo;est exprim&eacute; en conf&eacute;rence de presse sur son expulsion dans les derni&egrave;res minutes de la rencontre opposant les Celtics aux Knicks cette nuit (109-94).<\/h2><p>&nbsp;<\/p><p><a href=\"https:\/\/theplayoffs.news\/fr\/joueur\/jayson-tatum-nba-8131296\/\" class=\"trk-cta-link\" data-cta-trk='{\"ctaType\":\"Link\",\"ctaSubType\":\"main\"}'>Jayson Tatum<\/a> s&rsquo;est fait exclure pour la premi&egrave;re fois de sa carri&egrave;re cette nuit, lors de la d&eacute;faite de son &eacute;quipe face aux Knicks. Apr&egrave;s le match, face aux journalistes, l&rsquo;ailier des C&rsquo;s a gard&eacute; son sens de l&rsquo;humour et a expliqu&eacute; que son ironie envers les arbitres lui avait valu cette expulsion :<\/p><blockquote><p>La premi&egrave;re, ce n&rsquo;est pas siffl&eacute;. Si vous regardez bien, <a href=\"https:\/\/twitter.com\/fritzglc\/status\/1630403366206447617?ref_src=twsrc%5Etfw%7Ctwcamp%5Etweetembed%7Ctwterm%5E1630403366206447617%7Ctwgr%5E5d3ab86979ef65536f56408cbdefd1e786bdafc3%7Ctwcon%5Es1_c10&amp;ref_url=https%3A%2F%2Fthefreeagent.fr%2Fwp-admin%2Fpost-new.php\" class=\"trk-cta-link\" data-cta-trk='{\"ctaType\":\"Link\",\"ctaSubType\":\"main\"}'>il y a clairement faute<\/a>. Et c&rsquo;est l&agrave; que c&rsquo;est dur. Tu prends une technique sur une action o&ugrave; tu avais probablement raison.<\/p>\n<p>Sur la seconde, je lui ai dit que c&rsquo;&eacute;tait probablement le match le mieux arbitr&eacute; auquel j&rsquo;ai particip&eacute;. J&rsquo;ai essay&eacute; de lui faire un compliment, &ccedil;a n&rsquo;a pas tr&egrave;s bien tourn&eacute;. Tous les grands joueurs se font expulser plusieurs fois dans leur carri&egrave;re, donc c&rsquo;est bon pour ma r&eacute;putation !<\/p><\/blockquote><blockquote class=\"twitter-tweet\" data-width=\"500\" data-dnt=\"true\">\n<p lang=\"en\" dir=\"ltr\">Well, Randle clearly slapped <a href=\"https:\/\/twitter.com\/jaytatum0?ref_src=twsrc%5Etfw\" class=\"trk-cta-link\" data-cta-trk='{\"ctaType\":\"Link\",\"ctaSubType\":\"main\"}'>@jaytatum0<\/a>'s shooting arm. &#128064; <a href=\"https:\/\/t.co\/6kx6LbeAEj\" class=\"trk-cta-link\" data-cta-trk='{\"ctaType\":\"Link\",\"ctaSubType\":\"main\"}'>pic.twitter.com\/6kx6LbeAEj<\/a><\/p>\n<p>&mdash; Fritz (@fritzglc) <a href=\"https:\/\/twitter.com\/fritzglc\/status\/1630403366206447617?ref_src=twsrc%5Etfw\" class=\"trk-cta-link\" data-cta-trk='{\"ctaType\":\"Link\",\"ctaSubType\":\"main\"}'>February 28, 2023<\/a><\/p><\/blockquote><p><script async src=\"https:\/\/platform.twitter.com\/widgets.js\" charset=\"utf-8\"><\/script><\/p><p>&nbsp;<\/p><p>Cette deuxi&egrave;me faute technique pour contestation v&eacute;h&eacute;mente envers l&rsquo;arbitre a donc mis un terme au match de Tatum, d&eacute;cevant jusqu&rsquo;ici avec 14 points et une grande maladresse au tir (6\/18 au tir, 1\/9 derri&egrave;re l&rsquo;arc) en 37 minutes de jeu.<\/p><p>Enfin, Jayson Tatum termine en assurant que cette expulsion ne l&rsquo;a pas &eacute;nerv&eacute; plus que &ccedil;a :<\/p><blockquote><p>Je ne suis pas retourn&eacute; dans le vestiaire en balan&ccedil;ant de la Gatorade ou en renversant des trucs. Je n&rsquo;&eacute;tais pas en col&egrave;re. Je suis litt&eacute;ralement entr&eacute;, je me suis assis, j&rsquo;ai regard&eacute; les trois derni&egrave;res minutes, j&rsquo;ai enlev&eacute; ma tenue et j&rsquo;ai mis de la glace sur mes genoux.<\/p><\/blockquote>\n","protected":false},"excerpt":{"rendered":"","protected":false},"author":180310144,"featured_media":555016,"comment_status":"open","ping_status":"closed","sticky":false,"template":"","format":"standard","meta":{"inline_featured_image":false,"kia_subtitle":"","_mux_skip_reasons":[],"proofreadBy":0,"footnotes":""},"categories":[110,10],"tags":[603,302,23],"sport":[],"saison":[],"class_list":["post-570192","post","type-post","status-publish","format-standard","has-post-thumbnail","hentry","category-actualite-nba","category-nba","tag-boston-celtics","tag-jayson-tatum","tag-nba-tag"],"acf":[],"yoast_head":"<!-- This site is optimized with the Yoast SEO plugin v24.2 - https:\/\/yoast.com\/wordpress\/plugins\/seo\/ -->\n<title>Jayson Tatum r&eacute;agit &agrave; sa premi&egrave;re expulsion en carri&egrave;re - The Playoffs FR<\/title>\n<meta name=\"robots\" content=\"index, follow, max-snippet:-1, max-image-preview:large, max-video-preview:-1\" \/>\n<link rel=\"canonical\" href=\"https:\/\/theplayoffs.news\/fr\/actualite-nba\/jayson-tatum-reagit-premiere-expulsion\/\" \/>\n<meta property=\"og:locale\" content=\"fr_FR\" \/>\n<meta property=\"og:type\" content=\"article\" \/>\n<meta property=\"og:title\" content=\"Jayson Tatum r&eacute;agit &agrave; sa premi&egrave;re expulsion en carri&egrave;re - The Playoffs FR\" \/>\n<meta property=\"og:url\" content=\"https:\/\/theplayoffs.news\/fr\/actualite-nba\/jayson-tatum-reagit-premiere-expulsion\/\" \/>\n<meta property=\"og:site_name\" content=\"The Playoffs FR\" \/>\n<meta property=\"article:publisher\" content=\"https:\/\/www.facebook.com\/TheFreeAgentFR\/\" \/>\n<meta property=\"article:modified_time\" content=\"2023-02-28T12:29:15+01:00\" \/>\n<meta property=\"og:image\" content=\"https:\/\/theplayoffs.news\/fr\/wp-content\/uploads\/2023\/02\/Jayson-Tatum.jpg\" \/>\n\t<meta property=\"og:image:width\" content=\"1200\" \/>\n\t<meta property=\"og:image:height\" content=\"630\" \/>\n\t<meta property=\"og:image:type\" content=\"image\/jpeg\" \/>\n<meta name=\"author\" content=\"Evan Glomot\" \/>\n<meta name=\"twitter:card\" content=\"summary_large_image\" \/>\n<meta name=\"twitter:creator\" content=\"@TheFreeAgentFR\" \/>\n<meta name=\"twitter:site\" content=\"@TheFreeAgentFR\" \/>\n<meta name=\"twitter:label1\" content=\"\u00c9crit par\" \/>\n\t<meta name=\"twitter:data1\" content=\"Evan Glomot\" \/>\n\t<meta name=\"twitter:label2\" content=\"Dur\u00e9e de lecture estim\u00e9e\" \/>\n\t<meta name=\"twitter:data2\" content=\"2 minutes\" \/>\n<script type=\"application\/ld+json\" class=\"yoast-schema-graph\">{\"@context\":\"https:\/\/schema.org\",\"@graph\":[{\"@type\":\"WebPage\",\"@id\":\"https:\/\/theplayoffs.news\/fr\/actualite-nba\/jayson-tatum-reagit-premiere-expulsion\/\",\"url\":\"https:\/\/theplayoffs.news\/fr\/actualite-nba\/jayson-tatum-reagit-premiere-expulsion\/\",\"name\":\"Jayson Tatum r\u00e9agit \u00e0 sa premi\u00e8re expulsion en carri\u00e8re - The Playoffs FR\",\"isPartOf\":{\"@id\":\"https:\/\/theplayoffs.news\/fr\/#website\"},\"primaryImageOfPage\":{\"@id\":\"https:\/\/theplayoffs.news\/fr\/actualite-nba\/jayson-tatum-reagit-premiere-expulsion\/#primaryimage\"},\"image\":{\"@id\":\"https:\/\/theplayoffs.news\/fr\/actualite-nba\/jayson-tatum-reagit-premiere-expulsion\/#primaryimage\"},\"thumbnailUrl\":\"https:\/\/theplayoffs.news\/fr\/wp-content\/uploads\/2023\/02\/Jayson-Tatum.jpg\",\"datePublished\":\"2023-02-28T11:29:14+00:00\",\"dateModified\":\"2023-02-28T11:29:15+00:00\",\"author\":{\"@id\":\"https:\/\/theplayoffs.news\/fr\/#\/schema\/person\/efcb1404f7c790a161fdc0aa29e81646\"},\"breadcrumb\":{\"@id\":\"https:\/\/theplayoffs.news\/fr\/actualite-nba\/jayson-tatum-reagit-premiere-expulsion\/#breadcrumb\"},\"inLanguage\":\"fr-FR\",\"potentialAction\":[{\"@type\":\"ReadAction\",\"target\":[\"https:\/\/theplayoffs.news\/fr\/actualite-nba\/jayson-tatum-reagit-premiere-expulsion\/\"]}]},{\"@type\":\"ImageObject\",\"inLanguage\":\"fr-FR\",\"@id\":\"https:\/\/theplayoffs.news\/fr\/actualite-nba\/jayson-tatum-reagit-premiere-expulsion\/#primaryimage\",\"url\":\"https:\/\/theplayoffs.news\/fr\/wp-content\/uploads\/2023\/02\/Jayson-Tatum.jpg\",\"contentUrl\":\"https:\/\/theplayoffs.news\/fr\/wp-content\/uploads\/2023\/02\/Jayson-Tatum.jpg\",\"width\":1200,\"height\":630,\"caption\":\"Tatum\"},{\"@type\":\"BreadcrumbList\",\"@id\":\"https:\/\/theplayoffs.news\/fr\/actualite-nba\/jayson-tatum-reagit-premiere-expulsion\/#breadcrumb\",\"itemListElement\":[{\"@type\":\"ListItem\",\"position\":1,\"name\":\"Accueil\",\"item\":\"https:\/\/theplayoffs.news\/fr\/\"},{\"@type\":\"ListItem\",\"position\":2,\"name\":\"Jayson Tatum r\u00e9agit \u00e0 sa premi\u00e8re expulsion en carri\u00e8re\"}]},{\"@type\":\"WebSite\",\"@id\":\"https:\/\/theplayoffs.news\/fr\/#website\",\"url\":\"https:\/\/theplayoffs.news\/fr\/\",\"name\":\"The Playoffs FR\",\"description\":\"NBA-NFL-NHL-MLB\",\"potentialAction\":[{\"@type\":\"SearchAction\",\"target\":{\"@type\":\"EntryPoint\",\"urlTemplate\":\"https:\/\/theplayoffs.news\/fr\/?s={search_term_string}\"},\"query-input\":{\"@type\":\"PropertyValueSpecification\",\"valueRequired\":true,\"valueName\":\"search_term_string\"}}],\"inLanguage\":\"fr-FR\"},{\"@type\":\"Person\",\"@id\":\"https:\/\/theplayoffs.news\/fr\/#\/schema\/person\/efcb1404f7c790a161fdc0aa29e81646\",\"name\":\"Evan Glomot\",\"image\":{\"@type\":\"ImageObject\",\"inLanguage\":\"fr-FR\",\"@id\":\"https:\/\/theplayoffs.news\/fr\/#\/schema\/person\/image\/\",\"url\":\"https:\/\/secure.gravatar.com\/avatar\/93e18dce985a4dfed140ef5ef5ecc82be40a165cbb4838e421f46abb52b7c315?s=96&d=mm&r=g\",\"contentUrl\":\"https:\/\/secure.gravatar.com\/avatar\/93e18dce985a4dfed140ef5ef5ecc82be40a165cbb4838e421f46abb52b7c315?s=96&d=mm&r=g\",\"caption\":\"Evan Glomot\"},\"url\":\"https:\/\/theplayoffs.news\/fr\/author\/evanglomotgmail-com\/\"}]}<\/script>\n<!-- \/ Yoast SEO plugin. -->","yoast_head_json":{"title":"Jayson Tatum r&eacute;agit &agrave; sa premi&egrave;re expulsion en carri&egrave;re - The Playoffs FR","robots":{"index":"index","follow":"follow","max-snippet":"max-snippet:-1","max-image-preview":"max-image-preview:large","max-video-preview":"max-video-preview:-1"},"canonical":"https:\/\/theplayoffs.news\/fr\/actualite-nba\/jayson-tatum-reagit-premiere-expulsion\/","og_locale":"fr_FR","og_type":"article","og_title":"Jayson Tatum r&eacute;agit &agrave; sa premi&egrave;re expulsion en carri&egrave;re - The Playoffs FR","og_url":"https:\/\/theplayoffs.news\/fr\/actualite-nba\/jayson-tatum-reagit-premiere-expulsion\/","og_site_name":"The Playoffs FR","article_publisher":"https:\/\/www.facebook.com\/TheFreeAgentFR\/","article_modified_time":"2023-02-28T11:29:15+00:00","og_image":[{"width":1200,"height":630,"url":"https:\/\/theplayoffs.news\/fr\/wp-content\/uploads\/2023\/02\/Jayson-Tatum.jpg","type":"image\/jpeg"}],"author":"Evan Glomot","twitter_card":"summary_large_image","twitter_creator":"@TheFreeAgentFR","twitter_site":"@TheFreeAgentFR","twitter_misc":{"\u00c9crit par":"Evan Glomot","Dur\u00e9e de lecture estim\u00e9e":"2 minutes"},"schema":{"@context":"https:\/\/schema.org","@graph":[{"@type":"WebPage","@id":"https:\/\/theplayoffs.news\/fr\/actualite-nba\/jayson-tatum-reagit-premiere-expulsion\/","url":"https:\/\/theplayoffs.news\/fr\/actualite-nba\/jayson-tatum-reagit-premiere-expulsion\/","name":"Jayson Tatum r\u00e9agit \u00e0 sa premi\u00e8re expulsion en carri\u00e8re - The Playoffs FR","isPartOf":{"@id":"https:\/\/theplayoffs.news\/fr\/#website"},"primaryImageOfPage":{"@id":"https:\/\/theplayoffs.news\/fr\/actualite-nba\/jayson-tatum-reagit-premiere-expulsion\/#primaryimage"},"image":{"@id":"https:\/\/theplayoffs.news\/fr\/actualite-nba\/jayson-tatum-reagit-premiere-expulsion\/#primaryimage"},"thumbnailUrl":"https:\/\/theplayoffs.news\/fr\/wp-content\/uploads\/2023\/02\/Jayson-Tatum.jpg","datePublished":"2023-02-28T11:29:14+00:00","dateModified":"2023-02-28T11:29:15+00:00","author":{"@id":"https:\/\/theplayoffs.news\/fr\/#\/schema\/person\/efcb1404f7c790a161fdc0aa29e81646"},"breadcrumb":{"@id":"https:\/\/theplayoffs.news\/fr\/actualite-nba\/jayson-tatum-reagit-premiere-expulsion\/#breadcrumb"},"inLanguage":"fr-FR","potentialAction":[{"@type":"ReadAction","target":["https:\/\/theplayoffs.news\/fr\/actualite-nba\/jayson-tatum-reagit-premiere-expulsion\/"]}]},{"@type":"ImageObject","inLanguage":"fr-FR","@id":"https:\/\/theplayoffs.news\/fr\/actualite-nba\/jayson-tatum-reagit-premiere-expulsion\/#primaryimage","url":"https:\/\/theplayoffs.news\/fr\/wp-content\/uploads\/2023\/02\/Jayson-Tatum.jpg","contentUrl":"https:\/\/theplayoffs.news\/fr\/wp-content\/uploads\/2023\/02\/Jayson-Tatum.jpg","width":1200,"height":630,"caption":"Tatum"},{"@type":"BreadcrumbList","@id":"https:\/\/theplayoffs.news\/fr\/actualite-nba\/jayson-tatum-reagit-premiere-expulsion\/#breadcrumb","itemListElement":[{"@type":"ListItem","position":1,"name":"Accueil","item":"https:\/\/theplayoffs.news\/fr\/"},{"@type":"ListItem","position":2,"name":"Jayson Tatum r\u00e9agit \u00e0 sa premi\u00e8re expulsion en carri\u00e8re"}]},{"@type":"WebSite","@id":"https:\/\/theplayoffs.news\/fr\/#website","url":"https:\/\/theplayoffs.news\/fr\/","name":"The Playoffs FR","description":"NBA-NFL-NHL-MLB","potentialAction":[{"@type":"SearchAction","target":{"@type":"EntryPoint","urlTemplate":"https:\/\/theplayoffs.news\/fr\/?s={search_term_string}"},"query-input":{"@type":"PropertyValueSpecification","valueRequired":true,"valueName":"search_term_string"}}],"inLanguage":"fr-FR"},{"@type":"Person","@id":"https:\/\/theplayoffs.news\/fr\/#\/schema\/person\/efcb1404f7c790a161fdc0aa29e81646","name":"Evan Glomot","image":{"@type":"ImageObject","inLanguage":"fr-FR","@id":"https:\/\/theplayoffs.news\/fr\/#\/schema\/person\/image\/","url":"https:\/\/secure.gravatar.com\/avatar\/93e18dce985a4dfed140ef5ef5ecc82be40a165cbb4838e421f46abb52b7c315?s=96&d=mm&r=g","contentUrl":"https:\/\/secure.gravatar.com\/avatar\/93e18dce985a4dfed140ef5ef5ecc82be40a165cbb4838e421f46abb52b7c315?s=96&d=mm&r=g","caption":"Evan Glomot"},"url":"https:\/\/theplayoffs.news\/fr\/author\/evanglomotgmail-com\/"}]}},"_links":{"self":[{"href":"https:\/\/theplayoffs.news\/fr\/wp-json\/wp\/v2\/posts\/570192","targetHints":{"allow":["GET"]}}],"collection":[{"href":"https:\/\/theplayoffs.news\/fr\/wp-json\/wp\/v2\/posts"}],"about":[{"href":"https:\/\/theplayoffs.news\/fr\/wp-json\/wp\/v2\/types\/post"}],"author":[{"embeddable":true,"href":"https:\/\/theplayoffs.news\/fr\/wp-json\/wp\/v2\/users\/180310144"}],"replies":[{"embeddable":true,"href":"https:\/\/theplayoffs.news\/fr\/wp-json\/wp\/v2\/comments?post=570192"}],"version-history":[{"count":3,"href":"https:\/\/theplayoffs.news\/fr\/wp-json\/wp\/v2\/posts\/570192\/revisions"}],"predecessor-version":[{"id":570196,"href":"https:\/\/theplayoffs.news\/fr\/wp-json\/wp\/v2\/posts\/570192\/revisions\/570196"}],"wp:featuredmedia":[{"embeddable":true,"href":"https:\/\/theplayoffs.news\/fr\/wp-json\/wp\/v2\/media\/555016"}],"wp:attachment":[{"href":"https:\/\/theplayoffs.news\/fr\/wp-json\/wp\/v2\/media?parent=570192"}],"wp:term":[{"taxonomy":"category","embeddable":true,"href":"https:\/\/theplayoffs.news\/fr\/wp-json\/wp\/v2\/categories?post=570192"},{"taxonomy":"post_tag","embeddable":true,"href":"https:\/\/theplayoffs.news\/fr\/wp-json\/wp\/v2\/tags?post=570192"},{"taxonomy":"sport","embeddable":true,"href":"https:\/\/theplayoffs.news\/fr\/wp-json\/wp\/v2\/sport?post=570192"},{"taxonomy":"saison","embeddable":true,"href":"https:\/\/theplayoffs.news\/fr\/wp-json\/wp\/v2\/saison?post=570192"}],"curies":[{"name":"wp","href":"https:\/\/api.w.org\/{rel}","templated":true}]}}