{"id":570072,"date":"2023-02-28T02:52:30","date_gmt":"2023-02-28T01:52:30","guid":{"rendered":"https:\/\/theplayoffs.news\/fr\/?p=570072"},"modified":"2023-02-28T02:52:31","modified_gmt":"2023-02-28T01:52:31","slug":"lebron-james-absent-des-semaines","status":"publish","type":"post","link":"https:\/\/theplayoffs.news\/fr\/actualite-nba\/lebron-james-absent-des-semaines\/","title":{"rendered":"LeBron James absent plusieurs semaines"},"content":{"rendered":"<h2>LeBron James sera absent plusieurs semaines suite &agrave; sa blessure au pied droit<\/h2><p>&nbsp;<\/p><p><span id=\"p996\"><span id=\"997\" class=\"s-rg-t\">LeBron<\/span>&nbsp;James est sortie sur&nbsp;<span id=\"998\" class=\"s-rg-t\">blessure<\/span>&nbsp;lors du match contre Dallas et la blessure est plus s&eacute;rieuse que&nbsp;pr&eacute;vue.<\/span><\/p><blockquote class=\"twitter-tweet\" data-width=\"500\" data-dnt=\"true\">\n<p lang=\"en\" dir=\"ltr\">James miraculously played through the injury that is now expected to require multiple opinions, sources said, and the Lakers are bracing for his absence to be multiple weeks. <a href=\"https:\/\/t.co\/zuovQ2wVzc\" class=\"trk-cta-link\" data-cta-trk='{\"ctaType\":\"Link\",\"ctaSubType\":\"main\"}'>https:\/\/t.co\/zuovQ2wVzc<\/a><\/p>\n<p>&mdash; Shams Charania (@ShamsCharania) <a href=\"https:\/\/twitter.com\/ShamsCharania\/status\/1630363560051187712?ref_src=twsrc%5Etfw\" class=\"trk-cta-link\" data-cta-trk='{\"ctaType\":\"Link\",\"ctaSubType\":\"main\"}'>February 28, 2023<\/a><\/p><\/blockquote><p><script async src=\"https:\/\/platform.twitter.com\/widgets.js\" charset=\"utf-8\"><\/script><\/p><p><span id=\"p1005\"><a href=\"https:\/\/theplayoffs.news\/fr\/joueur\/lebron-james-los-angeles-lakers-nba\/\" class=\"trk-cta-link\" data-cta-trk='{\"ctaType\":\"Link\",\"ctaSubType\":\"main\"}'><span id=\"1008\" class=\"s-rg-t\">LeBron<\/span>&nbsp;James<\/a> a jou&eacute; le match contre les&nbsp;<span id=\"1009\" class=\"s-rg-t\">Mavericks<\/span>&nbsp;avec une blessure au&nbsp;<span id=\"1010\" class=\"s-or-t\">pied droit<\/span>&nbsp;qui, apr&egrave;s des examens compl&eacute;mentaires, doit le priver de plusieurs semaines de comp&eacute;titions.<\/span><\/p><p><span id=\"p1007\">La fin de saison des&nbsp;<span id=\"1011\" class=\"s-rg-t\">Lakers, les cons&eacute;quences<\/span><\/span><\/p><p><span id=\"p1062\">&nbsp;Sans leur star, la fin de saison des <span id=\"1070\" class=\"s-rg-t\">Los<\/span>&nbsp;Angeles&nbsp;<span id=\"1071\" class=\"s-rg-t\">Lakers<\/span>&nbsp;s&rsquo;annonce plus que compliqu&eacute;<\/span><\/p><p><span id=\"p1063\">Deux options s&rsquo;ouvrent &agrave; eux :<\/span><\/p><ul>\n<li><span id=\"p1064\">Continuer &agrave; jouer avec <a href=\"https:\/\/www.statmuse.com\/nba\/player\/anthony-davis-818\" class=\"trk-cta-link\" data-cta-trk='{\"ctaType\":\"Link\",\"ctaSubType\":\"main\"}'>Anthony Davis<\/a> comme star et &agrave; jouer le mieux possible pour aller en <span id=\"1072\" class=\"s-rg-t\">play-in<\/span><\/span><\/li>\n<\/ul><p>&nbsp;<\/p><p><img loading=\"lazy\" decoding=\"async\" class=\"alignnone size-full wp-image-484836\" src=\"https:\/\/theplayoffs.news\/fr\/wp-content\/uploads\/2022\/12\/1.jpg\" alt=\"Lakers anthony Davis\" width=\"900\" height=\"473\" srcset=\"https:\/\/theplayoffs.news\/fr\/wp-content\/uploads\/2022\/12\/1.jpg 900w, https:\/\/theplayoffs.news\/fr\/wp-content\/uploads\/2022\/12\/1-300x158.jpg 300w, https:\/\/theplayoffs.news\/fr\/wp-content\/uploads\/2022\/12\/1-768x404.jpg 768w, https:\/\/theplayoffs.news\/fr\/wp-content\/uploads\/2022\/12\/1-705x371.jpg 705w\" sizes=\"auto, (max-width: 900px) 100vw, 900px\" \/><\/p><p>&nbsp;<\/p><ul>\n<li>Tanker pour esp&eacute;rer avec Victor <span id=\"1073\" class=\"s-rg-t\">Wembanyama<\/span>, le probl&egrave;me est leur avance sur les Rockets, les&nbsp;<span id=\"1074\" class=\"s-rg-t\">Spurs<\/span>, les Pistons et les&nbsp;<span id=\"1075\" class=\"s-rg-t\">Hornets<\/span>.<\/li>\n<\/ul><p>&nbsp;<\/p><p>\n<div id=\"attachment_467728\" style=\"width: 674px\" class=\"wp-caption alignnone\"><img loading=\"lazy\" decoding=\"async\" aria-describedby=\"caption-attachment-467728\" class=\"size-full wp-image-467728\" src=\"https:\/\/theplayoffs.news\/fr\/wp-content\/uploads\/2022\/11\/FihM0rFXgAE7Cen.jpg\" alt=\"victor wembanyama\" width=\"664\" height=\"458\" srcset=\"https:\/\/theplayoffs.news\/fr\/wp-content\/uploads\/2022\/11\/FihM0rFXgAE7Cen.jpg 664w, https:\/\/theplayoffs.news\/fr\/wp-content\/uploads\/2022\/11\/FihM0rFXgAE7Cen-300x207.jpg 300w\" sizes=\"auto, (max-width: 664px) 100vw, 664px\" \/><p id=\"caption-attachment-467728\" class=\"wp-caption-text\">victor wembanyama<\/p><\/div>\n<\/p><p><span id=\"p1067\">De ce fait, les&nbsp;<span id=\"1076\" class=\"s-rg-t\">Lakers<\/span>&nbsp;ont perdu plus que leur star, mais aussi une grande partie de&nbsp;<span id=\"1077\" class=\"s-rg-t\">leur espoirs<\/span>&nbsp;pour la fin de saison.<\/span><span id=\"p1068\">&nbsp;Il&nbsp;<span id=\"1078\" class=\"s-or-t\">est<\/span>&nbsp;tout &agrave; fait envisageable que les&nbsp;<span id=\"1079\" class=\"s-rg-t\">Lakers<\/span>, &agrave; seulement trois matchs de retard sur le cinqui&egrave;me, les rivaux de&nbsp;<span id=\"1080\" class=\"s-rg-t\">Los<\/span>&nbsp;Angeles, les Clippers.<\/span><\/p><p><span id=\"p1069\">Les statistiques peuvent &ecirc;tre&nbsp;d&eacute;jou&eacute;es&nbsp;et les&nbsp;<span id=\"1082\" class=\"s-rg-t\">Lakers<\/span>&nbsp;peuvent se souder, &ecirc;tre moins d&eacute;pendants de leur star et d&eacute;velopper un jeu collectif.<\/span><span id=\"p1030\">&nbsp;Le d&eacute;part de Russell&nbsp;<span id=\"1051\" class=\"s-rg-t\">Westbrook<\/span>&nbsp;et l&rsquo;arriv&eacute;e&nbsp;<span id=\"1052\" class=\"s-rg-t\">de D&rsquo;Angelo<\/span>&nbsp;Russell offrent de nouvelles perspectives au niveau collectif.<\/span><\/p><p><span id=\"p1031\">Rui&nbsp;<span id=\"1053\" class=\"s-rg-t\">Hashimura<\/span>, Austin&nbsp;<span id=\"1054\" class=\"s-rg-t\">Rivers<\/span>&nbsp;ou encore Malick&nbsp;<span id=\"1055\" class=\"s-rg-t\">Beasley<\/span>&nbsp;vont avoir plus de responsabilit&eacute;s et la blessure de&nbsp;<span id=\"1056\" class=\"s-rg-t\">LeBron<\/span>&nbsp;James est une opportunit&eacute; &agrave; saisir pour eux, l&rsquo;occasion de se mettre en valeur.<\/span><\/p><p>&nbsp;<\/p><blockquote class=\"twitter-tweet\" data-width=\"500\" data-dnt=\"true\">\n<p lang=\"en\" dir=\"ltr\">Spark provided<a href=\"https:\/\/twitter.com\/MichelobULTRA?ref_src=twsrc%5Etfw\" class=\"trk-cta-link\" data-cta-trk='{\"ctaType\":\"Link\",\"ctaSubType\":\"main\"}'>@MichelobULTRA<\/a> | <a href=\"https:\/\/twitter.com\/hashtag\/UltraMoment?src=hash&amp;ref_src=twsrc%5Etfw\" class=\"trk-cta-link\" data-cta-trk='{\"ctaType\":\"Link\",\"ctaSubType\":\"main\"}'>#UltraMoment<\/a> <a href=\"https:\/\/t.co\/4wrB4bkcMB\" class=\"trk-cta-link\" data-cta-trk='{\"ctaType\":\"Link\",\"ctaSubType\":\"main\"}'>pic.twitter.com\/4wrB4bkcMB<\/a><\/p>\n<p>&mdash; Los Angeles Lakers (@Lakers) <a href=\"https:\/\/twitter.com\/Lakers\/status\/1630294950251307008?ref_src=twsrc%5Etfw\" class=\"trk-cta-link\" data-cta-trk='{\"ctaType\":\"Link\",\"ctaSubType\":\"main\"}'>February 27, 2023<\/a><\/p><\/blockquote><p><script async src=\"https:\/\/platform.twitter.com\/widgets.js\" charset=\"utf-8\"><\/script><\/p><p><span id=\"p1033\">Les jours et matchs &agrave; venir seront&nbsp;d&eacute;terminants&nbsp;dans la fin de saison des&nbsp;<span id=\"1058\">Lakers<\/span>, soit&nbsp;<span id=\"1059\">laisser<\/span>&nbsp;filer la fin de saison, soit se retrouver collectivement et obtenir une place en&nbsp;<span id=\"1060\">play-in<\/span>, un moindre mal et une r&eacute;compense collective.<\/span><\/p>\n","protected":false},"excerpt":{"rendered":"","protected":false},"author":180309821,"featured_media":519694,"comment_status":"open","ping_status":"closed","sticky":false,"template":"","format":"standard","meta":{"inline_featured_image":false,"kia_subtitle":"","_mux_skip_reasons":[],"proofreadBy":0,"footnotes":""},"categories":[110,10],"tags":[763,116,117],"sport":[2783],"saison":[3453],"class_list":["post-570072","post","type-post","status-publish","format-standard","has-post-thumbnail","hentry","category-actualite-nba","category-nba","tag-anthony-davis","tag-lebron-james","tag-los-angeles-lakers","sport-nba","saison-3453"],"acf":[],"yoast_head":"<!-- This site is optimized with the Yoast SEO plugin v24.2 - https:\/\/yoast.com\/wordpress\/plugins\/seo\/ -->\n<title>LeBron James absent plusieurs semaines - The Playoffs FR<\/title>\n<meta name=\"robots\" content=\"index, follow, max-snippet:-1, max-image-preview:large, max-video-preview:-1\" \/>\n<link rel=\"canonical\" href=\"https:\/\/theplayoffs.news\/fr\/actualite-nba\/lebron-james-absent-des-semaines\/\" \/>\n<meta property=\"og:locale\" content=\"fr_FR\" \/>\n<meta property=\"og:type\" content=\"article\" \/>\n<meta property=\"og:title\" content=\"LeBron James absent plusieurs semaines - The Playoffs FR\" \/>\n<meta property=\"og:url\" content=\"https:\/\/theplayoffs.news\/fr\/actualite-nba\/lebron-james-absent-des-semaines\/\" \/>\n<meta property=\"og:site_name\" content=\"The Playoffs FR\" \/>\n<meta property=\"article:publisher\" content=\"https:\/\/www.facebook.com\/TheFreeAgentFR\/\" \/>\n<meta property=\"article:modified_time\" content=\"2023-02-28T02:52:31+01:00\" \/>\n<meta property=\"og:image\" content=\"https:\/\/theplayoffs.news\/fr\/wp-content\/uploads\/2023\/01\/221006042658-02-nba-lebron-james-las-vegas.jpg\" \/>\n\t<meta property=\"og:image:width\" content=\"1920\" \/>\n\t<meta property=\"og:image:height\" content=\"1358\" \/>\n\t<meta property=\"og:image:type\" content=\"image\/jpeg\" \/>\n<meta name=\"author\" content=\"Maxime Le Gorjus\" \/>\n<meta name=\"twitter:card\" content=\"summary_large_image\" \/>\n<meta name=\"twitter:creator\" content=\"@TheFreeAgentFR\" \/>\n<meta name=\"twitter:site\" content=\"@TheFreeAgentFR\" \/>\n<meta name=\"twitter:label1\" content=\"\u00c9crit par\" \/>\n\t<meta name=\"twitter:data1\" content=\"Maxime Le Gorjus\" \/>\n\t<meta name=\"twitter:label2\" content=\"Dur\u00e9e de lecture estim\u00e9e\" \/>\n\t<meta name=\"twitter:data2\" content=\"2 minutes\" \/>\n<script type=\"application\/ld+json\" class=\"yoast-schema-graph\">{\"@context\":\"https:\/\/schema.org\",\"@graph\":[{\"@type\":\"WebPage\",\"@id\":\"https:\/\/theplayoffs.news\/fr\/actualite-nba\/lebron-james-absent-des-semaines\/\",\"url\":\"https:\/\/theplayoffs.news\/fr\/actualite-nba\/lebron-james-absent-des-semaines\/\",\"name\":\"LeBron James absent plusieurs semaines - The Playoffs FR\",\"isPartOf\":{\"@id\":\"https:\/\/theplayoffs.news\/fr\/#website\"},\"primaryImageOfPage\":{\"@id\":\"https:\/\/theplayoffs.news\/fr\/actualite-nba\/lebron-james-absent-des-semaines\/#primaryimage\"},\"image\":{\"@id\":\"https:\/\/theplayoffs.news\/fr\/actualite-nba\/lebron-james-absent-des-semaines\/#primaryimage\"},\"thumbnailUrl\":\"https:\/\/theplayoffs.news\/fr\/wp-content\/uploads\/2023\/01\/221006042658-02-nba-lebron-james-las-vegas.jpg\",\"datePublished\":\"2023-02-28T01:52:30+00:00\",\"dateModified\":\"2023-02-28T01:52:31+00:00\",\"author\":{\"@id\":\"https:\/\/theplayoffs.news\/fr\/#\/schema\/person\/e71dc12410195fc77183dda929d3a10c\"},\"breadcrumb\":{\"@id\":\"https:\/\/theplayoffs.news\/fr\/actualite-nba\/lebron-james-absent-des-semaines\/#breadcrumb\"},\"inLanguage\":\"fr-FR\",\"potentialAction\":[{\"@type\":\"ReadAction\",\"target\":[\"https:\/\/theplayoffs.news\/fr\/actualite-nba\/lebron-james-absent-des-semaines\/\"]}]},{\"@type\":\"ImageObject\",\"inLanguage\":\"fr-FR\",\"@id\":\"https:\/\/theplayoffs.news\/fr\/actualite-nba\/lebron-james-absent-des-semaines\/#primaryimage\",\"url\":\"https:\/\/theplayoffs.news\/fr\/wp-content\/uploads\/2023\/01\/221006042658-02-nba-lebron-james-las-vegas.jpg\",\"contentUrl\":\"https:\/\/theplayoffs.news\/fr\/wp-content\/uploads\/2023\/01\/221006042658-02-nba-lebron-james-las-vegas.jpg\",\"width\":1920,\"height\":1358,\"caption\":\"LeBron james\"},{\"@type\":\"BreadcrumbList\",\"@id\":\"https:\/\/theplayoffs.news\/fr\/actualite-nba\/lebron-james-absent-des-semaines\/#breadcrumb\",\"itemListElement\":[{\"@type\":\"ListItem\",\"position\":1,\"name\":\"Accueil\",\"item\":\"https:\/\/theplayoffs.news\/fr\/\"},{\"@type\":\"ListItem\",\"position\":2,\"name\":\"LeBron James absent plusieurs semaines\"}]},{\"@type\":\"WebSite\",\"@id\":\"https:\/\/theplayoffs.news\/fr\/#website\",\"url\":\"https:\/\/theplayoffs.news\/fr\/\",\"name\":\"The Playoffs FR\",\"description\":\"NBA-NFL-NHL-MLB\",\"potentialAction\":[{\"@type\":\"SearchAction\",\"target\":{\"@type\":\"EntryPoint\",\"urlTemplate\":\"https:\/\/theplayoffs.news\/fr\/?s={search_term_string}\"},\"query-input\":{\"@type\":\"PropertyValueSpecification\",\"valueRequired\":true,\"valueName\":\"search_term_string\"}}],\"inLanguage\":\"fr-FR\"},{\"@type\":\"Person\",\"@id\":\"https:\/\/theplayoffs.news\/fr\/#\/schema\/person\/e71dc12410195fc77183dda929d3a10c\",\"name\":\"Maxime Le Gorjus\",\"image\":{\"@type\":\"ImageObject\",\"inLanguage\":\"fr-FR\",\"@id\":\"https:\/\/theplayoffs.news\/fr\/#\/schema\/person\/image\/\",\"url\":\"https:\/\/secure.gravatar.com\/avatar\/e9d907366de9735d771ce06fa32e62740f99d507b84a46e08ed7e5e05c120b42?s=96&d=mm&r=g\",\"contentUrl\":\"https:\/\/secure.gravatar.com\/avatar\/e9d907366de9735d771ce06fa32e62740f99d507b84a46e08ed7e5e05c120b42?s=96&d=mm&r=g\",\"caption\":\"Maxime Le Gorjus\"},\"url\":\"https:\/\/theplayoffs.news\/fr\/author\/maximelegorjus\/\"}]}<\/script>\n<!-- \/ Yoast SEO plugin. -->","yoast_head_json":{"title":"LeBron James absent plusieurs semaines - The Playoffs FR","robots":{"index":"index","follow":"follow","max-snippet":"max-snippet:-1","max-image-preview":"max-image-preview:large","max-video-preview":"max-video-preview:-1"},"canonical":"https:\/\/theplayoffs.news\/fr\/actualite-nba\/lebron-james-absent-des-semaines\/","og_locale":"fr_FR","og_type":"article","og_title":"LeBron James absent plusieurs semaines - The Playoffs FR","og_url":"https:\/\/theplayoffs.news\/fr\/actualite-nba\/lebron-james-absent-des-semaines\/","og_site_name":"The Playoffs FR","article_publisher":"https:\/\/www.facebook.com\/TheFreeAgentFR\/","article_modified_time":"2023-02-28T01:52:31+00:00","og_image":[{"width":1920,"height":1358,"url":"https:\/\/theplayoffs.news\/fr\/wp-content\/uploads\/2023\/01\/221006042658-02-nba-lebron-james-las-vegas.jpg","type":"image\/jpeg"}],"author":"Maxime Le Gorjus","twitter_card":"summary_large_image","twitter_creator":"@TheFreeAgentFR","twitter_site":"@TheFreeAgentFR","twitter_misc":{"\u00c9crit par":"Maxime Le Gorjus","Dur\u00e9e de lecture estim\u00e9e":"2 minutes"},"schema":{"@context":"https:\/\/schema.org","@graph":[{"@type":"WebPage","@id":"https:\/\/theplayoffs.news\/fr\/actualite-nba\/lebron-james-absent-des-semaines\/","url":"https:\/\/theplayoffs.news\/fr\/actualite-nba\/lebron-james-absent-des-semaines\/","name":"LeBron James absent plusieurs semaines - The Playoffs FR","isPartOf":{"@id":"https:\/\/theplayoffs.news\/fr\/#website"},"primaryImageOfPage":{"@id":"https:\/\/theplayoffs.news\/fr\/actualite-nba\/lebron-james-absent-des-semaines\/#primaryimage"},"image":{"@id":"https:\/\/theplayoffs.news\/fr\/actualite-nba\/lebron-james-absent-des-semaines\/#primaryimage"},"thumbnailUrl":"https:\/\/theplayoffs.news\/fr\/wp-content\/uploads\/2023\/01\/221006042658-02-nba-lebron-james-las-vegas.jpg","datePublished":"2023-02-28T01:52:30+00:00","dateModified":"2023-02-28T01:52:31+00:00","author":{"@id":"https:\/\/theplayoffs.news\/fr\/#\/schema\/person\/e71dc12410195fc77183dda929d3a10c"},"breadcrumb":{"@id":"https:\/\/theplayoffs.news\/fr\/actualite-nba\/lebron-james-absent-des-semaines\/#breadcrumb"},"inLanguage":"fr-FR","potentialAction":[{"@type":"ReadAction","target":["https:\/\/theplayoffs.news\/fr\/actualite-nba\/lebron-james-absent-des-semaines\/"]}]},{"@type":"ImageObject","inLanguage":"fr-FR","@id":"https:\/\/theplayoffs.news\/fr\/actualite-nba\/lebron-james-absent-des-semaines\/#primaryimage","url":"https:\/\/theplayoffs.news\/fr\/wp-content\/uploads\/2023\/01\/221006042658-02-nba-lebron-james-las-vegas.jpg","contentUrl":"https:\/\/theplayoffs.news\/fr\/wp-content\/uploads\/2023\/01\/221006042658-02-nba-lebron-james-las-vegas.jpg","width":1920,"height":1358,"caption":"LeBron james"},{"@type":"BreadcrumbList","@id":"https:\/\/theplayoffs.news\/fr\/actualite-nba\/lebron-james-absent-des-semaines\/#breadcrumb","itemListElement":[{"@type":"ListItem","position":1,"name":"Accueil","item":"https:\/\/theplayoffs.news\/fr\/"},{"@type":"ListItem","position":2,"name":"LeBron James absent plusieurs semaines"}]},{"@type":"WebSite","@id":"https:\/\/theplayoffs.news\/fr\/#website","url":"https:\/\/theplayoffs.news\/fr\/","name":"The Playoffs FR","description":"NBA-NFL-NHL-MLB","potentialAction":[{"@type":"SearchAction","target":{"@type":"EntryPoint","urlTemplate":"https:\/\/theplayoffs.news\/fr\/?s={search_term_string}"},"query-input":{"@type":"PropertyValueSpecification","valueRequired":true,"valueName":"search_term_string"}}],"inLanguage":"fr-FR"},{"@type":"Person","@id":"https:\/\/theplayoffs.news\/fr\/#\/schema\/person\/e71dc12410195fc77183dda929d3a10c","name":"Maxime Le Gorjus","image":{"@type":"ImageObject","inLanguage":"fr-FR","@id":"https:\/\/theplayoffs.news\/fr\/#\/schema\/person\/image\/","url":"https:\/\/secure.gravatar.com\/avatar\/e9d907366de9735d771ce06fa32e62740f99d507b84a46e08ed7e5e05c120b42?s=96&d=mm&r=g","contentUrl":"https:\/\/secure.gravatar.com\/avatar\/e9d907366de9735d771ce06fa32e62740f99d507b84a46e08ed7e5e05c120b42?s=96&d=mm&r=g","caption":"Maxime Le Gorjus"},"url":"https:\/\/theplayoffs.news\/fr\/author\/maximelegorjus\/"}]}},"_links":{"self":[{"href":"https:\/\/theplayoffs.news\/fr\/wp-json\/wp\/v2\/posts\/570072","targetHints":{"allow":["GET"]}}],"collection":[{"href":"https:\/\/theplayoffs.news\/fr\/wp-json\/wp\/v2\/posts"}],"about":[{"href":"https:\/\/theplayoffs.news\/fr\/wp-json\/wp\/v2\/types\/post"}],"author":[{"embeddable":true,"href":"https:\/\/theplayoffs.news\/fr\/wp-json\/wp\/v2\/users\/180309821"}],"replies":[{"embeddable":true,"href":"https:\/\/theplayoffs.news\/fr\/wp-json\/wp\/v2\/comments?post=570072"}],"version-history":[{"count":4,"href":"https:\/\/theplayoffs.news\/fr\/wp-json\/wp\/v2\/posts\/570072\/revisions"}],"predecessor-version":[{"id":570078,"href":"https:\/\/theplayoffs.news\/fr\/wp-json\/wp\/v2\/posts\/570072\/revisions\/570078"}],"wp:featuredmedia":[{"embeddable":true,"href":"https:\/\/theplayoffs.news\/fr\/wp-json\/wp\/v2\/media\/519694"}],"wp:attachment":[{"href":"https:\/\/theplayoffs.news\/fr\/wp-json\/wp\/v2\/media?parent=570072"}],"wp:term":[{"taxonomy":"category","embeddable":true,"href":"https:\/\/theplayoffs.news\/fr\/wp-json\/wp\/v2\/categories?post=570072"},{"taxonomy":"post_tag","embeddable":true,"href":"https:\/\/theplayoffs.news\/fr\/wp-json\/wp\/v2\/tags?post=570072"},{"taxonomy":"sport","embeddable":true,"href":"https:\/\/theplayoffs.news\/fr\/wp-json\/wp\/v2\/sport?post=570072"},{"taxonomy":"saison","embeddable":true,"href":"https:\/\/theplayoffs.news\/fr\/wp-json\/wp\/v2\/saison?post=570072"}],"curies":[{"name":"wp","href":"https:\/\/api.w.org\/{rel}","templated":true}]}}