{"id":569962,"date":"2023-02-27T13:12:40","date_gmt":"2023-02-27T12:12:40","guid":{"rendered":"https:\/\/theplayoffs.news\/fr\/?p=569962"},"modified":"2023-02-27T13:12:41","modified_gmt":"2023-02-27T12:12:41","slug":"lavance-gachee-mavs-relachement-doncic","status":"publish","type":"post","link":"https:\/\/theplayoffs.news\/fr\/actualite-nba\/lavance-gachee-mavs-relachement-doncic\/","title":{"rendered":"L\u2019avance de 27 points g\u00e2ch\u00e9e par les Mavs ? \u00ab\u00a0Un petit rel\u00e2chement\u00a0\u00bb selon Doncic"},"content":{"rendered":"<h2>Dans une saison de NBA toujours aussi serr&eacute;e &agrave; l&rsquo;Ouest, la star des Mavs Luka Doncic regrette le rel&acirc;chement de son &eacute;quipe lors de la d&eacute;faite 111-108 contre les Lakers dimanche.<\/h2><p>&nbsp;<\/p><p>Les Mavs ont men&eacute; jusqu&rsquo;&agrave; 27 points, mais la r&eacute;volte des Lakers dans les troisi&egrave;me et quatri&egrave;me quarts-temps ont permis aux Purple and Gold de remonter au score. Il s&rsquo;agit de la troisi&egrave;me d&eacute;faite de Dallas en quatre matchs depuis que <a href=\"https:\/\/theplayoffs.news\/fr\/joueur\/luka-doncic-nba-7890548\/\" class=\"trk-cta-link\" data-cta-trk='{\"ctaType\":\"Link\",\"ctaSubType\":\"main\"}'>Doncic<\/a> et le nouvel arrivant <a href=\"https:\/\/theplayoffs.news\/fr\/joueur\/kyrie-irving-nba-12884\/\" class=\"trk-cta-link\" data-cta-trk='{\"ctaType\":\"Link\",\"ctaSubType\":\"main\"}'>Kyrie Irving<\/a> ont jou&eacute; ensemble.<\/p><p>Lorsque des journalistes, apr&egrave;s le match, lui ont demand&eacute; si des d&eacute;saccords avec les arbitres avaient caus&eacute; l&rsquo;effondrement de la deuxi&egrave;me mi-temps, Doncic a plut&ocirc;t r&eacute;sum&eacute; cela &agrave; un rel&acirc;chement.<\/p><blockquote><p>&laquo;&nbsp;On peut dire &ccedil;a, mais nous avions quand m&ecirc;me une grosse avance. Parfois, vous allez la perdre, mais je pense que nous nous sommes juste un peu rel&acirc;ch&eacute;s, et nous devons travailler l&agrave;-dessus&nbsp;&raquo;.<\/p><\/blockquote><p>Dallas est entr&eacute; &agrave; la mi-temps avec une avance de 61-47, mais a finalement &eacute;t&eacute; battu 64-47 au cours des deux derniers quarts-temps, les stars des Lakers ayant pris les choses en main. Quatre des titulaires de Los Angeles ont termin&eacute; avec un score &agrave; deux chiffres, men&eacute;s par une performance majuscule d&rsquo;Anthony Davis, auteur de 30 points et 15 rebonds.<\/p><p>Pendant ce temps, Doncic (26 points) et Irving (21 points) ont &eacute;t&eacute; les seuls titulaires &agrave; marquer plus de six points pour Dallas.<\/p><p>Bien qu&rsquo;il ait port&eacute; son &eacute;quipe <a href=\"https:\/\/twitter.com\/dallasmavs\/status\/1629968852397203456?ref_src=twsrc%5Etfw%7Ctwcamp%5Etweetembed%7Ctwterm%5E1629968852397203456%7Ctwgr%5Ea501815ccab08b88b565950f77232c4adc3e1e06%7Ctwcon%5Es1_c10&amp;ref_url=https%3A%2F%2Fthefreeagent.fr%2Fwp-admin%2Fpost-new.php\" class=\"trk-cta-link\" data-cta-trk='{\"ctaType\":\"Link\",\"ctaSubType\":\"main\"}'>pendant plusieurs parties du match<\/a>, le slov&egrave;ne est loin d&rsquo;avoir sign&eacute; une performance exceptionnelle, avec 10 tirs sur 22 et 6 pertes de balle, dont une cruciale &agrave; 15 secondes de la fin quand son &eacute;quipe comptait trois points de retard.<\/p><blockquote class=\"twitter-tweet\" data-width=\"500\" data-dnt=\"true\">\n<p lang=\"en\" dir=\"ltr\">Smooth operator <a href=\"https:\/\/t.co\/h3M5dZAnGu\" class=\"trk-cta-link\" data-cta-trk='{\"ctaType\":\"Link\",\"ctaSubType\":\"main\"}'>pic.twitter.com\/h3M5dZAnGu<\/a><\/p>\n<p>&mdash; Dallas Mavericks (@dallasmavs) <a href=\"https:\/\/twitter.com\/dallasmavs\/status\/1629968852397203456?ref_src=twsrc%5Etfw\" class=\"trk-cta-link\" data-cta-trk='{\"ctaType\":\"Link\",\"ctaSubType\":\"main\"}'>February 26, 2023<\/a><\/p><\/blockquote><p><script async src=\"https:\/\/platform.twitter.com\/widgets.js\" charset=\"utf-8\"><\/script><\/p><p>Les Mavs, 6&egrave;me, se retrouvent maintenant &agrave; 32-30 et risquent de glisser vers les places de play-in malgr&eacute; la pr&eacute;sence de Doncic, qui est le meilleur marqueur de la ligue avec 33,2 points par match. Ils n&rsquo;ont qu&rsquo;un match d&rsquo;avance sur les Warriors, 7&egrave;me, qui ont remport&eacute; deux victoires cons&eacute;cutives et qui attendent le retour de leur franchise player Stephen Curry.<\/p>\n","protected":false},"excerpt":{"rendered":"","protected":false},"author":180310144,"featured_media":294767,"comment_status":"open","ping_status":"closed","sticky":false,"template":"","format":"standard","meta":{"inline_featured_image":false,"kia_subtitle":"","_mux_skip_reasons":[],"proofreadBy":0,"footnotes":""},"categories":[110,10],"tags":[595,545,23],"sport":[],"saison":[],"class_list":["post-569962","post","type-post","status-publish","format-standard","has-post-thumbnail","hentry","category-actualite-nba","category-nba","tag-dallas-mavericks","tag-luka-doncic","tag-nba-tag"],"acf":[],"yoast_head":"<!-- This site is optimized with the Yoast SEO plugin v24.2 - https:\/\/yoast.com\/wordpress\/plugins\/seo\/ -->\n<title>L&rsquo;avance de 27 points g&acirc;ch&eacute;e par les Mavs ? &quot;Un petit rel&acirc;chement&quot; selon Doncic - The Playoffs FR<\/title>\n<meta name=\"robots\" content=\"index, follow, max-snippet:-1, max-image-preview:large, max-video-preview:-1\" \/>\n<link rel=\"canonical\" href=\"https:\/\/theplayoffs.news\/fr\/actualite-nba\/lavance-gachee-mavs-relachement-doncic\/\" \/>\n<meta property=\"og:locale\" content=\"fr_FR\" \/>\n<meta property=\"og:type\" content=\"article\" \/>\n<meta property=\"og:title\" content=\"L&rsquo;avance de 27 points g&acirc;ch&eacute;e par les Mavs ? &quot;Un petit rel&acirc;chement&quot; selon Doncic - The Playoffs FR\" \/>\n<meta property=\"og:url\" content=\"https:\/\/theplayoffs.news\/fr\/actualite-nba\/lavance-gachee-mavs-relachement-doncic\/\" \/>\n<meta property=\"og:site_name\" content=\"The Playoffs FR\" \/>\n<meta property=\"article:publisher\" content=\"https:\/\/www.facebook.com\/TheFreeAgentFR\/\" \/>\n<meta property=\"article:modified_time\" content=\"2023-02-27T13:12:41+01:00\" \/>\n<meta property=\"og:image\" content=\"https:\/\/theplayoffs.news\/fr\/wp-content\/uploads\/2021\/02\/luka-doncic-2.jpg\" \/>\n\t<meta property=\"og:image:width\" content=\"1024\" \/>\n\t<meta property=\"og:image:height\" content=\"682\" \/>\n\t<meta property=\"og:image:type\" content=\"image\/jpeg\" \/>\n<meta name=\"author\" content=\"Evan Glomot\" \/>\n<meta name=\"twitter:card\" content=\"summary_large_image\" \/>\n<meta name=\"twitter:creator\" content=\"@TheFreeAgentFR\" \/>\n<meta name=\"twitter:site\" content=\"@TheFreeAgentFR\" \/>\n<meta name=\"twitter:label1\" content=\"\u00c9crit par\" \/>\n\t<meta name=\"twitter:data1\" content=\"Evan Glomot\" \/>\n\t<meta name=\"twitter:label2\" content=\"Dur\u00e9e de lecture estim\u00e9e\" \/>\n\t<meta name=\"twitter:data2\" content=\"2 minutes\" \/>\n<script type=\"application\/ld+json\" class=\"yoast-schema-graph\">{\"@context\":\"https:\/\/schema.org\",\"@graph\":[{\"@type\":\"WebPage\",\"@id\":\"https:\/\/theplayoffs.news\/fr\/actualite-nba\/lavance-gachee-mavs-relachement-doncic\/\",\"url\":\"https:\/\/theplayoffs.news\/fr\/actualite-nba\/lavance-gachee-mavs-relachement-doncic\/\",\"name\":\"L\u2019avance de 27 points g\u00e2ch\u00e9e par les Mavs ? \\\\\\\"Un petit rel\u00e2chement\\\\\\\" selon Doncic - The Playoffs FR\",\"isPartOf\":{\"@id\":\"https:\/\/theplayoffs.news\/fr\/#website\"},\"primaryImageOfPage\":{\"@id\":\"https:\/\/theplayoffs.news\/fr\/actualite-nba\/lavance-gachee-mavs-relachement-doncic\/#primaryimage\"},\"image\":{\"@id\":\"https:\/\/theplayoffs.news\/fr\/actualite-nba\/lavance-gachee-mavs-relachement-doncic\/#primaryimage\"},\"thumbnailUrl\":\"https:\/\/theplayoffs.news\/fr\/wp-content\/uploads\/2021\/02\/luka-doncic-2.jpg\",\"datePublished\":\"2023-02-27T12:12:40+00:00\",\"dateModified\":\"2023-02-27T12:12:41+00:00\",\"author\":{\"@id\":\"https:\/\/theplayoffs.news\/fr\/#\/schema\/person\/efcb1404f7c790a161fdc0aa29e81646\"},\"breadcrumb\":{\"@id\":\"https:\/\/theplayoffs.news\/fr\/actualite-nba\/lavance-gachee-mavs-relachement-doncic\/#breadcrumb\"},\"inLanguage\":\"fr-FR\",\"potentialAction\":[{\"@type\":\"ReadAction\",\"target\":[\"https:\/\/theplayoffs.news\/fr\/actualite-nba\/lavance-gachee-mavs-relachement-doncic\/\"]}]},{\"@type\":\"ImageObject\",\"inLanguage\":\"fr-FR\",\"@id\":\"https:\/\/theplayoffs.news\/fr\/actualite-nba\/lavance-gachee-mavs-relachement-doncic\/#primaryimage\",\"url\":\"https:\/\/theplayoffs.news\/fr\/wp-content\/uploads\/2021\/02\/luka-doncic-2.jpg\",\"contentUrl\":\"https:\/\/theplayoffs.news\/fr\/wp-content\/uploads\/2021\/02\/luka-doncic-2.jpg\",\"width\":1024,\"height\":682,\"caption\":\"Luka Doncic\"},{\"@type\":\"BreadcrumbList\",\"@id\":\"https:\/\/theplayoffs.news\/fr\/actualite-nba\/lavance-gachee-mavs-relachement-doncic\/#breadcrumb\",\"itemListElement\":[{\"@type\":\"ListItem\",\"position\":1,\"name\":\"Accueil\",\"item\":\"https:\/\/theplayoffs.news\/fr\/\"},{\"@type\":\"ListItem\",\"position\":2,\"name\":\"L\u2019avance de 27 points g\u00e2ch\u00e9e par les Mavs ? \u00ab\u00a0Un petit rel\u00e2chement\u00a0\u00bb selon Doncic\"}]},{\"@type\":\"WebSite\",\"@id\":\"https:\/\/theplayoffs.news\/fr\/#website\",\"url\":\"https:\/\/theplayoffs.news\/fr\/\",\"name\":\"The Playoffs FR\",\"description\":\"NBA-NFL-NHL-MLB\",\"potentialAction\":[{\"@type\":\"SearchAction\",\"target\":{\"@type\":\"EntryPoint\",\"urlTemplate\":\"https:\/\/theplayoffs.news\/fr\/?s={search_term_string}\"},\"query-input\":{\"@type\":\"PropertyValueSpecification\",\"valueRequired\":true,\"valueName\":\"search_term_string\"}}],\"inLanguage\":\"fr-FR\"},{\"@type\":\"Person\",\"@id\":\"https:\/\/theplayoffs.news\/fr\/#\/schema\/person\/efcb1404f7c790a161fdc0aa29e81646\",\"name\":\"Evan Glomot\",\"image\":{\"@type\":\"ImageObject\",\"inLanguage\":\"fr-FR\",\"@id\":\"https:\/\/theplayoffs.news\/fr\/#\/schema\/person\/image\/\",\"url\":\"https:\/\/secure.gravatar.com\/avatar\/93e18dce985a4dfed140ef5ef5ecc82be40a165cbb4838e421f46abb52b7c315?s=96&d=mm&r=g\",\"contentUrl\":\"https:\/\/secure.gravatar.com\/avatar\/93e18dce985a4dfed140ef5ef5ecc82be40a165cbb4838e421f46abb52b7c315?s=96&d=mm&r=g\",\"caption\":\"Evan Glomot\"},\"url\":\"https:\/\/theplayoffs.news\/fr\/author\/evanglomotgmail-com\/\"}]}<\/script>\n<!-- \/ Yoast SEO plugin. -->","yoast_head_json":{"title":"L&rsquo;avance de 27 points g&acirc;ch&eacute;e par les Mavs ? &quot;Un petit rel&acirc;chement&quot; selon Doncic - The Playoffs FR","robots":{"index":"index","follow":"follow","max-snippet":"max-snippet:-1","max-image-preview":"max-image-preview:large","max-video-preview":"max-video-preview:-1"},"canonical":"https:\/\/theplayoffs.news\/fr\/actualite-nba\/lavance-gachee-mavs-relachement-doncic\/","og_locale":"fr_FR","og_type":"article","og_title":"L&rsquo;avance de 27 points g&acirc;ch&eacute;e par les Mavs ? &quot;Un petit rel&acirc;chement&quot; selon Doncic - The Playoffs FR","og_url":"https:\/\/theplayoffs.news\/fr\/actualite-nba\/lavance-gachee-mavs-relachement-doncic\/","og_site_name":"The Playoffs FR","article_publisher":"https:\/\/www.facebook.com\/TheFreeAgentFR\/","article_modified_time":"2023-02-27T12:12:41+00:00","og_image":[{"width":1024,"height":682,"url":"https:\/\/theplayoffs.news\/fr\/wp-content\/uploads\/2021\/02\/luka-doncic-2.jpg","type":"image\/jpeg"}],"author":"Evan Glomot","twitter_card":"summary_large_image","twitter_creator":"@TheFreeAgentFR","twitter_site":"@TheFreeAgentFR","twitter_misc":{"\u00c9crit par":"Evan Glomot","Dur\u00e9e de lecture estim\u00e9e":"2 minutes"},"schema":{"@context":"https:\/\/schema.org","@graph":[{"@type":"WebPage","@id":"https:\/\/theplayoffs.news\/fr\/actualite-nba\/lavance-gachee-mavs-relachement-doncic\/","url":"https:\/\/theplayoffs.news\/fr\/actualite-nba\/lavance-gachee-mavs-relachement-doncic\/","name":"L\u2019avance de 27 points g\u00e2ch\u00e9e par les Mavs ? \\\"Un petit rel\u00e2chement\\\" selon Doncic - The Playoffs FR","isPartOf":{"@id":"https:\/\/theplayoffs.news\/fr\/#website"},"primaryImageOfPage":{"@id":"https:\/\/theplayoffs.news\/fr\/actualite-nba\/lavance-gachee-mavs-relachement-doncic\/#primaryimage"},"image":{"@id":"https:\/\/theplayoffs.news\/fr\/actualite-nba\/lavance-gachee-mavs-relachement-doncic\/#primaryimage"},"thumbnailUrl":"https:\/\/theplayoffs.news\/fr\/wp-content\/uploads\/2021\/02\/luka-doncic-2.jpg","datePublished":"2023-02-27T12:12:40+00:00","dateModified":"2023-02-27T12:12:41+00:00","author":{"@id":"https:\/\/theplayoffs.news\/fr\/#\/schema\/person\/efcb1404f7c790a161fdc0aa29e81646"},"breadcrumb":{"@id":"https:\/\/theplayoffs.news\/fr\/actualite-nba\/lavance-gachee-mavs-relachement-doncic\/#breadcrumb"},"inLanguage":"fr-FR","potentialAction":[{"@type":"ReadAction","target":["https:\/\/theplayoffs.news\/fr\/actualite-nba\/lavance-gachee-mavs-relachement-doncic\/"]}]},{"@type":"ImageObject","inLanguage":"fr-FR","@id":"https:\/\/theplayoffs.news\/fr\/actualite-nba\/lavance-gachee-mavs-relachement-doncic\/#primaryimage","url":"https:\/\/theplayoffs.news\/fr\/wp-content\/uploads\/2021\/02\/luka-doncic-2.jpg","contentUrl":"https:\/\/theplayoffs.news\/fr\/wp-content\/uploads\/2021\/02\/luka-doncic-2.jpg","width":1024,"height":682,"caption":"Luka Doncic"},{"@type":"BreadcrumbList","@id":"https:\/\/theplayoffs.news\/fr\/actualite-nba\/lavance-gachee-mavs-relachement-doncic\/#breadcrumb","itemListElement":[{"@type":"ListItem","position":1,"name":"Accueil","item":"https:\/\/theplayoffs.news\/fr\/"},{"@type":"ListItem","position":2,"name":"L\u2019avance de 27 points g\u00e2ch\u00e9e par les Mavs ? \u00ab\u00a0Un petit rel\u00e2chement\u00a0\u00bb selon Doncic"}]},{"@type":"WebSite","@id":"https:\/\/theplayoffs.news\/fr\/#website","url":"https:\/\/theplayoffs.news\/fr\/","name":"The Playoffs FR","description":"NBA-NFL-NHL-MLB","potentialAction":[{"@type":"SearchAction","target":{"@type":"EntryPoint","urlTemplate":"https:\/\/theplayoffs.news\/fr\/?s={search_term_string}"},"query-input":{"@type":"PropertyValueSpecification","valueRequired":true,"valueName":"search_term_string"}}],"inLanguage":"fr-FR"},{"@type":"Person","@id":"https:\/\/theplayoffs.news\/fr\/#\/schema\/person\/efcb1404f7c790a161fdc0aa29e81646","name":"Evan Glomot","image":{"@type":"ImageObject","inLanguage":"fr-FR","@id":"https:\/\/theplayoffs.news\/fr\/#\/schema\/person\/image\/","url":"https:\/\/secure.gravatar.com\/avatar\/93e18dce985a4dfed140ef5ef5ecc82be40a165cbb4838e421f46abb52b7c315?s=96&d=mm&r=g","contentUrl":"https:\/\/secure.gravatar.com\/avatar\/93e18dce985a4dfed140ef5ef5ecc82be40a165cbb4838e421f46abb52b7c315?s=96&d=mm&r=g","caption":"Evan Glomot"},"url":"https:\/\/theplayoffs.news\/fr\/author\/evanglomotgmail-com\/"}]}},"_links":{"self":[{"href":"https:\/\/theplayoffs.news\/fr\/wp-json\/wp\/v2\/posts\/569962","targetHints":{"allow":["GET"]}}],"collection":[{"href":"https:\/\/theplayoffs.news\/fr\/wp-json\/wp\/v2\/posts"}],"about":[{"href":"https:\/\/theplayoffs.news\/fr\/wp-json\/wp\/v2\/types\/post"}],"author":[{"embeddable":true,"href":"https:\/\/theplayoffs.news\/fr\/wp-json\/wp\/v2\/users\/180310144"}],"replies":[{"embeddable":true,"href":"https:\/\/theplayoffs.news\/fr\/wp-json\/wp\/v2\/comments?post=569962"}],"version-history":[{"count":2,"href":"https:\/\/theplayoffs.news\/fr\/wp-json\/wp\/v2\/posts\/569962\/revisions"}],"predecessor-version":[{"id":569965,"href":"https:\/\/theplayoffs.news\/fr\/wp-json\/wp\/v2\/posts\/569962\/revisions\/569965"}],"wp:featuredmedia":[{"embeddable":true,"href":"https:\/\/theplayoffs.news\/fr\/wp-json\/wp\/v2\/media\/294767"}],"wp:attachment":[{"href":"https:\/\/theplayoffs.news\/fr\/wp-json\/wp\/v2\/media?parent=569962"}],"wp:term":[{"taxonomy":"category","embeddable":true,"href":"https:\/\/theplayoffs.news\/fr\/wp-json\/wp\/v2\/categories?post=569962"},{"taxonomy":"post_tag","embeddable":true,"href":"https:\/\/theplayoffs.news\/fr\/wp-json\/wp\/v2\/tags?post=569962"},{"taxonomy":"sport","embeddable":true,"href":"https:\/\/theplayoffs.news\/fr\/wp-json\/wp\/v2\/sport?post=569962"},{"taxonomy":"saison","embeddable":true,"href":"https:\/\/theplayoffs.news\/fr\/wp-json\/wp\/v2\/saison?post=569962"}],"curies":[{"name":"wp","href":"https:\/\/api.w.org\/{rel}","templated":true}]}}