{"id":569929,"date":"2023-02-27T09:12:41","date_gmt":"2023-02-27T08:12:41","guid":{"rendered":"https:\/\/theplayoffs.news\/fr\/?p=569929"},"modified":"2023-05-23T09:35:45","modified_gmt":"2023-05-23T07:35:45","slug":"elf-lequipe-de-paris-change-de-nom","status":"publish","type":"post","link":"https:\/\/theplayoffs.news\/fr\/d1\/elf-lequipe-de-paris-change-de-nom\/","title":{"rendered":"ELF : L&rsquo;\u00e9quipe de Paris change de nom !"},"content":{"rendered":"<h2><strong>Initialement, l&rsquo;&eacute;quipe parisienne qui &eacute;voluera en ELF cette ann&eacute;e devait s&rsquo;appeler les <a href=\"https:\/\/theplayoffs.news\/fr\/nfl\/ce-sera-donc-les-saints-de-paris\/\" class=\"trk-cta-link\" data-cta-trk='{\"ctaType\":\"Link\",\"ctaSubType\":\"main\"}'>Saints de Paris<\/a>.&nbsp;<\/strong><\/h2><p>Mais aujourd&rsquo;hui, l&rsquo;&eacute;quipe annonce un changement de nom :<\/p><blockquote class=\"twitter-tweet\" data-width=\"500\" data-dnt=\"true\">\n<p lang=\"fr\" dir=\"ltr\">&#127467;&#127479;&nbsp;Unis nous nous &eacute;levons, <br>Divis&eacute;, nous sombrons.<br>Tous pour un,<br>Et un pour tous. <\/p>\n<p>&#127482;&#127480;&nbsp;Together we stand, <br> Divided we fall.<br> All for one,<br> And one for all. <a href=\"https:\/\/t.co\/1Dn3VTdmOA\" class=\"trk-cta-link\" data-cta-trk='{\"ctaType\":\"Link\",\"ctaSubType\":\"main\"}'>pic.twitter.com\/1Dn3VTdmOA<\/a><\/p>\n<p>&mdash; Paris Musketeers (@parismusketeers) <a href=\"https:\/\/twitter.com\/parismusketeers\/status\/1630115423491444737?ref_src=twsrc%5Etfw\" class=\"trk-cta-link\" data-cta-trk='{\"ctaType\":\"Link\",\"ctaSubType\":\"main\"}'>February 27, 2023<\/a><\/p><\/blockquote><p><script async src=\"https:\/\/platform.twitter.com\/widgets.js\" charset=\"utf-8\"><\/script><\/p><p>Il s&rsquo;agira donc des Mousquetaires de Paris.<\/p><blockquote><p>Depuis le moment de la fondation de la franchise, notre objectif &eacute;tait de nommer notre &eacute;quipe les Mousquetaires de Paris. Ce nom n&rsquo;&eacute;tait jusqu&rsquo;&agrave; r&eacute;cemment pas disponible. D&eacute;sormais, nous avons obtenu les droits sur le nom Mousquetaires et seront dor&eacute;navant connus exclusivement sous le nom de Mousquetaires de Paris&nbsp;&raquo; peut-on lire dans le <a href=\"https:\/\/twitter.com\/parisfootballtm\/status\/1630115423491444737\/photo\/4\" class=\"trk-cta-link\" data-cta-trk='{\"ctaType\":\"Link\",\"ctaSubType\":\"main\"}'>communiqu&eacute; publi&eacute; sur Twitter<\/a>.<\/p><\/blockquote><p>Le choix du nom Saints &eacute;taient donc un choix par d&eacute;faut en raison de la non-obtention des droits d&rsquo;utilisation du nom Mousquetaires.<\/p><p>Les Mousquetaires feront leur d&eacute;buts le 3 juin prochain pour la premi&egrave;re semaine de comp&eacute;tition de l&rsquo;ELF.<\/p>\n","protected":false},"excerpt":{"rendered":"","protected":false},"author":13,"featured_media":569931,"comment_status":"open","ping_status":"closed","sticky":false,"template":"","format":"standard","meta":{"inline_featured_image":false,"kia_subtitle":"","_mux_skip_reasons":[],"proofreadBy":0,"footnotes":""},"categories":[3324,5964],"tags":[4569,4833],"sport":[],"saison":[],"class_list":["post-569929","post","type-post","status-publish","format-standard","has-post-thumbnail","hentry","category-d1","category-elf","tag-elf","tag-mousquetaires-de-paris"],"acf":[],"yoast_head":"<!-- This site is optimized with the Yoast SEO plugin v24.2 - https:\/\/yoast.com\/wordpress\/plugins\/seo\/ -->\n<title>ELF : L&#039;&eacute;quipe de Paris change de nom ! - The Playoffs FR<\/title>\n<meta name=\"robots\" content=\"index, follow, max-snippet:-1, max-image-preview:large, max-video-preview:-1\" \/>\n<link rel=\"canonical\" href=\"https:\/\/theplayoffs.news\/fr\/d1\/elf-lequipe-de-paris-change-de-nom\/\" \/>\n<meta property=\"og:locale\" content=\"fr_FR\" \/>\n<meta property=\"og:type\" content=\"article\" \/>\n<meta property=\"og:title\" content=\"ELF : L&#039;&eacute;quipe de Paris change de nom ! - The Playoffs FR\" \/>\n<meta property=\"og:url\" content=\"https:\/\/theplayoffs.news\/fr\/d1\/elf-lequipe-de-paris-change-de-nom\/\" \/>\n<meta property=\"og:site_name\" content=\"The Playoffs FR\" \/>\n<meta property=\"article:publisher\" content=\"https:\/\/www.facebook.com\/TheFreeAgentFR\/\" \/>\n<meta property=\"article:modified_time\" content=\"2023-05-23T09:35:45+02:00\" \/>\n<meta property=\"og:image\" content=\"https:\/\/theplayoffs.news\/fr\/wp-content\/uploads\/2023\/02\/Fp9VVQEWAAADmer.jpeg\" \/>\n\t<meta property=\"og:image:width\" content=\"1200\" \/>\n\t<meta property=\"og:image:height\" content=\"1500\" \/>\n\t<meta property=\"og:image:type\" content=\"image\/jpeg\" \/>\n<meta name=\"author\" content=\"Charles Taudin\" \/>\n<meta name=\"twitter:card\" content=\"summary_large_image\" \/>\n<meta name=\"twitter:creator\" content=\"@TheFreeAgentFR\" \/>\n<meta name=\"twitter:site\" content=\"@TheFreeAgentFR\" \/>\n<meta name=\"twitter:label1\" content=\"\u00c9crit par\" \/>\n\t<meta name=\"twitter:data1\" content=\"Charles Taudin\" \/>\n\t<meta name=\"twitter:label2\" content=\"Dur\u00e9e de lecture estim\u00e9e\" \/>\n\t<meta name=\"twitter:data2\" content=\"1 minute\" \/>\n<script type=\"application\/ld+json\" class=\"yoast-schema-graph\">{\"@context\":\"https:\/\/schema.org\",\"@graph\":[{\"@type\":\"WebPage\",\"@id\":\"https:\/\/theplayoffs.news\/fr\/d1\/elf-lequipe-de-paris-change-de-nom\/\",\"url\":\"https:\/\/theplayoffs.news\/fr\/d1\/elf-lequipe-de-paris-change-de-nom\/\",\"name\":\"ELF : L\\\\'\u00e9quipe de Paris change de nom ! - The Playoffs FR\",\"isPartOf\":{\"@id\":\"https:\/\/theplayoffs.news\/fr\/#website\"},\"primaryImageOfPage\":{\"@id\":\"https:\/\/theplayoffs.news\/fr\/d1\/elf-lequipe-de-paris-change-de-nom\/#primaryimage\"},\"image\":{\"@id\":\"https:\/\/theplayoffs.news\/fr\/d1\/elf-lequipe-de-paris-change-de-nom\/#primaryimage\"},\"thumbnailUrl\":\"https:\/\/theplayoffs.news\/fr\/wp-content\/uploads\/2023\/02\/Fp9VVQEWAAADmer.jpeg\",\"datePublished\":\"2023-02-27T08:12:41+00:00\",\"dateModified\":\"2023-05-23T07:35:45+00:00\",\"author\":{\"@id\":\"https:\/\/theplayoffs.news\/fr\/#\/schema\/person\/eee5b69ad5d3c51cabe881c839dbe133\"},\"breadcrumb\":{\"@id\":\"https:\/\/theplayoffs.news\/fr\/d1\/elf-lequipe-de-paris-change-de-nom\/#breadcrumb\"},\"inLanguage\":\"fr-FR\",\"potentialAction\":[{\"@type\":\"ReadAction\",\"target\":[\"https:\/\/theplayoffs.news\/fr\/d1\/elf-lequipe-de-paris-change-de-nom\/\"]}]},{\"@type\":\"ImageObject\",\"inLanguage\":\"fr-FR\",\"@id\":\"https:\/\/theplayoffs.news\/fr\/d1\/elf-lequipe-de-paris-change-de-nom\/#primaryimage\",\"url\":\"https:\/\/theplayoffs.news\/fr\/wp-content\/uploads\/2023\/02\/Fp9VVQEWAAADmer.jpeg\",\"contentUrl\":\"https:\/\/theplayoffs.news\/fr\/wp-content\/uploads\/2023\/02\/Fp9VVQEWAAADmer.jpeg\",\"width\":1200,\"height\":1500,\"caption\":\"mousquetaires de paris ELF\"},{\"@type\":\"BreadcrumbList\",\"@id\":\"https:\/\/theplayoffs.news\/fr\/d1\/elf-lequipe-de-paris-change-de-nom\/#breadcrumb\",\"itemListElement\":[{\"@type\":\"ListItem\",\"position\":1,\"name\":\"Accueil\",\"item\":\"https:\/\/theplayoffs.news\/fr\/\"},{\"@type\":\"ListItem\",\"position\":2,\"name\":\"ELF : L&rsquo;\u00e9quipe de Paris change de nom !\"}]},{\"@type\":\"WebSite\",\"@id\":\"https:\/\/theplayoffs.news\/fr\/#website\",\"url\":\"https:\/\/theplayoffs.news\/fr\/\",\"name\":\"The Playoffs FR\",\"description\":\"NBA-NFL-NHL-MLB\",\"potentialAction\":[{\"@type\":\"SearchAction\",\"target\":{\"@type\":\"EntryPoint\",\"urlTemplate\":\"https:\/\/theplayoffs.news\/fr\/?s={search_term_string}\"},\"query-input\":{\"@type\":\"PropertyValueSpecification\",\"valueRequired\":true,\"valueName\":\"search_term_string\"}}],\"inLanguage\":\"fr-FR\"},{\"@type\":\"Person\",\"@id\":\"https:\/\/theplayoffs.news\/fr\/#\/schema\/person\/eee5b69ad5d3c51cabe881c839dbe133\",\"name\":\"Charles Taudin\",\"image\":{\"@type\":\"ImageObject\",\"inLanguage\":\"fr-FR\",\"@id\":\"https:\/\/theplayoffs.news\/fr\/#\/schema\/person\/image\/\",\"url\":\"https:\/\/secure.gravatar.com\/avatar\/59a1e772205ce9fd255edfcafc93013736822e20261f294c5753b20c41ede9f2?s=96&d=mm&r=g\",\"contentUrl\":\"https:\/\/secure.gravatar.com\/avatar\/59a1e772205ce9fd255edfcafc93013736822e20261f294c5753b20c41ede9f2?s=96&d=mm&r=g\",\"caption\":\"Charles Taudin\"},\"description\":\"R\u00e9dacteur en chef global de The Playoffs, j\u2019ai cr\u00e9\u00e9 The Free Agent, devenu The Playoffs FR, en 2020 durant la pand\u00e9mie. Amoureux depuis des ann\u00e9es des 4 sports majeurs am\u00e9ricains, j\u2019organise maintenant la strat\u00e9gie \u00e9ditoriale et les r\u00e9seaux sociaux de l\u2019ensemble des versions de The Playoffs. Il m\u2019arrive encore d\u2019\u00e9crire sur certains sports que j\u2019affectionne particuli\u00e8rement comme la NFL ou la MLB. Si vous devez retenir qu\u2019une chose : Eli Manning est le vrai GOAT pour avoir battu deux fois Tom Brady.\",\"sameAs\":[\"https:\/\/www.instagram.com\/ctaudin_\/\"],\"url\":\"https:\/\/theplayoffs.news\/fr\/author\/charles-taudin\/\"}]}<\/script>\n<!-- \/ Yoast SEO plugin. -->","yoast_head_json":{"title":"ELF : L&#039;&eacute;quipe de Paris change de nom ! - The Playoffs FR","robots":{"index":"index","follow":"follow","max-snippet":"max-snippet:-1","max-image-preview":"max-image-preview:large","max-video-preview":"max-video-preview:-1"},"canonical":"https:\/\/theplayoffs.news\/fr\/d1\/elf-lequipe-de-paris-change-de-nom\/","og_locale":"fr_FR","og_type":"article","og_title":"ELF : L&#039;&eacute;quipe de Paris change de nom ! - The Playoffs FR","og_url":"https:\/\/theplayoffs.news\/fr\/d1\/elf-lequipe-de-paris-change-de-nom\/","og_site_name":"The Playoffs FR","article_publisher":"https:\/\/www.facebook.com\/TheFreeAgentFR\/","article_modified_time":"2023-05-23T07:35:45+00:00","og_image":[{"width":1200,"height":1500,"url":"https:\/\/theplayoffs.news\/fr\/wp-content\/uploads\/2023\/02\/Fp9VVQEWAAADmer.jpeg","type":"image\/jpeg"}],"author":"Charles Taudin","twitter_card":"summary_large_image","twitter_creator":"@TheFreeAgentFR","twitter_site":"@TheFreeAgentFR","twitter_misc":{"\u00c9crit par":"Charles Taudin","Dur\u00e9e de lecture estim\u00e9e":"1 minute"},"schema":{"@context":"https:\/\/schema.org","@graph":[{"@type":"WebPage","@id":"https:\/\/theplayoffs.news\/fr\/d1\/elf-lequipe-de-paris-change-de-nom\/","url":"https:\/\/theplayoffs.news\/fr\/d1\/elf-lequipe-de-paris-change-de-nom\/","name":"ELF : L\\'\u00e9quipe de Paris change de nom ! - The Playoffs FR","isPartOf":{"@id":"https:\/\/theplayoffs.news\/fr\/#website"},"primaryImageOfPage":{"@id":"https:\/\/theplayoffs.news\/fr\/d1\/elf-lequipe-de-paris-change-de-nom\/#primaryimage"},"image":{"@id":"https:\/\/theplayoffs.news\/fr\/d1\/elf-lequipe-de-paris-change-de-nom\/#primaryimage"},"thumbnailUrl":"https:\/\/theplayoffs.news\/fr\/wp-content\/uploads\/2023\/02\/Fp9VVQEWAAADmer.jpeg","datePublished":"2023-02-27T08:12:41+00:00","dateModified":"2023-05-23T07:35:45+00:00","author":{"@id":"https:\/\/theplayoffs.news\/fr\/#\/schema\/person\/eee5b69ad5d3c51cabe881c839dbe133"},"breadcrumb":{"@id":"https:\/\/theplayoffs.news\/fr\/d1\/elf-lequipe-de-paris-change-de-nom\/#breadcrumb"},"inLanguage":"fr-FR","potentialAction":[{"@type":"ReadAction","target":["https:\/\/theplayoffs.news\/fr\/d1\/elf-lequipe-de-paris-change-de-nom\/"]}]},{"@type":"ImageObject","inLanguage":"fr-FR","@id":"https:\/\/theplayoffs.news\/fr\/d1\/elf-lequipe-de-paris-change-de-nom\/#primaryimage","url":"https:\/\/theplayoffs.news\/fr\/wp-content\/uploads\/2023\/02\/Fp9VVQEWAAADmer.jpeg","contentUrl":"https:\/\/theplayoffs.news\/fr\/wp-content\/uploads\/2023\/02\/Fp9VVQEWAAADmer.jpeg","width":1200,"height":1500,"caption":"mousquetaires de paris ELF"},{"@type":"BreadcrumbList","@id":"https:\/\/theplayoffs.news\/fr\/d1\/elf-lequipe-de-paris-change-de-nom\/#breadcrumb","itemListElement":[{"@type":"ListItem","position":1,"name":"Accueil","item":"https:\/\/theplayoffs.news\/fr\/"},{"@type":"ListItem","position":2,"name":"ELF : L&rsquo;\u00e9quipe de Paris change de nom !"}]},{"@type":"WebSite","@id":"https:\/\/theplayoffs.news\/fr\/#website","url":"https:\/\/theplayoffs.news\/fr\/","name":"The Playoffs FR","description":"NBA-NFL-NHL-MLB","potentialAction":[{"@type":"SearchAction","target":{"@type":"EntryPoint","urlTemplate":"https:\/\/theplayoffs.news\/fr\/?s={search_term_string}"},"query-input":{"@type":"PropertyValueSpecification","valueRequired":true,"valueName":"search_term_string"}}],"inLanguage":"fr-FR"},{"@type":"Person","@id":"https:\/\/theplayoffs.news\/fr\/#\/schema\/person\/eee5b69ad5d3c51cabe881c839dbe133","name":"Charles Taudin","image":{"@type":"ImageObject","inLanguage":"fr-FR","@id":"https:\/\/theplayoffs.news\/fr\/#\/schema\/person\/image\/","url":"https:\/\/secure.gravatar.com\/avatar\/59a1e772205ce9fd255edfcafc93013736822e20261f294c5753b20c41ede9f2?s=96&d=mm&r=g","contentUrl":"https:\/\/secure.gravatar.com\/avatar\/59a1e772205ce9fd255edfcafc93013736822e20261f294c5753b20c41ede9f2?s=96&d=mm&r=g","caption":"Charles Taudin"},"description":"R\u00e9dacteur en chef global de The Playoffs, j\u2019ai cr\u00e9\u00e9 The Free Agent, devenu The Playoffs FR, en 2020 durant la pand\u00e9mie. Amoureux depuis des ann\u00e9es des 4 sports majeurs am\u00e9ricains, j\u2019organise maintenant la strat\u00e9gie \u00e9ditoriale et les r\u00e9seaux sociaux de l\u2019ensemble des versions de The Playoffs. Il m\u2019arrive encore d\u2019\u00e9crire sur certains sports que j\u2019affectionne particuli\u00e8rement comme la NFL ou la MLB. Si vous devez retenir qu\u2019une chose : Eli Manning est le vrai GOAT pour avoir battu deux fois Tom Brady.","sameAs":["https:\/\/www.instagram.com\/ctaudin_\/"],"url":"https:\/\/theplayoffs.news\/fr\/author\/charles-taudin\/"}]}},"_links":{"self":[{"href":"https:\/\/theplayoffs.news\/fr\/wp-json\/wp\/v2\/posts\/569929","targetHints":{"allow":["GET"]}}],"collection":[{"href":"https:\/\/theplayoffs.news\/fr\/wp-json\/wp\/v2\/posts"}],"about":[{"href":"https:\/\/theplayoffs.news\/fr\/wp-json\/wp\/v2\/types\/post"}],"author":[{"embeddable":true,"href":"https:\/\/theplayoffs.news\/fr\/wp-json\/wp\/v2\/users\/13"}],"replies":[{"embeddable":true,"href":"https:\/\/theplayoffs.news\/fr\/wp-json\/wp\/v2\/comments?post=569929"}],"version-history":[{"count":3,"href":"https:\/\/theplayoffs.news\/fr\/wp-json\/wp\/v2\/posts\/569929\/revisions"}],"predecessor-version":[{"id":569934,"href":"https:\/\/theplayoffs.news\/fr\/wp-json\/wp\/v2\/posts\/569929\/revisions\/569934"}],"wp:featuredmedia":[{"embeddable":true,"href":"https:\/\/theplayoffs.news\/fr\/wp-json\/wp\/v2\/media\/569931"}],"wp:attachment":[{"href":"https:\/\/theplayoffs.news\/fr\/wp-json\/wp\/v2\/media?parent=569929"}],"wp:term":[{"taxonomy":"category","embeddable":true,"href":"https:\/\/theplayoffs.news\/fr\/wp-json\/wp\/v2\/categories?post=569929"},{"taxonomy":"post_tag","embeddable":true,"href":"https:\/\/theplayoffs.news\/fr\/wp-json\/wp\/v2\/tags?post=569929"},{"taxonomy":"sport","embeddable":true,"href":"https:\/\/theplayoffs.news\/fr\/wp-json\/wp\/v2\/sport?post=569929"},{"taxonomy":"saison","embeddable":true,"href":"https:\/\/theplayoffs.news\/fr\/wp-json\/wp\/v2\/saison?post=569929"}],"curies":[{"name":"wp","href":"https:\/\/api.w.org\/{rel}","templated":true}]}}