{"id":569704,"date":"2023-02-26T18:25:47","date_gmt":"2023-02-26T17:25:47","guid":{"rendered":"https:\/\/theplayoffs.news\/fr\/?p=569704"},"modified":"2023-02-26T18:26:13","modified_gmt":"2023-02-26T17:26:13","slug":"manny-machado-prolonge-11-ans-padres","status":"publish","type":"post","link":"https:\/\/theplayoffs.news\/fr\/actualite-mlb\/manny-machado-prolonge-11-ans-padres\/","title":{"rendered":"Manny Machado prolonge 11 ans avec les Padres"},"content":{"rendered":"<h2><strong>Le joueur all star de 3&egrave;me base Manny Machado signe une extension de 11 ans avec les Padres de San Diego.<\/strong><\/h2><p>Pour ceux qui ne le savent pas, <a href=\"https:\/\/theplayoffs.news\/fr\/joueur\/manny-machado-san-diego-padres-mlb\/\" class=\"trk-cta-link\" data-cta-trk='{\"ctaType\":\"Link\",\"ctaSubType\":\"main\"}'><strong>Manny Machado<\/strong><\/a> est un excellent joueur d&rsquo;&eacute;checs, activit&eacute; qu&rsquo;il a d&eacute;couverte lors de sa p&eacute;riode avec les Orioles de Baltimore.<\/p><p>En l&rsquo;espace d&rsquo;une semaine Manny a d&eacute;montr&eacute; que les m&eacute;thodes apprises dans le jeu d&rsquo;&eacute;chec &eacute;taient applicables &agrave; la vie de tous les jours, surtout quand il s&rsquo;agit de n&eacute;gociation.<\/p><p>Auteur d&rsquo;une sortie m&eacute;diatique pour le moins &eacute;tonnante la semaine derni&egrave;re &agrave; l&rsquo;aube des matchs d&rsquo;entra&icirc;nements de printemps, Manny avait surpris l&rsquo;univers du Baseball en d&eacute;clarant qu&rsquo;il comptait activer l&rsquo;option de sortie de son contrat de 300 millions sur 10 ans avec les Padres, apr&egrave;s seulement 5 ann&eacute;es &eacute;coul&eacute;es. Au passage, le joueur qui a termin&eacute; 2&egrave;me au classement du MVP de la ligue nationale la saison derni&egrave;re ne manquait pas de rappeler que les prix du march&eacute; avaient chang&eacute;s depuis la signature initiale de son contrat.<\/p><blockquote class=\"twitter-tweet\" data-width=\"500\" data-dnt=\"true\">\n<p lang=\"en\" dir=\"ltr\"><a href=\"https:\/\/twitter.com\/hashtag\/Padres?src=hash&amp;ref_src=twsrc%5Etfw\" class=\"trk-cta-link\" data-cta-trk='{\"ctaType\":\"Link\",\"ctaSubType\":\"main\"}'>#Padres<\/a> 3B Manny Machado WILL opt out of his contract after the 2023 season to become a free-agent, unless a long-term deal is agreed to before then.<\/p>\n<p>(via <a href=\"https:\/\/twitter.com\/973TheFanSD?ref_src=twsrc%5Etfw\" class=\"trk-cta-link\" data-cta-trk='{\"ctaType\":\"Link\",\"ctaSubType\":\"main\"}'>@973TheFanSD<\/a>) <a href=\"https:\/\/t.co\/Go6IquLekY\" class=\"trk-cta-link\" data-cta-trk='{\"ctaType\":\"Link\",\"ctaSubType\":\"main\"}'>pic.twitter.com\/Go6IquLekY<\/a><\/p>\n<p>&mdash; MLB Deadline News (@MLBDeadlineNews) <a href=\"https:\/\/twitter.com\/MLBDeadlineNews\/status\/1626628668641378324?ref_src=twsrc%5Etfw\" class=\"trk-cta-link\" data-cta-trk='{\"ctaType\":\"Link\",\"ctaSubType\":\"main\"}'>February 17, 2023<\/a><\/p><\/blockquote><p><script async src=\"https:\/\/platform.twitter.com\/widgets.js\" charset=\"utf-8\"><\/script><\/p><p>&nbsp;<\/p><p>Suffisant pour faire r&eacute;agir le propri&eacute;taire de la franchise de San Diego Peter Seidler, qui a d&eacute;clar&eacute; dans la foul&eacute;e &ldquo; Manny est ma top priorit&eacute;&rdquo; !<\/p><p>Chose dite, chose faite ! Moins d&rsquo;une semaine apr&egrave;s ces annonces <a href=\"https:\/\/twitter.com\/JeffPassan\/status\/1629860613697732613?ref_src=twsrc%5Etfw%7Ctwcamp%5Etweetembed%7Ctwterm%5E1629860613697732613%7Ctwgr%5E662debfe2b38034525a25fe3db0d20f5670c667d%7Ctwcon%5Es1_c10&amp;ref_url=https%3A%2F%2Fthefreeagent.fr%2Fwp-admin%2Fpost-new.php\" class=\"trk-cta-link\" data-cta-trk='{\"ctaType\":\"Link\",\"ctaSubType\":\"main\"}'>Jeff Passan d&rsquo;ESPN<\/a>, vient d&rsquo;annoncer que Manny Machado et les Padres s&rsquo;&eacute;taient mis d&rsquo;accord sur une nouvelle extension de 10 ans pour 350 millions de dollars. Ce contrat est le quatri&egrave;me plus gros contrat garantie de l&rsquo;histoire de la MLB derri&egrave;re ceux d&rsquo;Aaron Judge, Mike Trout et Mookie Betts.<\/p><p>&nbsp;<\/p><blockquote class=\"twitter-tweet\" data-width=\"500\" data-dnt=\"true\">\n<p lang=\"en\" dir=\"ltr\">BREAKING: Star third baseman Manny Machado and the San Diego Padres are finalizing an 11-year, $350 million contract extension, sources familiar with the deal tell ESPN. Machado helped turn around the franchise. He'll stay as the ascendant Padres seek their first championship.<\/p>\n<p>&mdash; Jeff Passan (@JeffPassan) <a href=\"https:\/\/twitter.com\/JeffPassan\/status\/1629860613697732613?ref_src=twsrc%5Etfw\" class=\"trk-cta-link\" data-cta-trk='{\"ctaType\":\"Link\",\"ctaSubType\":\"main\"}'>February 26, 2023<\/a><\/p><\/blockquote><p><script async src=\"https:\/\/platform.twitter.com\/widgets.js\" charset=\"utf-8\"><\/script><\/p><p>&nbsp;<\/p><p>Le joueur All Star de 30 ans sort la meilleure saison de sa carri&egrave;re avec des statistiques de .298\/.366\/.531, avec 32 coups de circuits et 102 points marqu&eacute;s. Machado aura aussi men&eacute; les Padres jusqu&rsquo;aux NLCS face aux Phillies de Philadelphie, qui finiront par s&rsquo;imposer gr&acirc;ce au coup de circuit l&eacute;gendaire de Bryce Harper lors du cinqui&egrave;me match.<\/p><p>Le coup d&rsquo;&eacute;chec de Manny Machado a fonctionn&eacute; &agrave; merveille en poussant les Padres &agrave; ajouter pr&egrave;s de 50 millions de dollars &agrave; leur offre et en rallongeant la dur&eacute;e de son contrat.<\/p><p>Juan Soto qui sera &eacute;ligible &agrave; une extension avec les Padres &agrave; l&rsquo;issue de la saison 2024, devrait prendre des cours d&rsquo;&eacute;checs aupr&egrave;s de Machado !<\/p>\n","protected":false},"excerpt":{"rendered":"","protected":false},"author":180310147,"featured_media":342674,"comment_status":"open","ping_status":"closed","sticky":false,"template":"","format":"standard","meta":{"inline_featured_image":false,"kia_subtitle":"","_mux_skip_reasons":[],"proofreadBy":0,"footnotes":""},"categories":[188,9],"tags":[1274,465],"sport":[],"saison":[],"class_list":["post-569704","post","type-post","status-publish","format-standard","has-post-thumbnail","hentry","category-actualite-mlb","category-mlb","tag-manny-machado","tag-san-diego-padres"],"acf":[],"yoast_head":"<!-- This site is optimized with the Yoast SEO plugin v24.2 - https:\/\/yoast.com\/wordpress\/plugins\/seo\/ -->\n<title>Manny Machado prolonge 11 ans avec les Padres - The Playoffs FR<\/title>\n<meta name=\"robots\" content=\"index, follow, max-snippet:-1, max-image-preview:large, max-video-preview:-1\" \/>\n<link rel=\"canonical\" href=\"https:\/\/theplayoffs.news\/fr\/actualite-mlb\/manny-machado-prolonge-11-ans-padres\/\" \/>\n<meta property=\"og:locale\" content=\"fr_FR\" \/>\n<meta property=\"og:type\" content=\"article\" \/>\n<meta property=\"og:title\" content=\"Manny Machado prolonge 11 ans avec les Padres - The Playoffs FR\" \/>\n<meta property=\"og:url\" content=\"https:\/\/theplayoffs.news\/fr\/actualite-mlb\/manny-machado-prolonge-11-ans-padres\/\" \/>\n<meta property=\"og:site_name\" content=\"The Playoffs FR\" \/>\n<meta property=\"article:publisher\" content=\"https:\/\/www.facebook.com\/TheFreeAgentFR\/\" \/>\n<meta property=\"article:modified_time\" content=\"2023-02-26T18:26:13+01:00\" \/>\n<meta property=\"og:image\" content=\"https:\/\/theplayoffs.news\/fr\/wp-content\/uploads\/2022\/06\/FVWMrAdUAAEO8tO.jpeg\" \/>\n\t<meta property=\"og:image:width\" content=\"1920\" \/>\n\t<meta property=\"og:image:height\" content=\"1280\" \/>\n\t<meta property=\"og:image:type\" content=\"image\/jpeg\" \/>\n<meta name=\"author\" content=\"C\u00e9dric Philippe\" \/>\n<meta name=\"twitter:card\" content=\"summary_large_image\" \/>\n<meta name=\"twitter:creator\" content=\"@TheFreeAgentFR\" \/>\n<meta name=\"twitter:site\" content=\"@TheFreeAgentFR\" \/>\n<meta name=\"twitter:label1\" content=\"\u00c9crit par\" \/>\n\t<meta name=\"twitter:data1\" content=\"C\u00e9dric Philippe\" \/>\n\t<meta name=\"twitter:label2\" content=\"Dur\u00e9e de lecture estim\u00e9e\" \/>\n\t<meta name=\"twitter:data2\" content=\"2 minutes\" \/>\n<script type=\"application\/ld+json\" class=\"yoast-schema-graph\">{\"@context\":\"https:\/\/schema.org\",\"@graph\":[{\"@type\":\"WebPage\",\"@id\":\"https:\/\/theplayoffs.news\/fr\/actualite-mlb\/manny-machado-prolonge-11-ans-padres\/\",\"url\":\"https:\/\/theplayoffs.news\/fr\/actualite-mlb\/manny-machado-prolonge-11-ans-padres\/\",\"name\":\"Manny Machado prolonge 11 ans avec les Padres - The Playoffs FR\",\"isPartOf\":{\"@id\":\"https:\/\/theplayoffs.news\/fr\/#website\"},\"primaryImageOfPage\":{\"@id\":\"https:\/\/theplayoffs.news\/fr\/actualite-mlb\/manny-machado-prolonge-11-ans-padres\/#primaryimage\"},\"image\":{\"@id\":\"https:\/\/theplayoffs.news\/fr\/actualite-mlb\/manny-machado-prolonge-11-ans-padres\/#primaryimage\"},\"thumbnailUrl\":\"https:\/\/theplayoffs.news\/fr\/wp-content\/uploads\/2022\/06\/FVWMrAdUAAEO8tO.jpeg\",\"datePublished\":\"2023-02-26T17:25:47+00:00\",\"dateModified\":\"2023-02-26T17:26:13+00:00\",\"author\":{\"@id\":\"https:\/\/theplayoffs.news\/fr\/#\/schema\/person\/56b5804ce14e7430240ba59aaad166c6\"},\"breadcrumb\":{\"@id\":\"https:\/\/theplayoffs.news\/fr\/actualite-mlb\/manny-machado-prolonge-11-ans-padres\/#breadcrumb\"},\"inLanguage\":\"fr-FR\",\"potentialAction\":[{\"@type\":\"ReadAction\",\"target\":[\"https:\/\/theplayoffs.news\/fr\/actualite-mlb\/manny-machado-prolonge-11-ans-padres\/\"]}]},{\"@type\":\"ImageObject\",\"inLanguage\":\"fr-FR\",\"@id\":\"https:\/\/theplayoffs.news\/fr\/actualite-mlb\/manny-machado-prolonge-11-ans-padres\/#primaryimage\",\"url\":\"https:\/\/theplayoffs.news\/fr\/wp-content\/uploads\/2022\/06\/FVWMrAdUAAEO8tO.jpeg\",\"contentUrl\":\"https:\/\/theplayoffs.news\/fr\/wp-content\/uploads\/2022\/06\/FVWMrAdUAAEO8tO.jpeg\",\"width\":1920,\"height\":1280,\"caption\":\"San Diego Padres \/ twitter\"},{\"@type\":\"BreadcrumbList\",\"@id\":\"https:\/\/theplayoffs.news\/fr\/actualite-mlb\/manny-machado-prolonge-11-ans-padres\/#breadcrumb\",\"itemListElement\":[{\"@type\":\"ListItem\",\"position\":1,\"name\":\"Accueil\",\"item\":\"https:\/\/theplayoffs.news\/fr\/\"},{\"@type\":\"ListItem\",\"position\":2,\"name\":\"Manny Machado prolonge 11 ans avec les Padres\"}]},{\"@type\":\"WebSite\",\"@id\":\"https:\/\/theplayoffs.news\/fr\/#website\",\"url\":\"https:\/\/theplayoffs.news\/fr\/\",\"name\":\"The Playoffs FR\",\"description\":\"NBA-NFL-NHL-MLB\",\"potentialAction\":[{\"@type\":\"SearchAction\",\"target\":{\"@type\":\"EntryPoint\",\"urlTemplate\":\"https:\/\/theplayoffs.news\/fr\/?s={search_term_string}\"},\"query-input\":{\"@type\":\"PropertyValueSpecification\",\"valueRequired\":true,\"valueName\":\"search_term_string\"}}],\"inLanguage\":\"fr-FR\"},{\"@type\":\"Person\",\"@id\":\"https:\/\/theplayoffs.news\/fr\/#\/schema\/person\/56b5804ce14e7430240ba59aaad166c6\",\"name\":\"C\u00e9dric Philippe\",\"image\":{\"@type\":\"ImageObject\",\"inLanguage\":\"fr-FR\",\"@id\":\"https:\/\/theplayoffs.news\/fr\/#\/schema\/person\/image\/\",\"url\":\"https:\/\/secure.gravatar.com\/avatar\/63b48b6160b1ff79c0dd4dab351079df16111f1b0adeaf106e7df77915e5664a?s=96&d=mm&r=g\",\"contentUrl\":\"https:\/\/secure.gravatar.com\/avatar\/63b48b6160b1ff79c0dd4dab351079df16111f1b0adeaf106e7df77915e5664a?s=96&d=mm&r=g\",\"caption\":\"C\u00e9dric Philippe\"},\"url\":\"https:\/\/theplayoffs.news\/fr\/author\/cedricphilippe23gmail-com\/\"}]}<\/script>\n<!-- \/ Yoast SEO plugin. -->","yoast_head_json":{"title":"Manny Machado prolonge 11 ans avec les Padres - The Playoffs FR","robots":{"index":"index","follow":"follow","max-snippet":"max-snippet:-1","max-image-preview":"max-image-preview:large","max-video-preview":"max-video-preview:-1"},"canonical":"https:\/\/theplayoffs.news\/fr\/actualite-mlb\/manny-machado-prolonge-11-ans-padres\/","og_locale":"fr_FR","og_type":"article","og_title":"Manny Machado prolonge 11 ans avec les Padres - The Playoffs FR","og_url":"https:\/\/theplayoffs.news\/fr\/actualite-mlb\/manny-machado-prolonge-11-ans-padres\/","og_site_name":"The Playoffs FR","article_publisher":"https:\/\/www.facebook.com\/TheFreeAgentFR\/","article_modified_time":"2023-02-26T17:26:13+00:00","og_image":[{"width":1920,"height":1280,"url":"https:\/\/theplayoffs.news\/fr\/wp-content\/uploads\/2022\/06\/FVWMrAdUAAEO8tO.jpeg","type":"image\/jpeg"}],"author":"C\u00e9dric Philippe","twitter_card":"summary_large_image","twitter_creator":"@TheFreeAgentFR","twitter_site":"@TheFreeAgentFR","twitter_misc":{"\u00c9crit par":"C\u00e9dric Philippe","Dur\u00e9e de lecture estim\u00e9e":"2 minutes"},"schema":{"@context":"https:\/\/schema.org","@graph":[{"@type":"WebPage","@id":"https:\/\/theplayoffs.news\/fr\/actualite-mlb\/manny-machado-prolonge-11-ans-padres\/","url":"https:\/\/theplayoffs.news\/fr\/actualite-mlb\/manny-machado-prolonge-11-ans-padres\/","name":"Manny Machado prolonge 11 ans avec les Padres - The Playoffs FR","isPartOf":{"@id":"https:\/\/theplayoffs.news\/fr\/#website"},"primaryImageOfPage":{"@id":"https:\/\/theplayoffs.news\/fr\/actualite-mlb\/manny-machado-prolonge-11-ans-padres\/#primaryimage"},"image":{"@id":"https:\/\/theplayoffs.news\/fr\/actualite-mlb\/manny-machado-prolonge-11-ans-padres\/#primaryimage"},"thumbnailUrl":"https:\/\/theplayoffs.news\/fr\/wp-content\/uploads\/2022\/06\/FVWMrAdUAAEO8tO.jpeg","datePublished":"2023-02-26T17:25:47+00:00","dateModified":"2023-02-26T17:26:13+00:00","author":{"@id":"https:\/\/theplayoffs.news\/fr\/#\/schema\/person\/56b5804ce14e7430240ba59aaad166c6"},"breadcrumb":{"@id":"https:\/\/theplayoffs.news\/fr\/actualite-mlb\/manny-machado-prolonge-11-ans-padres\/#breadcrumb"},"inLanguage":"fr-FR","potentialAction":[{"@type":"ReadAction","target":["https:\/\/theplayoffs.news\/fr\/actualite-mlb\/manny-machado-prolonge-11-ans-padres\/"]}]},{"@type":"ImageObject","inLanguage":"fr-FR","@id":"https:\/\/theplayoffs.news\/fr\/actualite-mlb\/manny-machado-prolonge-11-ans-padres\/#primaryimage","url":"https:\/\/theplayoffs.news\/fr\/wp-content\/uploads\/2022\/06\/FVWMrAdUAAEO8tO.jpeg","contentUrl":"https:\/\/theplayoffs.news\/fr\/wp-content\/uploads\/2022\/06\/FVWMrAdUAAEO8tO.jpeg","width":1920,"height":1280,"caption":"San Diego Padres \/ twitter"},{"@type":"BreadcrumbList","@id":"https:\/\/theplayoffs.news\/fr\/actualite-mlb\/manny-machado-prolonge-11-ans-padres\/#breadcrumb","itemListElement":[{"@type":"ListItem","position":1,"name":"Accueil","item":"https:\/\/theplayoffs.news\/fr\/"},{"@type":"ListItem","position":2,"name":"Manny Machado prolonge 11 ans avec les Padres"}]},{"@type":"WebSite","@id":"https:\/\/theplayoffs.news\/fr\/#website","url":"https:\/\/theplayoffs.news\/fr\/","name":"The Playoffs FR","description":"NBA-NFL-NHL-MLB","potentialAction":[{"@type":"SearchAction","target":{"@type":"EntryPoint","urlTemplate":"https:\/\/theplayoffs.news\/fr\/?s={search_term_string}"},"query-input":{"@type":"PropertyValueSpecification","valueRequired":true,"valueName":"search_term_string"}}],"inLanguage":"fr-FR"},{"@type":"Person","@id":"https:\/\/theplayoffs.news\/fr\/#\/schema\/person\/56b5804ce14e7430240ba59aaad166c6","name":"C\u00e9dric Philippe","image":{"@type":"ImageObject","inLanguage":"fr-FR","@id":"https:\/\/theplayoffs.news\/fr\/#\/schema\/person\/image\/","url":"https:\/\/secure.gravatar.com\/avatar\/63b48b6160b1ff79c0dd4dab351079df16111f1b0adeaf106e7df77915e5664a?s=96&d=mm&r=g","contentUrl":"https:\/\/secure.gravatar.com\/avatar\/63b48b6160b1ff79c0dd4dab351079df16111f1b0adeaf106e7df77915e5664a?s=96&d=mm&r=g","caption":"C\u00e9dric Philippe"},"url":"https:\/\/theplayoffs.news\/fr\/author\/cedricphilippe23gmail-com\/"}]}},"_links":{"self":[{"href":"https:\/\/theplayoffs.news\/fr\/wp-json\/wp\/v2\/posts\/569704","targetHints":{"allow":["GET"]}}],"collection":[{"href":"https:\/\/theplayoffs.news\/fr\/wp-json\/wp\/v2\/posts"}],"about":[{"href":"https:\/\/theplayoffs.news\/fr\/wp-json\/wp\/v2\/types\/post"}],"author":[{"embeddable":true,"href":"https:\/\/theplayoffs.news\/fr\/wp-json\/wp\/v2\/users\/180310147"}],"replies":[{"embeddable":true,"href":"https:\/\/theplayoffs.news\/fr\/wp-json\/wp\/v2\/comments?post=569704"}],"version-history":[{"count":3,"href":"https:\/\/theplayoffs.news\/fr\/wp-json\/wp\/v2\/posts\/569704\/revisions"}],"predecessor-version":[{"id":569709,"href":"https:\/\/theplayoffs.news\/fr\/wp-json\/wp\/v2\/posts\/569704\/revisions\/569709"}],"wp:featuredmedia":[{"embeddable":true,"href":"https:\/\/theplayoffs.news\/fr\/wp-json\/wp\/v2\/media\/342674"}],"wp:attachment":[{"href":"https:\/\/theplayoffs.news\/fr\/wp-json\/wp\/v2\/media?parent=569704"}],"wp:term":[{"taxonomy":"category","embeddable":true,"href":"https:\/\/theplayoffs.news\/fr\/wp-json\/wp\/v2\/categories?post=569704"},{"taxonomy":"post_tag","embeddable":true,"href":"https:\/\/theplayoffs.news\/fr\/wp-json\/wp\/v2\/tags?post=569704"},{"taxonomy":"sport","embeddable":true,"href":"https:\/\/theplayoffs.news\/fr\/wp-json\/wp\/v2\/sport?post=569704"},{"taxonomy":"saison","embeddable":true,"href":"https:\/\/theplayoffs.news\/fr\/wp-json\/wp\/v2\/saison?post=569704"}],"curies":[{"name":"wp","href":"https:\/\/api.w.org\/{rel}","templated":true}]}}