{"id":569440,"date":"2023-02-25T16:32:46","date_gmt":"2023-02-25T15:32:46","guid":{"rendered":"https:\/\/theplayoffs.news\/fr\/?p=569440"},"modified":"2023-02-25T16:36:05","modified_gmt":"2023-02-25T15:36:05","slug":"manny-machado-padres-engages-discussions","status":"publish","type":"post","link":"https:\/\/theplayoffs.news\/fr\/actualite-mlb\/manny-machado-padres-engages-discussions\/","title":{"rendered":"Manny Machado : les Padres toujours engag\u00e9s dans les discussions"},"content":{"rendered":"<h2><strong>Manny Machado veut tester le march&eacute; &agrave; l&rsquo;issue de la saison 2023 mais les Padres restent d&eacute;termin&eacute;s &agrave; le prolonger.<\/strong><\/h2><p>Selon <a href=\"https:\/\/theathletic.com\/4250357\/2023\/02\/24\/padres-manny-machado-extension\/?source=emp_shared_article\" class=\"trk-cta-link\" data-cta-trk='{\"ctaType\":\"Link\",\"ctaSubType\":\"main\"}'>Dennis Lin<\/a> de The Athletic, les deux parties continuent de discuter d&rsquo;une prolongation de contrat qui verrouillerait Manny Machado pour le reste de sa carri&egrave;re &agrave; San Diego.<\/p><p>Machado avait fix&eacute; au 16 f&eacute;vrier la deadline pour que les Padres lui propose un nouveau contrat.<\/p><blockquote><p>&laquo;&nbsp;Les d&eacute;lais sont des d&eacute;lais&nbsp;&raquo;, a d&eacute;clar&eacute; Machado. &laquo;&nbsp;Mais ils savent o&ugrave; je me situe. L&rsquo;opportunit&eacute; se pr&eacute;sentera si cela arrive. Vous savez, rien n&rsquo;est hors de question. &Eacute;videmment, ils savent ce que San Diego signifie pour moi et ce que je veux &ecirc;tre ici. Au bout du compte, ils savaient exactement o&ugrave; j&rsquo;&eacute;tais lorsque cette date limite a &eacute;t&eacute; fix&eacute;e. Et nous verrons ce qui se passera. Notre objectif principal en ce moment est de jouer au baseball. Nous verrons.&nbsp;&raquo;<\/p><\/blockquote><p>Bien qu&rsquo;il soit arriv&eacute; &agrave; San Diego en 2019, <a href=\"https:\/\/theplayoffs.news\/fr\/joueur\/manny-machado-san-diego-padres-mlb\/\" class=\"trk-cta-link\" data-cta-trk='{\"ctaType\":\"Link\",\"ctaSubType\":\"main\"}'><strong>Manny Machado<\/strong><\/a> a encore six ans et 180 millions de dollars restants sur son contrat initial de 10 ans et 300 millions de dollars avec l&rsquo;organisation. Il poss&egrave;de une option de sortie &agrave; la fin de la saison 2023.<\/p><p>Les Padres lui ont offert une prolongation de cinq ans d&rsquo;une valeur de 105 millions de dollars plus t&ocirc;t cette ann&eacute;e, ce qui aurait port&eacute; sa r&eacute;mun&eacute;ration totale &agrave; 285 millions de dollars sur 11 ans, selon <a href=\"https:\/\/www.sandiegouniontribune.com\/sports\/padres\/story\/2023-02-18\/padres-manny-machado-contract-extension-deadline-opt-out-aj-preller\" class=\"trk-cta-link\" data-cta-trk='{\"ctaType\":\"Link\",\"ctaSubType\":\"main\"}'>Kevin Acee du San Diego Union-Tribune<\/a>.<\/p><p>En 2022, il a gagn&eacute; 30 millions de dollars selon Spotrac.<\/p><p>Apr&egrave;s avoir observ&eacute; les accords lucratifs accord&eacute;s &agrave; d&rsquo;autres joueurs vedettes comme Aaron Judge (360 millions de dollars) et Trea Turner (300 millions de dollars), Manny Machado cherche maintenant un contrat plus lucratif. Il chercherait &agrave; obtenir un contrat &agrave; 400 millions de dollars.<\/p><h3><strong>Une production offensive non-n&eacute;gligeable<\/strong><\/h3><p>L&rsquo;an pass&eacute;, il a &eacute;t&eacute; l&rsquo;arme n&deg;1 de San Diego : 32 home runs avec 102 points produits tout en frappant &agrave; .298\/.366\/.538.<\/p><p>Il a &eacute;t&eacute; largement contributeur dans le retour en 2020 des Padres en playoffs apr&egrave;s 14 ans et l&rsquo;an dernier, il a &eacute;t&eacute; une pi&egrave;ce centrale dans le parcours jusqu&rsquo;en NLCS, une premi&egrave;re depuis 1998.<\/p><p>Les Padres font figure d&rsquo;&eacute;pouvantail cette saison avec le retour notamment de Fernando Tatis Jr, aux c&ocirc;t&eacute;s de Machado et autre Juan Soto.<\/p>\n","protected":false},"excerpt":{"rendered":"","protected":false},"author":13,"featured_media":569441,"comment_status":"open","ping_status":"closed","sticky":false,"template":"","format":"standard","meta":{"inline_featured_image":false,"kia_subtitle":"","_mux_skip_reasons":[],"proofreadBy":0,"footnotes":""},"categories":[188,9],"tags":[1274,465],"sport":[],"saison":[],"class_list":["post-569440","post","type-post","status-publish","format-standard","has-post-thumbnail","hentry","category-actualite-mlb","category-mlb","tag-manny-machado","tag-san-diego-padres"],"acf":[],"yoast_head":"<!-- This site is optimized with the Yoast SEO plugin v24.2 - https:\/\/yoast.com\/wordpress\/plugins\/seo\/ -->\n<title>Manny Machado : les Padres toujours engag&eacute;s dans les discussions - The Playoffs FR<\/title>\n<meta name=\"robots\" content=\"index, follow, max-snippet:-1, max-image-preview:large, max-video-preview:-1\" \/>\n<link rel=\"canonical\" href=\"https:\/\/theplayoffs.news\/fr\/actualite-mlb\/manny-machado-padres-engages-discussions\/\" \/>\n<meta property=\"og:locale\" content=\"fr_FR\" \/>\n<meta property=\"og:type\" content=\"article\" \/>\n<meta property=\"og:title\" content=\"Manny Machado : les Padres toujours engag&eacute;s dans les discussions - The Playoffs FR\" \/>\n<meta property=\"og:url\" content=\"https:\/\/theplayoffs.news\/fr\/actualite-mlb\/manny-machado-padres-engages-discussions\/\" \/>\n<meta property=\"og:site_name\" content=\"The Playoffs FR\" \/>\n<meta property=\"article:publisher\" content=\"https:\/\/www.facebook.com\/TheFreeAgentFR\/\" \/>\n<meta property=\"article:modified_time\" content=\"2023-02-25T16:36:05+01:00\" \/>\n<meta property=\"og:image\" content=\"https:\/\/theplayoffs.news\/fr\/wp-content\/uploads\/2023\/02\/usa-manny-machado-23.jpg\" \/>\n\t<meta property=\"og:image:width\" content=\"840\" \/>\n\t<meta property=\"og:image:height\" content=\"472\" \/>\n\t<meta property=\"og:image:type\" content=\"image\/jpeg\" \/>\n<meta name=\"author\" content=\"Charles Taudin\" \/>\n<meta name=\"twitter:card\" content=\"summary_large_image\" \/>\n<meta name=\"twitter:creator\" content=\"@TheFreeAgentFR\" \/>\n<meta name=\"twitter:site\" content=\"@TheFreeAgentFR\" \/>\n<meta name=\"twitter:label1\" content=\"\u00c9crit par\" \/>\n\t<meta name=\"twitter:data1\" content=\"Charles Taudin\" \/>\n\t<meta name=\"twitter:label2\" content=\"Dur\u00e9e de lecture estim\u00e9e\" \/>\n\t<meta name=\"twitter:data2\" content=\"2 minutes\" \/>\n<script type=\"application\/ld+json\" class=\"yoast-schema-graph\">{\"@context\":\"https:\/\/schema.org\",\"@graph\":[{\"@type\":\"WebPage\",\"@id\":\"https:\/\/theplayoffs.news\/fr\/actualite-mlb\/manny-machado-padres-engages-discussions\/\",\"url\":\"https:\/\/theplayoffs.news\/fr\/actualite-mlb\/manny-machado-padres-engages-discussions\/\",\"name\":\"Manny Machado : les Padres toujours engag\u00e9s dans les discussions - The Playoffs FR\",\"isPartOf\":{\"@id\":\"https:\/\/theplayoffs.news\/fr\/#website\"},\"primaryImageOfPage\":{\"@id\":\"https:\/\/theplayoffs.news\/fr\/actualite-mlb\/manny-machado-padres-engages-discussions\/#primaryimage\"},\"image\":{\"@id\":\"https:\/\/theplayoffs.news\/fr\/actualite-mlb\/manny-machado-padres-engages-discussions\/#primaryimage\"},\"thumbnailUrl\":\"https:\/\/theplayoffs.news\/fr\/wp-content\/uploads\/2023\/02\/usa-manny-machado-23.jpg\",\"datePublished\":\"2023-02-25T15:32:46+00:00\",\"dateModified\":\"2023-02-25T15:36:05+00:00\",\"author\":{\"@id\":\"https:\/\/theplayoffs.news\/fr\/#\/schema\/person\/eee5b69ad5d3c51cabe881c839dbe133\"},\"breadcrumb\":{\"@id\":\"https:\/\/theplayoffs.news\/fr\/actualite-mlb\/manny-machado-padres-engages-discussions\/#breadcrumb\"},\"inLanguage\":\"fr-FR\",\"potentialAction\":[{\"@type\":\"ReadAction\",\"target\":[\"https:\/\/theplayoffs.news\/fr\/actualite-mlb\/manny-machado-padres-engages-discussions\/\"]}]},{\"@type\":\"ImageObject\",\"inLanguage\":\"fr-FR\",\"@id\":\"https:\/\/theplayoffs.news\/fr\/actualite-mlb\/manny-machado-padres-engages-discussions\/#primaryimage\",\"url\":\"https:\/\/theplayoffs.news\/fr\/wp-content\/uploads\/2023\/02\/usa-manny-machado-23.jpg\",\"contentUrl\":\"https:\/\/theplayoffs.news\/fr\/wp-content\/uploads\/2023\/02\/usa-manny-machado-23.jpg\",\"width\":840,\"height\":472,\"caption\":\"Manny Machado\"},{\"@type\":\"BreadcrumbList\",\"@id\":\"https:\/\/theplayoffs.news\/fr\/actualite-mlb\/manny-machado-padres-engages-discussions\/#breadcrumb\",\"itemListElement\":[{\"@type\":\"ListItem\",\"position\":1,\"name\":\"Accueil\",\"item\":\"https:\/\/theplayoffs.news\/fr\/\"},{\"@type\":\"ListItem\",\"position\":2,\"name\":\"Manny Machado : les Padres toujours engag\u00e9s dans les discussions\"}]},{\"@type\":\"WebSite\",\"@id\":\"https:\/\/theplayoffs.news\/fr\/#website\",\"url\":\"https:\/\/theplayoffs.news\/fr\/\",\"name\":\"The Playoffs FR\",\"description\":\"NBA-NFL-NHL-MLB\",\"potentialAction\":[{\"@type\":\"SearchAction\",\"target\":{\"@type\":\"EntryPoint\",\"urlTemplate\":\"https:\/\/theplayoffs.news\/fr\/?s={search_term_string}\"},\"query-input\":{\"@type\":\"PropertyValueSpecification\",\"valueRequired\":true,\"valueName\":\"search_term_string\"}}],\"inLanguage\":\"fr-FR\"},{\"@type\":\"Person\",\"@id\":\"https:\/\/theplayoffs.news\/fr\/#\/schema\/person\/eee5b69ad5d3c51cabe881c839dbe133\",\"name\":\"Charles Taudin\",\"image\":{\"@type\":\"ImageObject\",\"inLanguage\":\"fr-FR\",\"@id\":\"https:\/\/theplayoffs.news\/fr\/#\/schema\/person\/image\/\",\"url\":\"https:\/\/secure.gravatar.com\/avatar\/59a1e772205ce9fd255edfcafc93013736822e20261f294c5753b20c41ede9f2?s=96&d=mm&r=g\",\"contentUrl\":\"https:\/\/secure.gravatar.com\/avatar\/59a1e772205ce9fd255edfcafc93013736822e20261f294c5753b20c41ede9f2?s=96&d=mm&r=g\",\"caption\":\"Charles Taudin\"},\"description\":\"R\u00e9dacteur en chef global de The Playoffs, j\u2019ai cr\u00e9\u00e9 The Free Agent, devenu The Playoffs FR, en 2020 durant la pand\u00e9mie. Amoureux depuis des ann\u00e9es des 4 sports majeurs am\u00e9ricains, j\u2019organise maintenant la strat\u00e9gie \u00e9ditoriale et les r\u00e9seaux sociaux de l\u2019ensemble des versions de The Playoffs. Il m\u2019arrive encore d\u2019\u00e9crire sur certains sports que j\u2019affectionne particuli\u00e8rement comme la NFL ou la MLB. Si vous devez retenir qu\u2019une chose : Eli Manning est le vrai GOAT pour avoir battu deux fois Tom Brady.\",\"sameAs\":[\"https:\/\/www.instagram.com\/ctaudin_\/\"],\"url\":\"https:\/\/theplayoffs.news\/fr\/author\/charles-taudin\/\"}]}<\/script>\n<!-- \/ Yoast SEO plugin. -->","yoast_head_json":{"title":"Manny Machado : les Padres toujours engag&eacute;s dans les discussions - The Playoffs FR","robots":{"index":"index","follow":"follow","max-snippet":"max-snippet:-1","max-image-preview":"max-image-preview:large","max-video-preview":"max-video-preview:-1"},"canonical":"https:\/\/theplayoffs.news\/fr\/actualite-mlb\/manny-machado-padres-engages-discussions\/","og_locale":"fr_FR","og_type":"article","og_title":"Manny Machado : les Padres toujours engag&eacute;s dans les discussions - The Playoffs FR","og_url":"https:\/\/theplayoffs.news\/fr\/actualite-mlb\/manny-machado-padres-engages-discussions\/","og_site_name":"The Playoffs FR","article_publisher":"https:\/\/www.facebook.com\/TheFreeAgentFR\/","article_modified_time":"2023-02-25T15:36:05+00:00","og_image":[{"width":840,"height":472,"url":"https:\/\/theplayoffs.news\/fr\/wp-content\/uploads\/2023\/02\/usa-manny-machado-23.jpg","type":"image\/jpeg"}],"author":"Charles Taudin","twitter_card":"summary_large_image","twitter_creator":"@TheFreeAgentFR","twitter_site":"@TheFreeAgentFR","twitter_misc":{"\u00c9crit par":"Charles Taudin","Dur\u00e9e de lecture estim\u00e9e":"2 minutes"},"schema":{"@context":"https:\/\/schema.org","@graph":[{"@type":"WebPage","@id":"https:\/\/theplayoffs.news\/fr\/actualite-mlb\/manny-machado-padres-engages-discussions\/","url":"https:\/\/theplayoffs.news\/fr\/actualite-mlb\/manny-machado-padres-engages-discussions\/","name":"Manny Machado : les Padres toujours engag\u00e9s dans les discussions - The Playoffs FR","isPartOf":{"@id":"https:\/\/theplayoffs.news\/fr\/#website"},"primaryImageOfPage":{"@id":"https:\/\/theplayoffs.news\/fr\/actualite-mlb\/manny-machado-padres-engages-discussions\/#primaryimage"},"image":{"@id":"https:\/\/theplayoffs.news\/fr\/actualite-mlb\/manny-machado-padres-engages-discussions\/#primaryimage"},"thumbnailUrl":"https:\/\/theplayoffs.news\/fr\/wp-content\/uploads\/2023\/02\/usa-manny-machado-23.jpg","datePublished":"2023-02-25T15:32:46+00:00","dateModified":"2023-02-25T15:36:05+00:00","author":{"@id":"https:\/\/theplayoffs.news\/fr\/#\/schema\/person\/eee5b69ad5d3c51cabe881c839dbe133"},"breadcrumb":{"@id":"https:\/\/theplayoffs.news\/fr\/actualite-mlb\/manny-machado-padres-engages-discussions\/#breadcrumb"},"inLanguage":"fr-FR","potentialAction":[{"@type":"ReadAction","target":["https:\/\/theplayoffs.news\/fr\/actualite-mlb\/manny-machado-padres-engages-discussions\/"]}]},{"@type":"ImageObject","inLanguage":"fr-FR","@id":"https:\/\/theplayoffs.news\/fr\/actualite-mlb\/manny-machado-padres-engages-discussions\/#primaryimage","url":"https:\/\/theplayoffs.news\/fr\/wp-content\/uploads\/2023\/02\/usa-manny-machado-23.jpg","contentUrl":"https:\/\/theplayoffs.news\/fr\/wp-content\/uploads\/2023\/02\/usa-manny-machado-23.jpg","width":840,"height":472,"caption":"Manny Machado"},{"@type":"BreadcrumbList","@id":"https:\/\/theplayoffs.news\/fr\/actualite-mlb\/manny-machado-padres-engages-discussions\/#breadcrumb","itemListElement":[{"@type":"ListItem","position":1,"name":"Accueil","item":"https:\/\/theplayoffs.news\/fr\/"},{"@type":"ListItem","position":2,"name":"Manny Machado : les Padres toujours engag\u00e9s dans les discussions"}]},{"@type":"WebSite","@id":"https:\/\/theplayoffs.news\/fr\/#website","url":"https:\/\/theplayoffs.news\/fr\/","name":"The Playoffs FR","description":"NBA-NFL-NHL-MLB","potentialAction":[{"@type":"SearchAction","target":{"@type":"EntryPoint","urlTemplate":"https:\/\/theplayoffs.news\/fr\/?s={search_term_string}"},"query-input":{"@type":"PropertyValueSpecification","valueRequired":true,"valueName":"search_term_string"}}],"inLanguage":"fr-FR"},{"@type":"Person","@id":"https:\/\/theplayoffs.news\/fr\/#\/schema\/person\/eee5b69ad5d3c51cabe881c839dbe133","name":"Charles Taudin","image":{"@type":"ImageObject","inLanguage":"fr-FR","@id":"https:\/\/theplayoffs.news\/fr\/#\/schema\/person\/image\/","url":"https:\/\/secure.gravatar.com\/avatar\/59a1e772205ce9fd255edfcafc93013736822e20261f294c5753b20c41ede9f2?s=96&d=mm&r=g","contentUrl":"https:\/\/secure.gravatar.com\/avatar\/59a1e772205ce9fd255edfcafc93013736822e20261f294c5753b20c41ede9f2?s=96&d=mm&r=g","caption":"Charles Taudin"},"description":"R\u00e9dacteur en chef global de The Playoffs, j\u2019ai cr\u00e9\u00e9 The Free Agent, devenu The Playoffs FR, en 2020 durant la pand\u00e9mie. Amoureux depuis des ann\u00e9es des 4 sports majeurs am\u00e9ricains, j\u2019organise maintenant la strat\u00e9gie \u00e9ditoriale et les r\u00e9seaux sociaux de l\u2019ensemble des versions de The Playoffs. Il m\u2019arrive encore d\u2019\u00e9crire sur certains sports que j\u2019affectionne particuli\u00e8rement comme la NFL ou la MLB. Si vous devez retenir qu\u2019une chose : Eli Manning est le vrai GOAT pour avoir battu deux fois Tom Brady.","sameAs":["https:\/\/www.instagram.com\/ctaudin_\/"],"url":"https:\/\/theplayoffs.news\/fr\/author\/charles-taudin\/"}]}},"_links":{"self":[{"href":"https:\/\/theplayoffs.news\/fr\/wp-json\/wp\/v2\/posts\/569440","targetHints":{"allow":["GET"]}}],"collection":[{"href":"https:\/\/theplayoffs.news\/fr\/wp-json\/wp\/v2\/posts"}],"about":[{"href":"https:\/\/theplayoffs.news\/fr\/wp-json\/wp\/v2\/types\/post"}],"author":[{"embeddable":true,"href":"https:\/\/theplayoffs.news\/fr\/wp-json\/wp\/v2\/users\/13"}],"replies":[{"embeddable":true,"href":"https:\/\/theplayoffs.news\/fr\/wp-json\/wp\/v2\/comments?post=569440"}],"version-history":[{"count":3,"href":"https:\/\/theplayoffs.news\/fr\/wp-json\/wp\/v2\/posts\/569440\/revisions"}],"predecessor-version":[{"id":569444,"href":"https:\/\/theplayoffs.news\/fr\/wp-json\/wp\/v2\/posts\/569440\/revisions\/569444"}],"wp:featuredmedia":[{"embeddable":true,"href":"https:\/\/theplayoffs.news\/fr\/wp-json\/wp\/v2\/media\/569441"}],"wp:attachment":[{"href":"https:\/\/theplayoffs.news\/fr\/wp-json\/wp\/v2\/media?parent=569440"}],"wp:term":[{"taxonomy":"category","embeddable":true,"href":"https:\/\/theplayoffs.news\/fr\/wp-json\/wp\/v2\/categories?post=569440"},{"taxonomy":"post_tag","embeddable":true,"href":"https:\/\/theplayoffs.news\/fr\/wp-json\/wp\/v2\/tags?post=569440"},{"taxonomy":"sport","embeddable":true,"href":"https:\/\/theplayoffs.news\/fr\/wp-json\/wp\/v2\/sport?post=569440"},{"taxonomy":"saison","embeddable":true,"href":"https:\/\/theplayoffs.news\/fr\/wp-json\/wp\/v2\/saison?post=569440"}],"curies":[{"name":"wp","href":"https:\/\/api.w.org\/{rel}","templated":true}]}}