{"id":569435,"date":"2023-02-25T15:48:08","date_gmt":"2023-02-25T14:48:08","guid":{"rendered":"https:\/\/theplayoffs.news\/fr\/?p=569435"},"modified":"2023-02-25T15:48:09","modified_gmt":"2023-02-25T14:48:09","slug":"jeff-bezos-hors-course-vente-commanders","status":"publish","type":"post","link":"https:\/\/theplayoffs.news\/fr\/business\/jeff-bezos-hors-course-vente-commanders\/","title":{"rendered":"Jeff Bezos mis hors course pour la vente des Commanders"},"content":{"rendered":"<h2><strong>Le milliardaire et ex-patron d&rsquo;Amazon, Jeff Bezos faisait partie des pr&eacute;tendants pour le rachat des Commanders.<\/strong><\/h2><p>Mais selon le <a href=\"https:\/\/nypost.com\/2023\/02\/24\/jeff-bezos-benched-from-washington-commanders-sale-as-bids-come-up-short-sources\/\" class=\"trk-cta-link\" data-cta-trk='{\"ctaType\":\"Link\",\"ctaSubType\":\"main\"}'>NY Post<\/a>, Dan Snyder, l&rsquo;actuel propri&eacute;taire a &eacute;cart&eacute; Jeff Bezos de la course &agrave; la vente. Une offre anonyme de 5.5 milliards a &eacute;t&eacute; d&eacute;pos&eacute; en fin de semaine, similaire &agrave; l&rsquo;offre faite par Josh Harris, le pr&eacute;sident des Devils et des 76ers.<\/p><p>Bezos et Dan Snyder ne sont pas les meilleurs amis du monde depuis que les affaire d&rsquo;agressions sexuelles au sein de la franchise ont &eacute;t&eacute; r&eacute;v&eacute;l&eacute;es par le Washington Post, propri&eacute;t&eacute; de Jeff Bezos.<\/p><p>Ces r&eacute;v&eacute;lations ont conduit la NFL &agrave; forcer Dan Snyder &agrave; vendre sa franchise acquise en 1999 pour 800 millions de dollars.<\/p><p>Plus t&ocirc;t cette semaine, on apprenait que <a href=\"https:\/\/theplayoffs.news\/fr\/nfl\/jeff-bezos-engage-societe-rachat-commanders\/\" class=\"trk-cta-link\" data-cta-trk='{\"ctaType\":\"Link\",\"ctaSubType\":\"main\"}'>Jeff Bezos avait engag&eacute; une entreprise de conseil, Allen &amp; Co<\/a> afin d&rsquo;&eacute;tudier cette vente. le NY Post r&eacute;v&egrave;le que les deux parties travaillent d&eacute;j&agrave; ensemble depuis plusieurs mois sans que la NFL ne le sache.<\/p><p>Si la valeur propos&eacute;e par Bezos est plus importante que les 5.5 milliards de dollars propos&eacute;s, les propri&eacute;taires des 31 autres franchises pourraient &agrave; leur tour faire pression sur Snyder pour vendre &agrave; Bezos malgr&eacute; tout.<\/p>\n","protected":false},"excerpt":{"rendered":"","protected":false},"author":13,"featured_media":569436,"comment_status":"open","ping_status":"closed","sticky":false,"template":"","format":"standard","meta":{"inline_featured_image":false,"kia_subtitle":"","_mux_skip_reasons":[],"proofreadBy":0,"footnotes":""},"categories":[2517,167],"tags":[637,2066,3285],"sport":[],"saison":[],"class_list":["post-569435","post","type-post","status-publish","format-standard","has-post-thumbnail","hentry","category-business","category-culture-us","tag-dan-snyder","tag-jeff-bezos","tag-washington-commanders"],"acf":[],"yoast_head":"<!-- This site is optimized with the Yoast SEO plugin v24.2 - https:\/\/yoast.com\/wordpress\/plugins\/seo\/ -->\n<title>Jeff Bezos mis hors course pour la vente des Commanders - The Playoffs FR<\/title>\n<meta name=\"robots\" content=\"index, follow, max-snippet:-1, max-image-preview:large, max-video-preview:-1\" \/>\n<link rel=\"canonical\" href=\"https:\/\/theplayoffs.news\/fr\/business\/jeff-bezos-hors-course-vente-commanders\/\" \/>\n<meta property=\"og:locale\" content=\"fr_FR\" \/>\n<meta property=\"og:type\" content=\"article\" \/>\n<meta property=\"og:title\" content=\"Jeff Bezos mis hors course pour la vente des Commanders - The Playoffs FR\" \/>\n<meta property=\"og:url\" content=\"https:\/\/theplayoffs.news\/fr\/business\/jeff-bezos-hors-course-vente-commanders\/\" \/>\n<meta property=\"og:site_name\" content=\"The Playoffs FR\" \/>\n<meta property=\"article:publisher\" content=\"https:\/\/www.facebook.com\/TheFreeAgentFR\/\" \/>\n<meta property=\"article:modified_time\" content=\"2023-02-25T15:48:09+01:00\" \/>\n<meta property=\"og:image\" content=\"https:\/\/theplayoffs.news\/fr\/wp-content\/uploads\/2023\/02\/i-4.jpeg\" \/>\n\t<meta property=\"og:image:width\" content=\"1296\" \/>\n\t<meta property=\"og:image:height\" content=\"729\" \/>\n\t<meta property=\"og:image:type\" content=\"image\/jpeg\" \/>\n<meta name=\"author\" content=\"Charles Taudin\" \/>\n<meta name=\"twitter:card\" content=\"summary_large_image\" \/>\n<meta name=\"twitter:creator\" content=\"@TheFreeAgentFR\" \/>\n<meta name=\"twitter:site\" content=\"@TheFreeAgentFR\" \/>\n<meta name=\"twitter:label1\" content=\"\u00c9crit par\" \/>\n\t<meta name=\"twitter:data1\" content=\"Charles Taudin\" \/>\n\t<meta name=\"twitter:label2\" content=\"Dur\u00e9e de lecture estim\u00e9e\" \/>\n\t<meta name=\"twitter:data2\" content=\"1 minute\" \/>\n<script type=\"application\/ld+json\" class=\"yoast-schema-graph\">{\"@context\":\"https:\/\/schema.org\",\"@graph\":[{\"@type\":\"WebPage\",\"@id\":\"https:\/\/theplayoffs.news\/fr\/business\/jeff-bezos-hors-course-vente-commanders\/\",\"url\":\"https:\/\/theplayoffs.news\/fr\/business\/jeff-bezos-hors-course-vente-commanders\/\",\"name\":\"Jeff Bezos mis hors course pour la vente des Commanders - The Playoffs FR\",\"isPartOf\":{\"@id\":\"https:\/\/theplayoffs.news\/fr\/#website\"},\"primaryImageOfPage\":{\"@id\":\"https:\/\/theplayoffs.news\/fr\/business\/jeff-bezos-hors-course-vente-commanders\/#primaryimage\"},\"image\":{\"@id\":\"https:\/\/theplayoffs.news\/fr\/business\/jeff-bezos-hors-course-vente-commanders\/#primaryimage\"},\"thumbnailUrl\":\"https:\/\/theplayoffs.news\/fr\/wp-content\/uploads\/2023\/02\/i-4.jpeg\",\"datePublished\":\"2023-02-25T14:48:08+00:00\",\"dateModified\":\"2023-02-25T14:48:09+00:00\",\"author\":{\"@id\":\"https:\/\/theplayoffs.news\/fr\/#\/schema\/person\/eee5b69ad5d3c51cabe881c839dbe133\"},\"breadcrumb\":{\"@id\":\"https:\/\/theplayoffs.news\/fr\/business\/jeff-bezos-hors-course-vente-commanders\/#breadcrumb\"},\"inLanguage\":\"fr-FR\",\"potentialAction\":[{\"@type\":\"ReadAction\",\"target\":[\"https:\/\/theplayoffs.news\/fr\/business\/jeff-bezos-hors-course-vente-commanders\/\"]}]},{\"@type\":\"ImageObject\",\"inLanguage\":\"fr-FR\",\"@id\":\"https:\/\/theplayoffs.news\/fr\/business\/jeff-bezos-hors-course-vente-commanders\/#primaryimage\",\"url\":\"https:\/\/theplayoffs.news\/fr\/wp-content\/uploads\/2023\/02\/i-4.jpeg\",\"contentUrl\":\"https:\/\/theplayoffs.news\/fr\/wp-content\/uploads\/2023\/02\/i-4.jpeg\",\"width\":1296,\"height\":729,\"caption\":\"Dan Snyder Jeff Bezos\"},{\"@type\":\"BreadcrumbList\",\"@id\":\"https:\/\/theplayoffs.news\/fr\/business\/jeff-bezos-hors-course-vente-commanders\/#breadcrumb\",\"itemListElement\":[{\"@type\":\"ListItem\",\"position\":1,\"name\":\"Accueil\",\"item\":\"https:\/\/theplayoffs.news\/fr\/\"},{\"@type\":\"ListItem\",\"position\":2,\"name\":\"Jeff Bezos mis hors course pour la vente des Commanders\"}]},{\"@type\":\"WebSite\",\"@id\":\"https:\/\/theplayoffs.news\/fr\/#website\",\"url\":\"https:\/\/theplayoffs.news\/fr\/\",\"name\":\"The Playoffs FR\",\"description\":\"NBA-NFL-NHL-MLB\",\"potentialAction\":[{\"@type\":\"SearchAction\",\"target\":{\"@type\":\"EntryPoint\",\"urlTemplate\":\"https:\/\/theplayoffs.news\/fr\/?s={search_term_string}\"},\"query-input\":{\"@type\":\"PropertyValueSpecification\",\"valueRequired\":true,\"valueName\":\"search_term_string\"}}],\"inLanguage\":\"fr-FR\"},{\"@type\":\"Person\",\"@id\":\"https:\/\/theplayoffs.news\/fr\/#\/schema\/person\/eee5b69ad5d3c51cabe881c839dbe133\",\"name\":\"Charles Taudin\",\"image\":{\"@type\":\"ImageObject\",\"inLanguage\":\"fr-FR\",\"@id\":\"https:\/\/theplayoffs.news\/fr\/#\/schema\/person\/image\/\",\"url\":\"https:\/\/secure.gravatar.com\/avatar\/59a1e772205ce9fd255edfcafc93013736822e20261f294c5753b20c41ede9f2?s=96&d=mm&r=g\",\"contentUrl\":\"https:\/\/secure.gravatar.com\/avatar\/59a1e772205ce9fd255edfcafc93013736822e20261f294c5753b20c41ede9f2?s=96&d=mm&r=g\",\"caption\":\"Charles Taudin\"},\"description\":\"R\u00e9dacteur en chef global de The Playoffs, j\u2019ai cr\u00e9\u00e9 The Free Agent, devenu The Playoffs FR, en 2020 durant la pand\u00e9mie. Amoureux depuis des ann\u00e9es des 4 sports majeurs am\u00e9ricains, j\u2019organise maintenant la strat\u00e9gie \u00e9ditoriale et les r\u00e9seaux sociaux de l\u2019ensemble des versions de The Playoffs. Il m\u2019arrive encore d\u2019\u00e9crire sur certains sports que j\u2019affectionne particuli\u00e8rement comme la NFL ou la MLB. Si vous devez retenir qu\u2019une chose : Eli Manning est le vrai GOAT pour avoir battu deux fois Tom Brady.\",\"sameAs\":[\"https:\/\/www.instagram.com\/ctaudin_\/\"],\"url\":\"https:\/\/theplayoffs.news\/fr\/author\/charles-taudin\/\"}]}<\/script>\n<!-- \/ Yoast SEO plugin. -->","yoast_head_json":{"title":"Jeff Bezos mis hors course pour la vente des Commanders - The Playoffs FR","robots":{"index":"index","follow":"follow","max-snippet":"max-snippet:-1","max-image-preview":"max-image-preview:large","max-video-preview":"max-video-preview:-1"},"canonical":"https:\/\/theplayoffs.news\/fr\/business\/jeff-bezos-hors-course-vente-commanders\/","og_locale":"fr_FR","og_type":"article","og_title":"Jeff Bezos mis hors course pour la vente des Commanders - The Playoffs FR","og_url":"https:\/\/theplayoffs.news\/fr\/business\/jeff-bezos-hors-course-vente-commanders\/","og_site_name":"The Playoffs FR","article_publisher":"https:\/\/www.facebook.com\/TheFreeAgentFR\/","article_modified_time":"2023-02-25T14:48:09+00:00","og_image":[{"width":1296,"height":729,"url":"https:\/\/theplayoffs.news\/fr\/wp-content\/uploads\/2023\/02\/i-4.jpeg","type":"image\/jpeg"}],"author":"Charles Taudin","twitter_card":"summary_large_image","twitter_creator":"@TheFreeAgentFR","twitter_site":"@TheFreeAgentFR","twitter_misc":{"\u00c9crit par":"Charles Taudin","Dur\u00e9e de lecture estim\u00e9e":"1 minute"},"schema":{"@context":"https:\/\/schema.org","@graph":[{"@type":"WebPage","@id":"https:\/\/theplayoffs.news\/fr\/business\/jeff-bezos-hors-course-vente-commanders\/","url":"https:\/\/theplayoffs.news\/fr\/business\/jeff-bezos-hors-course-vente-commanders\/","name":"Jeff Bezos mis hors course pour la vente des Commanders - The Playoffs FR","isPartOf":{"@id":"https:\/\/theplayoffs.news\/fr\/#website"},"primaryImageOfPage":{"@id":"https:\/\/theplayoffs.news\/fr\/business\/jeff-bezos-hors-course-vente-commanders\/#primaryimage"},"image":{"@id":"https:\/\/theplayoffs.news\/fr\/business\/jeff-bezos-hors-course-vente-commanders\/#primaryimage"},"thumbnailUrl":"https:\/\/theplayoffs.news\/fr\/wp-content\/uploads\/2023\/02\/i-4.jpeg","datePublished":"2023-02-25T14:48:08+00:00","dateModified":"2023-02-25T14:48:09+00:00","author":{"@id":"https:\/\/theplayoffs.news\/fr\/#\/schema\/person\/eee5b69ad5d3c51cabe881c839dbe133"},"breadcrumb":{"@id":"https:\/\/theplayoffs.news\/fr\/business\/jeff-bezos-hors-course-vente-commanders\/#breadcrumb"},"inLanguage":"fr-FR","potentialAction":[{"@type":"ReadAction","target":["https:\/\/theplayoffs.news\/fr\/business\/jeff-bezos-hors-course-vente-commanders\/"]}]},{"@type":"ImageObject","inLanguage":"fr-FR","@id":"https:\/\/theplayoffs.news\/fr\/business\/jeff-bezos-hors-course-vente-commanders\/#primaryimage","url":"https:\/\/theplayoffs.news\/fr\/wp-content\/uploads\/2023\/02\/i-4.jpeg","contentUrl":"https:\/\/theplayoffs.news\/fr\/wp-content\/uploads\/2023\/02\/i-4.jpeg","width":1296,"height":729,"caption":"Dan Snyder Jeff Bezos"},{"@type":"BreadcrumbList","@id":"https:\/\/theplayoffs.news\/fr\/business\/jeff-bezos-hors-course-vente-commanders\/#breadcrumb","itemListElement":[{"@type":"ListItem","position":1,"name":"Accueil","item":"https:\/\/theplayoffs.news\/fr\/"},{"@type":"ListItem","position":2,"name":"Jeff Bezos mis hors course pour la vente des Commanders"}]},{"@type":"WebSite","@id":"https:\/\/theplayoffs.news\/fr\/#website","url":"https:\/\/theplayoffs.news\/fr\/","name":"The Playoffs FR","description":"NBA-NFL-NHL-MLB","potentialAction":[{"@type":"SearchAction","target":{"@type":"EntryPoint","urlTemplate":"https:\/\/theplayoffs.news\/fr\/?s={search_term_string}"},"query-input":{"@type":"PropertyValueSpecification","valueRequired":true,"valueName":"search_term_string"}}],"inLanguage":"fr-FR"},{"@type":"Person","@id":"https:\/\/theplayoffs.news\/fr\/#\/schema\/person\/eee5b69ad5d3c51cabe881c839dbe133","name":"Charles Taudin","image":{"@type":"ImageObject","inLanguage":"fr-FR","@id":"https:\/\/theplayoffs.news\/fr\/#\/schema\/person\/image\/","url":"https:\/\/secure.gravatar.com\/avatar\/59a1e772205ce9fd255edfcafc93013736822e20261f294c5753b20c41ede9f2?s=96&d=mm&r=g","contentUrl":"https:\/\/secure.gravatar.com\/avatar\/59a1e772205ce9fd255edfcafc93013736822e20261f294c5753b20c41ede9f2?s=96&d=mm&r=g","caption":"Charles Taudin"},"description":"R\u00e9dacteur en chef global de The Playoffs, j\u2019ai cr\u00e9\u00e9 The Free Agent, devenu The Playoffs FR, en 2020 durant la pand\u00e9mie. Amoureux depuis des ann\u00e9es des 4 sports majeurs am\u00e9ricains, j\u2019organise maintenant la strat\u00e9gie \u00e9ditoriale et les r\u00e9seaux sociaux de l\u2019ensemble des versions de The Playoffs. Il m\u2019arrive encore d\u2019\u00e9crire sur certains sports que j\u2019affectionne particuli\u00e8rement comme la NFL ou la MLB. Si vous devez retenir qu\u2019une chose : Eli Manning est le vrai GOAT pour avoir battu deux fois Tom Brady.","sameAs":["https:\/\/www.instagram.com\/ctaudin_\/"],"url":"https:\/\/theplayoffs.news\/fr\/author\/charles-taudin\/"}]}},"_links":{"self":[{"href":"https:\/\/theplayoffs.news\/fr\/wp-json\/wp\/v2\/posts\/569435","targetHints":{"allow":["GET"]}}],"collection":[{"href":"https:\/\/theplayoffs.news\/fr\/wp-json\/wp\/v2\/posts"}],"about":[{"href":"https:\/\/theplayoffs.news\/fr\/wp-json\/wp\/v2\/types\/post"}],"author":[{"embeddable":true,"href":"https:\/\/theplayoffs.news\/fr\/wp-json\/wp\/v2\/users\/13"}],"replies":[{"embeddable":true,"href":"https:\/\/theplayoffs.news\/fr\/wp-json\/wp\/v2\/comments?post=569435"}],"version-history":[{"count":3,"href":"https:\/\/theplayoffs.news\/fr\/wp-json\/wp\/v2\/posts\/569435\/revisions"}],"predecessor-version":[{"id":569439,"href":"https:\/\/theplayoffs.news\/fr\/wp-json\/wp\/v2\/posts\/569435\/revisions\/569439"}],"wp:featuredmedia":[{"embeddable":true,"href":"https:\/\/theplayoffs.news\/fr\/wp-json\/wp\/v2\/media\/569436"}],"wp:attachment":[{"href":"https:\/\/theplayoffs.news\/fr\/wp-json\/wp\/v2\/media?parent=569435"}],"wp:term":[{"taxonomy":"category","embeddable":true,"href":"https:\/\/theplayoffs.news\/fr\/wp-json\/wp\/v2\/categories?post=569435"},{"taxonomy":"post_tag","embeddable":true,"href":"https:\/\/theplayoffs.news\/fr\/wp-json\/wp\/v2\/tags?post=569435"},{"taxonomy":"sport","embeddable":true,"href":"https:\/\/theplayoffs.news\/fr\/wp-json\/wp\/v2\/sport?post=569435"},{"taxonomy":"saison","embeddable":true,"href":"https:\/\/theplayoffs.news\/fr\/wp-json\/wp\/v2\/saison?post=569435"}],"curies":[{"name":"wp","href":"https:\/\/api.w.org\/{rel}","templated":true}]}}