{"id":569431,"date":"2023-02-25T15:27:36","date_gmt":"2023-02-25T14:27:36","guid":{"rendered":"https:\/\/theplayoffs.news\/fr\/?p=569431"},"modified":"2023-02-25T15:27:37","modified_gmt":"2023-02-25T14:27:37","slug":"derek-carr-voudrait-35-millions-par-an","status":"publish","type":"post","link":"https:\/\/theplayoffs.news\/fr\/actualite-nfl\/derek-carr-voudrait-35-millions-par-an\/","title":{"rendered":"Derek Carr voudrait 35 millions par an"},"content":{"rendered":"<h2><strong>Deux semaines apr&egrave;s avoir &eacute;t&eacute; lib&eacute;r&eacute; par les Raiders, Derek Carr n&rsquo;a encore pas sign&eacute; de nouveau contrat.<\/strong><\/h2><p>La free agency d&eacute;bute le 15 mars prochain.<\/p><p><a href=\"https:\/\/theplayoffs.news\/fr\/joueur\/derek-carr-nfl-33514\/\" class=\"trk-cta-link\" data-cta-trk='{\"ctaType\":\"Link\",\"ctaSubType\":\"main\"}'><strong>Derek Carr<\/strong><\/a> aurait une condition &agrave; la signature d&rsquo;un nouveau contrat d&rsquo;un point de vue salarial. En effet selon <a href=\"https:\/\/saintswire.usatoday.com\/2023\/02\/24\/espn-report-derek-carr-free-agent-contract-demands-salary-saints-news\/\" class=\"trk-cta-link\" data-cta-trk='{\"ctaType\":\"Link\",\"ctaSubType\":\"main\"}'>Diana Russini d&rsquo;ESPN<\/a>, Derek Carr souhaiterait obtenir un salaire annuel de 35 millions de dollars. Les Saints et les Jets sont les deux franchises pressenties pour faire venir le quarterback.<\/p><h3><strong>Une demande d&eacute;mesur&eacute;e ?&nbsp;<\/strong><\/h3><p>Si on regarde son contrat avec les Raiders, Derek Carr avait un salaire de 32,9 millions de dollars pour 2023. Carr a &eacute;t&eacute; lib&eacute;r&eacute; la veille du jour o&ugrave; le paiement serait devenu enti&egrave;rement garanti, ainsi que 7,5 millions de dollars de salaire de base en 2024.<\/p><p>Demander 35 millions de dollars le placerait au niveau d&rsquo;un Kirk Cousins.<\/p><p>Cette demande n&rsquo;appara&icirc;t pas &ecirc;tre farfelue. Ce n&rsquo;est pas la raison pour laquelle Carr n&rsquo;a pas encore sign&eacute;. Avec la p&eacute;riode des tag ouverte et l&rsquo;ind&eacute;cision de Rodgers, les autres franchises sont sans doute dans l&rsquo;attente d&rsquo;un premier mouvement qui pourrait d&eacute;buter un effet domino.<\/p><p>Ces franchises attendent sans doute de voir ce qu&rsquo;il va se passer du c&ocirc;t&eacute; de Baltimore, de New-York ou encore de Green Bay.<\/p><p>Cela ne veut donc pas dire que Carr n&rsquo;aura pas gain de cause sur la question salariale. Dans une p&eacute;riode inflationniste au niveau des salaires des quarterbacks, la demande de Carr ne parait pas hors du temps.<\/p>\n","protected":false},"excerpt":{"rendered":"","protected":false},"author":13,"featured_media":569432,"comment_status":"open","ping_status":"closed","sticky":false,"template":"","format":"standard","meta":{"inline_featured_image":false,"kia_subtitle":"","_mux_skip_reasons":[],"proofreadBy":0,"footnotes":""},"categories":[118,40],"tags":[956],"sport":[],"saison":[],"class_list":["post-569431","post","type-post","status-publish","format-standard","has-post-thumbnail","hentry","category-actualite-nfl","category-nfl","tag-derek-carr"],"acf":[],"yoast_head":"<!-- This site is optimized with the Yoast SEO plugin v24.2 - https:\/\/yoast.com\/wordpress\/plugins\/seo\/ -->\n<title>Derek Carr voudrait 35 millions par an - The Playoffs FR<\/title>\n<meta name=\"robots\" content=\"index, follow, max-snippet:-1, max-image-preview:large, max-video-preview:-1\" \/>\n<link rel=\"canonical\" href=\"https:\/\/theplayoffs.news\/fr\/actualite-nfl\/derek-carr-voudrait-35-millions-par-an\/\" \/>\n<meta property=\"og:locale\" content=\"fr_FR\" \/>\n<meta property=\"og:type\" content=\"article\" \/>\n<meta property=\"og:title\" content=\"Derek Carr voudrait 35 millions par an - The Playoffs FR\" \/>\n<meta property=\"og:url\" content=\"https:\/\/theplayoffs.news\/fr\/actualite-nfl\/derek-carr-voudrait-35-millions-par-an\/\" \/>\n<meta property=\"og:site_name\" content=\"The Playoffs FR\" \/>\n<meta property=\"article:publisher\" content=\"https:\/\/www.facebook.com\/TheFreeAgentFR\/\" \/>\n<meta property=\"article:modified_time\" content=\"2023-02-25T15:27:37+01:00\" \/>\n<meta property=\"og:image\" content=\"https:\/\/theplayoffs.news\/fr\/wp-content\/uploads\/2023\/02\/GettyImages-1450191912.jpg\" \/>\n\t<meta property=\"og:image:width\" content=\"1024\" \/>\n\t<meta property=\"og:image:height\" content=\"683\" \/>\n\t<meta property=\"og:image:type\" content=\"image\/jpeg\" \/>\n<meta name=\"author\" content=\"Charles Taudin\" \/>\n<meta name=\"twitter:card\" content=\"summary_large_image\" \/>\n<meta name=\"twitter:creator\" content=\"@TheFreeAgentFR\" \/>\n<meta name=\"twitter:site\" content=\"@TheFreeAgentFR\" \/>\n<meta name=\"twitter:label1\" content=\"\u00c9crit par\" \/>\n\t<meta name=\"twitter:data1\" content=\"Charles Taudin\" \/>\n\t<meta name=\"twitter:label2\" content=\"Dur\u00e9e de lecture estim\u00e9e\" \/>\n\t<meta name=\"twitter:data2\" content=\"1 minute\" \/>\n<script type=\"application\/ld+json\" class=\"yoast-schema-graph\">{\"@context\":\"https:\/\/schema.org\",\"@graph\":[{\"@type\":\"WebPage\",\"@id\":\"https:\/\/theplayoffs.news\/fr\/actualite-nfl\/derek-carr-voudrait-35-millions-par-an\/\",\"url\":\"https:\/\/theplayoffs.news\/fr\/actualite-nfl\/derek-carr-voudrait-35-millions-par-an\/\",\"name\":\"Derek Carr voudrait 35 millions par an - The Playoffs FR\",\"isPartOf\":{\"@id\":\"https:\/\/theplayoffs.news\/fr\/#website\"},\"primaryImageOfPage\":{\"@id\":\"https:\/\/theplayoffs.news\/fr\/actualite-nfl\/derek-carr-voudrait-35-millions-par-an\/#primaryimage\"},\"image\":{\"@id\":\"https:\/\/theplayoffs.news\/fr\/actualite-nfl\/derek-carr-voudrait-35-millions-par-an\/#primaryimage\"},\"thumbnailUrl\":\"https:\/\/theplayoffs.news\/fr\/wp-content\/uploads\/2023\/02\/GettyImages-1450191912.jpg\",\"datePublished\":\"2023-02-25T14:27:36+00:00\",\"dateModified\":\"2023-02-25T14:27:37+00:00\",\"author\":{\"@id\":\"https:\/\/theplayoffs.news\/fr\/#\/schema\/person\/eee5b69ad5d3c51cabe881c839dbe133\"},\"breadcrumb\":{\"@id\":\"https:\/\/theplayoffs.news\/fr\/actualite-nfl\/derek-carr-voudrait-35-millions-par-an\/#breadcrumb\"},\"inLanguage\":\"fr-FR\",\"potentialAction\":[{\"@type\":\"ReadAction\",\"target\":[\"https:\/\/theplayoffs.news\/fr\/actualite-nfl\/derek-carr-voudrait-35-millions-par-an\/\"]}]},{\"@type\":\"ImageObject\",\"inLanguage\":\"fr-FR\",\"@id\":\"https:\/\/theplayoffs.news\/fr\/actualite-nfl\/derek-carr-voudrait-35-millions-par-an\/#primaryimage\",\"url\":\"https:\/\/theplayoffs.news\/fr\/wp-content\/uploads\/2023\/02\/GettyImages-1450191912.jpg\",\"contentUrl\":\"https:\/\/theplayoffs.news\/fr\/wp-content\/uploads\/2023\/02\/GettyImages-1450191912.jpg\",\"width\":1024,\"height\":683,\"caption\":\"LAS VEGAS, NEVADA - DECEMBER 18: Derek Carr #4 of the Las Vegas Raiders celebrates on the field after defeating the New England Patriots at Allegiant Stadium on December 18, 2022 in Las Vegas, Nevada. (Photo by Chris Unger\/Getty Images)\"},{\"@type\":\"BreadcrumbList\",\"@id\":\"https:\/\/theplayoffs.news\/fr\/actualite-nfl\/derek-carr-voudrait-35-millions-par-an\/#breadcrumb\",\"itemListElement\":[{\"@type\":\"ListItem\",\"position\":1,\"name\":\"Accueil\",\"item\":\"https:\/\/theplayoffs.news\/fr\/\"},{\"@type\":\"ListItem\",\"position\":2,\"name\":\"Derek Carr voudrait 35 millions par an\"}]},{\"@type\":\"WebSite\",\"@id\":\"https:\/\/theplayoffs.news\/fr\/#website\",\"url\":\"https:\/\/theplayoffs.news\/fr\/\",\"name\":\"The Playoffs FR\",\"description\":\"NBA-NFL-NHL-MLB\",\"potentialAction\":[{\"@type\":\"SearchAction\",\"target\":{\"@type\":\"EntryPoint\",\"urlTemplate\":\"https:\/\/theplayoffs.news\/fr\/?s={search_term_string}\"},\"query-input\":{\"@type\":\"PropertyValueSpecification\",\"valueRequired\":true,\"valueName\":\"search_term_string\"}}],\"inLanguage\":\"fr-FR\"},{\"@type\":\"Person\",\"@id\":\"https:\/\/theplayoffs.news\/fr\/#\/schema\/person\/eee5b69ad5d3c51cabe881c839dbe133\",\"name\":\"Charles Taudin\",\"image\":{\"@type\":\"ImageObject\",\"inLanguage\":\"fr-FR\",\"@id\":\"https:\/\/theplayoffs.news\/fr\/#\/schema\/person\/image\/\",\"url\":\"https:\/\/secure.gravatar.com\/avatar\/59a1e772205ce9fd255edfcafc93013736822e20261f294c5753b20c41ede9f2?s=96&d=mm&r=g\",\"contentUrl\":\"https:\/\/secure.gravatar.com\/avatar\/59a1e772205ce9fd255edfcafc93013736822e20261f294c5753b20c41ede9f2?s=96&d=mm&r=g\",\"caption\":\"Charles Taudin\"},\"description\":\"R\u00e9dacteur en chef global de The Playoffs, j\u2019ai cr\u00e9\u00e9 The Free Agent, devenu The Playoffs FR, en 2020 durant la pand\u00e9mie. Amoureux depuis des ann\u00e9es des 4 sports majeurs am\u00e9ricains, j\u2019organise maintenant la strat\u00e9gie \u00e9ditoriale et les r\u00e9seaux sociaux de l\u2019ensemble des versions de The Playoffs. Il m\u2019arrive encore d\u2019\u00e9crire sur certains sports que j\u2019affectionne particuli\u00e8rement comme la NFL ou la MLB. Si vous devez retenir qu\u2019une chose : Eli Manning est le vrai GOAT pour avoir battu deux fois Tom Brady.\",\"sameAs\":[\"https:\/\/www.instagram.com\/ctaudin_\/\"],\"url\":\"https:\/\/theplayoffs.news\/fr\/author\/charles-taudin\/\"}]}<\/script>\n<!-- \/ Yoast SEO plugin. -->","yoast_head_json":{"title":"Derek Carr voudrait 35 millions par an - The Playoffs FR","robots":{"index":"index","follow":"follow","max-snippet":"max-snippet:-1","max-image-preview":"max-image-preview:large","max-video-preview":"max-video-preview:-1"},"canonical":"https:\/\/theplayoffs.news\/fr\/actualite-nfl\/derek-carr-voudrait-35-millions-par-an\/","og_locale":"fr_FR","og_type":"article","og_title":"Derek Carr voudrait 35 millions par an - The Playoffs FR","og_url":"https:\/\/theplayoffs.news\/fr\/actualite-nfl\/derek-carr-voudrait-35-millions-par-an\/","og_site_name":"The Playoffs FR","article_publisher":"https:\/\/www.facebook.com\/TheFreeAgentFR\/","article_modified_time":"2023-02-25T14:27:37+00:00","og_image":[{"width":1024,"height":683,"url":"https:\/\/theplayoffs.news\/fr\/wp-content\/uploads\/2023\/02\/GettyImages-1450191912.jpg","type":"image\/jpeg"}],"author":"Charles Taudin","twitter_card":"summary_large_image","twitter_creator":"@TheFreeAgentFR","twitter_site":"@TheFreeAgentFR","twitter_misc":{"\u00c9crit par":"Charles Taudin","Dur\u00e9e de lecture estim\u00e9e":"1 minute"},"schema":{"@context":"https:\/\/schema.org","@graph":[{"@type":"WebPage","@id":"https:\/\/theplayoffs.news\/fr\/actualite-nfl\/derek-carr-voudrait-35-millions-par-an\/","url":"https:\/\/theplayoffs.news\/fr\/actualite-nfl\/derek-carr-voudrait-35-millions-par-an\/","name":"Derek Carr voudrait 35 millions par an - The Playoffs FR","isPartOf":{"@id":"https:\/\/theplayoffs.news\/fr\/#website"},"primaryImageOfPage":{"@id":"https:\/\/theplayoffs.news\/fr\/actualite-nfl\/derek-carr-voudrait-35-millions-par-an\/#primaryimage"},"image":{"@id":"https:\/\/theplayoffs.news\/fr\/actualite-nfl\/derek-carr-voudrait-35-millions-par-an\/#primaryimage"},"thumbnailUrl":"https:\/\/theplayoffs.news\/fr\/wp-content\/uploads\/2023\/02\/GettyImages-1450191912.jpg","datePublished":"2023-02-25T14:27:36+00:00","dateModified":"2023-02-25T14:27:37+00:00","author":{"@id":"https:\/\/theplayoffs.news\/fr\/#\/schema\/person\/eee5b69ad5d3c51cabe881c839dbe133"},"breadcrumb":{"@id":"https:\/\/theplayoffs.news\/fr\/actualite-nfl\/derek-carr-voudrait-35-millions-par-an\/#breadcrumb"},"inLanguage":"fr-FR","potentialAction":[{"@type":"ReadAction","target":["https:\/\/theplayoffs.news\/fr\/actualite-nfl\/derek-carr-voudrait-35-millions-par-an\/"]}]},{"@type":"ImageObject","inLanguage":"fr-FR","@id":"https:\/\/theplayoffs.news\/fr\/actualite-nfl\/derek-carr-voudrait-35-millions-par-an\/#primaryimage","url":"https:\/\/theplayoffs.news\/fr\/wp-content\/uploads\/2023\/02\/GettyImages-1450191912.jpg","contentUrl":"https:\/\/theplayoffs.news\/fr\/wp-content\/uploads\/2023\/02\/GettyImages-1450191912.jpg","width":1024,"height":683,"caption":"LAS VEGAS, NEVADA - DECEMBER 18: Derek Carr #4 of the Las Vegas Raiders celebrates on the field after defeating the New England Patriots at Allegiant Stadium on December 18, 2022 in Las Vegas, Nevada. (Photo by Chris Unger\/Getty Images)"},{"@type":"BreadcrumbList","@id":"https:\/\/theplayoffs.news\/fr\/actualite-nfl\/derek-carr-voudrait-35-millions-par-an\/#breadcrumb","itemListElement":[{"@type":"ListItem","position":1,"name":"Accueil","item":"https:\/\/theplayoffs.news\/fr\/"},{"@type":"ListItem","position":2,"name":"Derek Carr voudrait 35 millions par an"}]},{"@type":"WebSite","@id":"https:\/\/theplayoffs.news\/fr\/#website","url":"https:\/\/theplayoffs.news\/fr\/","name":"The Playoffs FR","description":"NBA-NFL-NHL-MLB","potentialAction":[{"@type":"SearchAction","target":{"@type":"EntryPoint","urlTemplate":"https:\/\/theplayoffs.news\/fr\/?s={search_term_string}"},"query-input":{"@type":"PropertyValueSpecification","valueRequired":true,"valueName":"search_term_string"}}],"inLanguage":"fr-FR"},{"@type":"Person","@id":"https:\/\/theplayoffs.news\/fr\/#\/schema\/person\/eee5b69ad5d3c51cabe881c839dbe133","name":"Charles Taudin","image":{"@type":"ImageObject","inLanguage":"fr-FR","@id":"https:\/\/theplayoffs.news\/fr\/#\/schema\/person\/image\/","url":"https:\/\/secure.gravatar.com\/avatar\/59a1e772205ce9fd255edfcafc93013736822e20261f294c5753b20c41ede9f2?s=96&d=mm&r=g","contentUrl":"https:\/\/secure.gravatar.com\/avatar\/59a1e772205ce9fd255edfcafc93013736822e20261f294c5753b20c41ede9f2?s=96&d=mm&r=g","caption":"Charles Taudin"},"description":"R\u00e9dacteur en chef global de The Playoffs, j\u2019ai cr\u00e9\u00e9 The Free Agent, devenu The Playoffs FR, en 2020 durant la pand\u00e9mie. Amoureux depuis des ann\u00e9es des 4 sports majeurs am\u00e9ricains, j\u2019organise maintenant la strat\u00e9gie \u00e9ditoriale et les r\u00e9seaux sociaux de l\u2019ensemble des versions de The Playoffs. Il m\u2019arrive encore d\u2019\u00e9crire sur certains sports que j\u2019affectionne particuli\u00e8rement comme la NFL ou la MLB. Si vous devez retenir qu\u2019une chose : Eli Manning est le vrai GOAT pour avoir battu deux fois Tom Brady.","sameAs":["https:\/\/www.instagram.com\/ctaudin_\/"],"url":"https:\/\/theplayoffs.news\/fr\/author\/charles-taudin\/"}]}},"_links":{"self":[{"href":"https:\/\/theplayoffs.news\/fr\/wp-json\/wp\/v2\/posts\/569431","targetHints":{"allow":["GET"]}}],"collection":[{"href":"https:\/\/theplayoffs.news\/fr\/wp-json\/wp\/v2\/posts"}],"about":[{"href":"https:\/\/theplayoffs.news\/fr\/wp-json\/wp\/v2\/types\/post"}],"author":[{"embeddable":true,"href":"https:\/\/theplayoffs.news\/fr\/wp-json\/wp\/v2\/users\/13"}],"replies":[{"embeddable":true,"href":"https:\/\/theplayoffs.news\/fr\/wp-json\/wp\/v2\/comments?post=569431"}],"version-history":[{"count":2,"href":"https:\/\/theplayoffs.news\/fr\/wp-json\/wp\/v2\/posts\/569431\/revisions"}],"predecessor-version":[{"id":569434,"href":"https:\/\/theplayoffs.news\/fr\/wp-json\/wp\/v2\/posts\/569431\/revisions\/569434"}],"wp:featuredmedia":[{"embeddable":true,"href":"https:\/\/theplayoffs.news\/fr\/wp-json\/wp\/v2\/media\/569432"}],"wp:attachment":[{"href":"https:\/\/theplayoffs.news\/fr\/wp-json\/wp\/v2\/media?parent=569431"}],"wp:term":[{"taxonomy":"category","embeddable":true,"href":"https:\/\/theplayoffs.news\/fr\/wp-json\/wp\/v2\/categories?post=569431"},{"taxonomy":"post_tag","embeddable":true,"href":"https:\/\/theplayoffs.news\/fr\/wp-json\/wp\/v2\/tags?post=569431"},{"taxonomy":"sport","embeddable":true,"href":"https:\/\/theplayoffs.news\/fr\/wp-json\/wp\/v2\/sport?post=569431"},{"taxonomy":"saison","embeddable":true,"href":"https:\/\/theplayoffs.news\/fr\/wp-json\/wp\/v2\/saison?post=569431"}],"curies":[{"name":"wp","href":"https:\/\/api.w.org\/{rel}","templated":true}]}}