{"id":569214,"date":"2023-02-24T12:51:26","date_gmt":"2023-02-24T11:51:26","guid":{"rendered":"https:\/\/theplayoffs.news\/fr\/?p=569214"},"modified":"2023-02-24T12:51:27","modified_gmt":"2023-02-24T11:51:27","slug":"markkanen-historique-pour-utah","status":"publish","type":"post","link":"https:\/\/theplayoffs.news\/fr\/actualite-nba\/markkanen-historique-pour-utah\/","title":{"rendered":"Lauri Markkanen historique pour Utah"},"content":{"rendered":"<h2>Lauri Markkanen a donn&eacute; la victoire au Jazz face au Thunder en prolongation 120 &ndash; 119, avec des statistiques monstrueuses, on n&rsquo;avait plus vu &ccedil;a de la part d&rsquo;un joueur d&rsquo;Utah depuis Karl Malone.<\/h2><p><span id=\"p40\">Du jamais-vu depuis <strong>Karl <span id=\"46\" class=\"s-rg\">Malone<\/span><\/strong>, 43 points, 10 rebonds, &agrave; 10\/10 aux lancers francs, &agrave; 15\/28 au tir <span id=\"p56\">(53,6 %)<\/span> en 40 min pour donner la victoire au <strong>Jazz d&rsquo;<span id=\"47\" class=\"s-rg\">Utah<\/span><\/strong> la nuit derni&egrave;re face au <strong><span id=\"48\" class=\"s-rg\">Thunder<\/span> d&rsquo;Oklahoma <span id=\"49\" class=\"s-rg\">City<\/span><\/strong>.<\/span><span id=\"p41\"><strong><a href=\"https:\/\/theplayoffs.news\/fr\/joueur\/lauri-markkanen-nba-8132672\/\" class=\"trk-cta-link\" data-cta-trk='{\"ctaType\":\"Link\",\"ctaSubType\":\"main\"}'> Lauri <span id=\"50\" class=\"s-rg\">Markkanen<\/span><\/a><\/strong> &eacute;tait tout simplement en feu face &agrave; <span id=\"51\" class=\"s-rg\"><strong>OKC<\/strong>&nbsp;<\/span>pour donner une pr&eacute;cieuse victoire &agrave; <span id=\"52\" class=\"s-rg\">Utah<\/span> dans la qu&ecirc;te d&rsquo;une qualification en <span id=\"53\" class=\"s-rg\">playoffs&nbsp;<\/span><a href=\"https:\/\/theathletic.com\/nba\/game\/oklahoma-city-thunder-vs-utah-jazz\/UF2x17NncxnISghs\/\" class=\"trk-cta-link\" data-cta-trk='{\"ctaType\":\"Link\",\"ctaSubType\":\"main\"}'><strong>120 &ndash; 119<\/strong><\/a>, apr&egrave;s prolongation.<\/span><span id=\"p42\"> Le tout face &agrave; un concurrent direct, puisque <span id=\"54\" class=\"s-rg\">Utah<\/span> est 9e et <span id=\"55\" class=\"s-rg\">OKC<\/span> 11e de la conf&eacute;rence Ouest.<\/span><span id=\"p43\">&nbsp;<\/span><\/p><blockquote class=\"twitter-tweet\" data-width=\"500\" data-dnt=\"true\">\n<p lang=\"en\" dir=\"ltr\">43 PTS<br>10 REB<br>3 3PM<\/p>\n<p>Lauri Markkanen went off in the Jazz OT win &#128293;<\/p>\n<p>For more, download the NBA app:<br>&#128242;&nbsp;<a href=\"https:\/\/t.co\/Z2EoXj3L1t\" class=\"trk-cta-link\" data-cta-trk='{\"ctaType\":\"Link\",\"ctaSubType\":\"main\"}'>https:\/\/t.co\/Z2EoXj3L1t<\/a> <a href=\"https:\/\/t.co\/tjIMGQKgez\" class=\"trk-cta-link\" data-cta-trk='{\"ctaType\":\"Link\",\"ctaSubType\":\"main\"}'>pic.twitter.com\/tjIMGQKgez<\/a><\/p>\n<p>&mdash; NBA (@NBA) <a href=\"https:\/\/twitter.com\/NBA\/status\/1629028354304385024?ref_src=twsrc%5Etfw\" class=\"trk-cta-link\" data-cta-trk='{\"ctaType\":\"Link\",\"ctaSubType\":\"main\"}'>February 24, 2023<\/a><\/p><\/blockquote><p><script async src=\"https:\/\/platform.twitter.com\/widgets.js\" charset=\"utf-8\"><\/script><\/p><p><span id=\"p58\">Pourtant, le <span id=\"62\" class=\"s-rg\">Thunder<\/span> n&rsquo;a pas d&eacute;m&eacute;rit&eacute; avec un <strong><a href=\"https:\/\/theplayoffs.news\/fr\/joueur\/shai-gilgeous-alexander-oklahoma-city-thunder-nba\/\" class=\"trk-cta-link\" data-cta-trk='{\"ctaType\":\"Link\",\"ctaSubType\":\"main\"}'><span id=\"63\" class=\"s-rg\">Shai<\/span> <span id=\"64\" class=\"s-rg\">Gilgeous-Alexander<\/span><\/a><\/strong> de haut niveau &agrave; 39 points, 8 rebonds et 7 passes d&eacute;cisives.<\/span><span id=\"p59\"> La star d&rsquo;Oklahoma <span id=\"65\" class=\"s-rg\">City<\/span> a eu l&rsquo;opportunit&eacute; de faire gagner son &eacute;quipe avec le tir de la gagne qui a failli rentrer apr&egrave;s avoir touch&eacute; la planche pour finalement ressortir.<\/span><span id=\"p60\"> Mais hier soir, le duel d&rsquo;<strong><span id=\"67\" class=\"s-rg\">All<\/span> Stars<\/strong> a tourn&eacute; &agrave; l&rsquo;avantage du joueur finlandais.<\/span><span id=\"p61\">&nbsp;<\/span><\/p>\n","protected":false},"excerpt":{"rendered":"","protected":false},"author":180310139,"featured_media":569224,"comment_status":"open","ping_status":"closed","sticky":false,"template":"","format":"standard","meta":{"inline_featured_image":false,"kia_subtitle":"","_mux_skip_reasons":[],"proofreadBy":0,"footnotes":""},"categories":[110,10],"tags":[2766,23,4335,1669,855],"sport":[],"saison":[],"class_list":["post-569214","post","type-post","status-publish","format-standard","has-post-thumbnail","hentry","category-actualite-nba","category-nba","tag-lauri-markkanen","tag-nba-tag","tag-oklahoma-city","tag-shai-gilgeous-alexander","tag-utah-jazz"],"acf":[],"yoast_head":"<!-- This site is optimized with the Yoast SEO plugin v24.2 - https:\/\/yoast.com\/wordpress\/plugins\/seo\/ -->\n<title>Lauri Markkanen historique pour Utah - The Playoffs FR<\/title>\n<meta name=\"robots\" content=\"index, follow, max-snippet:-1, max-image-preview:large, max-video-preview:-1\" \/>\n<link rel=\"canonical\" href=\"https:\/\/theplayoffs.news\/fr\/actualite-nba\/markkanen-historique-pour-utah\/\" \/>\n<meta property=\"og:locale\" content=\"fr_FR\" \/>\n<meta property=\"og:type\" content=\"article\" \/>\n<meta property=\"og:title\" content=\"Lauri Markkanen historique pour Utah - The Playoffs FR\" \/>\n<meta property=\"og:url\" content=\"https:\/\/theplayoffs.news\/fr\/actualite-nba\/markkanen-historique-pour-utah\/\" \/>\n<meta property=\"og:site_name\" content=\"The Playoffs FR\" \/>\n<meta property=\"article:publisher\" content=\"https:\/\/www.facebook.com\/TheFreeAgentFR\/\" \/>\n<meta property=\"article:modified_time\" content=\"2023-02-24T12:51:27+01:00\" \/>\n<meta property=\"og:image\" content=\"https:\/\/theplayoffs.news\/fr\/wp-content\/uploads\/2023\/02\/8DEC17F2-7CE9-43EB-83B0-96749E905848.jpeg\" \/>\n\t<meta property=\"og:image:width\" content=\"1486\" \/>\n\t<meta property=\"og:image:height\" content=\"991\" \/>\n\t<meta property=\"og:image:type\" content=\"image\/jpeg\" \/>\n<meta name=\"author\" content=\"Alban Conejero\" \/>\n<meta name=\"twitter:card\" content=\"summary_large_image\" \/>\n<meta name=\"twitter:creator\" content=\"@TheFreeAgentFR\" \/>\n<meta name=\"twitter:site\" content=\"@TheFreeAgentFR\" \/>\n<meta name=\"twitter:label1\" content=\"\u00c9crit par\" \/>\n\t<meta name=\"twitter:data1\" content=\"Alban Conejero\" \/>\n\t<meta name=\"twitter:label2\" content=\"Dur\u00e9e de lecture estim\u00e9e\" \/>\n\t<meta name=\"twitter:data2\" content=\"1 minute\" \/>\n<script type=\"application\/ld+json\" class=\"yoast-schema-graph\">{\"@context\":\"https:\/\/schema.org\",\"@graph\":[{\"@type\":\"WebPage\",\"@id\":\"https:\/\/theplayoffs.news\/fr\/actualite-nba\/markkanen-historique-pour-utah\/\",\"url\":\"https:\/\/theplayoffs.news\/fr\/actualite-nba\/markkanen-historique-pour-utah\/\",\"name\":\"Lauri Markkanen historique pour Utah - The Playoffs FR\",\"isPartOf\":{\"@id\":\"https:\/\/theplayoffs.news\/fr\/#website\"},\"primaryImageOfPage\":{\"@id\":\"https:\/\/theplayoffs.news\/fr\/actualite-nba\/markkanen-historique-pour-utah\/#primaryimage\"},\"image\":{\"@id\":\"https:\/\/theplayoffs.news\/fr\/actualite-nba\/markkanen-historique-pour-utah\/#primaryimage\"},\"thumbnailUrl\":\"https:\/\/theplayoffs.news\/fr\/wp-content\/uploads\/2023\/02\/8DEC17F2-7CE9-43EB-83B0-96749E905848.jpeg\",\"datePublished\":\"2023-02-24T11:51:26+00:00\",\"dateModified\":\"2023-02-24T11:51:27+00:00\",\"author\":{\"@id\":\"https:\/\/theplayoffs.news\/fr\/#\/schema\/person\/3dd6319a9057ecd181d2351cdb03ccd2\"},\"breadcrumb\":{\"@id\":\"https:\/\/theplayoffs.news\/fr\/actualite-nba\/markkanen-historique-pour-utah\/#breadcrumb\"},\"inLanguage\":\"fr-FR\",\"potentialAction\":[{\"@type\":\"ReadAction\",\"target\":[\"https:\/\/theplayoffs.news\/fr\/actualite-nba\/markkanen-historique-pour-utah\/\"]}]},{\"@type\":\"ImageObject\",\"inLanguage\":\"fr-FR\",\"@id\":\"https:\/\/theplayoffs.news\/fr\/actualite-nba\/markkanen-historique-pour-utah\/#primaryimage\",\"url\":\"https:\/\/theplayoffs.news\/fr\/wp-content\/uploads\/2023\/02\/8DEC17F2-7CE9-43EB-83B0-96749E905848.jpeg\",\"contentUrl\":\"https:\/\/theplayoffs.news\/fr\/wp-content\/uploads\/2023\/02\/8DEC17F2-7CE9-43EB-83B0-96749E905848.jpeg\",\"width\":1486,\"height\":991,\"caption\":\"Markkanen\"},{\"@type\":\"BreadcrumbList\",\"@id\":\"https:\/\/theplayoffs.news\/fr\/actualite-nba\/markkanen-historique-pour-utah\/#breadcrumb\",\"itemListElement\":[{\"@type\":\"ListItem\",\"position\":1,\"name\":\"Accueil\",\"item\":\"https:\/\/theplayoffs.news\/fr\/\"},{\"@type\":\"ListItem\",\"position\":2,\"name\":\"Lauri Markkanen historique pour Utah\"}]},{\"@type\":\"WebSite\",\"@id\":\"https:\/\/theplayoffs.news\/fr\/#website\",\"url\":\"https:\/\/theplayoffs.news\/fr\/\",\"name\":\"The Playoffs FR\",\"description\":\"NBA-NFL-NHL-MLB\",\"potentialAction\":[{\"@type\":\"SearchAction\",\"target\":{\"@type\":\"EntryPoint\",\"urlTemplate\":\"https:\/\/theplayoffs.news\/fr\/?s={search_term_string}\"},\"query-input\":{\"@type\":\"PropertyValueSpecification\",\"valueRequired\":true,\"valueName\":\"search_term_string\"}}],\"inLanguage\":\"fr-FR\"},{\"@type\":\"Person\",\"@id\":\"https:\/\/theplayoffs.news\/fr\/#\/schema\/person\/3dd6319a9057ecd181d2351cdb03ccd2\",\"name\":\"Alban Conejero\",\"image\":{\"@type\":\"ImageObject\",\"inLanguage\":\"fr-FR\",\"@id\":\"https:\/\/theplayoffs.news\/fr\/#\/schema\/person\/image\/\",\"url\":\"https:\/\/secure.gravatar.com\/avatar\/ef2d5e8508f59dc7b4e42edb92917fc230c9f46d5eb7ec09de6d5b8e112de01f?s=96&d=mm&r=g\",\"contentUrl\":\"https:\/\/secure.gravatar.com\/avatar\/ef2d5e8508f59dc7b4e42edb92917fc230c9f46d5eb7ec09de6d5b8e112de01f?s=96&d=mm&r=g\",\"caption\":\"Alban Conejero\"},\"url\":\"https:\/\/theplayoffs.news\/fr\/author\/albanconejero26gmail-com\/\"}]}<\/script>\n<!-- \/ Yoast SEO plugin. -->","yoast_head_json":{"title":"Lauri Markkanen historique pour Utah - The Playoffs FR","robots":{"index":"index","follow":"follow","max-snippet":"max-snippet:-1","max-image-preview":"max-image-preview:large","max-video-preview":"max-video-preview:-1"},"canonical":"https:\/\/theplayoffs.news\/fr\/actualite-nba\/markkanen-historique-pour-utah\/","og_locale":"fr_FR","og_type":"article","og_title":"Lauri Markkanen historique pour Utah - The Playoffs FR","og_url":"https:\/\/theplayoffs.news\/fr\/actualite-nba\/markkanen-historique-pour-utah\/","og_site_name":"The Playoffs FR","article_publisher":"https:\/\/www.facebook.com\/TheFreeAgentFR\/","article_modified_time":"2023-02-24T11:51:27+00:00","og_image":[{"width":1486,"height":991,"url":"https:\/\/theplayoffs.news\/fr\/wp-content\/uploads\/2023\/02\/8DEC17F2-7CE9-43EB-83B0-96749E905848.jpeg","type":"image\/jpeg"}],"author":"Alban Conejero","twitter_card":"summary_large_image","twitter_creator":"@TheFreeAgentFR","twitter_site":"@TheFreeAgentFR","twitter_misc":{"\u00c9crit par":"Alban Conejero","Dur\u00e9e de lecture estim\u00e9e":"1 minute"},"schema":{"@context":"https:\/\/schema.org","@graph":[{"@type":"WebPage","@id":"https:\/\/theplayoffs.news\/fr\/actualite-nba\/markkanen-historique-pour-utah\/","url":"https:\/\/theplayoffs.news\/fr\/actualite-nba\/markkanen-historique-pour-utah\/","name":"Lauri Markkanen historique pour Utah - The Playoffs FR","isPartOf":{"@id":"https:\/\/theplayoffs.news\/fr\/#website"},"primaryImageOfPage":{"@id":"https:\/\/theplayoffs.news\/fr\/actualite-nba\/markkanen-historique-pour-utah\/#primaryimage"},"image":{"@id":"https:\/\/theplayoffs.news\/fr\/actualite-nba\/markkanen-historique-pour-utah\/#primaryimage"},"thumbnailUrl":"https:\/\/theplayoffs.news\/fr\/wp-content\/uploads\/2023\/02\/8DEC17F2-7CE9-43EB-83B0-96749E905848.jpeg","datePublished":"2023-02-24T11:51:26+00:00","dateModified":"2023-02-24T11:51:27+00:00","author":{"@id":"https:\/\/theplayoffs.news\/fr\/#\/schema\/person\/3dd6319a9057ecd181d2351cdb03ccd2"},"breadcrumb":{"@id":"https:\/\/theplayoffs.news\/fr\/actualite-nba\/markkanen-historique-pour-utah\/#breadcrumb"},"inLanguage":"fr-FR","potentialAction":[{"@type":"ReadAction","target":["https:\/\/theplayoffs.news\/fr\/actualite-nba\/markkanen-historique-pour-utah\/"]}]},{"@type":"ImageObject","inLanguage":"fr-FR","@id":"https:\/\/theplayoffs.news\/fr\/actualite-nba\/markkanen-historique-pour-utah\/#primaryimage","url":"https:\/\/theplayoffs.news\/fr\/wp-content\/uploads\/2023\/02\/8DEC17F2-7CE9-43EB-83B0-96749E905848.jpeg","contentUrl":"https:\/\/theplayoffs.news\/fr\/wp-content\/uploads\/2023\/02\/8DEC17F2-7CE9-43EB-83B0-96749E905848.jpeg","width":1486,"height":991,"caption":"Markkanen"},{"@type":"BreadcrumbList","@id":"https:\/\/theplayoffs.news\/fr\/actualite-nba\/markkanen-historique-pour-utah\/#breadcrumb","itemListElement":[{"@type":"ListItem","position":1,"name":"Accueil","item":"https:\/\/theplayoffs.news\/fr\/"},{"@type":"ListItem","position":2,"name":"Lauri Markkanen historique pour Utah"}]},{"@type":"WebSite","@id":"https:\/\/theplayoffs.news\/fr\/#website","url":"https:\/\/theplayoffs.news\/fr\/","name":"The Playoffs FR","description":"NBA-NFL-NHL-MLB","potentialAction":[{"@type":"SearchAction","target":{"@type":"EntryPoint","urlTemplate":"https:\/\/theplayoffs.news\/fr\/?s={search_term_string}"},"query-input":{"@type":"PropertyValueSpecification","valueRequired":true,"valueName":"search_term_string"}}],"inLanguage":"fr-FR"},{"@type":"Person","@id":"https:\/\/theplayoffs.news\/fr\/#\/schema\/person\/3dd6319a9057ecd181d2351cdb03ccd2","name":"Alban Conejero","image":{"@type":"ImageObject","inLanguage":"fr-FR","@id":"https:\/\/theplayoffs.news\/fr\/#\/schema\/person\/image\/","url":"https:\/\/secure.gravatar.com\/avatar\/ef2d5e8508f59dc7b4e42edb92917fc230c9f46d5eb7ec09de6d5b8e112de01f?s=96&d=mm&r=g","contentUrl":"https:\/\/secure.gravatar.com\/avatar\/ef2d5e8508f59dc7b4e42edb92917fc230c9f46d5eb7ec09de6d5b8e112de01f?s=96&d=mm&r=g","caption":"Alban Conejero"},"url":"https:\/\/theplayoffs.news\/fr\/author\/albanconejero26gmail-com\/"}]}},"_links":{"self":[{"href":"https:\/\/theplayoffs.news\/fr\/wp-json\/wp\/v2\/posts\/569214","targetHints":{"allow":["GET"]}}],"collection":[{"href":"https:\/\/theplayoffs.news\/fr\/wp-json\/wp\/v2\/posts"}],"about":[{"href":"https:\/\/theplayoffs.news\/fr\/wp-json\/wp\/v2\/types\/post"}],"author":[{"embeddable":true,"href":"https:\/\/theplayoffs.news\/fr\/wp-json\/wp\/v2\/users\/180310139"}],"replies":[{"embeddable":true,"href":"https:\/\/theplayoffs.news\/fr\/wp-json\/wp\/v2\/comments?post=569214"}],"version-history":[{"count":3,"href":"https:\/\/theplayoffs.news\/fr\/wp-json\/wp\/v2\/posts\/569214\/revisions"}],"predecessor-version":[{"id":569228,"href":"https:\/\/theplayoffs.news\/fr\/wp-json\/wp\/v2\/posts\/569214\/revisions\/569228"}],"wp:featuredmedia":[{"embeddable":true,"href":"https:\/\/theplayoffs.news\/fr\/wp-json\/wp\/v2\/media\/569224"}],"wp:attachment":[{"href":"https:\/\/theplayoffs.news\/fr\/wp-json\/wp\/v2\/media?parent=569214"}],"wp:term":[{"taxonomy":"category","embeddable":true,"href":"https:\/\/theplayoffs.news\/fr\/wp-json\/wp\/v2\/categories?post=569214"},{"taxonomy":"post_tag","embeddable":true,"href":"https:\/\/theplayoffs.news\/fr\/wp-json\/wp\/v2\/tags?post=569214"},{"taxonomy":"sport","embeddable":true,"href":"https:\/\/theplayoffs.news\/fr\/wp-json\/wp\/v2\/sport?post=569214"},{"taxonomy":"saison","embeddable":true,"href":"https:\/\/theplayoffs.news\/fr\/wp-json\/wp\/v2\/saison?post=569214"}],"curies":[{"name":"wp","href":"https:\/\/api.w.org\/{rel}","templated":true}]}}