{"id":569189,"date":"2023-02-24T12:07:47","date_gmt":"2023-02-24T11:07:47","guid":{"rendered":"https:\/\/theplayoffs.news\/fr\/?p=569189"},"modified":"2023-02-24T12:08:15","modified_gmt":"2023-02-24T11:08:15","slug":"eric-bieniemy-concentre-poste-coordinateur-offensif","status":"publish","type":"post","link":"https:\/\/theplayoffs.news\/fr\/actualite-nfl\/eric-bieniemy-concentre-poste-coordinateur-offensif\/","title":{"rendered":"Eric Bieniemy concentr\u00e9 sur son poste de coordinateur offensif"},"content":{"rendered":"<h2><strong>Son arriv&eacute;e chez les Commanders en a surpris plus d&rsquo;un mais Eric Bieniemy est bien d&eacute;cid&eacute; &agrave; faire taire les critiques l&rsquo;entourant.<\/strong><\/h2><p>Longtemps vu comme un entraineur en chef en puissance, son arriv&eacute;e en tant que coordinateur offensif des <a href=\"https:\/\/theplayoffs.news\/fr\/equipe\/washington-commanders-nfl\/\" class=\"trk-cta-link\" data-cta-trk='{\"ctaType\":\"Link\",\"ctaSubType\":\"main\"}'>Commanders<\/a> pourrait &ecirc;tre un tremplin vers cette fonction dans le futur. Mais pour l&rsquo;instant, sa seule pr&eacute;occupation est celle d&rsquo;&ecirc;tre un bon coordinateur offensif.<\/p><blockquote><p>&laquo;&nbsp;Regardez tout le talent&nbsp;&raquo;, <a href=\"https:\/\/www.espn.com\/nfl\/story\/_\/id\/35719316\/eric-bieniemy-focus-commanders-not-becoming-head-coach\" class=\"trk-cta-link\" data-cta-trk='{\"ctaType\":\"Link\",\"ctaSubType\":\"main\"}'>a d&eacute;clar&eacute; Eric Bieniemy<\/a>. &laquo;&nbsp;Je suis ravi de cette opportunit&eacute;. Je n&rsquo;ai aucun doute sur ce qu&rsquo;ils construisent ici. Je n&rsquo;ai jamais recul&eacute; devant un d&eacute;fi.&nbsp;&raquo;<\/p><\/blockquote><p>Les soutiens ont &eacute;t&eacute; nombreux au sein des Chiefs, &agrave; commencer par Patrick Mahomes, qui a affich&eacute; publiquement son soutient &agrave; son ancien coordinateur.<\/p><blockquote class=\"twitter-tweet\" data-width=\"500\" data-dnt=\"true\">\n<p lang=\"en\" dir=\"ltr\">There should be no questions on how great of a man\/coach Coach Bienemy is. His leadership has a direct impact on the player\/person i am today! 10+ years learning under one of the greatest coaches of all time.. and i cannot wait for him to continue to prove doubters wrong! &#128170;&#127997; <a href=\"https:\/\/t.co\/hyCo3Bly9E\" class=\"trk-cta-link\" data-cta-trk='{\"ctaType\":\"Link\",\"ctaSubType\":\"main\"}'>https:\/\/t.co\/hyCo3Bly9E<\/a><\/p>\n<p>&mdash; Patrick Mahomes II (@PatrickMahomes) <a href=\"https:\/\/twitter.com\/PatrickMahomes\/status\/1628842540156981248?ref_src=twsrc%5Etfw\" class=\"trk-cta-link\" data-cta-trk='{\"ctaType\":\"Link\",\"ctaSubType\":\"main\"}'>February 23, 2023<\/a><\/p><\/blockquote><p><script async src=\"https:\/\/platform.twitter.com\/widgets.js\" charset=\"utf-8\"><\/script><\/p><p>Pour Eric Bieniemy, il &eacute;tait difficile de quitter les Chiefs apr&egrave;s 10 saisons. Mais pour lui, le temps &eacute;tait venu de passer &agrave; autre chose. Au moment o&ugrave; l&rsquo;avion a atterri &agrave; Kansas City apr&egrave;s la victoire du Super Bowl, Bieniemy a d&eacute;clar&eacute; qu&rsquo;il savait que son temps l&agrave;-bas &eacute;tait termin&eacute;.<\/p><blockquote><p>&laquo;&nbsp;Nous avons eu beaucoup de succ&egrave;s. J&rsquo;ai eu la chance et la chance d&rsquo;avoir cette opportunit&eacute; et de partager cet espace avec des gens incroyables&nbsp;&raquo;, a d&eacute;clar&eacute; Bieniemy. &laquo;&nbsp;Mais une chose dans ce m&eacute;tier, c&rsquo;est qu&rsquo;on apprend que le confort est l&rsquo;ennemi du progr&egrave;s. Donc, au bout du compte, je n&rsquo;aime pas &ecirc;tre &agrave; l&rsquo;aise. J&rsquo;accepte les d&eacute;fis et j&rsquo;avance. Cela repr&eacute;sente un d&eacute;fi tome.&nbsp;&raquo;<\/p><\/blockquote><p>&nbsp;<\/p>\n","protected":false},"excerpt":{"rendered":"","protected":false},"author":13,"featured_media":569192,"comment_status":"open","ping_status":"closed","sticky":false,"template":"","format":"standard","meta":{"inline_featured_image":false,"kia_subtitle":"","_mux_skip_reasons":[],"proofreadBy":0,"footnotes":""},"categories":[118,40],"tags":[3292,3285],"sport":[],"saison":[],"class_list":["post-569189","post","type-post","status-publish","format-standard","has-post-thumbnail","hentry","category-actualite-nfl","category-nfl","tag-eric-bieniemy","tag-washington-commanders"],"acf":[],"yoast_head":"<!-- This site is optimized with the Yoast SEO plugin v24.2 - https:\/\/yoast.com\/wordpress\/plugins\/seo\/ -->\n<title>Eric Bieniemy concentr&eacute; sur son poste de coordinateur offensif - The Playoffs FR<\/title>\n<meta name=\"robots\" content=\"index, follow, max-snippet:-1, max-image-preview:large, max-video-preview:-1\" \/>\n<link rel=\"canonical\" href=\"https:\/\/theplayoffs.news\/fr\/actualite-nfl\/eric-bieniemy-concentre-poste-coordinateur-offensif\/\" \/>\n<meta property=\"og:locale\" content=\"fr_FR\" \/>\n<meta property=\"og:type\" content=\"article\" \/>\n<meta property=\"og:title\" content=\"Eric Bieniemy concentr&eacute; sur son poste de coordinateur offensif - The Playoffs FR\" \/>\n<meta property=\"og:url\" content=\"https:\/\/theplayoffs.news\/fr\/actualite-nfl\/eric-bieniemy-concentre-poste-coordinateur-offensif\/\" \/>\n<meta property=\"og:site_name\" content=\"The Playoffs FR\" \/>\n<meta property=\"article:publisher\" content=\"https:\/\/www.facebook.com\/TheFreeAgentFR\/\" \/>\n<meta property=\"article:modified_time\" content=\"2023-02-24T12:08:15+01:00\" \/>\n<meta property=\"og:image\" content=\"https:\/\/theplayoffs.news\/fr\/wp-content\/uploads\/2023\/02\/tinywow_USATSI_20066520_168393913_lowres-e1677177183726_14670681.jpg\" \/>\n\t<meta property=\"og:image:width\" content=\"1416\" \/>\n\t<meta property=\"og:image:height\" content=\"795\" \/>\n\t<meta property=\"og:image:type\" content=\"image\/jpeg\" \/>\n<meta name=\"author\" content=\"Charles Taudin\" \/>\n<meta name=\"twitter:card\" content=\"summary_large_image\" \/>\n<meta name=\"twitter:creator\" content=\"@TheFreeAgentFR\" \/>\n<meta name=\"twitter:site\" content=\"@TheFreeAgentFR\" \/>\n<meta name=\"twitter:label1\" content=\"\u00c9crit par\" \/>\n\t<meta name=\"twitter:data1\" content=\"Charles Taudin\" \/>\n\t<meta name=\"twitter:label2\" content=\"Dur\u00e9e de lecture estim\u00e9e\" \/>\n\t<meta name=\"twitter:data2\" content=\"1 minute\" \/>\n<script type=\"application\/ld+json\" class=\"yoast-schema-graph\">{\"@context\":\"https:\/\/schema.org\",\"@graph\":[{\"@type\":\"WebPage\",\"@id\":\"https:\/\/theplayoffs.news\/fr\/actualite-nfl\/eric-bieniemy-concentre-poste-coordinateur-offensif\/\",\"url\":\"https:\/\/theplayoffs.news\/fr\/actualite-nfl\/eric-bieniemy-concentre-poste-coordinateur-offensif\/\",\"name\":\"Eric Bieniemy concentr\u00e9 sur son poste de coordinateur offensif - The Playoffs FR\",\"isPartOf\":{\"@id\":\"https:\/\/theplayoffs.news\/fr\/#website\"},\"primaryImageOfPage\":{\"@id\":\"https:\/\/theplayoffs.news\/fr\/actualite-nfl\/eric-bieniemy-concentre-poste-coordinateur-offensif\/#primaryimage\"},\"image\":{\"@id\":\"https:\/\/theplayoffs.news\/fr\/actualite-nfl\/eric-bieniemy-concentre-poste-coordinateur-offensif\/#primaryimage\"},\"thumbnailUrl\":\"https:\/\/theplayoffs.news\/fr\/wp-content\/uploads\/2023\/02\/tinywow_USATSI_20066520_168393913_lowres-e1677177183726_14670681.jpg\",\"datePublished\":\"2023-02-24T11:07:47+00:00\",\"dateModified\":\"2023-02-24T11:08:15+00:00\",\"author\":{\"@id\":\"https:\/\/theplayoffs.news\/fr\/#\/schema\/person\/eee5b69ad5d3c51cabe881c839dbe133\"},\"breadcrumb\":{\"@id\":\"https:\/\/theplayoffs.news\/fr\/actualite-nfl\/eric-bieniemy-concentre-poste-coordinateur-offensif\/#breadcrumb\"},\"inLanguage\":\"fr-FR\",\"potentialAction\":[{\"@type\":\"ReadAction\",\"target\":[\"https:\/\/theplayoffs.news\/fr\/actualite-nfl\/eric-bieniemy-concentre-poste-coordinateur-offensif\/\"]}]},{\"@type\":\"ImageObject\",\"inLanguage\":\"fr-FR\",\"@id\":\"https:\/\/theplayoffs.news\/fr\/actualite-nfl\/eric-bieniemy-concentre-poste-coordinateur-offensif\/#primaryimage\",\"url\":\"https:\/\/theplayoffs.news\/fr\/wp-content\/uploads\/2023\/02\/tinywow_USATSI_20066520_168393913_lowres-e1677177183726_14670681.jpg\",\"contentUrl\":\"https:\/\/theplayoffs.news\/fr\/wp-content\/uploads\/2023\/02\/tinywow_USATSI_20066520_168393913_lowres-e1677177183726_14670681.jpg\",\"width\":1416,\"height\":795,\"caption\":\"Eric Bieniemy\"},{\"@type\":\"BreadcrumbList\",\"@id\":\"https:\/\/theplayoffs.news\/fr\/actualite-nfl\/eric-bieniemy-concentre-poste-coordinateur-offensif\/#breadcrumb\",\"itemListElement\":[{\"@type\":\"ListItem\",\"position\":1,\"name\":\"Accueil\",\"item\":\"https:\/\/theplayoffs.news\/fr\/\"},{\"@type\":\"ListItem\",\"position\":2,\"name\":\"Eric Bieniemy concentr\u00e9 sur son poste de coordinateur offensif\"}]},{\"@type\":\"WebSite\",\"@id\":\"https:\/\/theplayoffs.news\/fr\/#website\",\"url\":\"https:\/\/theplayoffs.news\/fr\/\",\"name\":\"The Playoffs FR\",\"description\":\"NBA-NFL-NHL-MLB\",\"potentialAction\":[{\"@type\":\"SearchAction\",\"target\":{\"@type\":\"EntryPoint\",\"urlTemplate\":\"https:\/\/theplayoffs.news\/fr\/?s={search_term_string}\"},\"query-input\":{\"@type\":\"PropertyValueSpecification\",\"valueRequired\":true,\"valueName\":\"search_term_string\"}}],\"inLanguage\":\"fr-FR\"},{\"@type\":\"Person\",\"@id\":\"https:\/\/theplayoffs.news\/fr\/#\/schema\/person\/eee5b69ad5d3c51cabe881c839dbe133\",\"name\":\"Charles Taudin\",\"image\":{\"@type\":\"ImageObject\",\"inLanguage\":\"fr-FR\",\"@id\":\"https:\/\/theplayoffs.news\/fr\/#\/schema\/person\/image\/\",\"url\":\"https:\/\/secure.gravatar.com\/avatar\/59a1e772205ce9fd255edfcafc93013736822e20261f294c5753b20c41ede9f2?s=96&d=mm&r=g\",\"contentUrl\":\"https:\/\/secure.gravatar.com\/avatar\/59a1e772205ce9fd255edfcafc93013736822e20261f294c5753b20c41ede9f2?s=96&d=mm&r=g\",\"caption\":\"Charles Taudin\"},\"description\":\"R\u00e9dacteur en chef global de The Playoffs, j\u2019ai cr\u00e9\u00e9 The Free Agent, devenu The Playoffs FR, en 2020 durant la pand\u00e9mie. Amoureux depuis des ann\u00e9es des 4 sports majeurs am\u00e9ricains, j\u2019organise maintenant la strat\u00e9gie \u00e9ditoriale et les r\u00e9seaux sociaux de l\u2019ensemble des versions de The Playoffs. Il m\u2019arrive encore d\u2019\u00e9crire sur certains sports que j\u2019affectionne particuli\u00e8rement comme la NFL ou la MLB. Si vous devez retenir qu\u2019une chose : Eli Manning est le vrai GOAT pour avoir battu deux fois Tom Brady.\",\"sameAs\":[\"https:\/\/www.instagram.com\/ctaudin_\/\"],\"url\":\"https:\/\/theplayoffs.news\/fr\/author\/charles-taudin\/\"}]}<\/script>\n<!-- \/ Yoast SEO plugin. -->","yoast_head_json":{"title":"Eric Bieniemy concentr&eacute; sur son poste de coordinateur offensif - The Playoffs FR","robots":{"index":"index","follow":"follow","max-snippet":"max-snippet:-1","max-image-preview":"max-image-preview:large","max-video-preview":"max-video-preview:-1"},"canonical":"https:\/\/theplayoffs.news\/fr\/actualite-nfl\/eric-bieniemy-concentre-poste-coordinateur-offensif\/","og_locale":"fr_FR","og_type":"article","og_title":"Eric Bieniemy concentr&eacute; sur son poste de coordinateur offensif - The Playoffs FR","og_url":"https:\/\/theplayoffs.news\/fr\/actualite-nfl\/eric-bieniemy-concentre-poste-coordinateur-offensif\/","og_site_name":"The Playoffs FR","article_publisher":"https:\/\/www.facebook.com\/TheFreeAgentFR\/","article_modified_time":"2023-02-24T11:08:15+00:00","og_image":[{"width":1416,"height":795,"url":"https:\/\/theplayoffs.news\/fr\/wp-content\/uploads\/2023\/02\/tinywow_USATSI_20066520_168393913_lowres-e1677177183726_14670681.jpg","type":"image\/jpeg"}],"author":"Charles Taudin","twitter_card":"summary_large_image","twitter_creator":"@TheFreeAgentFR","twitter_site":"@TheFreeAgentFR","twitter_misc":{"\u00c9crit par":"Charles Taudin","Dur\u00e9e de lecture estim\u00e9e":"1 minute"},"schema":{"@context":"https:\/\/schema.org","@graph":[{"@type":"WebPage","@id":"https:\/\/theplayoffs.news\/fr\/actualite-nfl\/eric-bieniemy-concentre-poste-coordinateur-offensif\/","url":"https:\/\/theplayoffs.news\/fr\/actualite-nfl\/eric-bieniemy-concentre-poste-coordinateur-offensif\/","name":"Eric Bieniemy concentr\u00e9 sur son poste de coordinateur offensif - The Playoffs FR","isPartOf":{"@id":"https:\/\/theplayoffs.news\/fr\/#website"},"primaryImageOfPage":{"@id":"https:\/\/theplayoffs.news\/fr\/actualite-nfl\/eric-bieniemy-concentre-poste-coordinateur-offensif\/#primaryimage"},"image":{"@id":"https:\/\/theplayoffs.news\/fr\/actualite-nfl\/eric-bieniemy-concentre-poste-coordinateur-offensif\/#primaryimage"},"thumbnailUrl":"https:\/\/theplayoffs.news\/fr\/wp-content\/uploads\/2023\/02\/tinywow_USATSI_20066520_168393913_lowres-e1677177183726_14670681.jpg","datePublished":"2023-02-24T11:07:47+00:00","dateModified":"2023-02-24T11:08:15+00:00","author":{"@id":"https:\/\/theplayoffs.news\/fr\/#\/schema\/person\/eee5b69ad5d3c51cabe881c839dbe133"},"breadcrumb":{"@id":"https:\/\/theplayoffs.news\/fr\/actualite-nfl\/eric-bieniemy-concentre-poste-coordinateur-offensif\/#breadcrumb"},"inLanguage":"fr-FR","potentialAction":[{"@type":"ReadAction","target":["https:\/\/theplayoffs.news\/fr\/actualite-nfl\/eric-bieniemy-concentre-poste-coordinateur-offensif\/"]}]},{"@type":"ImageObject","inLanguage":"fr-FR","@id":"https:\/\/theplayoffs.news\/fr\/actualite-nfl\/eric-bieniemy-concentre-poste-coordinateur-offensif\/#primaryimage","url":"https:\/\/theplayoffs.news\/fr\/wp-content\/uploads\/2023\/02\/tinywow_USATSI_20066520_168393913_lowres-e1677177183726_14670681.jpg","contentUrl":"https:\/\/theplayoffs.news\/fr\/wp-content\/uploads\/2023\/02\/tinywow_USATSI_20066520_168393913_lowres-e1677177183726_14670681.jpg","width":1416,"height":795,"caption":"Eric Bieniemy"},{"@type":"BreadcrumbList","@id":"https:\/\/theplayoffs.news\/fr\/actualite-nfl\/eric-bieniemy-concentre-poste-coordinateur-offensif\/#breadcrumb","itemListElement":[{"@type":"ListItem","position":1,"name":"Accueil","item":"https:\/\/theplayoffs.news\/fr\/"},{"@type":"ListItem","position":2,"name":"Eric Bieniemy concentr\u00e9 sur son poste de coordinateur offensif"}]},{"@type":"WebSite","@id":"https:\/\/theplayoffs.news\/fr\/#website","url":"https:\/\/theplayoffs.news\/fr\/","name":"The Playoffs FR","description":"NBA-NFL-NHL-MLB","potentialAction":[{"@type":"SearchAction","target":{"@type":"EntryPoint","urlTemplate":"https:\/\/theplayoffs.news\/fr\/?s={search_term_string}"},"query-input":{"@type":"PropertyValueSpecification","valueRequired":true,"valueName":"search_term_string"}}],"inLanguage":"fr-FR"},{"@type":"Person","@id":"https:\/\/theplayoffs.news\/fr\/#\/schema\/person\/eee5b69ad5d3c51cabe881c839dbe133","name":"Charles Taudin","image":{"@type":"ImageObject","inLanguage":"fr-FR","@id":"https:\/\/theplayoffs.news\/fr\/#\/schema\/person\/image\/","url":"https:\/\/secure.gravatar.com\/avatar\/59a1e772205ce9fd255edfcafc93013736822e20261f294c5753b20c41ede9f2?s=96&d=mm&r=g","contentUrl":"https:\/\/secure.gravatar.com\/avatar\/59a1e772205ce9fd255edfcafc93013736822e20261f294c5753b20c41ede9f2?s=96&d=mm&r=g","caption":"Charles Taudin"},"description":"R\u00e9dacteur en chef global de The Playoffs, j\u2019ai cr\u00e9\u00e9 The Free Agent, devenu The Playoffs FR, en 2020 durant la pand\u00e9mie. Amoureux depuis des ann\u00e9es des 4 sports majeurs am\u00e9ricains, j\u2019organise maintenant la strat\u00e9gie \u00e9ditoriale et les r\u00e9seaux sociaux de l\u2019ensemble des versions de The Playoffs. Il m\u2019arrive encore d\u2019\u00e9crire sur certains sports que j\u2019affectionne particuli\u00e8rement comme la NFL ou la MLB. Si vous devez retenir qu\u2019une chose : Eli Manning est le vrai GOAT pour avoir battu deux fois Tom Brady.","sameAs":["https:\/\/www.instagram.com\/ctaudin_\/"],"url":"https:\/\/theplayoffs.news\/fr\/author\/charles-taudin\/"}]}},"_links":{"self":[{"href":"https:\/\/theplayoffs.news\/fr\/wp-json\/wp\/v2\/posts\/569189","targetHints":{"allow":["GET"]}}],"collection":[{"href":"https:\/\/theplayoffs.news\/fr\/wp-json\/wp\/v2\/posts"}],"about":[{"href":"https:\/\/theplayoffs.news\/fr\/wp-json\/wp\/v2\/types\/post"}],"author":[{"embeddable":true,"href":"https:\/\/theplayoffs.news\/fr\/wp-json\/wp\/v2\/users\/13"}],"replies":[{"embeddable":true,"href":"https:\/\/theplayoffs.news\/fr\/wp-json\/wp\/v2\/comments?post=569189"}],"version-history":[{"count":3,"href":"https:\/\/theplayoffs.news\/fr\/wp-json\/wp\/v2\/posts\/569189\/revisions"}],"predecessor-version":[{"id":569198,"href":"https:\/\/theplayoffs.news\/fr\/wp-json\/wp\/v2\/posts\/569189\/revisions\/569198"}],"wp:featuredmedia":[{"embeddable":true,"href":"https:\/\/theplayoffs.news\/fr\/wp-json\/wp\/v2\/media\/569192"}],"wp:attachment":[{"href":"https:\/\/theplayoffs.news\/fr\/wp-json\/wp\/v2\/media?parent=569189"}],"wp:term":[{"taxonomy":"category","embeddable":true,"href":"https:\/\/theplayoffs.news\/fr\/wp-json\/wp\/v2\/categories?post=569189"},{"taxonomy":"post_tag","embeddable":true,"href":"https:\/\/theplayoffs.news\/fr\/wp-json\/wp\/v2\/tags?post=569189"},{"taxonomy":"sport","embeddable":true,"href":"https:\/\/theplayoffs.news\/fr\/wp-json\/wp\/v2\/sport?post=569189"},{"taxonomy":"saison","embeddable":true,"href":"https:\/\/theplayoffs.news\/fr\/wp-json\/wp\/v2\/saison?post=569189"}],"curies":[{"name":"wp","href":"https:\/\/api.w.org\/{rel}","templated":true}]}}