{"id":568980,"date":"2023-02-23T15:19:35","date_gmt":"2023-02-23T14:19:35","guid":{"rendered":"https:\/\/theplayoffs.news\/fr\/?p=568980"},"modified":"2023-02-23T15:19:36","modified_gmt":"2023-02-23T14:19:36","slug":"gary-payton-depourvu-retour-warriors","status":"publish","type":"post","link":"https:\/\/theplayoffs.news\/fr\/actualite-nba\/gary-payton-depourvu-retour-warriors\/","title":{"rendered":"Gary Payton II \u00ab\u00a0pris au d\u00e9pourvu\u00a0\u00bb par son retour aux Warriors"},"content":{"rendered":"<h2>Gary Payton II est de retour chez les Golden State Warriors apr&egrave;s que la franchise l&rsquo;ait acquis des Portland Trail Blazers &agrave; la trade deadline, mais le mouvement l&rsquo;a pris par surprise.<\/h2><p>&nbsp;<\/p><p><a href=\"https:\/\/theplayoffs.news\/fr\/joueur\/gary-payton-ii-nba-6269806\/\" class=\"trk-cta-link\" data-cta-trk='{\"ctaType\":\"Link\",\"ctaSubType\":\"main\"}'>Gary Payton II<\/a> a d&eacute;clar&eacute; aux journalistes mercredi qu&rsquo;il a &eacute;t&eacute; <a href=\"https:\/\/twitter.com\/WORLDNE10696852\/status\/1628711796948205569?ref_src=twsrc%5Etfw%7Ctwcamp%5Etweetembed%7Ctwterm%5E1628711796948205569%7Ctwgr%5Ee09eb849cee3e3efeb50dfec18b4c728f80e8e43%7Ctwcon%5Es1_c10&amp;ref_url=https%3A%2F%2Fthefreeagent.fr%2Fwp-admin%2Fpost-new.php\" class=\"trk-cta-link\" data-cta-trk='{\"ctaType\":\"Link\",\"ctaSubType\":\"main\"}'>&laquo;&nbsp;pris au d&eacute;pourvu&nbsp;&raquo;<\/a> par l&rsquo;accord qui l&rsquo;a renvoy&eacute; chez l&rsquo;&eacute;quipe avec laquelle il a remport&eacute; le titre NBA en 2022.<\/p><p>https:\/\/twitter.com\/WORLDNE10696852\/status\/1628711796948205569?s=20<\/p><p>Malheureusement pour Gary Payton II et les Warriors, son examen physique a &eacute;t&eacute; signal&eacute; par le staff m&eacute;dical de l&rsquo;&eacute;quipe, car il souffre d&rsquo;une &laquo;&nbsp;douleur persistante&nbsp;&raquo; due &agrave; une op&eacute;ration du muscle central effectu&eacute;e l&rsquo;&eacute;t&eacute; dernier.<\/p><p>L&rsquo;&eacute;change a &eacute;t&eacute; retard&eacute; de trois jours avant que Golden State ne d&eacute;cide finalement d&rsquo;accepter la transaction. La NBA enqu&ecirc;te sur une plainte des Warriors selon laquelle les Blazers n&rsquo;ont pas divulgu&eacute; d&rsquo;informations m&eacute;dicales pertinentes lors des n&eacute;gociations commerciales.<\/p><p>Payton devrait &ecirc;tre sur la touche au moins jusqu&rsquo;&agrave; la mi-mars en raison d&rsquo;une blessure &agrave; l&rsquo;abdomen, mais il est esp&eacute;r&eacute; r&eacute;tabli pour la post-saison. Interview&eacute; par la cha&icirc;ne Youtube de sa franchise, il a d&eacute;clar&eacute; :<\/p><p>&nbsp;<\/p><blockquote><p>&laquo;&nbsp;J&rsquo;essaie juste de r&eacute;cup&eacute;rer mon corps, d&rsquo;&ecirc;tre pr&ecirc;t, pour pouvoir revenir sur le terrain, aider mon &eacute;quipe et l&rsquo;aider &agrave; revenir l&agrave; o&ugrave; elle est cens&eacute;e &ecirc;tre. Je connais mon corps. Je sais quand je suis pr&ecirc;t &agrave; aller sur le terrain, pr&ecirc;t &agrave; &ecirc;tre moi-m&ecirc;me. Cela a pris plus de temps que d&rsquo;habitude, et mon corps n&rsquo;&eacute;tait pas pr&ecirc;t. Il ne l&rsquo;est toujours pas. Nous allons prendre les choses au jour le jour.&nbsp;&raquo;<\/p><\/blockquote><p>&nbsp;<\/p><p>Gary Payton II a manqu&eacute; les 35 premiers matchs de la saison, mais a fait 15 apparitions depuis, avec une moyenne de 4,1 points, 2,6 rebonds et 1,1 interception en 17, minutes par match.<\/p><p>Les Warriors (29-29) affrontent cette nuit les Los Angeles Lakers (27-32) pour la reprise de la NBA apr&egrave;s le All-Star Break.<\/p>\n","protected":false},"excerpt":{"rendered":"","protected":false},"author":180310144,"featured_media":338300,"comment_status":"open","ping_status":"closed","sticky":false,"template":"","format":"standard","meta":{"inline_featured_image":false,"kia_subtitle":"","_mux_skip_reasons":[],"proofreadBy":0,"footnotes":""},"categories":[110,10],"tags":[4135,1097,23],"sport":[],"saison":[],"class_list":["post-568980","post","type-post","status-publish","format-standard","has-post-thumbnail","hentry","category-actualite-nba","category-nba","tag-gary-payton","tag-golden-state-warriors","tag-nba-tag"],"acf":[],"yoast_head":"<!-- This site is optimized with the Yoast SEO plugin v24.2 - https:\/\/yoast.com\/wordpress\/plugins\/seo\/ -->\n<title>Gary Payton II &quot;pris au d&eacute;pourvu&quot; par son retour aux Warriors - The Playoffs FR<\/title>\n<meta name=\"robots\" content=\"index, follow, max-snippet:-1, max-image-preview:large, max-video-preview:-1\" \/>\n<link rel=\"canonical\" href=\"https:\/\/theplayoffs.news\/fr\/actualite-nba\/gary-payton-depourvu-retour-warriors\/\" \/>\n<meta property=\"og:locale\" content=\"fr_FR\" \/>\n<meta property=\"og:type\" content=\"article\" \/>\n<meta property=\"og:title\" content=\"Gary Payton II &quot;pris au d&eacute;pourvu&quot; par son retour aux Warriors - The Playoffs FR\" \/>\n<meta property=\"og:url\" content=\"https:\/\/theplayoffs.news\/fr\/actualite-nba\/gary-payton-depourvu-retour-warriors\/\" \/>\n<meta property=\"og:site_name\" content=\"The Playoffs FR\" \/>\n<meta property=\"article:publisher\" content=\"https:\/\/www.facebook.com\/TheFreeAgentFR\/\" \/>\n<meta property=\"article:modified_time\" content=\"2023-02-23T15:19:36+01:00\" \/>\n<meta property=\"og:image\" content=\"https:\/\/theplayoffs.news\/fr\/wp-content\/uploads\/2022\/04\/payton.jpeg\" \/>\n\t<meta property=\"og:image:width\" content=\"1389\" \/>\n\t<meta property=\"og:image:height\" content=\"898\" \/>\n\t<meta property=\"og:image:type\" content=\"image\/jpeg\" \/>\n<meta name=\"author\" content=\"Evan Glomot\" \/>\n<meta name=\"twitter:card\" content=\"summary_large_image\" \/>\n<meta name=\"twitter:creator\" content=\"@TheFreeAgentFR\" \/>\n<meta name=\"twitter:site\" content=\"@TheFreeAgentFR\" \/>\n<meta name=\"twitter:label1\" content=\"\u00c9crit par\" \/>\n\t<meta name=\"twitter:data1\" content=\"Evan Glomot\" \/>\n\t<meta name=\"twitter:label2\" content=\"Dur\u00e9e de lecture estim\u00e9e\" \/>\n\t<meta name=\"twitter:data2\" content=\"2 minutes\" \/>\n<script type=\"application\/ld+json\" class=\"yoast-schema-graph\">{\"@context\":\"https:\/\/schema.org\",\"@graph\":[{\"@type\":\"WebPage\",\"@id\":\"https:\/\/theplayoffs.news\/fr\/actualite-nba\/gary-payton-depourvu-retour-warriors\/\",\"url\":\"https:\/\/theplayoffs.news\/fr\/actualite-nba\/gary-payton-depourvu-retour-warriors\/\",\"name\":\"Gary Payton II \\\\\\\"pris au d\u00e9pourvu\\\\\\\" par son retour aux Warriors - The Playoffs FR\",\"isPartOf\":{\"@id\":\"https:\/\/theplayoffs.news\/fr\/#website\"},\"primaryImageOfPage\":{\"@id\":\"https:\/\/theplayoffs.news\/fr\/actualite-nba\/gary-payton-depourvu-retour-warriors\/#primaryimage\"},\"image\":{\"@id\":\"https:\/\/theplayoffs.news\/fr\/actualite-nba\/gary-payton-depourvu-retour-warriors\/#primaryimage\"},\"thumbnailUrl\":\"https:\/\/theplayoffs.news\/fr\/wp-content\/uploads\/2022\/04\/payton.jpeg\",\"datePublished\":\"2023-02-23T14:19:35+00:00\",\"dateModified\":\"2023-02-23T14:19:36+00:00\",\"author\":{\"@id\":\"https:\/\/theplayoffs.news\/fr\/#\/schema\/person\/efcb1404f7c790a161fdc0aa29e81646\"},\"breadcrumb\":{\"@id\":\"https:\/\/theplayoffs.news\/fr\/actualite-nba\/gary-payton-depourvu-retour-warriors\/#breadcrumb\"},\"inLanguage\":\"fr-FR\",\"potentialAction\":[{\"@type\":\"ReadAction\",\"target\":[\"https:\/\/theplayoffs.news\/fr\/actualite-nba\/gary-payton-depourvu-retour-warriors\/\"]}]},{\"@type\":\"ImageObject\",\"inLanguage\":\"fr-FR\",\"@id\":\"https:\/\/theplayoffs.news\/fr\/actualite-nba\/gary-payton-depourvu-retour-warriors\/#primaryimage\",\"url\":\"https:\/\/theplayoffs.news\/fr\/wp-content\/uploads\/2022\/04\/payton.jpeg\",\"contentUrl\":\"https:\/\/theplayoffs.news\/fr\/wp-content\/uploads\/2022\/04\/payton.jpeg\",\"width\":1389,\"height\":898,\"caption\":\"gary payton\"},{\"@type\":\"BreadcrumbList\",\"@id\":\"https:\/\/theplayoffs.news\/fr\/actualite-nba\/gary-payton-depourvu-retour-warriors\/#breadcrumb\",\"itemListElement\":[{\"@type\":\"ListItem\",\"position\":1,\"name\":\"Accueil\",\"item\":\"https:\/\/theplayoffs.news\/fr\/\"},{\"@type\":\"ListItem\",\"position\":2,\"name\":\"Gary Payton II \u00ab\u00a0pris au d\u00e9pourvu\u00a0\u00bb par son retour aux Warriors\"}]},{\"@type\":\"WebSite\",\"@id\":\"https:\/\/theplayoffs.news\/fr\/#website\",\"url\":\"https:\/\/theplayoffs.news\/fr\/\",\"name\":\"The Playoffs FR\",\"description\":\"NBA-NFL-NHL-MLB\",\"potentialAction\":[{\"@type\":\"SearchAction\",\"target\":{\"@type\":\"EntryPoint\",\"urlTemplate\":\"https:\/\/theplayoffs.news\/fr\/?s={search_term_string}\"},\"query-input\":{\"@type\":\"PropertyValueSpecification\",\"valueRequired\":true,\"valueName\":\"search_term_string\"}}],\"inLanguage\":\"fr-FR\"},{\"@type\":\"Person\",\"@id\":\"https:\/\/theplayoffs.news\/fr\/#\/schema\/person\/efcb1404f7c790a161fdc0aa29e81646\",\"name\":\"Evan Glomot\",\"image\":{\"@type\":\"ImageObject\",\"inLanguage\":\"fr-FR\",\"@id\":\"https:\/\/theplayoffs.news\/fr\/#\/schema\/person\/image\/\",\"url\":\"https:\/\/secure.gravatar.com\/avatar\/93e18dce985a4dfed140ef5ef5ecc82be40a165cbb4838e421f46abb52b7c315?s=96&d=mm&r=g\",\"contentUrl\":\"https:\/\/secure.gravatar.com\/avatar\/93e18dce985a4dfed140ef5ef5ecc82be40a165cbb4838e421f46abb52b7c315?s=96&d=mm&r=g\",\"caption\":\"Evan Glomot\"},\"url\":\"https:\/\/theplayoffs.news\/fr\/author\/evanglomotgmail-com\/\"}]}<\/script>\n<!-- \/ Yoast SEO plugin. -->","yoast_head_json":{"title":"Gary Payton II &quot;pris au d&eacute;pourvu&quot; par son retour aux Warriors - The Playoffs FR","robots":{"index":"index","follow":"follow","max-snippet":"max-snippet:-1","max-image-preview":"max-image-preview:large","max-video-preview":"max-video-preview:-1"},"canonical":"https:\/\/theplayoffs.news\/fr\/actualite-nba\/gary-payton-depourvu-retour-warriors\/","og_locale":"fr_FR","og_type":"article","og_title":"Gary Payton II &quot;pris au d&eacute;pourvu&quot; par son retour aux Warriors - The Playoffs FR","og_url":"https:\/\/theplayoffs.news\/fr\/actualite-nba\/gary-payton-depourvu-retour-warriors\/","og_site_name":"The Playoffs FR","article_publisher":"https:\/\/www.facebook.com\/TheFreeAgentFR\/","article_modified_time":"2023-02-23T14:19:36+00:00","og_image":[{"width":1389,"height":898,"url":"https:\/\/theplayoffs.news\/fr\/wp-content\/uploads\/2022\/04\/payton.jpeg","type":"image\/jpeg"}],"author":"Evan Glomot","twitter_card":"summary_large_image","twitter_creator":"@TheFreeAgentFR","twitter_site":"@TheFreeAgentFR","twitter_misc":{"\u00c9crit par":"Evan Glomot","Dur\u00e9e de lecture estim\u00e9e":"2 minutes"},"schema":{"@context":"https:\/\/schema.org","@graph":[{"@type":"WebPage","@id":"https:\/\/theplayoffs.news\/fr\/actualite-nba\/gary-payton-depourvu-retour-warriors\/","url":"https:\/\/theplayoffs.news\/fr\/actualite-nba\/gary-payton-depourvu-retour-warriors\/","name":"Gary Payton II \\\"pris au d\u00e9pourvu\\\" par son retour aux Warriors - The Playoffs FR","isPartOf":{"@id":"https:\/\/theplayoffs.news\/fr\/#website"},"primaryImageOfPage":{"@id":"https:\/\/theplayoffs.news\/fr\/actualite-nba\/gary-payton-depourvu-retour-warriors\/#primaryimage"},"image":{"@id":"https:\/\/theplayoffs.news\/fr\/actualite-nba\/gary-payton-depourvu-retour-warriors\/#primaryimage"},"thumbnailUrl":"https:\/\/theplayoffs.news\/fr\/wp-content\/uploads\/2022\/04\/payton.jpeg","datePublished":"2023-02-23T14:19:35+00:00","dateModified":"2023-02-23T14:19:36+00:00","author":{"@id":"https:\/\/theplayoffs.news\/fr\/#\/schema\/person\/efcb1404f7c790a161fdc0aa29e81646"},"breadcrumb":{"@id":"https:\/\/theplayoffs.news\/fr\/actualite-nba\/gary-payton-depourvu-retour-warriors\/#breadcrumb"},"inLanguage":"fr-FR","potentialAction":[{"@type":"ReadAction","target":["https:\/\/theplayoffs.news\/fr\/actualite-nba\/gary-payton-depourvu-retour-warriors\/"]}]},{"@type":"ImageObject","inLanguage":"fr-FR","@id":"https:\/\/theplayoffs.news\/fr\/actualite-nba\/gary-payton-depourvu-retour-warriors\/#primaryimage","url":"https:\/\/theplayoffs.news\/fr\/wp-content\/uploads\/2022\/04\/payton.jpeg","contentUrl":"https:\/\/theplayoffs.news\/fr\/wp-content\/uploads\/2022\/04\/payton.jpeg","width":1389,"height":898,"caption":"gary payton"},{"@type":"BreadcrumbList","@id":"https:\/\/theplayoffs.news\/fr\/actualite-nba\/gary-payton-depourvu-retour-warriors\/#breadcrumb","itemListElement":[{"@type":"ListItem","position":1,"name":"Accueil","item":"https:\/\/theplayoffs.news\/fr\/"},{"@type":"ListItem","position":2,"name":"Gary Payton II \u00ab\u00a0pris au d\u00e9pourvu\u00a0\u00bb par son retour aux Warriors"}]},{"@type":"WebSite","@id":"https:\/\/theplayoffs.news\/fr\/#website","url":"https:\/\/theplayoffs.news\/fr\/","name":"The Playoffs FR","description":"NBA-NFL-NHL-MLB","potentialAction":[{"@type":"SearchAction","target":{"@type":"EntryPoint","urlTemplate":"https:\/\/theplayoffs.news\/fr\/?s={search_term_string}"},"query-input":{"@type":"PropertyValueSpecification","valueRequired":true,"valueName":"search_term_string"}}],"inLanguage":"fr-FR"},{"@type":"Person","@id":"https:\/\/theplayoffs.news\/fr\/#\/schema\/person\/efcb1404f7c790a161fdc0aa29e81646","name":"Evan Glomot","image":{"@type":"ImageObject","inLanguage":"fr-FR","@id":"https:\/\/theplayoffs.news\/fr\/#\/schema\/person\/image\/","url":"https:\/\/secure.gravatar.com\/avatar\/93e18dce985a4dfed140ef5ef5ecc82be40a165cbb4838e421f46abb52b7c315?s=96&d=mm&r=g","contentUrl":"https:\/\/secure.gravatar.com\/avatar\/93e18dce985a4dfed140ef5ef5ecc82be40a165cbb4838e421f46abb52b7c315?s=96&d=mm&r=g","caption":"Evan Glomot"},"url":"https:\/\/theplayoffs.news\/fr\/author\/evanglomotgmail-com\/"}]}},"_links":{"self":[{"href":"https:\/\/theplayoffs.news\/fr\/wp-json\/wp\/v2\/posts\/568980","targetHints":{"allow":["GET"]}}],"collection":[{"href":"https:\/\/theplayoffs.news\/fr\/wp-json\/wp\/v2\/posts"}],"about":[{"href":"https:\/\/theplayoffs.news\/fr\/wp-json\/wp\/v2\/types\/post"}],"author":[{"embeddable":true,"href":"https:\/\/theplayoffs.news\/fr\/wp-json\/wp\/v2\/users\/180310144"}],"replies":[{"embeddable":true,"href":"https:\/\/theplayoffs.news\/fr\/wp-json\/wp\/v2\/comments?post=568980"}],"version-history":[{"count":2,"href":"https:\/\/theplayoffs.news\/fr\/wp-json\/wp\/v2\/posts\/568980\/revisions"}],"predecessor-version":[{"id":568988,"href":"https:\/\/theplayoffs.news\/fr\/wp-json\/wp\/v2\/posts\/568980\/revisions\/568988"}],"wp:featuredmedia":[{"embeddable":true,"href":"https:\/\/theplayoffs.news\/fr\/wp-json\/wp\/v2\/media\/338300"}],"wp:attachment":[{"href":"https:\/\/theplayoffs.news\/fr\/wp-json\/wp\/v2\/media?parent=568980"}],"wp:term":[{"taxonomy":"category","embeddable":true,"href":"https:\/\/theplayoffs.news\/fr\/wp-json\/wp\/v2\/categories?post=568980"},{"taxonomy":"post_tag","embeddable":true,"href":"https:\/\/theplayoffs.news\/fr\/wp-json\/wp\/v2\/tags?post=568980"},{"taxonomy":"sport","embeddable":true,"href":"https:\/\/theplayoffs.news\/fr\/wp-json\/wp\/v2\/sport?post=568980"},{"taxonomy":"saison","embeddable":true,"href":"https:\/\/theplayoffs.news\/fr\/wp-json\/wp\/v2\/saison?post=568980"}],"curies":[{"name":"wp","href":"https:\/\/api.w.org\/{rel}","templated":true}]}}