{"id":568971,"date":"2023-02-23T14:48:29","date_gmt":"2023-02-23T13:48:29","guid":{"rendered":"https:\/\/theplayoffs.news\/fr\/?p=568971"},"modified":"2023-02-23T14:48:30","modified_gmt":"2023-02-23T13:48:30","slug":"rangers-ont-des-vues-sur-patrick-kane","status":"publish","type":"post","link":"https:\/\/theplayoffs.news\/fr\/actualite-nhl\/rangers-ont-des-vues-sur-patrick-kane\/","title":{"rendered":"Les Rangers ont des vues sur Patrick Kane"},"content":{"rendered":"<h2><strong>Patrick Kane attire les convoitises de nombreuses franchises &agrave; travers la NHL y compris les Rangers.<\/strong><\/h2><p>Selon ce que rapporte le journaliste <a href=\"https:\/\/nypost.com\/2023\/02\/22\/rangers-eyeing-patrick-kane-before-nhl-trade-deadline\/\" class=\"trk-cta-link\" data-cta-trk='{\"ctaType\":\"Link\",\"ctaSubType\":\"main\"}'>Larry Brooks, du New York Post<\/a>, les&nbsp;Rangers&nbsp;tenteraient de trouver un moyen de faire l&rsquo;acquisition de Kane, si celui-ci accepte de lever sa clause de non-mouvement pour se joindre aux Blueshirts.<\/p><p>De nombreux observateurs ont rapidement suppos&eacute; que les Rangers n&rsquo;&eacute;taient plus en lice pour les services de <a href=\"https:\/\/theplayoffs.news\/fr\/joueur\/patrick-kane-nhl-7470\/\" class=\"trk-cta-link\" data-cta-trk='{\"ctaType\":\"Link\",\"ctaSubType\":\"main\"}'><strong>Patrick Kane<\/strong><\/a> apr&egrave;s l&rsquo;acquisition de Vladimir Tarasenko des St. Louis Blues le 10 f&eacute;vrier. Cependant, Drury semble dans l&rsquo;optique d&rsquo;am&eacute;liorer son &eacute;quipe encore davantage avant la date limite du 3 mars pour la rendre encore plus comp&eacute;titive face &agrave; Boston et Carolina.<\/p><p>Si une telle arriv&eacute;e doit se concr&eacute;tiser, les Rangers devront probablement trouver une troisi&egrave;me &eacute;quipe pour participer &agrave; une transaction afin d&rsquo;all&eacute;ger leur masse salarial et les 2,625 millions de dollars que Patrick Kane doit recevoir pour le reste de la saison.<\/p><p>D&rsquo;apr&egrave;s Brooks, les Rangers ne pr&eacute;voient pas d&rsquo;&eacute;changer leur choix restant de premi&egrave;re ronde en 2023, m&ecirc;me s&rsquo;ils ont d&eacute;j&agrave; &eacute;chang&eacute; un autre premier choix pour obtenir Tarasenko.<\/p><p>Cependant, Drury serait peut-&ecirc;tre plus ouvert &agrave; n&eacute;gocier un choix de premi&egrave;re ronde pour les ann&eacute;es 2024 ou 2025 afin de convaincre les Blackhawks.<\/p><p>De nombreux experts consid&egrave;rent que New York serait la destination privil&eacute;gi&eacute;e de Kane, ce qui pourrait limiter les options de n&eacute;gociation des Blackhawks en raison de sa clause de non-mouvement.<\/p>\n","protected":false},"excerpt":{"rendered":"","protected":false},"author":13,"featured_media":294904,"comment_status":"open","ping_status":"closed","sticky":false,"template":"","format":"standard","meta":{"inline_featured_image":false,"kia_subtitle":"","_mux_skip_reasons":[],"proofreadBy":0,"footnotes":""},"categories":[187,26],"tags":[258,1802],"sport":[],"saison":[],"class_list":["post-568971","post","type-post","status-publish","format-standard","has-post-thumbnail","hentry","category-actualite-nhl","category-nhl","tag-new-york-rangers","tag-patrick-kane"],"acf":[],"yoast_head":"<!-- This site is optimized with the Yoast SEO plugin v24.2 - https:\/\/yoast.com\/wordpress\/plugins\/seo\/ -->\n<title>Les Rangers ont des vues sur Patrick Kane - The Playoffs FR<\/title>\n<meta name=\"robots\" content=\"index, follow, max-snippet:-1, max-image-preview:large, max-video-preview:-1\" \/>\n<link rel=\"canonical\" href=\"https:\/\/theplayoffs.news\/fr\/actualite-nhl\/rangers-ont-des-vues-sur-patrick-kane\/\" \/>\n<meta property=\"og:locale\" content=\"fr_FR\" \/>\n<meta property=\"og:type\" content=\"article\" \/>\n<meta property=\"og:title\" content=\"Les Rangers ont des vues sur Patrick Kane - The Playoffs FR\" \/>\n<meta property=\"og:url\" content=\"https:\/\/theplayoffs.news\/fr\/actualite-nhl\/rangers-ont-des-vues-sur-patrick-kane\/\" \/>\n<meta property=\"og:site_name\" content=\"The Playoffs FR\" \/>\n<meta property=\"article:publisher\" content=\"https:\/\/www.facebook.com\/TheFreeAgentFR\/\" \/>\n<meta property=\"article:modified_time\" content=\"2023-02-23T14:48:30+01:00\" \/>\n<meta property=\"og:image\" content=\"https:\/\/theplayoffs.news\/fr\/wp-content\/uploads\/2021\/03\/Patrick-Kane-scaled.jpg\" \/>\n\t<meta property=\"og:image:width\" content=\"3200\" \/>\n\t<meta property=\"og:image:height\" content=\"2133\" \/>\n\t<meta property=\"og:image:type\" content=\"image\/jpeg\" \/>\n<meta name=\"author\" content=\"Charles Taudin\" \/>\n<meta name=\"twitter:card\" content=\"summary_large_image\" \/>\n<meta name=\"twitter:creator\" content=\"@TheFreeAgentFR\" \/>\n<meta name=\"twitter:site\" content=\"@TheFreeAgentFR\" \/>\n<meta name=\"twitter:label1\" content=\"\u00c9crit par\" \/>\n\t<meta name=\"twitter:data1\" content=\"Charles Taudin\" \/>\n\t<meta name=\"twitter:label2\" content=\"Dur\u00e9e de lecture estim\u00e9e\" \/>\n\t<meta name=\"twitter:data2\" content=\"1 minute\" \/>\n<script type=\"application\/ld+json\" class=\"yoast-schema-graph\">{\"@context\":\"https:\/\/schema.org\",\"@graph\":[{\"@type\":\"WebPage\",\"@id\":\"https:\/\/theplayoffs.news\/fr\/actualite-nhl\/rangers-ont-des-vues-sur-patrick-kane\/\",\"url\":\"https:\/\/theplayoffs.news\/fr\/actualite-nhl\/rangers-ont-des-vues-sur-patrick-kane\/\",\"name\":\"Les Rangers ont des vues sur Patrick Kane - The Playoffs FR\",\"isPartOf\":{\"@id\":\"https:\/\/theplayoffs.news\/fr\/#website\"},\"primaryImageOfPage\":{\"@id\":\"https:\/\/theplayoffs.news\/fr\/actualite-nhl\/rangers-ont-des-vues-sur-patrick-kane\/#primaryimage\"},\"image\":{\"@id\":\"https:\/\/theplayoffs.news\/fr\/actualite-nhl\/rangers-ont-des-vues-sur-patrick-kane\/#primaryimage\"},\"thumbnailUrl\":\"https:\/\/theplayoffs.news\/fr\/wp-content\/uploads\/2021\/03\/Patrick-Kane-scaled.jpg\",\"datePublished\":\"2023-02-23T13:48:29+00:00\",\"dateModified\":\"2023-02-23T13:48:30+00:00\",\"author\":{\"@id\":\"https:\/\/theplayoffs.news\/fr\/#\/schema\/person\/eee5b69ad5d3c51cabe881c839dbe133\"},\"breadcrumb\":{\"@id\":\"https:\/\/theplayoffs.news\/fr\/actualite-nhl\/rangers-ont-des-vues-sur-patrick-kane\/#breadcrumb\"},\"inLanguage\":\"fr-FR\",\"potentialAction\":[{\"@type\":\"ReadAction\",\"target\":[\"https:\/\/theplayoffs.news\/fr\/actualite-nhl\/rangers-ont-des-vues-sur-patrick-kane\/\"]}]},{\"@type\":\"ImageObject\",\"inLanguage\":\"fr-FR\",\"@id\":\"https:\/\/theplayoffs.news\/fr\/actualite-nhl\/rangers-ont-des-vues-sur-patrick-kane\/#primaryimage\",\"url\":\"https:\/\/theplayoffs.news\/fr\/wp-content\/uploads\/2021\/03\/Patrick-Kane-scaled.jpg\",\"contentUrl\":\"https:\/\/theplayoffs.news\/fr\/wp-content\/uploads\/2021\/03\/Patrick-Kane-scaled.jpg\",\"width\":3200,\"height\":2133,\"caption\":\"CHICAGO, IL - APRIL 05: Chicago Blackhawks right wing Patrick Kane (88) celebrates his goal during a game between the Dallas Stars and the Chicago Blackhawks on April 5, 2019, at the United Center in Chicago, IL. (Photo by Patrick Gorski\/Icon Sportswire via Getty Images)\"},{\"@type\":\"BreadcrumbList\",\"@id\":\"https:\/\/theplayoffs.news\/fr\/actualite-nhl\/rangers-ont-des-vues-sur-patrick-kane\/#breadcrumb\",\"itemListElement\":[{\"@type\":\"ListItem\",\"position\":1,\"name\":\"Accueil\",\"item\":\"https:\/\/theplayoffs.news\/fr\/\"},{\"@type\":\"ListItem\",\"position\":2,\"name\":\"Les Rangers ont des vues sur Patrick Kane\"}]},{\"@type\":\"WebSite\",\"@id\":\"https:\/\/theplayoffs.news\/fr\/#website\",\"url\":\"https:\/\/theplayoffs.news\/fr\/\",\"name\":\"The Playoffs FR\",\"description\":\"NBA-NFL-NHL-MLB\",\"potentialAction\":[{\"@type\":\"SearchAction\",\"target\":{\"@type\":\"EntryPoint\",\"urlTemplate\":\"https:\/\/theplayoffs.news\/fr\/?s={search_term_string}\"},\"query-input\":{\"@type\":\"PropertyValueSpecification\",\"valueRequired\":true,\"valueName\":\"search_term_string\"}}],\"inLanguage\":\"fr-FR\"},{\"@type\":\"Person\",\"@id\":\"https:\/\/theplayoffs.news\/fr\/#\/schema\/person\/eee5b69ad5d3c51cabe881c839dbe133\",\"name\":\"Charles Taudin\",\"image\":{\"@type\":\"ImageObject\",\"inLanguage\":\"fr-FR\",\"@id\":\"https:\/\/theplayoffs.news\/fr\/#\/schema\/person\/image\/\",\"url\":\"https:\/\/secure.gravatar.com\/avatar\/59a1e772205ce9fd255edfcafc93013736822e20261f294c5753b20c41ede9f2?s=96&d=mm&r=g\",\"contentUrl\":\"https:\/\/secure.gravatar.com\/avatar\/59a1e772205ce9fd255edfcafc93013736822e20261f294c5753b20c41ede9f2?s=96&d=mm&r=g\",\"caption\":\"Charles Taudin\"},\"description\":\"R\u00e9dacteur en chef global de The Playoffs, j\u2019ai cr\u00e9\u00e9 The Free Agent, devenu The Playoffs FR, en 2020 durant la pand\u00e9mie. Amoureux depuis des ann\u00e9es des 4 sports majeurs am\u00e9ricains, j\u2019organise maintenant la strat\u00e9gie \u00e9ditoriale et les r\u00e9seaux sociaux de l\u2019ensemble des versions de The Playoffs. Il m\u2019arrive encore d\u2019\u00e9crire sur certains sports que j\u2019affectionne particuli\u00e8rement comme la NFL ou la MLB. Si vous devez retenir qu\u2019une chose : Eli Manning est le vrai GOAT pour avoir battu deux fois Tom Brady.\",\"sameAs\":[\"https:\/\/www.instagram.com\/ctaudin_\/\"],\"url\":\"https:\/\/theplayoffs.news\/fr\/author\/charles-taudin\/\"}]}<\/script>\n<!-- \/ Yoast SEO plugin. -->","yoast_head_json":{"title":"Les Rangers ont des vues sur Patrick Kane - The Playoffs FR","robots":{"index":"index","follow":"follow","max-snippet":"max-snippet:-1","max-image-preview":"max-image-preview:large","max-video-preview":"max-video-preview:-1"},"canonical":"https:\/\/theplayoffs.news\/fr\/actualite-nhl\/rangers-ont-des-vues-sur-patrick-kane\/","og_locale":"fr_FR","og_type":"article","og_title":"Les Rangers ont des vues sur Patrick Kane - The Playoffs FR","og_url":"https:\/\/theplayoffs.news\/fr\/actualite-nhl\/rangers-ont-des-vues-sur-patrick-kane\/","og_site_name":"The Playoffs FR","article_publisher":"https:\/\/www.facebook.com\/TheFreeAgentFR\/","article_modified_time":"2023-02-23T13:48:30+00:00","og_image":[{"width":3200,"height":2133,"url":"https:\/\/theplayoffs.news\/fr\/wp-content\/uploads\/2021\/03\/Patrick-Kane-scaled.jpg","type":"image\/jpeg"}],"author":"Charles Taudin","twitter_card":"summary_large_image","twitter_creator":"@TheFreeAgentFR","twitter_site":"@TheFreeAgentFR","twitter_misc":{"\u00c9crit par":"Charles Taudin","Dur\u00e9e de lecture estim\u00e9e":"1 minute"},"schema":{"@context":"https:\/\/schema.org","@graph":[{"@type":"WebPage","@id":"https:\/\/theplayoffs.news\/fr\/actualite-nhl\/rangers-ont-des-vues-sur-patrick-kane\/","url":"https:\/\/theplayoffs.news\/fr\/actualite-nhl\/rangers-ont-des-vues-sur-patrick-kane\/","name":"Les Rangers ont des vues sur Patrick Kane - The Playoffs FR","isPartOf":{"@id":"https:\/\/theplayoffs.news\/fr\/#website"},"primaryImageOfPage":{"@id":"https:\/\/theplayoffs.news\/fr\/actualite-nhl\/rangers-ont-des-vues-sur-patrick-kane\/#primaryimage"},"image":{"@id":"https:\/\/theplayoffs.news\/fr\/actualite-nhl\/rangers-ont-des-vues-sur-patrick-kane\/#primaryimage"},"thumbnailUrl":"https:\/\/theplayoffs.news\/fr\/wp-content\/uploads\/2021\/03\/Patrick-Kane-scaled.jpg","datePublished":"2023-02-23T13:48:29+00:00","dateModified":"2023-02-23T13:48:30+00:00","author":{"@id":"https:\/\/theplayoffs.news\/fr\/#\/schema\/person\/eee5b69ad5d3c51cabe881c839dbe133"},"breadcrumb":{"@id":"https:\/\/theplayoffs.news\/fr\/actualite-nhl\/rangers-ont-des-vues-sur-patrick-kane\/#breadcrumb"},"inLanguage":"fr-FR","potentialAction":[{"@type":"ReadAction","target":["https:\/\/theplayoffs.news\/fr\/actualite-nhl\/rangers-ont-des-vues-sur-patrick-kane\/"]}]},{"@type":"ImageObject","inLanguage":"fr-FR","@id":"https:\/\/theplayoffs.news\/fr\/actualite-nhl\/rangers-ont-des-vues-sur-patrick-kane\/#primaryimage","url":"https:\/\/theplayoffs.news\/fr\/wp-content\/uploads\/2021\/03\/Patrick-Kane-scaled.jpg","contentUrl":"https:\/\/theplayoffs.news\/fr\/wp-content\/uploads\/2021\/03\/Patrick-Kane-scaled.jpg","width":3200,"height":2133,"caption":"CHICAGO, IL - APRIL 05: Chicago Blackhawks right wing Patrick Kane (88) celebrates his goal during a game between the Dallas Stars and the Chicago Blackhawks on April 5, 2019, at the United Center in Chicago, IL. (Photo by Patrick Gorski\/Icon Sportswire via Getty Images)"},{"@type":"BreadcrumbList","@id":"https:\/\/theplayoffs.news\/fr\/actualite-nhl\/rangers-ont-des-vues-sur-patrick-kane\/#breadcrumb","itemListElement":[{"@type":"ListItem","position":1,"name":"Accueil","item":"https:\/\/theplayoffs.news\/fr\/"},{"@type":"ListItem","position":2,"name":"Les Rangers ont des vues sur Patrick Kane"}]},{"@type":"WebSite","@id":"https:\/\/theplayoffs.news\/fr\/#website","url":"https:\/\/theplayoffs.news\/fr\/","name":"The Playoffs FR","description":"NBA-NFL-NHL-MLB","potentialAction":[{"@type":"SearchAction","target":{"@type":"EntryPoint","urlTemplate":"https:\/\/theplayoffs.news\/fr\/?s={search_term_string}"},"query-input":{"@type":"PropertyValueSpecification","valueRequired":true,"valueName":"search_term_string"}}],"inLanguage":"fr-FR"},{"@type":"Person","@id":"https:\/\/theplayoffs.news\/fr\/#\/schema\/person\/eee5b69ad5d3c51cabe881c839dbe133","name":"Charles Taudin","image":{"@type":"ImageObject","inLanguage":"fr-FR","@id":"https:\/\/theplayoffs.news\/fr\/#\/schema\/person\/image\/","url":"https:\/\/secure.gravatar.com\/avatar\/59a1e772205ce9fd255edfcafc93013736822e20261f294c5753b20c41ede9f2?s=96&d=mm&r=g","contentUrl":"https:\/\/secure.gravatar.com\/avatar\/59a1e772205ce9fd255edfcafc93013736822e20261f294c5753b20c41ede9f2?s=96&d=mm&r=g","caption":"Charles Taudin"},"description":"R\u00e9dacteur en chef global de The Playoffs, j\u2019ai cr\u00e9\u00e9 The Free Agent, devenu The Playoffs FR, en 2020 durant la pand\u00e9mie. Amoureux depuis des ann\u00e9es des 4 sports majeurs am\u00e9ricains, j\u2019organise maintenant la strat\u00e9gie \u00e9ditoriale et les r\u00e9seaux sociaux de l\u2019ensemble des versions de The Playoffs. Il m\u2019arrive encore d\u2019\u00e9crire sur certains sports que j\u2019affectionne particuli\u00e8rement comme la NFL ou la MLB. Si vous devez retenir qu\u2019une chose : Eli Manning est le vrai GOAT pour avoir battu deux fois Tom Brady.","sameAs":["https:\/\/www.instagram.com\/ctaudin_\/"],"url":"https:\/\/theplayoffs.news\/fr\/author\/charles-taudin\/"}]}},"_links":{"self":[{"href":"https:\/\/theplayoffs.news\/fr\/wp-json\/wp\/v2\/posts\/568971","targetHints":{"allow":["GET"]}}],"collection":[{"href":"https:\/\/theplayoffs.news\/fr\/wp-json\/wp\/v2\/posts"}],"about":[{"href":"https:\/\/theplayoffs.news\/fr\/wp-json\/wp\/v2\/types\/post"}],"author":[{"embeddable":true,"href":"https:\/\/theplayoffs.news\/fr\/wp-json\/wp\/v2\/users\/13"}],"replies":[{"embeddable":true,"href":"https:\/\/theplayoffs.news\/fr\/wp-json\/wp\/v2\/comments?post=568971"}],"version-history":[{"count":2,"href":"https:\/\/theplayoffs.news\/fr\/wp-json\/wp\/v2\/posts\/568971\/revisions"}],"predecessor-version":[{"id":568975,"href":"https:\/\/theplayoffs.news\/fr\/wp-json\/wp\/v2\/posts\/568971\/revisions\/568975"}],"wp:featuredmedia":[{"embeddable":true,"href":"https:\/\/theplayoffs.news\/fr\/wp-json\/wp\/v2\/media\/294904"}],"wp:attachment":[{"href":"https:\/\/theplayoffs.news\/fr\/wp-json\/wp\/v2\/media?parent=568971"}],"wp:term":[{"taxonomy":"category","embeddable":true,"href":"https:\/\/theplayoffs.news\/fr\/wp-json\/wp\/v2\/categories?post=568971"},{"taxonomy":"post_tag","embeddable":true,"href":"https:\/\/theplayoffs.news\/fr\/wp-json\/wp\/v2\/tags?post=568971"},{"taxonomy":"sport","embeddable":true,"href":"https:\/\/theplayoffs.news\/fr\/wp-json\/wp\/v2\/sport?post=568971"},{"taxonomy":"saison","embeddable":true,"href":"https:\/\/theplayoffs.news\/fr\/wp-json\/wp\/v2\/saison?post=568971"}],"curies":[{"name":"wp","href":"https:\/\/api.w.org\/{rel}","templated":true}]}}