{"id":568913,"date":"2023-02-23T09:45:33","date_gmt":"2023-02-23T08:45:33","guid":{"rendered":"https:\/\/theplayoffs.news\/fr\/?p=568913"},"modified":"2023-02-23T09:47:39","modified_gmt":"2023-02-23T08:47:39","slug":"fernando-tatis-jr-en-champ-droit-en-2023","status":"publish","type":"post","link":"https:\/\/theplayoffs.news\/fr\/actualite-mlb\/fernando-tatis-jr-en-champ-droit-en-2023\/","title":{"rendered":"Fernando Tatis Jr\u00a0: En champ droit en 2023"},"content":{"rendered":"<p style=\"text-align: justify;\">Le retour au jeu pour <a href=\"https:\/\/theplayoffs.news\/fr\/joueur\/fernando-tatis-jr-san-diego-padres-mlb\/\" class=\"trk-cta-link\" data-cta-trk='{\"ctaType\":\"Link\",\"ctaSubType\":\"main\"}'>Fernando Tatis jr<\/a> se rapproche plus que jamais. Apr&egrave;s sa saison 2022 min&eacute;e par sa blessure et sa suspension, la star des <a href=\"https:\/\/theplayoffs.news\/fr\/equipe\/san-diego-padres-mlb\/\" class=\"trk-cta-link\" data-cta-trk='{\"ctaType\":\"Link\",\"ctaSubType\":\"main\"}'>Padres<\/a> pourrait reprendre la route des terrains mais pas en tant qu&rsquo;arr&ecirc;t court.<\/p><h3 style=\"text-align: justify;\">Fernando Tatis Jr&nbsp;: Une saison blanche<\/h3><p style=\"text-align: justify;\">Apr&egrave;s avoir brill&eacute; durant la saison 2021 avec 42 homeruns, 97 points produits, 28,2% au b&acirc;ton, .965 d&rsquo;OPS. Il &eacute;tait, &agrave; juste titre, parmi les pr&eacute;tendants au titre de MVP de la National League. Surtout il r&eacute;pondait aux attentes plac&eacute;es en lui apr&egrave;s son contrat de 340 millions de dollars sur 14 ans.<\/p><blockquote>\n<p style=\"text-align: justify;\">&laquo;&nbsp;Fernando est un talent sp&eacute;cial qui peut ramener un titre &agrave; la ville de San Diego. Tout au long des discussions, Fernando Tatis Jr a &eacute;mis le souhait de rester ici sur du long terme. Il a &eacute;t&eacute; ravi que l&rsquo;on ait pu trouver un accord.&nbsp;&raquo; AJ Preller, pr&eacute;sident des op&eacute;rations baseball et manager g&eacute;n&eacute;ral des Padres<\/p>\n<\/blockquote><p>&nbsp;<\/p><p>&nbsp;<\/p><p>[cloudflare_stream_videoplayer idvid=&nbsp;&raquo;7e0bc2973cbc6b9255daaf9a1d8577b2&Prime;]<\/p><p>&nbsp;<\/p><p style=\"text-align: justify;\">Oui mais voil&agrave;, les saisons se suivent mais ne se ressemblent pas. En effet, durant la coupure pr&eacute;c&eacute;dent le d&eacute;but de la saison 2022, Fernando Tatis Jr s&rsquo;est fractur&eacute; le poignet. Une blessure qui entrainera plusieurs op&eacute;rations durant l&rsquo;exercice 2022, repoussant l&rsquo;&eacute;ch&eacute;ance d&rsquo;un retour.<\/p><p style=\"text-align: justify;\">Comme si cela ne suffisait pas, Fernando Tatis Jr verra sa saison officiellement termin&eacute;e lorsque la MLB lui infligera une suspension de 80 matchs pour utilisation de produits dopant interdits (Clostebol).<\/p><blockquote>\n<p style=\"text-align: justify;\">&laquo;&nbsp;Je voudrais m&rsquo;excuser aupr&egrave;s d&rsquo;AJ Preller, l&rsquo;organisation des Padres, mes co&eacute;quipiers, et tous les fans pour mon erreur. Je ne ferais jamais rien pour tricher ou manquer de respect au jeu que j&rsquo;aime tant.&nbsp;&raquo; Fernando Tatis Jr<\/p>\n<\/blockquote><blockquote class=\"twitter-tweet\" data-width=\"500\" data-dnt=\"true\">\n<p lang=\"en\" dir=\"ltr\">The Major League Baseball Players Association issued the following statement on behalf of Fernando Tatis, Jr.: <a href=\"https:\/\/t.co\/gCNVcs0a5Y\" class=\"trk-cta-link\" data-cta-trk='{\"ctaType\":\"Link\",\"ctaSubType\":\"main\"}'>pic.twitter.com\/gCNVcs0a5Y<\/a><\/p>\n<p>&mdash; MLBPA Communications (@MLBPA_News) <a href=\"https:\/\/twitter.com\/MLBPA_News\/status\/1558234546230833152?ref_src=twsrc%5Etfw\" class=\"trk-cta-link\" data-cta-trk='{\"ctaType\":\"Link\",\"ctaSubType\":\"main\"}'>August 12, 2022<\/a><\/p><\/blockquote><p><script async src=\"https:\/\/platform.twitter.com\/widgets.js\" charset=\"utf-8\"><\/script><\/p><h3 style=\"text-align: justify;\">Fernando Tatis Jr : Un retour en champ droit<\/h3><p style=\"text-align: justify;\">Nous voici &agrave; l&rsquo;aube de la saison 2023, celle qui verra le retour officiel de Fernando Tatis Jr (pas avant le 20 avril). Toutefois, sa suspension ne devrait pas l&rsquo;emp&ecirc;cher de rejouer durant le Spring Training. Il est aussi &eacute;ligible &agrave; un retour en ligue mineure 15 jours avant la fin de sa suspension.<\/p><blockquote class=\"twitter-tweet\" data-width=\"500\" data-dnt=\"true\">\n<p lang=\"en\" dir=\"ltr\">In their photoshoot era &#10024;<a href=\"https:\/\/twitter.com\/hashtag\/PadresST?src=hash&amp;ref_src=twsrc%5Etfw\" class=\"trk-cta-link\" data-cta-trk='{\"ctaType\":\"Link\",\"ctaSubType\":\"main\"}'>#PadresST<\/a> <a href=\"https:\/\/t.co\/sk3QGb5xw9\" class=\"trk-cta-link\" data-cta-trk='{\"ctaType\":\"Link\",\"ctaSubType\":\"main\"}'>pic.twitter.com\/sk3QGb5xw9<\/a><\/p>\n<p>&mdash; San Diego Padres (@Padres) <a href=\"https:\/\/twitter.com\/Padres\/status\/1627126647664316416?ref_src=twsrc%5Etfw\" class=\"trk-cta-link\" data-cta-trk='{\"ctaType\":\"Link\",\"ctaSubType\":\"main\"}'>February 19, 2023<\/a><\/p><\/blockquote><p><script async src=\"https:\/\/platform.twitter.com\/widgets.js\" charset=\"utf-8\"><\/script><\/p><p style=\"text-align: justify;\">Cependant, un changement de poids &agrave; eu lieu durant l&rsquo;intersaison et qui affecte directement Fernando Tatis Jr. On parle bien entendu de la signature de <a href=\"https:\/\/theplayoffs.news\/fr\/joueur\/xander-bogaerts-mlb-63212\/\" class=\"trk-cta-link\" data-cta-trk='{\"ctaType\":\"Link\",\"ctaSubType\":\"main\"}'>Xander Bogaerts<\/a>, tout droit <a href=\"https:\/\/theplayoffs.news\/fr\/mlb\/xander-bogaerts-signe-11-ans-chez-padres\/\" class=\"trk-cta-link\" data-cta-trk='{\"ctaType\":\"Link\",\"ctaSubType\":\"main\"}'>venu des Boston Red Sox<\/a>, et qui devrait &ecirc;tre le titulaire au poste d&rsquo;arr&ecirc;t-court.<\/p><p style=\"text-align: justify;\"><a href=\"https:\/\/www.mlb.com\/player\/bob-melvin-118942\" class=\"trk-cta-link\" data-cta-trk='{\"ctaType\":\"Link\",\"ctaSubType\":\"main\"}'>Bob Melvin<\/a> souhaite faire basculer Fernando Tatis Jr en champ droit comme en 2021 apr&egrave;s un retour de blessure. Un changement principalement d&ucirc; au fait qu&rsquo;il sera moins expos&eacute; aux blessures.<\/p><blockquote>\n<p style=\"text-align: justify;\">&laquo; C&rsquo;est probablement b&eacute;n&eacute;fique de le garder en champ ext&eacute;rieur pour commencer. Nous verrons un peu plus tard durant le printemps. Il n&rsquo;a plus jou&eacute; depuis 15 mois. Cela fait parti des raisons pour laquelle il devrait commencer en champ ext&eacute;rieur. &raquo; Bob Melvin<\/p>\n<\/blockquote><p style=\"text-align: justify;\">Toutefois, le staff des Padres ne veulent pas se pr&eacute;cipiter avec le cas Fernando Tatis Jr. Ils pr&eacute;f&egrave;rent s&rsquo;assurer que ce dernier soit vraiment op&eacute;rationnel avant de pouvoir rejouer.<\/p><blockquote>\n<p style=\"text-align: justify;\">&laquo;&nbsp;Il y a une composante instinctive lorsque vous jouez, et nous voulons qu&rsquo;ils cochent toutes les cases.&nbsp;&raquo; Bob Melvin<\/p>\n<\/blockquote><p style=\"text-align: justify;\">M&ecirc;me si les Padres veulent prendre leur temps, Bob Melvin a assur&eacute; que Fernando Tatis jr devrait bien &ecirc;tre align&eacute; durant les premi&egrave;res semaines su Spring training.<\/p><p style=\"text-align: justify;\">Le manager des Padres ne tarit pas d&rsquo;&eacute;loges &agrave; propos de Fernando Tatis Jr.<\/p><blockquote>\n<p style=\"text-align: justify;\">&laquo; Il &agrave; l&rsquo;air bien. Il est l&rsquo;un des plus grands athl&egrave;tes, tout sport confondus. Mais pour ne pas avoir jou&eacute; depuis longtemps comme il a fait, le regarder s&rsquo;entrainer au b&acirc;ton, le voir attaquer avec enthousiasme chaque balles lorsqu&rsquo;il est en champ ext&eacute;rieur, je pense que c&rsquo;est remarquable les progr&egrave;s qu&rsquo;il a fait apr&egrave;s toutes les blessures qu&rsquo;il a eu. &raquo; Bob Melvin<\/p>\n<\/blockquote><p style=\"text-align: justify;\">Avec, l&rsquo;arriv&eacute;e de Xander Bogaerts, <a href=\"https:\/\/theplayoffs.news\/fr\/joueur\/juan-soto-mlb-73938\/\" class=\"trk-cta-link\" data-cta-trk='{\"ctaType\":\"Link\",\"ctaSubType\":\"main\"}'>Juan Soto<\/a>, <a href=\"https:\/\/theplayoffs.news\/fr\/joueur\/manny-machado-san-diego-padres-mlb\/\" class=\"trk-cta-link\" data-cta-trk='{\"ctaType\":\"Link\",\"ctaSubType\":\"main\"}'>Manny Machado<\/a> qui voudra prouver qu&rsquo;il vaut bien le gros contrat qu&rsquo;il souhaite, et maintenant le retour proche de Fernando Tatis Jr qui reviendra prouver qu&rsquo;il est toujours l&rsquo;un des meilleurs de la ligue, le spectacle devrait &ecirc;tre au rendez-vous &agrave; San Diego.<\/p><p><img loading=\"lazy\" decoding=\"async\" class=\"alignnone wp-image-568927 size-full\" src=\"https:\/\/theplayoffs.news\/fr\/wp-content\/uploads\/2023\/02\/Padres.jpeg\" alt=\"Fernando Tatis jr\" width=\"1920\" height=\"1440\" srcset=\"https:\/\/theplayoffs.news\/fr\/wp-content\/uploads\/2023\/02\/Padres.jpeg 1920w, https:\/\/theplayoffs.news\/fr\/wp-content\/uploads\/2023\/02\/Padres-300x225.jpeg 300w, https:\/\/theplayoffs.news\/fr\/wp-content\/uploads\/2023\/02\/Padres-1030x773.jpeg 1030w, https:\/\/theplayoffs.news\/fr\/wp-content\/uploads\/2023\/02\/Padres-768x576.jpeg 768w, https:\/\/theplayoffs.news\/fr\/wp-content\/uploads\/2023\/02\/Padres-1536x1152.jpeg 1536w, https:\/\/theplayoffs.news\/fr\/wp-content\/uploads\/2023\/02\/Padres-1500x1125.jpeg 1500w, https:\/\/theplayoffs.news\/fr\/wp-content\/uploads\/2023\/02\/Padres-705x529.jpeg 705w, https:\/\/theplayoffs.news\/fr\/wp-content\/uploads\/2023\/02\/Padres-1320x990.jpeg 1320w\" sizes=\"auto, (max-width: 1920px) 100vw, 1920px\" \/><\/p><p style=\"text-align: justify;\">Les Padres sont bel et bien arm&eacute;s pour jouer le titre. Un alignement digne d&rsquo;un All-star game sera-t-il suffisant pour ramener un titre &agrave; la ville de San Diego&nbsp;? R&eacute;ponse en Octobre.<\/p>\n","protected":false},"excerpt":{"rendered":"","protected":false},"author":180309823,"featured_media":568926,"comment_status":"open","ping_status":"closed","sticky":false,"template":"","format":"standard","meta":{"inline_featured_image":false,"kia_subtitle":"","_mux_skip_reasons":[],"proofreadBy":0,"footnotes":""},"categories":[188,9],"tags":[2935,853,465,5124],"sport":[2786],"saison":[3453],"class_list":["post-568913","post","type-post","status-publish","format-standard","has-post-thumbnail","hentry","category-actualite-mlb","category-mlb","tag-bob-melvin","tag-fernando-tatis-jr","tag-san-diego-padres","tag-xander-bogaerts","sport-mlb","saison-3453"],"acf":[],"yoast_head":"<!-- This site is optimized with the Yoast SEO plugin v24.2 - https:\/\/yoast.com\/wordpress\/plugins\/seo\/ -->\n<title>Fernando Tatis Jr&nbsp;: En champ droit en 2023 - The Playoffs FR<\/title>\n<meta name=\"robots\" content=\"index, follow, max-snippet:-1, max-image-preview:large, max-video-preview:-1\" \/>\n<link rel=\"canonical\" href=\"https:\/\/theplayoffs.news\/fr\/actualite-mlb\/fernando-tatis-jr-en-champ-droit-en-2023\/\" \/>\n<meta property=\"og:locale\" content=\"fr_FR\" \/>\n<meta property=\"og:type\" content=\"article\" \/>\n<meta property=\"og:title\" content=\"Fernando Tatis Jr&nbsp;: En champ droit en 2023 - The Playoffs FR\" \/>\n<meta property=\"og:url\" content=\"https:\/\/theplayoffs.news\/fr\/actualite-mlb\/fernando-tatis-jr-en-champ-droit-en-2023\/\" \/>\n<meta property=\"og:site_name\" content=\"The Playoffs FR\" \/>\n<meta property=\"article:publisher\" content=\"https:\/\/www.facebook.com\/TheFreeAgentFR\/\" \/>\n<meta property=\"article:modified_time\" content=\"2023-02-23T09:47:39+01:00\" \/>\n<meta property=\"og:image\" content=\"https:\/\/theplayoffs.news\/fr\/wp-content\/uploads\/2023\/02\/Fernando-Tatis-Jr.jpeg\" \/>\n\t<meta property=\"og:image:width\" content=\"749\" \/>\n\t<meta property=\"og:image:height\" content=\"421\" \/>\n\t<meta property=\"og:image:type\" content=\"image\/jpeg\" \/>\n<meta name=\"author\" content=\"Nicolas Blanchard\" \/>\n<meta name=\"twitter:card\" content=\"summary_large_image\" \/>\n<meta name=\"twitter:creator\" content=\"@TheFreeAgentFR\" \/>\n<meta name=\"twitter:site\" content=\"@TheFreeAgentFR\" \/>\n<meta name=\"twitter:label1\" content=\"\u00c9crit par\" \/>\n\t<meta name=\"twitter:data1\" content=\"Nicolas Blanchard\" \/>\n\t<meta name=\"twitter:label2\" content=\"Dur\u00e9e de lecture estim\u00e9e\" \/>\n\t<meta name=\"twitter:data2\" content=\"4 minutes\" \/>\n<script type=\"application\/ld+json\" class=\"yoast-schema-graph\">{\"@context\":\"https:\/\/schema.org\",\"@graph\":[{\"@type\":\"WebPage\",\"@id\":\"https:\/\/theplayoffs.news\/fr\/actualite-mlb\/fernando-tatis-jr-en-champ-droit-en-2023\/\",\"url\":\"https:\/\/theplayoffs.news\/fr\/actualite-mlb\/fernando-tatis-jr-en-champ-droit-en-2023\/\",\"name\":\"Fernando Tatis Jr\u00a0: En champ droit en 2023 - The Playoffs FR\",\"isPartOf\":{\"@id\":\"https:\/\/theplayoffs.news\/fr\/#website\"},\"primaryImageOfPage\":{\"@id\":\"https:\/\/theplayoffs.news\/fr\/actualite-mlb\/fernando-tatis-jr-en-champ-droit-en-2023\/#primaryimage\"},\"image\":{\"@id\":\"https:\/\/theplayoffs.news\/fr\/actualite-mlb\/fernando-tatis-jr-en-champ-droit-en-2023\/#primaryimage\"},\"thumbnailUrl\":\"https:\/\/theplayoffs.news\/fr\/wp-content\/uploads\/2023\/02\/Fernando-Tatis-Jr.jpeg\",\"datePublished\":\"2023-02-23T08:45:33+00:00\",\"dateModified\":\"2023-02-23T08:47:39+00:00\",\"author\":{\"@id\":\"https:\/\/theplayoffs.news\/fr\/#\/schema\/person\/940879031feb6d5e27cf3c6b69917900\"},\"breadcrumb\":{\"@id\":\"https:\/\/theplayoffs.news\/fr\/actualite-mlb\/fernando-tatis-jr-en-champ-droit-en-2023\/#breadcrumb\"},\"inLanguage\":\"fr-FR\",\"potentialAction\":[{\"@type\":\"ReadAction\",\"target\":[\"https:\/\/theplayoffs.news\/fr\/actualite-mlb\/fernando-tatis-jr-en-champ-droit-en-2023\/\"]}]},{\"@type\":\"ImageObject\",\"inLanguage\":\"fr-FR\",\"@id\":\"https:\/\/theplayoffs.news\/fr\/actualite-mlb\/fernando-tatis-jr-en-champ-droit-en-2023\/#primaryimage\",\"url\":\"https:\/\/theplayoffs.news\/fr\/wp-content\/uploads\/2023\/02\/Fernando-Tatis-Jr.jpeg\",\"contentUrl\":\"https:\/\/theplayoffs.news\/fr\/wp-content\/uploads\/2023\/02\/Fernando-Tatis-Jr.jpeg\",\"width\":749,\"height\":421},{\"@type\":\"BreadcrumbList\",\"@id\":\"https:\/\/theplayoffs.news\/fr\/actualite-mlb\/fernando-tatis-jr-en-champ-droit-en-2023\/#breadcrumb\",\"itemListElement\":[{\"@type\":\"ListItem\",\"position\":1,\"name\":\"Accueil\",\"item\":\"https:\/\/theplayoffs.news\/fr\/\"},{\"@type\":\"ListItem\",\"position\":2,\"name\":\"Fernando Tatis Jr\u00a0: En champ droit en 2023\"}]},{\"@type\":\"WebSite\",\"@id\":\"https:\/\/theplayoffs.news\/fr\/#website\",\"url\":\"https:\/\/theplayoffs.news\/fr\/\",\"name\":\"The Playoffs FR\",\"description\":\"NBA-NFL-NHL-MLB\",\"potentialAction\":[{\"@type\":\"SearchAction\",\"target\":{\"@type\":\"EntryPoint\",\"urlTemplate\":\"https:\/\/theplayoffs.news\/fr\/?s={search_term_string}\"},\"query-input\":{\"@type\":\"PropertyValueSpecification\",\"valueRequired\":true,\"valueName\":\"search_term_string\"}}],\"inLanguage\":\"fr-FR\"},{\"@type\":\"Person\",\"@id\":\"https:\/\/theplayoffs.news\/fr\/#\/schema\/person\/940879031feb6d5e27cf3c6b69917900\",\"name\":\"Nicolas Blanchard\",\"image\":{\"@type\":\"ImageObject\",\"inLanguage\":\"fr-FR\",\"@id\":\"https:\/\/theplayoffs.news\/fr\/#\/schema\/person\/image\/\",\"url\":\"https:\/\/secure.gravatar.com\/avatar\/98953498460526f9290cb098aaa573c5e0a48837b1ca5807dd22cace83810899?s=96&d=mm&r=g\",\"contentUrl\":\"https:\/\/secure.gravatar.com\/avatar\/98953498460526f9290cb098aaa573c5e0a48837b1ca5807dd22cace83810899?s=96&d=mm&r=g\",\"caption\":\"Nicolas Blanchard\"},\"description\":\"Fan de MLB depuis une dizaine d\u2019ann\u00e9es, je suis tomb\u00e9 amoureux des Chicago Cubs lorsque j\u2019ai vu Bill Murray c\u00e9l\u00e9brer ce premier sacre depuis 108 ans. Mon premier contact avec le Sport US s\u2019est fait lorsque je suis tomb\u00e9 sur une VHS d\u2019Allen Iverson et se fut la r\u00e9v\u00e9lation. Je suis devenu r\u00e9dacteur depuis maintenant 4 ans et cela m\u2019apporte une nouvelle vision du Sport US \u00e0 la fois analytique et bien plus globale (et oui il faut couvrir toutes les \u00e9quipes m\u00eame les chaussettes rouges de Boston).\",\"url\":\"https:\/\/theplayoffs.news\/fr\/author\/nico4017\/\"}]}<\/script>\n<!-- \/ Yoast SEO plugin. -->","yoast_head_json":{"title":"Fernando Tatis Jr&nbsp;: En champ droit en 2023 - The Playoffs FR","robots":{"index":"index","follow":"follow","max-snippet":"max-snippet:-1","max-image-preview":"max-image-preview:large","max-video-preview":"max-video-preview:-1"},"canonical":"https:\/\/theplayoffs.news\/fr\/actualite-mlb\/fernando-tatis-jr-en-champ-droit-en-2023\/","og_locale":"fr_FR","og_type":"article","og_title":"Fernando Tatis Jr&nbsp;: En champ droit en 2023 - The Playoffs FR","og_url":"https:\/\/theplayoffs.news\/fr\/actualite-mlb\/fernando-tatis-jr-en-champ-droit-en-2023\/","og_site_name":"The Playoffs FR","article_publisher":"https:\/\/www.facebook.com\/TheFreeAgentFR\/","article_modified_time":"2023-02-23T08:47:39+00:00","og_image":[{"width":749,"height":421,"url":"https:\/\/theplayoffs.news\/fr\/wp-content\/uploads\/2023\/02\/Fernando-Tatis-Jr.jpeg","type":"image\/jpeg"}],"author":"Nicolas Blanchard","twitter_card":"summary_large_image","twitter_creator":"@TheFreeAgentFR","twitter_site":"@TheFreeAgentFR","twitter_misc":{"\u00c9crit par":"Nicolas Blanchard","Dur\u00e9e de lecture estim\u00e9e":"4 minutes"},"schema":{"@context":"https:\/\/schema.org","@graph":[{"@type":"WebPage","@id":"https:\/\/theplayoffs.news\/fr\/actualite-mlb\/fernando-tatis-jr-en-champ-droit-en-2023\/","url":"https:\/\/theplayoffs.news\/fr\/actualite-mlb\/fernando-tatis-jr-en-champ-droit-en-2023\/","name":"Fernando Tatis Jr\u00a0: En champ droit en 2023 - The Playoffs FR","isPartOf":{"@id":"https:\/\/theplayoffs.news\/fr\/#website"},"primaryImageOfPage":{"@id":"https:\/\/theplayoffs.news\/fr\/actualite-mlb\/fernando-tatis-jr-en-champ-droit-en-2023\/#primaryimage"},"image":{"@id":"https:\/\/theplayoffs.news\/fr\/actualite-mlb\/fernando-tatis-jr-en-champ-droit-en-2023\/#primaryimage"},"thumbnailUrl":"https:\/\/theplayoffs.news\/fr\/wp-content\/uploads\/2023\/02\/Fernando-Tatis-Jr.jpeg","datePublished":"2023-02-23T08:45:33+00:00","dateModified":"2023-02-23T08:47:39+00:00","author":{"@id":"https:\/\/theplayoffs.news\/fr\/#\/schema\/person\/940879031feb6d5e27cf3c6b69917900"},"breadcrumb":{"@id":"https:\/\/theplayoffs.news\/fr\/actualite-mlb\/fernando-tatis-jr-en-champ-droit-en-2023\/#breadcrumb"},"inLanguage":"fr-FR","potentialAction":[{"@type":"ReadAction","target":["https:\/\/theplayoffs.news\/fr\/actualite-mlb\/fernando-tatis-jr-en-champ-droit-en-2023\/"]}]},{"@type":"ImageObject","inLanguage":"fr-FR","@id":"https:\/\/theplayoffs.news\/fr\/actualite-mlb\/fernando-tatis-jr-en-champ-droit-en-2023\/#primaryimage","url":"https:\/\/theplayoffs.news\/fr\/wp-content\/uploads\/2023\/02\/Fernando-Tatis-Jr.jpeg","contentUrl":"https:\/\/theplayoffs.news\/fr\/wp-content\/uploads\/2023\/02\/Fernando-Tatis-Jr.jpeg","width":749,"height":421},{"@type":"BreadcrumbList","@id":"https:\/\/theplayoffs.news\/fr\/actualite-mlb\/fernando-tatis-jr-en-champ-droit-en-2023\/#breadcrumb","itemListElement":[{"@type":"ListItem","position":1,"name":"Accueil","item":"https:\/\/theplayoffs.news\/fr\/"},{"@type":"ListItem","position":2,"name":"Fernando Tatis Jr\u00a0: En champ droit en 2023"}]},{"@type":"WebSite","@id":"https:\/\/theplayoffs.news\/fr\/#website","url":"https:\/\/theplayoffs.news\/fr\/","name":"The Playoffs FR","description":"NBA-NFL-NHL-MLB","potentialAction":[{"@type":"SearchAction","target":{"@type":"EntryPoint","urlTemplate":"https:\/\/theplayoffs.news\/fr\/?s={search_term_string}"},"query-input":{"@type":"PropertyValueSpecification","valueRequired":true,"valueName":"search_term_string"}}],"inLanguage":"fr-FR"},{"@type":"Person","@id":"https:\/\/theplayoffs.news\/fr\/#\/schema\/person\/940879031feb6d5e27cf3c6b69917900","name":"Nicolas Blanchard","image":{"@type":"ImageObject","inLanguage":"fr-FR","@id":"https:\/\/theplayoffs.news\/fr\/#\/schema\/person\/image\/","url":"https:\/\/secure.gravatar.com\/avatar\/98953498460526f9290cb098aaa573c5e0a48837b1ca5807dd22cace83810899?s=96&d=mm&r=g","contentUrl":"https:\/\/secure.gravatar.com\/avatar\/98953498460526f9290cb098aaa573c5e0a48837b1ca5807dd22cace83810899?s=96&d=mm&r=g","caption":"Nicolas Blanchard"},"description":"Fan de MLB depuis une dizaine d\u2019ann\u00e9es, je suis tomb\u00e9 amoureux des Chicago Cubs lorsque j\u2019ai vu Bill Murray c\u00e9l\u00e9brer ce premier sacre depuis 108 ans. Mon premier contact avec le Sport US s\u2019est fait lorsque je suis tomb\u00e9 sur une VHS d\u2019Allen Iverson et se fut la r\u00e9v\u00e9lation. Je suis devenu r\u00e9dacteur depuis maintenant 4 ans et cela m\u2019apporte une nouvelle vision du Sport US \u00e0 la fois analytique et bien plus globale (et oui il faut couvrir toutes les \u00e9quipes m\u00eame les chaussettes rouges de Boston).","url":"https:\/\/theplayoffs.news\/fr\/author\/nico4017\/"}]}},"_links":{"self":[{"href":"https:\/\/theplayoffs.news\/fr\/wp-json\/wp\/v2\/posts\/568913","targetHints":{"allow":["GET"]}}],"collection":[{"href":"https:\/\/theplayoffs.news\/fr\/wp-json\/wp\/v2\/posts"}],"about":[{"href":"https:\/\/theplayoffs.news\/fr\/wp-json\/wp\/v2\/types\/post"}],"author":[{"embeddable":true,"href":"https:\/\/theplayoffs.news\/fr\/wp-json\/wp\/v2\/users\/180309823"}],"replies":[{"embeddable":true,"href":"https:\/\/theplayoffs.news\/fr\/wp-json\/wp\/v2\/comments?post=568913"}],"version-history":[{"count":5,"href":"https:\/\/theplayoffs.news\/fr\/wp-json\/wp\/v2\/posts\/568913\/revisions"}],"predecessor-version":[{"id":568934,"href":"https:\/\/theplayoffs.news\/fr\/wp-json\/wp\/v2\/posts\/568913\/revisions\/568934"}],"wp:featuredmedia":[{"embeddable":true,"href":"https:\/\/theplayoffs.news\/fr\/wp-json\/wp\/v2\/media\/568926"}],"wp:attachment":[{"href":"https:\/\/theplayoffs.news\/fr\/wp-json\/wp\/v2\/media?parent=568913"}],"wp:term":[{"taxonomy":"category","embeddable":true,"href":"https:\/\/theplayoffs.news\/fr\/wp-json\/wp\/v2\/categories?post=568913"},{"taxonomy":"post_tag","embeddable":true,"href":"https:\/\/theplayoffs.news\/fr\/wp-json\/wp\/v2\/tags?post=568913"},{"taxonomy":"sport","embeddable":true,"href":"https:\/\/theplayoffs.news\/fr\/wp-json\/wp\/v2\/sport?post=568913"},{"taxonomy":"saison","embeddable":true,"href":"https:\/\/theplayoffs.news\/fr\/wp-json\/wp\/v2\/saison?post=568913"}],"curies":[{"name":"wp","href":"https:\/\/api.w.org\/{rel}","templated":true}]}}