{"id":568584,"date":"2023-02-21T16:45:45","date_gmt":"2023-02-21T15:45:45","guid":{"rendered":"https:\/\/theplayoffs.news\/fr\/?p=568584"},"modified":"2023-02-21T16:48:05","modified_gmt":"2023-02-21T15:48:05","slug":"jacque-vaughn-prolonge-a-brooklyn","status":"publish","type":"post","link":"https:\/\/theplayoffs.news\/fr\/actualite-nba\/jacque-vaughn-prolonge-a-brooklyn\/","title":{"rendered":"Jacque Vaughn prolonge avec les Nets"},"content":{"rendered":"<h2>Plus t&ocirc;t cette saison, Jacque Vaughn le coach des Brooklyn Nets avait d&eacute;cid&eacute; de l&acirc;cher le statut d&rsquo;int&eacute;rimaire. Aujourd&rsquo;hui, il a prolong&eacute; avec les Nets pour plusieurs saisons, apr&egrave;s la saison 2023\/2024.<\/h2><p><a href=\"https:\/\/theplayoffs.news\/fr\/equipe\/brooklyn-nets-nba\/\" class=\"trk-cta-link\" data-cta-trk='{\"ctaType\":\"Link\",\"ctaSubType\":\"main\"}'><strong>Les Brooklyn Nets<\/strong><\/a> misent sur <strong>Jacque Vaughn<\/strong> pour du long terme. <a href=\"https:\/\/theathletic.com\/4237417\/2023\/02\/21\/jacque-vaughn-contract-extension-nets\/?source=user_shared_article\" class=\"trk-cta-link\" data-cta-trk='{\"ctaType\":\"Link\",\"ctaSubType\":\"main\"}'>La franchise a d&eacute;cid&eacute; de le prolonger pour plusieurs saisons<\/a>, &agrave; partir de 2024, puisque la saison prochaine (2023\/2024) il sera toujours le coach des Nets. Vaughn avait d&eacute;cid&eacute; de ne plus avoir le statut d&rsquo;int&eacute;rimaire et avait n&eacute;goci&eacute; plus t&ocirc;t cette saison, un contrat jusqu&rsquo;apr&egrave;s la saison 2023\/2024. Pour rappel Jacque Vaughn avait pris la suite d&rsquo;un <strong>Steve Nash<\/strong> limog&eacute; au d&eacute;but de la saison.<\/p><blockquote class=\"twitter-tweet\" data-width=\"500\" data-dnt=\"true\">\n<p lang=\"en\" dir=\"ltr\">Jacque Vaughn had shed the interim label earlier this season with a team option on next year &mdash; and now gets extended for multiple years past the 2023-2024 season, sources tell ESPN. <a href=\"https:\/\/t.co\/YE3Txda9xF\" class=\"trk-cta-link\" data-cta-trk='{\"ctaType\":\"Link\",\"ctaSubType\":\"main\"}'>pic.twitter.com\/YE3Txda9xF<\/a><\/p>\n<p>&mdash; Adrian Wojnarowski (@wojespn) <a href=\"https:\/\/twitter.com\/wojespn\/status\/1628047561276936193?ref_src=twsrc%5Etfw\" class=\"trk-cta-link\" data-cta-trk='{\"ctaType\":\"Link\",\"ctaSubType\":\"main\"}'>February 21, 2023<\/a><\/p><\/blockquote><p><script async src=\"https:\/\/platform.twitter.com\/widgets.js\" charset=\"utf-8\"><\/script><\/p><p>Il fait un excellent travail cette ann&eacute;e &agrave; Brooklyn, sa bonne humeur et sa proximit&eacute; avec les joueurs marchent bien chez les Nets qui sont <strong>5es<\/strong> de la conf&eacute;rence Est, avec 32 victoires et 19 d&eacute;faites. Tr&egrave;s lucide, honn&ecirc;te et fin tacticien, Vaughn est d&eacute;j&agrave; appr&eacute;ci&eacute; par le monde la NBA apr&egrave;s quelques mois seulement en tant que coach des Nets. Son objectif maintenant est de bien mener la transition apr&egrave;s la p&eacute;riode des transferts qui a vu Brooklyn perdre <strong>Kevin Durant<\/strong> et <strong>Kyrie Irving<\/strong>, pour construire une &eacute;quipe au visage nouveau, tout en restant aussi comp&eacute;titif que possible.<\/p>\n","protected":false},"excerpt":{"rendered":"","protected":false},"author":180310139,"featured_media":562435,"comment_status":"open","ping_status":"closed","sticky":false,"template":"","format":"standard","meta":{"inline_featured_image":false,"kia_subtitle":"","_mux_skip_reasons":[],"proofreadBy":0,"footnotes":""},"categories":[110,10],"tags":[499,5559,5013,23,1083],"sport":[],"saison":[],"class_list":["post-568584","post","type-post","status-publish","format-standard","has-post-thumbnail","hentry","category-actualite-nba","category-nba","tag-brooklyn-nets","tag-coach","tag-jacque-vaughn","tag-nba-tag","tag-prolongation"],"acf":[],"yoast_head":"<!-- This site is optimized with the Yoast SEO plugin v24.2 - https:\/\/yoast.com\/wordpress\/plugins\/seo\/ -->\n<title>Jacque Vaughn prolonge avec les Nets - The Playoffs FR<\/title>\n<meta name=\"robots\" content=\"index, follow, max-snippet:-1, max-image-preview:large, max-video-preview:-1\" \/>\n<link rel=\"canonical\" href=\"https:\/\/theplayoffs.news\/fr\/actualite-nba\/jacque-vaughn-prolonge-a-brooklyn\/\" \/>\n<meta property=\"og:locale\" content=\"fr_FR\" \/>\n<meta property=\"og:type\" content=\"article\" \/>\n<meta property=\"og:title\" content=\"Jacque Vaughn prolonge avec les Nets - The Playoffs FR\" \/>\n<meta property=\"og:url\" content=\"https:\/\/theplayoffs.news\/fr\/actualite-nba\/jacque-vaughn-prolonge-a-brooklyn\/\" \/>\n<meta property=\"og:site_name\" content=\"The Playoffs FR\" \/>\n<meta property=\"article:publisher\" content=\"https:\/\/www.facebook.com\/TheFreeAgentFR\/\" \/>\n<meta property=\"article:modified_time\" content=\"2023-02-21T16:48:05+01:00\" \/>\n<meta property=\"og:image\" content=\"https:\/\/theplayoffs.news\/fr\/wp-content\/uploads\/2023\/02\/jacque-vaughn.jpg\" \/>\n\t<meta property=\"og:image:width\" content=\"680\" \/>\n\t<meta property=\"og:image:height\" content=\"383\" \/>\n\t<meta property=\"og:image:type\" content=\"image\/jpeg\" \/>\n<meta name=\"author\" content=\"Alban Conejero\" \/>\n<meta name=\"twitter:card\" content=\"summary_large_image\" \/>\n<meta name=\"twitter:creator\" content=\"@TheFreeAgentFR\" \/>\n<meta name=\"twitter:site\" content=\"@TheFreeAgentFR\" \/>\n<meta name=\"twitter:label1\" content=\"\u00c9crit par\" \/>\n\t<meta name=\"twitter:data1\" content=\"Alban Conejero\" \/>\n\t<meta name=\"twitter:label2\" content=\"Dur\u00e9e de lecture estim\u00e9e\" \/>\n\t<meta name=\"twitter:data2\" content=\"1 minute\" \/>\n<script type=\"application\/ld+json\" class=\"yoast-schema-graph\">{\"@context\":\"https:\/\/schema.org\",\"@graph\":[{\"@type\":\"WebPage\",\"@id\":\"https:\/\/theplayoffs.news\/fr\/actualite-nba\/jacque-vaughn-prolonge-a-brooklyn\/\",\"url\":\"https:\/\/theplayoffs.news\/fr\/actualite-nba\/jacque-vaughn-prolonge-a-brooklyn\/\",\"name\":\"Jacque Vaughn prolonge avec les Nets - The Playoffs FR\",\"isPartOf\":{\"@id\":\"https:\/\/theplayoffs.news\/fr\/#website\"},\"primaryImageOfPage\":{\"@id\":\"https:\/\/theplayoffs.news\/fr\/actualite-nba\/jacque-vaughn-prolonge-a-brooklyn\/#primaryimage\"},\"image\":{\"@id\":\"https:\/\/theplayoffs.news\/fr\/actualite-nba\/jacque-vaughn-prolonge-a-brooklyn\/#primaryimage\"},\"thumbnailUrl\":\"https:\/\/theplayoffs.news\/fr\/wp-content\/uploads\/2023\/02\/jacque-vaughn.jpg\",\"datePublished\":\"2023-02-21T15:45:45+00:00\",\"dateModified\":\"2023-02-21T15:48:05+00:00\",\"author\":{\"@id\":\"https:\/\/theplayoffs.news\/fr\/#\/schema\/person\/3dd6319a9057ecd181d2351cdb03ccd2\"},\"breadcrumb\":{\"@id\":\"https:\/\/theplayoffs.news\/fr\/actualite-nba\/jacque-vaughn-prolonge-a-brooklyn\/#breadcrumb\"},\"inLanguage\":\"fr-FR\",\"potentialAction\":[{\"@type\":\"ReadAction\",\"target\":[\"https:\/\/theplayoffs.news\/fr\/actualite-nba\/jacque-vaughn-prolonge-a-brooklyn\/\"]}]},{\"@type\":\"ImageObject\",\"inLanguage\":\"fr-FR\",\"@id\":\"https:\/\/theplayoffs.news\/fr\/actualite-nba\/jacque-vaughn-prolonge-a-brooklyn\/#primaryimage\",\"url\":\"https:\/\/theplayoffs.news\/fr\/wp-content\/uploads\/2023\/02\/jacque-vaughn.jpg\",\"contentUrl\":\"https:\/\/theplayoffs.news\/fr\/wp-content\/uploads\/2023\/02\/jacque-vaughn.jpg\",\"width\":680,\"height\":383,\"caption\":\"Vaughn\"},{\"@type\":\"BreadcrumbList\",\"@id\":\"https:\/\/theplayoffs.news\/fr\/actualite-nba\/jacque-vaughn-prolonge-a-brooklyn\/#breadcrumb\",\"itemListElement\":[{\"@type\":\"ListItem\",\"position\":1,\"name\":\"Accueil\",\"item\":\"https:\/\/theplayoffs.news\/fr\/\"},{\"@type\":\"ListItem\",\"position\":2,\"name\":\"Jacque Vaughn prolonge avec les Nets\"}]},{\"@type\":\"WebSite\",\"@id\":\"https:\/\/theplayoffs.news\/fr\/#website\",\"url\":\"https:\/\/theplayoffs.news\/fr\/\",\"name\":\"The Playoffs FR\",\"description\":\"NBA-NFL-NHL-MLB\",\"potentialAction\":[{\"@type\":\"SearchAction\",\"target\":{\"@type\":\"EntryPoint\",\"urlTemplate\":\"https:\/\/theplayoffs.news\/fr\/?s={search_term_string}\"},\"query-input\":{\"@type\":\"PropertyValueSpecification\",\"valueRequired\":true,\"valueName\":\"search_term_string\"}}],\"inLanguage\":\"fr-FR\"},{\"@type\":\"Person\",\"@id\":\"https:\/\/theplayoffs.news\/fr\/#\/schema\/person\/3dd6319a9057ecd181d2351cdb03ccd2\",\"name\":\"Alban Conejero\",\"image\":{\"@type\":\"ImageObject\",\"inLanguage\":\"fr-FR\",\"@id\":\"https:\/\/theplayoffs.news\/fr\/#\/schema\/person\/image\/\",\"url\":\"https:\/\/secure.gravatar.com\/avatar\/ef2d5e8508f59dc7b4e42edb92917fc230c9f46d5eb7ec09de6d5b8e112de01f?s=96&d=mm&r=g\",\"contentUrl\":\"https:\/\/secure.gravatar.com\/avatar\/ef2d5e8508f59dc7b4e42edb92917fc230c9f46d5eb7ec09de6d5b8e112de01f?s=96&d=mm&r=g\",\"caption\":\"Alban Conejero\"},\"url\":\"https:\/\/theplayoffs.news\/fr\/author\/albanconejero26gmail-com\/\"}]}<\/script>\n<!-- \/ Yoast SEO plugin. -->","yoast_head_json":{"title":"Jacque Vaughn prolonge avec les Nets - The Playoffs FR","robots":{"index":"index","follow":"follow","max-snippet":"max-snippet:-1","max-image-preview":"max-image-preview:large","max-video-preview":"max-video-preview:-1"},"canonical":"https:\/\/theplayoffs.news\/fr\/actualite-nba\/jacque-vaughn-prolonge-a-brooklyn\/","og_locale":"fr_FR","og_type":"article","og_title":"Jacque Vaughn prolonge avec les Nets - The Playoffs FR","og_url":"https:\/\/theplayoffs.news\/fr\/actualite-nba\/jacque-vaughn-prolonge-a-brooklyn\/","og_site_name":"The Playoffs FR","article_publisher":"https:\/\/www.facebook.com\/TheFreeAgentFR\/","article_modified_time":"2023-02-21T15:48:05+00:00","og_image":[{"width":680,"height":383,"url":"https:\/\/theplayoffs.news\/fr\/wp-content\/uploads\/2023\/02\/jacque-vaughn.jpg","type":"image\/jpeg"}],"author":"Alban Conejero","twitter_card":"summary_large_image","twitter_creator":"@TheFreeAgentFR","twitter_site":"@TheFreeAgentFR","twitter_misc":{"\u00c9crit par":"Alban Conejero","Dur\u00e9e de lecture estim\u00e9e":"1 minute"},"schema":{"@context":"https:\/\/schema.org","@graph":[{"@type":"WebPage","@id":"https:\/\/theplayoffs.news\/fr\/actualite-nba\/jacque-vaughn-prolonge-a-brooklyn\/","url":"https:\/\/theplayoffs.news\/fr\/actualite-nba\/jacque-vaughn-prolonge-a-brooklyn\/","name":"Jacque Vaughn prolonge avec les Nets - The Playoffs FR","isPartOf":{"@id":"https:\/\/theplayoffs.news\/fr\/#website"},"primaryImageOfPage":{"@id":"https:\/\/theplayoffs.news\/fr\/actualite-nba\/jacque-vaughn-prolonge-a-brooklyn\/#primaryimage"},"image":{"@id":"https:\/\/theplayoffs.news\/fr\/actualite-nba\/jacque-vaughn-prolonge-a-brooklyn\/#primaryimage"},"thumbnailUrl":"https:\/\/theplayoffs.news\/fr\/wp-content\/uploads\/2023\/02\/jacque-vaughn.jpg","datePublished":"2023-02-21T15:45:45+00:00","dateModified":"2023-02-21T15:48:05+00:00","author":{"@id":"https:\/\/theplayoffs.news\/fr\/#\/schema\/person\/3dd6319a9057ecd181d2351cdb03ccd2"},"breadcrumb":{"@id":"https:\/\/theplayoffs.news\/fr\/actualite-nba\/jacque-vaughn-prolonge-a-brooklyn\/#breadcrumb"},"inLanguage":"fr-FR","potentialAction":[{"@type":"ReadAction","target":["https:\/\/theplayoffs.news\/fr\/actualite-nba\/jacque-vaughn-prolonge-a-brooklyn\/"]}]},{"@type":"ImageObject","inLanguage":"fr-FR","@id":"https:\/\/theplayoffs.news\/fr\/actualite-nba\/jacque-vaughn-prolonge-a-brooklyn\/#primaryimage","url":"https:\/\/theplayoffs.news\/fr\/wp-content\/uploads\/2023\/02\/jacque-vaughn.jpg","contentUrl":"https:\/\/theplayoffs.news\/fr\/wp-content\/uploads\/2023\/02\/jacque-vaughn.jpg","width":680,"height":383,"caption":"Vaughn"},{"@type":"BreadcrumbList","@id":"https:\/\/theplayoffs.news\/fr\/actualite-nba\/jacque-vaughn-prolonge-a-brooklyn\/#breadcrumb","itemListElement":[{"@type":"ListItem","position":1,"name":"Accueil","item":"https:\/\/theplayoffs.news\/fr\/"},{"@type":"ListItem","position":2,"name":"Jacque Vaughn prolonge avec les Nets"}]},{"@type":"WebSite","@id":"https:\/\/theplayoffs.news\/fr\/#website","url":"https:\/\/theplayoffs.news\/fr\/","name":"The Playoffs FR","description":"NBA-NFL-NHL-MLB","potentialAction":[{"@type":"SearchAction","target":{"@type":"EntryPoint","urlTemplate":"https:\/\/theplayoffs.news\/fr\/?s={search_term_string}"},"query-input":{"@type":"PropertyValueSpecification","valueRequired":true,"valueName":"search_term_string"}}],"inLanguage":"fr-FR"},{"@type":"Person","@id":"https:\/\/theplayoffs.news\/fr\/#\/schema\/person\/3dd6319a9057ecd181d2351cdb03ccd2","name":"Alban Conejero","image":{"@type":"ImageObject","inLanguage":"fr-FR","@id":"https:\/\/theplayoffs.news\/fr\/#\/schema\/person\/image\/","url":"https:\/\/secure.gravatar.com\/avatar\/ef2d5e8508f59dc7b4e42edb92917fc230c9f46d5eb7ec09de6d5b8e112de01f?s=96&d=mm&r=g","contentUrl":"https:\/\/secure.gravatar.com\/avatar\/ef2d5e8508f59dc7b4e42edb92917fc230c9f46d5eb7ec09de6d5b8e112de01f?s=96&d=mm&r=g","caption":"Alban Conejero"},"url":"https:\/\/theplayoffs.news\/fr\/author\/albanconejero26gmail-com\/"}]}},"_links":{"self":[{"href":"https:\/\/theplayoffs.news\/fr\/wp-json\/wp\/v2\/posts\/568584","targetHints":{"allow":["GET"]}}],"collection":[{"href":"https:\/\/theplayoffs.news\/fr\/wp-json\/wp\/v2\/posts"}],"about":[{"href":"https:\/\/theplayoffs.news\/fr\/wp-json\/wp\/v2\/types\/post"}],"author":[{"embeddable":true,"href":"https:\/\/theplayoffs.news\/fr\/wp-json\/wp\/v2\/users\/180310139"}],"replies":[{"embeddable":true,"href":"https:\/\/theplayoffs.news\/fr\/wp-json\/wp\/v2\/comments?post=568584"}],"version-history":[{"count":2,"href":"https:\/\/theplayoffs.news\/fr\/wp-json\/wp\/v2\/posts\/568584\/revisions"}],"predecessor-version":[{"id":568591,"href":"https:\/\/theplayoffs.news\/fr\/wp-json\/wp\/v2\/posts\/568584\/revisions\/568591"}],"wp:featuredmedia":[{"embeddable":true,"href":"https:\/\/theplayoffs.news\/fr\/wp-json\/wp\/v2\/media\/562435"}],"wp:attachment":[{"href":"https:\/\/theplayoffs.news\/fr\/wp-json\/wp\/v2\/media?parent=568584"}],"wp:term":[{"taxonomy":"category","embeddable":true,"href":"https:\/\/theplayoffs.news\/fr\/wp-json\/wp\/v2\/categories?post=568584"},{"taxonomy":"post_tag","embeddable":true,"href":"https:\/\/theplayoffs.news\/fr\/wp-json\/wp\/v2\/tags?post=568584"},{"taxonomy":"sport","embeddable":true,"href":"https:\/\/theplayoffs.news\/fr\/wp-json\/wp\/v2\/sport?post=568584"},{"taxonomy":"saison","embeddable":true,"href":"https:\/\/theplayoffs.news\/fr\/wp-json\/wp\/v2\/saison?post=568584"}],"curies":[{"name":"wp","href":"https:\/\/api.w.org\/{rel}","templated":true}]}}