{"id":568573,"date":"2023-02-21T16:10:05","date_gmt":"2023-02-21T15:10:05","guid":{"rendered":"https:\/\/theplayoffs.news\/fr\/?p=568573"},"modified":"2023-02-21T16:12:05","modified_gmt":"2023-02-21T15:12:05","slug":"chris-shula-jesse-minter-coordinateur-defensif-eagles","status":"publish","type":"post","link":"https:\/\/theplayoffs.news\/fr\/actualite-nfl\/chris-shula-jesse-minter-coordinateur-defensif-eagles\/","title":{"rendered":"Chris Shula et Jesse Minter en lice pour le poste de coordinateur d\u00e9fensif des Eagles"},"content":{"rendered":"<h2><strong>Les Eagles de Philadelphie recherchent activement un nouveau coordinateur d&eacute;fensif pour combler le poste laiss&eacute; vacant par le d&eacute;part de Jonathan Gannon.<\/strong><\/h2><p>Vance Joseph devrait &ecirc;tre interview&eacute; plus tard cette semaine, mais l&rsquo;&eacute;quipe a &eacute;galement envisag&eacute; plusieurs autres candidats pour le poste. Selon <a href=\"https:\/\/twitter.com\/MikeGarafolo\/status\/1628040032819740674\" class=\"trk-cta-link\" data-cta-trk='{\"ctaType\":\"Link\",\"ctaSubType\":\"main\"}'>Mike Garafolo de NFL Media<\/a>, les Eagles ont d&eacute;j&agrave; parl&eacute; &agrave; l&rsquo;entra&icirc;neur des defensive backs des Rams et coordinateur du jeu de passe Chris Shula, ainsi qu&rsquo;au coordinateur d&eacute;fensif de l&rsquo;Universit&eacute; du Michigan Jesse Minter.<\/p><p>Shula est avec les Rams depuis 2017 et a pr&eacute;c&eacute;demment &eacute;t&eacute; entra&icirc;neur de leurs linebacker avant d&rsquo;assumer son r&ocirc;le actuel. Il a un solide pedigree d&rsquo;entra&icirc;neur, en tant que fils de l&rsquo;ancien entra&icirc;neur en chef des Bengals David Shula et petit-fils du l&eacute;gendaire entra&icirc;neur Don Shula.<\/p><p>Shula a &eacute;galement eu une relation de travail ant&eacute;rieure avec l&rsquo;entra&icirc;neur-chef des Eagles Nick Sirianni, ayant fait partie du m&ecirc;me personnel d&rsquo;entra&icirc;neurs avec lui pendant deux saisons avec les Chargers.<\/p><p>Minter, qui a rejoint l&rsquo;Universit&eacute; du Michigan en 2022, a pr&eacute;c&eacute;demment &eacute;t&eacute; coordinateur d&eacute;fensif &agrave; Vanderbilt et a travaill&eacute; pour les Ravens de Baltimore de 2017 &agrave; 2020. Gr&acirc;ce &agrave; son exp&eacute;rience dans la NFL et le football universitaire, Minter pourrait apporter une perspective unique &agrave; la d&eacute;fense des <a href=\"https:\/\/theplayoffs.news\/fr\/equipe\/philadelphia-eagles-nfl\/\" class=\"trk-cta-link\" data-cta-trk='{\"ctaType\":\"Link\",\"ctaSubType\":\"main\"}'>Eagles.<\/a><\/p><p>Garafolo a &eacute;galement rapport&eacute; que les Eagles avaient interview&eacute; l&rsquo;ancien entra&icirc;neur-chef du Wisconsin, Jim Leonhard, et demand&eacute; une entrevue avec l&rsquo;entra&icirc;neur-chef associ&eacute; des Seahawks, Sean Desai.<\/p><p>La recherche par les Eagles d&rsquo;un nouveau coordinateur d&eacute;fensif est importante, car l&rsquo;&eacute;quipe cherche &agrave; tirer parti des progr&egrave;s r&eacute;alis&eacute;s en 2021. Sous Gannon, la d&eacute;fense a montr&eacute; une am&eacute;lioration significative au cours de la saison, en particulier dans le secondary.<\/p><p>Cependant, le d&eacute;part de Gannon pour les Vikings du Minnesota signifie que les Eagles auront besoin d&rsquo;un nouveau coordinateur d&eacute;fensif pour poursuivre cette progression. Avec plusieurs candidats solides dans le m&eacute;lange, les Eagles devraient avoir de nombreuses options alors qu&rsquo;ils cherchent &agrave; trouver la bonne personne pour le poste.<\/p>\n","protected":false},"excerpt":{"rendered":"","protected":false},"author":13,"featured_media":568578,"comment_status":"open","ping_status":"closed","sticky":false,"template":"","format":"standard","meta":{"inline_featured_image":false,"kia_subtitle":"","_mux_skip_reasons":[],"proofreadBy":0,"footnotes":""},"categories":[118,40],"tags":[5555,5556,773],"sport":[],"saison":[],"class_list":["post-568573","post","type-post","status-publish","format-standard","has-post-thumbnail","hentry","category-actualite-nfl","category-nfl","tag-chris-shula","tag-jesse-minter","tag-philadelphia-eagles"],"acf":[],"yoast_head":"<!-- This site is optimized with the Yoast SEO plugin v24.2 - https:\/\/yoast.com\/wordpress\/plugins\/seo\/ -->\n<title>Chris Shula et Jesse Minter en lice pour le poste de coordinateur d&eacute;fensif des Eagles - The Playoffs FR<\/title>\n<meta name=\"robots\" content=\"index, follow, max-snippet:-1, max-image-preview:large, max-video-preview:-1\" \/>\n<link rel=\"canonical\" href=\"https:\/\/theplayoffs.news\/fr\/actualite-nfl\/chris-shula-jesse-minter-coordinateur-defensif-eagles\/\" \/>\n<meta property=\"og:locale\" content=\"fr_FR\" \/>\n<meta property=\"og:type\" content=\"article\" \/>\n<meta property=\"og:title\" content=\"Chris Shula et Jesse Minter en lice pour le poste de coordinateur d&eacute;fensif des Eagles - The Playoffs FR\" \/>\n<meta property=\"og:url\" content=\"https:\/\/theplayoffs.news\/fr\/actualite-nfl\/chris-shula-jesse-minter-coordinateur-defensif-eagles\/\" \/>\n<meta property=\"og:site_name\" content=\"The Playoffs FR\" \/>\n<meta property=\"article:publisher\" content=\"https:\/\/www.facebook.com\/TheFreeAgentFR\/\" \/>\n<meta property=\"article:modified_time\" content=\"2023-02-21T16:12:05+01:00\" \/>\n<meta property=\"og:image\" content=\"https:\/\/theplayoffs.news\/fr\/wp-content\/uploads\/2023\/02\/tinywow_back-black-eagles-new-helmets-packers-game_14419972.jpg\" \/>\n\t<meta property=\"og:image:width\" content=\"1920\" \/>\n\t<meta property=\"og:image:height\" content=\"1080\" \/>\n\t<meta property=\"og:image:type\" content=\"image\/jpeg\" \/>\n<meta name=\"author\" content=\"Charles Taudin\" \/>\n<meta name=\"twitter:card\" content=\"summary_large_image\" \/>\n<meta name=\"twitter:creator\" content=\"@TheFreeAgentFR\" \/>\n<meta name=\"twitter:site\" content=\"@TheFreeAgentFR\" \/>\n<meta name=\"twitter:label1\" content=\"\u00c9crit par\" \/>\n\t<meta name=\"twitter:data1\" content=\"Charles Taudin\" \/>\n\t<meta name=\"twitter:label2\" content=\"Dur\u00e9e de lecture estim\u00e9e\" \/>\n\t<meta name=\"twitter:data2\" content=\"2 minutes\" \/>\n<script type=\"application\/ld+json\" class=\"yoast-schema-graph\">{\"@context\":\"https:\/\/schema.org\",\"@graph\":[{\"@type\":\"WebPage\",\"@id\":\"https:\/\/theplayoffs.news\/fr\/actualite-nfl\/chris-shula-jesse-minter-coordinateur-defensif-eagles\/\",\"url\":\"https:\/\/theplayoffs.news\/fr\/actualite-nfl\/chris-shula-jesse-minter-coordinateur-defensif-eagles\/\",\"name\":\"Chris Shula et Jesse Minter en lice pour le poste de coordinateur d\u00e9fensif des Eagles - The Playoffs FR\",\"isPartOf\":{\"@id\":\"https:\/\/theplayoffs.news\/fr\/#website\"},\"primaryImageOfPage\":{\"@id\":\"https:\/\/theplayoffs.news\/fr\/actualite-nfl\/chris-shula-jesse-minter-coordinateur-defensif-eagles\/#primaryimage\"},\"image\":{\"@id\":\"https:\/\/theplayoffs.news\/fr\/actualite-nfl\/chris-shula-jesse-minter-coordinateur-defensif-eagles\/#primaryimage\"},\"thumbnailUrl\":\"https:\/\/theplayoffs.news\/fr\/wp-content\/uploads\/2023\/02\/tinywow_back-black-eagles-new-helmets-packers-game_14419972.jpg\",\"datePublished\":\"2023-02-21T15:10:05+00:00\",\"dateModified\":\"2023-02-21T15:12:05+00:00\",\"author\":{\"@id\":\"https:\/\/theplayoffs.news\/fr\/#\/schema\/person\/eee5b69ad5d3c51cabe881c839dbe133\"},\"breadcrumb\":{\"@id\":\"https:\/\/theplayoffs.news\/fr\/actualite-nfl\/chris-shula-jesse-minter-coordinateur-defensif-eagles\/#breadcrumb\"},\"inLanguage\":\"fr-FR\",\"potentialAction\":[{\"@type\":\"ReadAction\",\"target\":[\"https:\/\/theplayoffs.news\/fr\/actualite-nfl\/chris-shula-jesse-minter-coordinateur-defensif-eagles\/\"]}]},{\"@type\":\"ImageObject\",\"inLanguage\":\"fr-FR\",\"@id\":\"https:\/\/theplayoffs.news\/fr\/actualite-nfl\/chris-shula-jesse-minter-coordinateur-defensif-eagles\/#primaryimage\",\"url\":\"https:\/\/theplayoffs.news\/fr\/wp-content\/uploads\/2023\/02\/tinywow_back-black-eagles-new-helmets-packers-game_14419972.jpg\",\"contentUrl\":\"https:\/\/theplayoffs.news\/fr\/wp-content\/uploads\/2023\/02\/tinywow_back-black-eagles-new-helmets-packers-game_14419972.jpg\",\"width\":1920,\"height\":1080,\"caption\":\"Eagles\"},{\"@type\":\"BreadcrumbList\",\"@id\":\"https:\/\/theplayoffs.news\/fr\/actualite-nfl\/chris-shula-jesse-minter-coordinateur-defensif-eagles\/#breadcrumb\",\"itemListElement\":[{\"@type\":\"ListItem\",\"position\":1,\"name\":\"Accueil\",\"item\":\"https:\/\/theplayoffs.news\/fr\/\"},{\"@type\":\"ListItem\",\"position\":2,\"name\":\"Chris Shula et Jesse Minter en lice pour le poste de coordinateur d\u00e9fensif des Eagles\"}]},{\"@type\":\"WebSite\",\"@id\":\"https:\/\/theplayoffs.news\/fr\/#website\",\"url\":\"https:\/\/theplayoffs.news\/fr\/\",\"name\":\"The Playoffs FR\",\"description\":\"NBA-NFL-NHL-MLB\",\"potentialAction\":[{\"@type\":\"SearchAction\",\"target\":{\"@type\":\"EntryPoint\",\"urlTemplate\":\"https:\/\/theplayoffs.news\/fr\/?s={search_term_string}\"},\"query-input\":{\"@type\":\"PropertyValueSpecification\",\"valueRequired\":true,\"valueName\":\"search_term_string\"}}],\"inLanguage\":\"fr-FR\"},{\"@type\":\"Person\",\"@id\":\"https:\/\/theplayoffs.news\/fr\/#\/schema\/person\/eee5b69ad5d3c51cabe881c839dbe133\",\"name\":\"Charles Taudin\",\"image\":{\"@type\":\"ImageObject\",\"inLanguage\":\"fr-FR\",\"@id\":\"https:\/\/theplayoffs.news\/fr\/#\/schema\/person\/image\/\",\"url\":\"https:\/\/secure.gravatar.com\/avatar\/59a1e772205ce9fd255edfcafc93013736822e20261f294c5753b20c41ede9f2?s=96&d=mm&r=g\",\"contentUrl\":\"https:\/\/secure.gravatar.com\/avatar\/59a1e772205ce9fd255edfcafc93013736822e20261f294c5753b20c41ede9f2?s=96&d=mm&r=g\",\"caption\":\"Charles Taudin\"},\"description\":\"R\u00e9dacteur en chef global de The Playoffs, j\u2019ai cr\u00e9\u00e9 The Free Agent, devenu The Playoffs FR, en 2020 durant la pand\u00e9mie. Amoureux depuis des ann\u00e9es des 4 sports majeurs am\u00e9ricains, j\u2019organise maintenant la strat\u00e9gie \u00e9ditoriale et les r\u00e9seaux sociaux de l\u2019ensemble des versions de The Playoffs. Il m\u2019arrive encore d\u2019\u00e9crire sur certains sports que j\u2019affectionne particuli\u00e8rement comme la NFL ou la MLB. Si vous devez retenir qu\u2019une chose : Eli Manning est le vrai GOAT pour avoir battu deux fois Tom Brady.\",\"sameAs\":[\"https:\/\/www.instagram.com\/ctaudin_\/\"],\"url\":\"https:\/\/theplayoffs.news\/fr\/author\/charles-taudin\/\"}]}<\/script>\n<!-- \/ Yoast SEO plugin. -->","yoast_head_json":{"title":"Chris Shula et Jesse Minter en lice pour le poste de coordinateur d&eacute;fensif des Eagles - The Playoffs FR","robots":{"index":"index","follow":"follow","max-snippet":"max-snippet:-1","max-image-preview":"max-image-preview:large","max-video-preview":"max-video-preview:-1"},"canonical":"https:\/\/theplayoffs.news\/fr\/actualite-nfl\/chris-shula-jesse-minter-coordinateur-defensif-eagles\/","og_locale":"fr_FR","og_type":"article","og_title":"Chris Shula et Jesse Minter en lice pour le poste de coordinateur d&eacute;fensif des Eagles - The Playoffs FR","og_url":"https:\/\/theplayoffs.news\/fr\/actualite-nfl\/chris-shula-jesse-minter-coordinateur-defensif-eagles\/","og_site_name":"The Playoffs FR","article_publisher":"https:\/\/www.facebook.com\/TheFreeAgentFR\/","article_modified_time":"2023-02-21T15:12:05+00:00","og_image":[{"width":1920,"height":1080,"url":"https:\/\/theplayoffs.news\/fr\/wp-content\/uploads\/2023\/02\/tinywow_back-black-eagles-new-helmets-packers-game_14419972.jpg","type":"image\/jpeg"}],"author":"Charles Taudin","twitter_card":"summary_large_image","twitter_creator":"@TheFreeAgentFR","twitter_site":"@TheFreeAgentFR","twitter_misc":{"\u00c9crit par":"Charles Taudin","Dur\u00e9e de lecture estim\u00e9e":"2 minutes"},"schema":{"@context":"https:\/\/schema.org","@graph":[{"@type":"WebPage","@id":"https:\/\/theplayoffs.news\/fr\/actualite-nfl\/chris-shula-jesse-minter-coordinateur-defensif-eagles\/","url":"https:\/\/theplayoffs.news\/fr\/actualite-nfl\/chris-shula-jesse-minter-coordinateur-defensif-eagles\/","name":"Chris Shula et Jesse Minter en lice pour le poste de coordinateur d\u00e9fensif des Eagles - The Playoffs FR","isPartOf":{"@id":"https:\/\/theplayoffs.news\/fr\/#website"},"primaryImageOfPage":{"@id":"https:\/\/theplayoffs.news\/fr\/actualite-nfl\/chris-shula-jesse-minter-coordinateur-defensif-eagles\/#primaryimage"},"image":{"@id":"https:\/\/theplayoffs.news\/fr\/actualite-nfl\/chris-shula-jesse-minter-coordinateur-defensif-eagles\/#primaryimage"},"thumbnailUrl":"https:\/\/theplayoffs.news\/fr\/wp-content\/uploads\/2023\/02\/tinywow_back-black-eagles-new-helmets-packers-game_14419972.jpg","datePublished":"2023-02-21T15:10:05+00:00","dateModified":"2023-02-21T15:12:05+00:00","author":{"@id":"https:\/\/theplayoffs.news\/fr\/#\/schema\/person\/eee5b69ad5d3c51cabe881c839dbe133"},"breadcrumb":{"@id":"https:\/\/theplayoffs.news\/fr\/actualite-nfl\/chris-shula-jesse-minter-coordinateur-defensif-eagles\/#breadcrumb"},"inLanguage":"fr-FR","potentialAction":[{"@type":"ReadAction","target":["https:\/\/theplayoffs.news\/fr\/actualite-nfl\/chris-shula-jesse-minter-coordinateur-defensif-eagles\/"]}]},{"@type":"ImageObject","inLanguage":"fr-FR","@id":"https:\/\/theplayoffs.news\/fr\/actualite-nfl\/chris-shula-jesse-minter-coordinateur-defensif-eagles\/#primaryimage","url":"https:\/\/theplayoffs.news\/fr\/wp-content\/uploads\/2023\/02\/tinywow_back-black-eagles-new-helmets-packers-game_14419972.jpg","contentUrl":"https:\/\/theplayoffs.news\/fr\/wp-content\/uploads\/2023\/02\/tinywow_back-black-eagles-new-helmets-packers-game_14419972.jpg","width":1920,"height":1080,"caption":"Eagles"},{"@type":"BreadcrumbList","@id":"https:\/\/theplayoffs.news\/fr\/actualite-nfl\/chris-shula-jesse-minter-coordinateur-defensif-eagles\/#breadcrumb","itemListElement":[{"@type":"ListItem","position":1,"name":"Accueil","item":"https:\/\/theplayoffs.news\/fr\/"},{"@type":"ListItem","position":2,"name":"Chris Shula et Jesse Minter en lice pour le poste de coordinateur d\u00e9fensif des Eagles"}]},{"@type":"WebSite","@id":"https:\/\/theplayoffs.news\/fr\/#website","url":"https:\/\/theplayoffs.news\/fr\/","name":"The Playoffs FR","description":"NBA-NFL-NHL-MLB","potentialAction":[{"@type":"SearchAction","target":{"@type":"EntryPoint","urlTemplate":"https:\/\/theplayoffs.news\/fr\/?s={search_term_string}"},"query-input":{"@type":"PropertyValueSpecification","valueRequired":true,"valueName":"search_term_string"}}],"inLanguage":"fr-FR"},{"@type":"Person","@id":"https:\/\/theplayoffs.news\/fr\/#\/schema\/person\/eee5b69ad5d3c51cabe881c839dbe133","name":"Charles Taudin","image":{"@type":"ImageObject","inLanguage":"fr-FR","@id":"https:\/\/theplayoffs.news\/fr\/#\/schema\/person\/image\/","url":"https:\/\/secure.gravatar.com\/avatar\/59a1e772205ce9fd255edfcafc93013736822e20261f294c5753b20c41ede9f2?s=96&d=mm&r=g","contentUrl":"https:\/\/secure.gravatar.com\/avatar\/59a1e772205ce9fd255edfcafc93013736822e20261f294c5753b20c41ede9f2?s=96&d=mm&r=g","caption":"Charles Taudin"},"description":"R\u00e9dacteur en chef global de The Playoffs, j\u2019ai cr\u00e9\u00e9 The Free Agent, devenu The Playoffs FR, en 2020 durant la pand\u00e9mie. Amoureux depuis des ann\u00e9es des 4 sports majeurs am\u00e9ricains, j\u2019organise maintenant la strat\u00e9gie \u00e9ditoriale et les r\u00e9seaux sociaux de l\u2019ensemble des versions de The Playoffs. Il m\u2019arrive encore d\u2019\u00e9crire sur certains sports que j\u2019affectionne particuli\u00e8rement comme la NFL ou la MLB. Si vous devez retenir qu\u2019une chose : Eli Manning est le vrai GOAT pour avoir battu deux fois Tom Brady.","sameAs":["https:\/\/www.instagram.com\/ctaudin_\/"],"url":"https:\/\/theplayoffs.news\/fr\/author\/charles-taudin\/"}]}},"_links":{"self":[{"href":"https:\/\/theplayoffs.news\/fr\/wp-json\/wp\/v2\/posts\/568573","targetHints":{"allow":["GET"]}}],"collection":[{"href":"https:\/\/theplayoffs.news\/fr\/wp-json\/wp\/v2\/posts"}],"about":[{"href":"https:\/\/theplayoffs.news\/fr\/wp-json\/wp\/v2\/types\/post"}],"author":[{"embeddable":true,"href":"https:\/\/theplayoffs.news\/fr\/wp-json\/wp\/v2\/users\/13"}],"replies":[{"embeddable":true,"href":"https:\/\/theplayoffs.news\/fr\/wp-json\/wp\/v2\/comments?post=568573"}],"version-history":[{"count":2,"href":"https:\/\/theplayoffs.news\/fr\/wp-json\/wp\/v2\/posts\/568573\/revisions"}],"predecessor-version":[{"id":568580,"href":"https:\/\/theplayoffs.news\/fr\/wp-json\/wp\/v2\/posts\/568573\/revisions\/568580"}],"wp:featuredmedia":[{"embeddable":true,"href":"https:\/\/theplayoffs.news\/fr\/wp-json\/wp\/v2\/media\/568578"}],"wp:attachment":[{"href":"https:\/\/theplayoffs.news\/fr\/wp-json\/wp\/v2\/media?parent=568573"}],"wp:term":[{"taxonomy":"category","embeddable":true,"href":"https:\/\/theplayoffs.news\/fr\/wp-json\/wp\/v2\/categories?post=568573"},{"taxonomy":"post_tag","embeddable":true,"href":"https:\/\/theplayoffs.news\/fr\/wp-json\/wp\/v2\/tags?post=568573"},{"taxonomy":"sport","embeddable":true,"href":"https:\/\/theplayoffs.news\/fr\/wp-json\/wp\/v2\/sport?post=568573"},{"taxonomy":"saison","embeddable":true,"href":"https:\/\/theplayoffs.news\/fr\/wp-json\/wp\/v2\/saison?post=568573"}],"curies":[{"name":"wp","href":"https:\/\/api.w.org\/{rel}","templated":true}]}}