{"id":568507,"date":"2023-02-21T09:29:45","date_gmt":"2023-02-21T08:29:45","guid":{"rendered":"https:\/\/theplayoffs.news\/fr\/?p=568507"},"modified":"2023-02-21T09:29:46","modified_gmt":"2023-02-21T08:29:46","slug":"pas-de-date-de-retour-pour-antetokounmpo","status":"publish","type":"post","link":"https:\/\/theplayoffs.news\/fr\/actualite-nba\/pas-de-date-de-retour-pour-antetokounmpo\/","title":{"rendered":"Pas de date de retour pour Antetokounmpo"},"content":{"rendered":"<h2>Giannis Antetokounmpo souffre d&rsquo;une entorse du ligament au poignet droit et sera absent des parquets pour une dur&eacute;e ind&eacute;termin&eacute;e.<\/h2><p>C&rsquo;est une mauvaise nouvelles pour les Bucks de Milwaukee. Giannis Antetokounmpo va devoir rester loin des parquets et soigner sa blessure au poignet droit. Il souffre d&rsquo;une entorse du ligament. Selon le tr&egrave;s inform&eacute; <a href=\"https:\/\/twitter.com\/wojespn\/status\/1627823956777631744?cxt=HHwWgIDQyfPQmJctAAAA\" class=\"trk-cta-link\" data-cta-trk='{\"ctaType\":\"Link\",\"ctaSubType\":\"main\"}'>Adrian Wojnarowski<\/a> a pass&eacute; des examens hier, du c&ocirc;t&eacute; de New York.<\/p><p>Malheureusement pur le double MVP (2019 et 2020), il ne conna&icirc;t pas la date de son retour. Il devra suivre un traitement afin de se remettre de cette blessure le plus rapidement possible.<\/p><p>Il s&rsquo;&eacute;tait bless&eacute; lors du match face aux Bulls (<a href=\"https:\/\/theplayoffs.news\/fr\/nba-basketball\/et-de-12-pour-les-bucks\/\" class=\"trk-cta-link\" data-cta-trk='{\"ctaType\":\"Link\",\"ctaSubType\":\"main\"}'>victoire 112-100<\/a>) avant la pause du All-Star.<\/p><blockquote class=\"twitter-tweet\" data-width=\"500\" data-dnt=\"true\">\n<p lang=\"en\" dir=\"ltr\">Giannis Antetokounmpo goes to locker room in pain with wrist injury vs Bulls<\/p>\n<p>Shop NBA Jerseys:  <a href=\"https:\/\/t.co\/Ry4QxsUY8B\" class=\"trk-cta-link\" data-cta-trk='{\"ctaType\":\"Link\",\"ctaSubType\":\"main\"}'>https:\/\/t.co\/Ry4QxsUY8B<\/a><a href=\"https:\/\/twitter.com\/hashtag\/basketball?src=hash&amp;ref_src=twsrc%5Etfw\" class=\"trk-cta-link\" data-cta-trk='{\"ctaType\":\"Link\",\"ctaSubType\":\"main\"}'>#basketball<\/a>   <a href=\"https:\/\/twitter.com\/hashtag\/NBA?src=hash&amp;ref_src=twsrc%5Etfw\" class=\"trk-cta-link\" data-cta-trk='{\"ctaType\":\"Link\",\"ctaSubType\":\"main\"}'>#NBA<\/a>  <a href=\"https:\/\/twitter.com\/hashtag\/RussellWestbrook?src=hash&amp;ref_src=twsrc%5Etfw\" class=\"trk-cta-link\" data-cta-trk='{\"ctaType\":\"Link\",\"ctaSubType\":\"main\"}'>#RussellWestbrook<\/a> <a href=\"https:\/\/twitter.com\/hashtag\/dukebasketball?src=hash&amp;ref_src=twsrc%5Etfw\" class=\"trk-cta-link\" data-cta-trk='{\"ctaType\":\"Link\",\"ctaSubType\":\"main\"}'>#dukebasketball<\/a><a href=\"https:\/\/twitter.com\/hashtag\/nikebasketball?src=hash&amp;ref_src=twsrc%5Etfw\" class=\"trk-cta-link\" data-cta-trk='{\"ctaType\":\"Link\",\"ctaSubType\":\"main\"}'>#nikebasketball<\/a>  <a href=\"https:\/\/twitter.com\/hashtag\/basketballmemes?src=hash&amp;ref_src=twsrc%5Etfw\" class=\"trk-cta-link\" data-cta-trk='{\"ctaType\":\"Link\",\"ctaSubType\":\"main\"}'>#basketballmemes<\/a> <a href=\"https:\/\/twitter.com\/hashtag\/nbahighlights?src=hash&amp;ref_src=twsrc%5Etfw\" class=\"trk-cta-link\" data-cta-trk='{\"ctaType\":\"Link\",\"ctaSubType\":\"main\"}'>#nbahighlights<\/a> <a href=\"https:\/\/t.co\/B6JOdNSL41\" class=\"trk-cta-link\" data-cta-trk='{\"ctaType\":\"Link\",\"ctaSubType\":\"main\"}'>pic.twitter.com\/B6JOdNSL41<\/a><\/p>\n<p>&mdash; Just Fun (@JustFunTop) <a href=\"https:\/\/twitter.com\/JustFunTop\/status\/1626396839556820993?ref_src=twsrc%5Etfw\" class=\"trk-cta-link\" data-cta-trk='{\"ctaType\":\"Link\",\"ctaSubType\":\"main\"}'>February 17, 2023<\/a><\/p><\/blockquote><p><script async src=\"https:\/\/platform.twitter.com\/widgets.js\" charset=\"utf-8\"><\/script><\/p><p>Lors de cette f&ecirc;te de la NBA, il devait prendre part au Skills Challenge, dans la nuit de samedi &agrave; dimanche, mais Antetokounmpo avait d&ucirc; laisser sa place &agrave; <strong>Jrue Holiday<\/strong>. Le lendemain, apr&egrave;s avoir compos&eacute; son &eacute;quipe pour le match des &eacute;toiles, le &laquo;&nbsp;Greek Freak&nbsp;&raquo; n&rsquo;a jou&eacute; que 20 secondes le temps pour lui <a href=\"https:\/\/www.youtube.com\/watch?v=uLzvbTkVkJ4&amp;ab_channel=GMFB\" class=\"trk-cta-link\" data-cta-trk='{\"ctaType\":\"Link\",\"ctaSubType\":\"main\"}'>d&rsquo;inscrire un panier et de c&eacute;der sa place<\/a> &agrave; <strong>Bam Adebayo<\/strong>.<\/p><p>Les Bucks devront pallier l&rsquo;absence de leur star du mieux possible. Leur match de reprise sera face au Heat de Miami (dans la nuit de vendredi &agrave; semedi).<\/p>\n","protected":false},"excerpt":{"rendered":"","protected":false},"author":180310140,"featured_media":568518,"comment_status":"open","ping_status":"closed","sticky":false,"template":"","format":"standard","meta":{"inline_featured_image":false,"kia_subtitle":"","_mux_skip_reasons":[],"proofreadBy":0,"footnotes":""},"categories":[110,10],"tags":[2109,489],"sport":[],"saison":[],"class_list":["post-568507","post","type-post","status-publish","format-standard","has-post-thumbnail","hentry","category-actualite-nba","category-nba","tag-giannis-antetokounmpo","tag-milwaukee-bucks"],"acf":[],"yoast_head":"<!-- This site is optimized with the Yoast SEO plugin v24.2 - https:\/\/yoast.com\/wordpress\/plugins\/seo\/ -->\n<title>Pas de date de retour pour Antetokounmpo - The Playoffs FR<\/title>\n<meta name=\"robots\" content=\"index, follow, max-snippet:-1, max-image-preview:large, max-video-preview:-1\" \/>\n<link rel=\"canonical\" href=\"https:\/\/theplayoffs.news\/fr\/actualite-nba\/pas-de-date-de-retour-pour-antetokounmpo\/\" \/>\n<meta property=\"og:locale\" content=\"fr_FR\" \/>\n<meta property=\"og:type\" content=\"article\" \/>\n<meta property=\"og:title\" content=\"Pas de date de retour pour Antetokounmpo - The Playoffs FR\" \/>\n<meta property=\"og:url\" content=\"https:\/\/theplayoffs.news\/fr\/actualite-nba\/pas-de-date-de-retour-pour-antetokounmpo\/\" \/>\n<meta property=\"og:site_name\" content=\"The Playoffs FR\" \/>\n<meta property=\"article:publisher\" content=\"https:\/\/www.facebook.com\/TheFreeAgentFR\/\" \/>\n<meta property=\"article:modified_time\" content=\"2023-02-21T09:29:46+01:00\" \/>\n<meta property=\"og:image\" content=\"https:\/\/theplayoffs.news\/fr\/wp-content\/uploads\/2023\/02\/Antetokounmpo-1.jpg\" \/>\n\t<meta property=\"og:image:width\" content=\"1980\" \/>\n\t<meta property=\"og:image:height\" content=\"1320\" \/>\n\t<meta property=\"og:image:type\" content=\"image\/jpeg\" \/>\n<meta name=\"author\" content=\"Theophile Batica-ferreira\" \/>\n<meta name=\"twitter:card\" content=\"summary_large_image\" \/>\n<meta name=\"twitter:creator\" content=\"@TheFreeAgentFR\" \/>\n<meta name=\"twitter:site\" content=\"@TheFreeAgentFR\" \/>\n<meta name=\"twitter:label1\" content=\"\u00c9crit par\" \/>\n\t<meta name=\"twitter:data1\" content=\"Theophile Batica-ferreira\" \/>\n\t<meta name=\"twitter:label2\" content=\"Dur\u00e9e de lecture estim\u00e9e\" \/>\n\t<meta name=\"twitter:data2\" content=\"1 minute\" \/>\n<script type=\"application\/ld+json\" class=\"yoast-schema-graph\">{\"@context\":\"https:\/\/schema.org\",\"@graph\":[{\"@type\":\"WebPage\",\"@id\":\"https:\/\/theplayoffs.news\/fr\/actualite-nba\/pas-de-date-de-retour-pour-antetokounmpo\/\",\"url\":\"https:\/\/theplayoffs.news\/fr\/actualite-nba\/pas-de-date-de-retour-pour-antetokounmpo\/\",\"name\":\"Pas de date de retour pour Antetokounmpo - The Playoffs FR\",\"isPartOf\":{\"@id\":\"https:\/\/theplayoffs.news\/fr\/#website\"},\"primaryImageOfPage\":{\"@id\":\"https:\/\/theplayoffs.news\/fr\/actualite-nba\/pas-de-date-de-retour-pour-antetokounmpo\/#primaryimage\"},\"image\":{\"@id\":\"https:\/\/theplayoffs.news\/fr\/actualite-nba\/pas-de-date-de-retour-pour-antetokounmpo\/#primaryimage\"},\"thumbnailUrl\":\"https:\/\/theplayoffs.news\/fr\/wp-content\/uploads\/2023\/02\/Antetokounmpo-1.jpg\",\"datePublished\":\"2023-02-21T08:29:45+00:00\",\"dateModified\":\"2023-02-21T08:29:46+00:00\",\"author\":{\"@id\":\"https:\/\/theplayoffs.news\/fr\/#\/schema\/person\/28782e5d11e28ced1db43166cecdaae9\"},\"breadcrumb\":{\"@id\":\"https:\/\/theplayoffs.news\/fr\/actualite-nba\/pas-de-date-de-retour-pour-antetokounmpo\/#breadcrumb\"},\"inLanguage\":\"fr-FR\",\"potentialAction\":[{\"@type\":\"ReadAction\",\"target\":[\"https:\/\/theplayoffs.news\/fr\/actualite-nba\/pas-de-date-de-retour-pour-antetokounmpo\/\"]}]},{\"@type\":\"ImageObject\",\"inLanguage\":\"fr-FR\",\"@id\":\"https:\/\/theplayoffs.news\/fr\/actualite-nba\/pas-de-date-de-retour-pour-antetokounmpo\/#primaryimage\",\"url\":\"https:\/\/theplayoffs.news\/fr\/wp-content\/uploads\/2023\/02\/Antetokounmpo-1.jpg\",\"contentUrl\":\"https:\/\/theplayoffs.news\/fr\/wp-content\/uploads\/2023\/02\/Antetokounmpo-1.jpg\",\"width\":1980,\"height\":1320,\"caption\":\"Milwaukee Bucks\\\\' Giannis Antetokounmpo lies by the basket after injuring his right wrist during the first half of the team\\\\'s NBA basketball game against the Chicago Bulls on Thursday, Feb. 16, 2023, in Chicago. (AP Photo\/Charles Rex Arbogast)\"},{\"@type\":\"BreadcrumbList\",\"@id\":\"https:\/\/theplayoffs.news\/fr\/actualite-nba\/pas-de-date-de-retour-pour-antetokounmpo\/#breadcrumb\",\"itemListElement\":[{\"@type\":\"ListItem\",\"position\":1,\"name\":\"Accueil\",\"item\":\"https:\/\/theplayoffs.news\/fr\/\"},{\"@type\":\"ListItem\",\"position\":2,\"name\":\"Pas de date de retour pour Antetokounmpo\"}]},{\"@type\":\"WebSite\",\"@id\":\"https:\/\/theplayoffs.news\/fr\/#website\",\"url\":\"https:\/\/theplayoffs.news\/fr\/\",\"name\":\"The Playoffs FR\",\"description\":\"NBA-NFL-NHL-MLB\",\"potentialAction\":[{\"@type\":\"SearchAction\",\"target\":{\"@type\":\"EntryPoint\",\"urlTemplate\":\"https:\/\/theplayoffs.news\/fr\/?s={search_term_string}\"},\"query-input\":{\"@type\":\"PropertyValueSpecification\",\"valueRequired\":true,\"valueName\":\"search_term_string\"}}],\"inLanguage\":\"fr-FR\"},{\"@type\":\"Person\",\"@id\":\"https:\/\/theplayoffs.news\/fr\/#\/schema\/person\/28782e5d11e28ced1db43166cecdaae9\",\"name\":\"Theophile Batica-ferreira\",\"image\":{\"@type\":\"ImageObject\",\"inLanguage\":\"fr-FR\",\"@id\":\"https:\/\/theplayoffs.news\/fr\/#\/schema\/person\/image\/\",\"url\":\"https:\/\/secure.gravatar.com\/avatar\/2a8200ad0411f8ebd27c6b41622c1d7589cdf53cfc6c271372dbe6fbfd1e8159?s=96&d=mm&r=g\",\"contentUrl\":\"https:\/\/secure.gravatar.com\/avatar\/2a8200ad0411f8ebd27c6b41622c1d7589cdf53cfc6c271372dbe6fbfd1e8159?s=96&d=mm&r=g\",\"caption\":\"Theophile Batica-ferreira\"},\"url\":\"https:\/\/theplayoffs.news\/fr\/author\/theophile-batica-ferreiramediaschool-me\/\"}]}<\/script>\n<!-- \/ Yoast SEO plugin. -->","yoast_head_json":{"title":"Pas de date de retour pour Antetokounmpo - The Playoffs FR","robots":{"index":"index","follow":"follow","max-snippet":"max-snippet:-1","max-image-preview":"max-image-preview:large","max-video-preview":"max-video-preview:-1"},"canonical":"https:\/\/theplayoffs.news\/fr\/actualite-nba\/pas-de-date-de-retour-pour-antetokounmpo\/","og_locale":"fr_FR","og_type":"article","og_title":"Pas de date de retour pour Antetokounmpo - The Playoffs FR","og_url":"https:\/\/theplayoffs.news\/fr\/actualite-nba\/pas-de-date-de-retour-pour-antetokounmpo\/","og_site_name":"The Playoffs FR","article_publisher":"https:\/\/www.facebook.com\/TheFreeAgentFR\/","article_modified_time":"2023-02-21T08:29:46+00:00","og_image":[{"width":1980,"height":1320,"url":"https:\/\/theplayoffs.news\/fr\/wp-content\/uploads\/2023\/02\/Antetokounmpo-1.jpg","type":"image\/jpeg"}],"author":"Theophile Batica-ferreira","twitter_card":"summary_large_image","twitter_creator":"@TheFreeAgentFR","twitter_site":"@TheFreeAgentFR","twitter_misc":{"\u00c9crit par":"Theophile Batica-ferreira","Dur\u00e9e de lecture estim\u00e9e":"1 minute"},"schema":{"@context":"https:\/\/schema.org","@graph":[{"@type":"WebPage","@id":"https:\/\/theplayoffs.news\/fr\/actualite-nba\/pas-de-date-de-retour-pour-antetokounmpo\/","url":"https:\/\/theplayoffs.news\/fr\/actualite-nba\/pas-de-date-de-retour-pour-antetokounmpo\/","name":"Pas de date de retour pour Antetokounmpo - The Playoffs FR","isPartOf":{"@id":"https:\/\/theplayoffs.news\/fr\/#website"},"primaryImageOfPage":{"@id":"https:\/\/theplayoffs.news\/fr\/actualite-nba\/pas-de-date-de-retour-pour-antetokounmpo\/#primaryimage"},"image":{"@id":"https:\/\/theplayoffs.news\/fr\/actualite-nba\/pas-de-date-de-retour-pour-antetokounmpo\/#primaryimage"},"thumbnailUrl":"https:\/\/theplayoffs.news\/fr\/wp-content\/uploads\/2023\/02\/Antetokounmpo-1.jpg","datePublished":"2023-02-21T08:29:45+00:00","dateModified":"2023-02-21T08:29:46+00:00","author":{"@id":"https:\/\/theplayoffs.news\/fr\/#\/schema\/person\/28782e5d11e28ced1db43166cecdaae9"},"breadcrumb":{"@id":"https:\/\/theplayoffs.news\/fr\/actualite-nba\/pas-de-date-de-retour-pour-antetokounmpo\/#breadcrumb"},"inLanguage":"fr-FR","potentialAction":[{"@type":"ReadAction","target":["https:\/\/theplayoffs.news\/fr\/actualite-nba\/pas-de-date-de-retour-pour-antetokounmpo\/"]}]},{"@type":"ImageObject","inLanguage":"fr-FR","@id":"https:\/\/theplayoffs.news\/fr\/actualite-nba\/pas-de-date-de-retour-pour-antetokounmpo\/#primaryimage","url":"https:\/\/theplayoffs.news\/fr\/wp-content\/uploads\/2023\/02\/Antetokounmpo-1.jpg","contentUrl":"https:\/\/theplayoffs.news\/fr\/wp-content\/uploads\/2023\/02\/Antetokounmpo-1.jpg","width":1980,"height":1320,"caption":"Milwaukee Bucks\\' Giannis Antetokounmpo lies by the basket after injuring his right wrist during the first half of the team\\'s NBA basketball game against the Chicago Bulls on Thursday, Feb. 16, 2023, in Chicago. (AP Photo\/Charles Rex Arbogast)"},{"@type":"BreadcrumbList","@id":"https:\/\/theplayoffs.news\/fr\/actualite-nba\/pas-de-date-de-retour-pour-antetokounmpo\/#breadcrumb","itemListElement":[{"@type":"ListItem","position":1,"name":"Accueil","item":"https:\/\/theplayoffs.news\/fr\/"},{"@type":"ListItem","position":2,"name":"Pas de date de retour pour Antetokounmpo"}]},{"@type":"WebSite","@id":"https:\/\/theplayoffs.news\/fr\/#website","url":"https:\/\/theplayoffs.news\/fr\/","name":"The Playoffs FR","description":"NBA-NFL-NHL-MLB","potentialAction":[{"@type":"SearchAction","target":{"@type":"EntryPoint","urlTemplate":"https:\/\/theplayoffs.news\/fr\/?s={search_term_string}"},"query-input":{"@type":"PropertyValueSpecification","valueRequired":true,"valueName":"search_term_string"}}],"inLanguage":"fr-FR"},{"@type":"Person","@id":"https:\/\/theplayoffs.news\/fr\/#\/schema\/person\/28782e5d11e28ced1db43166cecdaae9","name":"Theophile Batica-ferreira","image":{"@type":"ImageObject","inLanguage":"fr-FR","@id":"https:\/\/theplayoffs.news\/fr\/#\/schema\/person\/image\/","url":"https:\/\/secure.gravatar.com\/avatar\/2a8200ad0411f8ebd27c6b41622c1d7589cdf53cfc6c271372dbe6fbfd1e8159?s=96&d=mm&r=g","contentUrl":"https:\/\/secure.gravatar.com\/avatar\/2a8200ad0411f8ebd27c6b41622c1d7589cdf53cfc6c271372dbe6fbfd1e8159?s=96&d=mm&r=g","caption":"Theophile Batica-ferreira"},"url":"https:\/\/theplayoffs.news\/fr\/author\/theophile-batica-ferreiramediaschool-me\/"}]}},"_links":{"self":[{"href":"https:\/\/theplayoffs.news\/fr\/wp-json\/wp\/v2\/posts\/568507","targetHints":{"allow":["GET"]}}],"collection":[{"href":"https:\/\/theplayoffs.news\/fr\/wp-json\/wp\/v2\/posts"}],"about":[{"href":"https:\/\/theplayoffs.news\/fr\/wp-json\/wp\/v2\/types\/post"}],"author":[{"embeddable":true,"href":"https:\/\/theplayoffs.news\/fr\/wp-json\/wp\/v2\/users\/180310140"}],"replies":[{"embeddable":true,"href":"https:\/\/theplayoffs.news\/fr\/wp-json\/wp\/v2\/comments?post=568507"}],"version-history":[{"count":2,"href":"https:\/\/theplayoffs.news\/fr\/wp-json\/wp\/v2\/posts\/568507\/revisions"}],"predecessor-version":[{"id":568521,"href":"https:\/\/theplayoffs.news\/fr\/wp-json\/wp\/v2\/posts\/568507\/revisions\/568521"}],"wp:featuredmedia":[{"embeddable":true,"href":"https:\/\/theplayoffs.news\/fr\/wp-json\/wp\/v2\/media\/568518"}],"wp:attachment":[{"href":"https:\/\/theplayoffs.news\/fr\/wp-json\/wp\/v2\/media?parent=568507"}],"wp:term":[{"taxonomy":"category","embeddable":true,"href":"https:\/\/theplayoffs.news\/fr\/wp-json\/wp\/v2\/categories?post=568507"},{"taxonomy":"post_tag","embeddable":true,"href":"https:\/\/theplayoffs.news\/fr\/wp-json\/wp\/v2\/tags?post=568507"},{"taxonomy":"sport","embeddable":true,"href":"https:\/\/theplayoffs.news\/fr\/wp-json\/wp\/v2\/sport?post=568507"},{"taxonomy":"saison","embeddable":true,"href":"https:\/\/theplayoffs.news\/fr\/wp-json\/wp\/v2\/saison?post=568507"}],"curies":[{"name":"wp","href":"https:\/\/api.w.org\/{rel}","templated":true}]}}