{"id":568369,"date":"2023-02-20T19:13:07","date_gmt":"2023-02-20T18:13:07","guid":{"rendered":"https:\/\/theplayoffs.news\/fr\/?p=568369"},"modified":"2023-02-20T19:13:07","modified_gmt":"2023-02-20T18:13:07","slug":"dallas-ambitions-incertitudes","status":"publish","type":"post","link":"https:\/\/theplayoffs.news\/fr\/actualite-nba\/dallas-ambitions-incertitudes\/","title":{"rendered":"Dallas Mavericks : des ambitions m\u00eal\u00e9es \u00e0 des incertitudes"},"content":{"rendered":"<h2><b>Alors que la NBA s&rsquo;accorde quelques jours de repos, les &eacute;quipes de TFA vous proposent un focus sur certaines des 30 franchises de la ligue, afin de faire le point sur ce qui s&rsquo;est d&eacute;j&agrave; d&eacute;roul&eacute; et envisager la suite, en se demandant quels sont les attentes et ambitions r&eacute;alisables pour cette derni&egrave;re ligne droite de la saison. Place aux Dallas Mavericks.<\/b><\/h2><p>&nbsp;<\/p><h4 style=\"text-align: center;\"><a href=\"https:\/\/theplayoffs.news\/fr\/equipe\/dallas-mavericks-nba\/\" class=\"trk-cta-link\" data-cta-trk='{\"ctaType\":\"Link\",\"ctaSubType\":\"main\"}'>Les Dallas Mavericks<\/a><\/h4><p><img loading=\"lazy\" decoding=\"async\" class=\"size-medium wp-image-338364 aligncenter\" src=\"https:\/\/theplayoffs.news\/fr\/wp-content\/uploads\/2022\/05\/Dallas-Mavericks-PNG-Clipart-300x300.png\" alt=\"Logo des Dallas Mavericks\" width=\"300\" height=\"300\" srcset=\"https:\/\/theplayoffs.news\/fr\/wp-content\/uploads\/2022\/05\/Dallas-Mavericks-PNG-Clipart-300x300.png 300w, https:\/\/theplayoffs.news\/fr\/wp-content\/uploads\/2022\/05\/Dallas-Mavericks-PNG-Clipart-400x400.png 400w, https:\/\/theplayoffs.news\/fr\/wp-content\/uploads\/2022\/05\/Dallas-Mavericks-PNG-Clipart-180x180.png 180w, https:\/\/theplayoffs.news\/fr\/wp-content\/uploads\/2022\/05\/Dallas-Mavericks-PNG-Clipart-150x150.png 150w, https:\/\/theplayoffs.news\/fr\/wp-content\/uploads\/2022\/05\/Dallas-Mavericks-PNG-Clipart-480x480.png 480w, https:\/\/theplayoffs.news\/fr\/wp-content\/uploads\/2022\/05\/Dallas-Mavericks-PNG-Clipart.png 500w\" sizes=\"auto, (max-width: 300px) 100vw, 300px\" \/><\/p><h4>Bilan de la premi&egrave;re partie de saison<\/h4><p>Peut-on parler de bonne saison en parlant des <strong>Dallas Maverick<\/strong>s ? Disons plut&ocirc;t saison correcte, pour le moment. Avec 31 victoires et 29 d&eacute;faites, <strong>les Mavs<\/strong> sont 6e &agrave; l&rsquo;Ouest, donc derni&egrave;re &eacute;quipe virtuellement qualifi&eacute;e directement pour les playoffs. Si les playoffs d&eacute;marraient demain, ils iraient jouer chez <strong><a href=\"https:\/\/theplayoffs.news\/fr\/nba-basketball\/sacramento-kings-surprise-amenee-a-durer\/\" class=\"trk-cta-link\" data-cta-trk='{\"ctaType\":\"Link\",\"ctaSubType\":\"main\"}'>les Kings de Sacramento<\/a><\/strong> au premier tour. Sauf que Dallas n&rsquo;est qu&rsquo;&agrave; une victoire derri&egrave;re les Kings justement, mais avec 4 d&eacute;faites de plus tout de m&ecirc;me. Autrement dit, ils ne sont pas si loins de la 3e place et une fin d&rsquo;exercice 2022\/2023 leur permettrait &eacute;ventuellement d&rsquo;aller grappiller des places.<\/p><p>Oui mais la concurrence est rude, car si Dallas peut regarder plus haut, il faut aussi regarder en bas. <strong>Utah<\/strong> qui n&rsquo;est pas qualifi&eacute; pour le play-in, n&rsquo;est qu&rsquo;&agrave; 2 matchs derri&egrave;re avec un bilan invers&eacute; de 29 victoires et 31 d&eacute;faites. Preuve de la t&acirc;che qui attend les Mavericks qui ne devront surtout pas quitter les yeux une seconde de la route sous peine d&rsquo;accident. L&rsquo;&eacute;quipe fait cependant partie des favoris pour une qualification directe en playoffs et sera une des &eacute;quipes tr&egrave;s attendue en playoffs, en cas de qualification.<\/p><p>On peut le dire, Dallas a la pression, beaucoup de pression. Comme d&rsquo;autres concurrents certes, mais lorsqu&rsquo;on peut se venter de poss&eacute;der <a href=\"https:\/\/theplayoffs.news\/fr\/joueur\/luka-doncic-nba-7890548\/\" class=\"trk-cta-link\" data-cta-trk='{\"ctaType\":\"Link\",\"ctaSubType\":\"main\"}'><strong>Luka Don&#269;i&#263;<\/strong><\/a> et <a href=\"https:\/\/theplayoffs.news\/fr\/joueur\/kyrie-irving-nba-12884\/\" class=\"trk-cta-link\" data-cta-trk='{\"ctaType\":\"Link\",\"ctaSubType\":\"main\"}'><strong>Kyrie Irving<\/strong><\/a> dans ses rangs, on a pas le droit &agrave; l&rsquo;erreur. La finale de conf&eacute;rence de l&rsquo;ann&eacute;e derni&egrave;re laisse aussi peu de place &agrave; l&rsquo;&eacute;chec, puisqu&rsquo;il est forc&eacute;ment attendu de faire mieux.<\/p><blockquote class=\"twitter-tweet\" data-width=\"500\" data-dnt=\"true\">\n<p lang=\"fr\" dir=\"ltr\">Doncic &amp; Irving forment d&eacute;j&agrave; un duo explosif &agrave; Dallas. Mais toujours sans victoires&hellip;. <a href=\"https:\/\/t.co\/IlLpiTbYoe\" class=\"trk-cta-link\" data-cta-trk='{\"ctaType\":\"Link\",\"ctaSubType\":\"main\"}'>pic.twitter.com\/IlLpiTbYoe<\/a><\/p>\n<p>&mdash; The Playoffs FR (@ThePlayoffsFR) <a href=\"https:\/\/twitter.com\/ThePlayoffsFR\/status\/1625413283758096387?ref_src=twsrc%5Etfw\" class=\"trk-cta-link\" data-cta-trk='{\"ctaType\":\"Link\",\"ctaSubType\":\"main\"}'>February 14, 2023<\/a><\/p><\/blockquote><p><script async src=\"https:\/\/platform.twitter.com\/widgets.js\" charset=\"utf-8\"><\/script><\/p><h4><a href=\"https:\/\/www.espn.com\/nba\/story\/_\/id\/35604199\/mavericks-trade-nets-kyrie-irving-made-official\" class=\"trk-cta-link\" data-cta-trk='{\"ctaType\":\"Link\",\"ctaSubType\":\"main\"}'>L&rsquo;arriv&eacute;e de Kyrie Irving, le tournant de la saison<\/a><\/h4><p>Les Mavericks ont frapp&eacute; un grand coup en s&rsquo;offrant l&rsquo;un des meilleurs meneurs de jeu des dix derni&egrave;res ann&eacute;es avec Kyrie Irving, en provenance de <strong>Brooklyn<\/strong>. Le joueur s&rsquo;est bien int&eacute;gr&eacute; et se montre performant depuis son arriv&eacute;e au Texas, mais n&rsquo;a cependant toujours pas gagn&eacute; avec Luka &agrave; ses c&ocirc;t&eacute;s. Kyrie a d&eacute;j&agrave; gagn&eacute; avec Dallas, mais pas avec Don&#269;i&#263;. Avec un tel renfort, peu de place au doute, les Mavs sont oblig&eacute;s d&rsquo;obtenir des r&eacute;sultats probants et de palier un manque de profondeur sur le banc par une omnipr&eacute;sence de ses stars.<\/p><p>Parce que les pertes ont &eacute;t&eacute; grandes ces derniers temps pour Dallas qui a perdu depuis la derni&egrave;re finale de conf&eacute;rence, <strong>Jalen Brunson<\/strong> (<strong>New York Knicks<\/strong>), <strong>Spencer Dinwiddie<\/strong> et <strong>Dorian Finney-Smith<\/strong> (les deux derniers dans le trade pour Irving, &agrave; Brooklyn). Trois joueurs majeurs de l&rsquo;effectif qui ont permis en grande partie une si belle &eacute;pop&eacute;e en playoffs l&rsquo;an pass&eacute;.<\/p><blockquote class=\"twitter-tweet\" data-width=\"500\" data-dnt=\"true\">\n<p lang=\"en\" dir=\"ltr\">12 All-Star appearances in one photo &#128558;&zwj;&#128168; <a href=\"https:\/\/twitter.com\/Chime?ref_src=twsrc%5Etfw\" class=\"trk-cta-link\" data-cta-trk='{\"ctaType\":\"Link\",\"ctaSubType\":\"main\"}'>@chime<\/a> \/\/ <a href=\"https:\/\/twitter.com\/hashtag\/NBAAllStar?src=hash&amp;ref_src=twsrc%5Etfw\" class=\"trk-cta-link\" data-cta-trk='{\"ctaType\":\"Link\",\"ctaSubType\":\"main\"}'>#NBAAllStar<\/a> <a href=\"https:\/\/t.co\/3nCNMLEt22\" class=\"trk-cta-link\" data-cta-trk='{\"ctaType\":\"Link\",\"ctaSubType\":\"main\"}'>pic.twitter.com\/3nCNMLEt22<\/a><\/p>\n<p>&mdash; Dallas Mavericks (@dallasmavs) <a href=\"https:\/\/twitter.com\/dallasmavs\/status\/1627699091433197570?ref_src=twsrc%5Etfw\" class=\"trk-cta-link\" data-cta-trk='{\"ctaType\":\"Link\",\"ctaSubType\":\"main\"}'>February 20, 2023<\/a><\/p><\/blockquote><p><script async src=\"https:\/\/platform.twitter.com\/widgets.js\" charset=\"utf-8\"><\/script><\/p><h4>Le calendrier de fin de saison<\/h4><p>Au retour du All Star Break, les Mavericks vont jouer 6 matchs de suite &agrave; domicile jusqu&rsquo;au 7 mars, le coup parfait pour bien red&eacute;marrer et prendre le plein de confiance. Et surtout pour Kyrie et Luka d&rsquo;enfin gagner ensemble, quand on sait que le premier match sera face &agrave; <strong>San Antonio<\/strong>. Dans ces 6 matchs, il y aura deux affrontements importants, contre <strong>Ph&oelig;nix<\/strong> le 5 mars pour l&rsquo;affrontement peut-&ecirc;tre entre Kyrie et <strong>KD<\/strong> dans leur nouvelle &eacute;quipe et ensuite contre Utah le 7.<\/p><p>Dallas jouera &eacute;galement dans cette fin de saison 3 fois contre <strong>Memphis<\/strong> (dont 2 fois &agrave; l&rsquo;ext&eacute;rieur), un adversaire potentiel en playoffs, ce qui nous en apprendra peut-&ecirc;tre plus sur les v&eacute;ritables capacit&eacute;s de ces deux &eacute;quipes. Autre point important, les Mavs ne joueront sur les 22 matchs restants que 5 &eacute;quipes du top 6 de chaque conf&eacute;rence (en comptant les deux conf&eacute;rences), donc 5 &eacute;quipes virtuellement en playoffs pour le moment. Dans ce programme, il y aura notamment 3 fois <strong>les Spurs<\/strong>, 2 fois <strong>les Pacers<\/strong> et 2 fois <strong>les Hornets<\/strong>. De quoi &ecirc;tre un peu plus confiant sur la fin de saison.<\/p><h4>Nos attentes pour les Mavericks<\/h4><p><span id=\"p201\">&Eacute;videmment, l&rsquo;objectif des <span id=\"207\" class=\"s-rg\">Mavericks<\/span> est certainement le m&ecirc;me que ce qu&rsquo;on attend d&rsquo;eux :<\/span><span id=\"p202\"> une qualification en <span id=\"208\" class=\"s-rg\">playoffs<\/span> avec l&rsquo;avantage du terrain au premier tour.<\/span><span id=\"p203\"> Mieux, nous attendons d&rsquo;eux au minimum, une qualification pour le deuxi&egrave;me tour.<\/span><span id=\"p204\"> S&rsquo;ils ne passent pas le premier tour des playoffs, ce sera quoi qu&rsquo;il arrive une saison rat&eacute;e pour Dallas qui sera jug&eacute; en <span id=\"211\" class=\"s-rg\">postseason<\/span>.<\/span><span id=\"p205\">&nbsp;<\/span><\/p>\n","protected":false},"excerpt":{"rendered":"","protected":false},"author":180310139,"featured_media":568401,"comment_status":"open","ping_status":"closed","sticky":false,"template":"","format":"standard","meta":{"inline_featured_image":false,"kia_subtitle":"","_mux_skip_reasons":[],"proofreadBy":0,"footnotes":""},"categories":[110,10],"tags":[5550,595,5551,1073,545,23],"sport":[2783],"saison":[],"class_list":["post-568369","post","type-post","status-publish","format-standard","has-post-thumbnail","hentry","category-actualite-nba","category-nba","tag-bilan","tag-dallas-mavericks","tag-fin-de-saison","tag-kyrie-irving","tag-luka-doncic","tag-nba-tag","sport-nba"],"acf":[],"yoast_head":"<!-- This site is optimized with the Yoast SEO plugin v24.2 - https:\/\/yoast.com\/wordpress\/plugins\/seo\/ -->\n<title>Dallas Mavericks : des ambitions m&ecirc;l&eacute;es &agrave; des incertitudes - The Playoffs FR<\/title>\n<meta name=\"robots\" content=\"index, follow, max-snippet:-1, max-image-preview:large, max-video-preview:-1\" \/>\n<link rel=\"canonical\" href=\"https:\/\/theplayoffs.news\/fr\/actualite-nba\/dallas-ambitions-incertitudes\/\" \/>\n<meta property=\"og:locale\" content=\"fr_FR\" \/>\n<meta property=\"og:type\" content=\"article\" \/>\n<meta property=\"og:title\" content=\"Dallas Mavericks : des ambitions m&ecirc;l&eacute;es &agrave; des incertitudes - The Playoffs FR\" \/>\n<meta property=\"og:url\" content=\"https:\/\/theplayoffs.news\/fr\/actualite-nba\/dallas-ambitions-incertitudes\/\" \/>\n<meta property=\"og:site_name\" content=\"The Playoffs FR\" \/>\n<meta property=\"article:publisher\" content=\"https:\/\/www.facebook.com\/TheFreeAgentFR\/\" \/>\n<meta property=\"article:modified_time\" content=\"2023-02-20T19:13:07+01:00\" \/>\n<meta property=\"og:image\" content=\"https:\/\/theplayoffs.news\/fr\/wp-content\/uploads\/2023\/02\/8C509757-EC8D-4508-92A0-E786D6BB85D1.jpeg\" \/>\n\t<meta property=\"og:image:width\" content=\"1024\" \/>\n\t<meta property=\"og:image:height\" content=\"636\" \/>\n\t<meta property=\"og:image:type\" content=\"image\/jpeg\" \/>\n<meta name=\"author\" content=\"Alban Conejero\" \/>\n<meta name=\"twitter:card\" content=\"summary_large_image\" \/>\n<meta name=\"twitter:creator\" content=\"@TheFreeAgentFR\" \/>\n<meta name=\"twitter:site\" content=\"@TheFreeAgentFR\" \/>\n<meta name=\"twitter:label1\" content=\"\u00c9crit par\" \/>\n\t<meta name=\"twitter:data1\" content=\"Alban Conejero\" \/>\n\t<meta name=\"twitter:label2\" content=\"Dur\u00e9e de lecture estim\u00e9e\" \/>\n\t<meta name=\"twitter:data2\" content=\"4 minutes\" \/>\n<script type=\"application\/ld+json\" class=\"yoast-schema-graph\">{\"@context\":\"https:\/\/schema.org\",\"@graph\":[{\"@type\":\"WebPage\",\"@id\":\"https:\/\/theplayoffs.news\/fr\/actualite-nba\/dallas-ambitions-incertitudes\/\",\"url\":\"https:\/\/theplayoffs.news\/fr\/actualite-nba\/dallas-ambitions-incertitudes\/\",\"name\":\"Dallas Mavericks : des ambitions m\u00eal\u00e9es \u00e0 des incertitudes - The Playoffs FR\",\"isPartOf\":{\"@id\":\"https:\/\/theplayoffs.news\/fr\/#website\"},\"primaryImageOfPage\":{\"@id\":\"https:\/\/theplayoffs.news\/fr\/actualite-nba\/dallas-ambitions-incertitudes\/#primaryimage\"},\"image\":{\"@id\":\"https:\/\/theplayoffs.news\/fr\/actualite-nba\/dallas-ambitions-incertitudes\/#primaryimage\"},\"thumbnailUrl\":\"https:\/\/theplayoffs.news\/fr\/wp-content\/uploads\/2023\/02\/8C509757-EC8D-4508-92A0-E786D6BB85D1.jpeg\",\"datePublished\":\"2023-02-20T18:13:07+00:00\",\"dateModified\":\"2023-02-20T18:13:07+00:00\",\"author\":{\"@id\":\"https:\/\/theplayoffs.news\/fr\/#\/schema\/person\/3dd6319a9057ecd181d2351cdb03ccd2\"},\"breadcrumb\":{\"@id\":\"https:\/\/theplayoffs.news\/fr\/actualite-nba\/dallas-ambitions-incertitudes\/#breadcrumb\"},\"inLanguage\":\"fr-FR\",\"potentialAction\":[{\"@type\":\"ReadAction\",\"target\":[\"https:\/\/theplayoffs.news\/fr\/actualite-nba\/dallas-ambitions-incertitudes\/\"]}]},{\"@type\":\"ImageObject\",\"inLanguage\":\"fr-FR\",\"@id\":\"https:\/\/theplayoffs.news\/fr\/actualite-nba\/dallas-ambitions-incertitudes\/#primaryimage\",\"url\":\"https:\/\/theplayoffs.news\/fr\/wp-content\/uploads\/2023\/02\/8C509757-EC8D-4508-92A0-E786D6BB85D1.jpeg\",\"contentUrl\":\"https:\/\/theplayoffs.news\/fr\/wp-content\/uploads\/2023\/02\/8C509757-EC8D-4508-92A0-E786D6BB85D1.jpeg\",\"width\":1024,\"height\":636},{\"@type\":\"BreadcrumbList\",\"@id\":\"https:\/\/theplayoffs.news\/fr\/actualite-nba\/dallas-ambitions-incertitudes\/#breadcrumb\",\"itemListElement\":[{\"@type\":\"ListItem\",\"position\":1,\"name\":\"Accueil\",\"item\":\"https:\/\/theplayoffs.news\/fr\/\"},{\"@type\":\"ListItem\",\"position\":2,\"name\":\"Dallas Mavericks : des ambitions m\u00eal\u00e9es \u00e0 des incertitudes\"}]},{\"@type\":\"WebSite\",\"@id\":\"https:\/\/theplayoffs.news\/fr\/#website\",\"url\":\"https:\/\/theplayoffs.news\/fr\/\",\"name\":\"The Playoffs FR\",\"description\":\"NBA-NFL-NHL-MLB\",\"potentialAction\":[{\"@type\":\"SearchAction\",\"target\":{\"@type\":\"EntryPoint\",\"urlTemplate\":\"https:\/\/theplayoffs.news\/fr\/?s={search_term_string}\"},\"query-input\":{\"@type\":\"PropertyValueSpecification\",\"valueRequired\":true,\"valueName\":\"search_term_string\"}}],\"inLanguage\":\"fr-FR\"},{\"@type\":\"Person\",\"@id\":\"https:\/\/theplayoffs.news\/fr\/#\/schema\/person\/3dd6319a9057ecd181d2351cdb03ccd2\",\"name\":\"Alban Conejero\",\"image\":{\"@type\":\"ImageObject\",\"inLanguage\":\"fr-FR\",\"@id\":\"https:\/\/theplayoffs.news\/fr\/#\/schema\/person\/image\/\",\"url\":\"https:\/\/secure.gravatar.com\/avatar\/ef2d5e8508f59dc7b4e42edb92917fc230c9f46d5eb7ec09de6d5b8e112de01f?s=96&d=mm&r=g\",\"contentUrl\":\"https:\/\/secure.gravatar.com\/avatar\/ef2d5e8508f59dc7b4e42edb92917fc230c9f46d5eb7ec09de6d5b8e112de01f?s=96&d=mm&r=g\",\"caption\":\"Alban Conejero\"},\"url\":\"https:\/\/theplayoffs.news\/fr\/author\/albanconejero26gmail-com\/\"}]}<\/script>\n<!-- \/ Yoast SEO plugin. -->","yoast_head_json":{"title":"Dallas Mavericks : des ambitions m&ecirc;l&eacute;es &agrave; des incertitudes - The Playoffs FR","robots":{"index":"index","follow":"follow","max-snippet":"max-snippet:-1","max-image-preview":"max-image-preview:large","max-video-preview":"max-video-preview:-1"},"canonical":"https:\/\/theplayoffs.news\/fr\/actualite-nba\/dallas-ambitions-incertitudes\/","og_locale":"fr_FR","og_type":"article","og_title":"Dallas Mavericks : des ambitions m&ecirc;l&eacute;es &agrave; des incertitudes - The Playoffs FR","og_url":"https:\/\/theplayoffs.news\/fr\/actualite-nba\/dallas-ambitions-incertitudes\/","og_site_name":"The Playoffs FR","article_publisher":"https:\/\/www.facebook.com\/TheFreeAgentFR\/","og_image":[{"width":1024,"height":636,"url":"https:\/\/theplayoffs.news\/fr\/wp-content\/uploads\/2023\/02\/8C509757-EC8D-4508-92A0-E786D6BB85D1.jpeg","type":"image\/jpeg"}],"author":"Alban Conejero","twitter_card":"summary_large_image","twitter_creator":"@TheFreeAgentFR","twitter_site":"@TheFreeAgentFR","twitter_misc":{"\u00c9crit par":"Alban Conejero","Dur\u00e9e de lecture estim\u00e9e":"4 minutes"},"schema":{"@context":"https:\/\/schema.org","@graph":[{"@type":"WebPage","@id":"https:\/\/theplayoffs.news\/fr\/actualite-nba\/dallas-ambitions-incertitudes\/","url":"https:\/\/theplayoffs.news\/fr\/actualite-nba\/dallas-ambitions-incertitudes\/","name":"Dallas Mavericks : des ambitions m\u00eal\u00e9es \u00e0 des incertitudes - The Playoffs FR","isPartOf":{"@id":"https:\/\/theplayoffs.news\/fr\/#website"},"primaryImageOfPage":{"@id":"https:\/\/theplayoffs.news\/fr\/actualite-nba\/dallas-ambitions-incertitudes\/#primaryimage"},"image":{"@id":"https:\/\/theplayoffs.news\/fr\/actualite-nba\/dallas-ambitions-incertitudes\/#primaryimage"},"thumbnailUrl":"https:\/\/theplayoffs.news\/fr\/wp-content\/uploads\/2023\/02\/8C509757-EC8D-4508-92A0-E786D6BB85D1.jpeg","datePublished":"2023-02-20T18:13:07+00:00","dateModified":"2023-02-20T18:13:07+00:00","author":{"@id":"https:\/\/theplayoffs.news\/fr\/#\/schema\/person\/3dd6319a9057ecd181d2351cdb03ccd2"},"breadcrumb":{"@id":"https:\/\/theplayoffs.news\/fr\/actualite-nba\/dallas-ambitions-incertitudes\/#breadcrumb"},"inLanguage":"fr-FR","potentialAction":[{"@type":"ReadAction","target":["https:\/\/theplayoffs.news\/fr\/actualite-nba\/dallas-ambitions-incertitudes\/"]}]},{"@type":"ImageObject","inLanguage":"fr-FR","@id":"https:\/\/theplayoffs.news\/fr\/actualite-nba\/dallas-ambitions-incertitudes\/#primaryimage","url":"https:\/\/theplayoffs.news\/fr\/wp-content\/uploads\/2023\/02\/8C509757-EC8D-4508-92A0-E786D6BB85D1.jpeg","contentUrl":"https:\/\/theplayoffs.news\/fr\/wp-content\/uploads\/2023\/02\/8C509757-EC8D-4508-92A0-E786D6BB85D1.jpeg","width":1024,"height":636},{"@type":"BreadcrumbList","@id":"https:\/\/theplayoffs.news\/fr\/actualite-nba\/dallas-ambitions-incertitudes\/#breadcrumb","itemListElement":[{"@type":"ListItem","position":1,"name":"Accueil","item":"https:\/\/theplayoffs.news\/fr\/"},{"@type":"ListItem","position":2,"name":"Dallas Mavericks : des ambitions m\u00eal\u00e9es \u00e0 des incertitudes"}]},{"@type":"WebSite","@id":"https:\/\/theplayoffs.news\/fr\/#website","url":"https:\/\/theplayoffs.news\/fr\/","name":"The Playoffs FR","description":"NBA-NFL-NHL-MLB","potentialAction":[{"@type":"SearchAction","target":{"@type":"EntryPoint","urlTemplate":"https:\/\/theplayoffs.news\/fr\/?s={search_term_string}"},"query-input":{"@type":"PropertyValueSpecification","valueRequired":true,"valueName":"search_term_string"}}],"inLanguage":"fr-FR"},{"@type":"Person","@id":"https:\/\/theplayoffs.news\/fr\/#\/schema\/person\/3dd6319a9057ecd181d2351cdb03ccd2","name":"Alban Conejero","image":{"@type":"ImageObject","inLanguage":"fr-FR","@id":"https:\/\/theplayoffs.news\/fr\/#\/schema\/person\/image\/","url":"https:\/\/secure.gravatar.com\/avatar\/ef2d5e8508f59dc7b4e42edb92917fc230c9f46d5eb7ec09de6d5b8e112de01f?s=96&d=mm&r=g","contentUrl":"https:\/\/secure.gravatar.com\/avatar\/ef2d5e8508f59dc7b4e42edb92917fc230c9f46d5eb7ec09de6d5b8e112de01f?s=96&d=mm&r=g","caption":"Alban Conejero"},"url":"https:\/\/theplayoffs.news\/fr\/author\/albanconejero26gmail-com\/"}]}},"_links":{"self":[{"href":"https:\/\/theplayoffs.news\/fr\/wp-json\/wp\/v2\/posts\/568369","targetHints":{"allow":["GET"]}}],"collection":[{"href":"https:\/\/theplayoffs.news\/fr\/wp-json\/wp\/v2\/posts"}],"about":[{"href":"https:\/\/theplayoffs.news\/fr\/wp-json\/wp\/v2\/types\/post"}],"author":[{"embeddable":true,"href":"https:\/\/theplayoffs.news\/fr\/wp-json\/wp\/v2\/users\/180310139"}],"replies":[{"embeddable":true,"href":"https:\/\/theplayoffs.news\/fr\/wp-json\/wp\/v2\/comments?post=568369"}],"version-history":[{"count":4,"href":"https:\/\/theplayoffs.news\/fr\/wp-json\/wp\/v2\/posts\/568369\/revisions"}],"predecessor-version":[{"id":568413,"href":"https:\/\/theplayoffs.news\/fr\/wp-json\/wp\/v2\/posts\/568369\/revisions\/568413"}],"wp:featuredmedia":[{"embeddable":true,"href":"https:\/\/theplayoffs.news\/fr\/wp-json\/wp\/v2\/media\/568401"}],"wp:attachment":[{"href":"https:\/\/theplayoffs.news\/fr\/wp-json\/wp\/v2\/media?parent=568369"}],"wp:term":[{"taxonomy":"category","embeddable":true,"href":"https:\/\/theplayoffs.news\/fr\/wp-json\/wp\/v2\/categories?post=568369"},{"taxonomy":"post_tag","embeddable":true,"href":"https:\/\/theplayoffs.news\/fr\/wp-json\/wp\/v2\/tags?post=568369"},{"taxonomy":"sport","embeddable":true,"href":"https:\/\/theplayoffs.news\/fr\/wp-json\/wp\/v2\/sport?post=568369"},{"taxonomy":"saison","embeddable":true,"href":"https:\/\/theplayoffs.news\/fr\/wp-json\/wp\/v2\/saison?post=568369"}],"curies":[{"name":"wp","href":"https:\/\/api.w.org\/{rel}","templated":true}]}}