{"id":568311,"date":"2023-02-20T13:23:37","date_gmt":"2023-02-20T12:23:37","guid":{"rendered":"https:\/\/theplayoffs.news\/fr\/?p=568311"},"modified":"2023-02-20T17:08:31","modified_gmt":"2023-02-20T16:08:31","slug":"malone-ne-mache-pas-ses-mots-sur-le-asg","status":"publish","type":"post","link":"https:\/\/theplayoffs.news\/fr\/actualite-nba\/malone-ne-mache-pas-ses-mots-sur-le-asg\/","title":{"rendered":"Michael Malone ne m\u00e2che pas ses mots sur le All-Star Game"},"content":{"rendered":"<h2>Le All-Star Game s&rsquo;est conclu par la victoire de l&rsquo;&eacute;quipe de Giannis Antetokounmpo sur le score de 184 &agrave; 175 face &agrave; celle de LeBron James. Mais est-ce vraiment un plaisir de voir ce match d&rsquo;exhibition? Michael Malone est franc sur ce sujet.<\/h2><p>La nuit derni&egrave;re s&rsquo;est jou&eacute; le <strong>72&egrave; All-Star Game &agrave; Utah<\/strong>. L&rsquo;<a href=\"https:\/\/twitter.com\/NBA\/status\/1627546414464094209?cxt=HHwWgsC-mei1mpYtAAAA\" class=\"trk-cta-link\" data-cta-trk='{\"ctaType\":\"Link\",\"ctaSubType\":\"main\"}'>&eacute;quipe de Giannis Antetokounmpo<\/a> s&rsquo;est impos&eacute; <a href=\"https:\/\/theplayoffs.news\/fr\/nba-basketball\/all-star-game-2023-le-match\/\" class=\"trk-cta-link\" data-cta-trk='{\"ctaType\":\"Link\",\"ctaSubType\":\"main\"}'>184-175<\/a> face &agrave; l&rsquo;&eacute;quipe de LeBron James. Michael Malone &eacute;tait le coach de l&rsquo;&eacute;quipe vaincue. Il a &eacute;t&eacute; transparent sur le match de la nuit derni&egrave;re.<\/p><blockquote class=\"twitter-tweet\" data-width=\"500\" data-dnt=\"true\">\n<p lang=\"en\" dir=\"ltr\">The BEST DUNKS from the 2023 <a href=\"https:\/\/twitter.com\/hashtag\/NBAAllStar?src=hash&amp;ref_src=twsrc%5Etfw\" class=\"trk-cta-link\" data-cta-trk='{\"ctaType\":\"Link\",\"ctaSubType\":\"main\"}'>#NBAAllStar<\/a> Game &#128064; <a href=\"https:\/\/t.co\/H3roNew0vX\" class=\"trk-cta-link\" data-cta-trk='{\"ctaType\":\"Link\",\"ctaSubType\":\"main\"}'>pic.twitter.com\/H3roNew0vX<\/a><\/p>\n<p>&mdash; NBA (@NBA) <a href=\"https:\/\/twitter.com\/NBA\/status\/1627555046702604289?ref_src=twsrc%5Etfw\" class=\"trk-cta-link\" data-cta-trk='{\"ctaType\":\"Link\",\"ctaSubType\":\"main\"}'>February 20, 2023<\/a><\/p><\/blockquote><p><script async src=\"https:\/\/platform.twitter.com\/widgets.js\" charset=\"utf-8\"><\/script><\/p><p>Pour le coach des <strong>Nuggets de Denver<\/strong>, ce match est une parodie de basket.<\/p><blockquote><p>&laquo;&nbsp;<em>C&rsquo;est un honneur d&rsquo;&ecirc;tre l&agrave;&nbsp;&raquo;, affirme Malone. &laquo;&nbsp;C&rsquo;est un honneur de faire partie de ce super week-end avec de tr&egrave;s grands joueurs. Mais c&rsquo;&eacute;tait le pire match de basket jamais jou&eacute;&nbsp;&raquo;<\/em><\/p><\/blockquote><p>Alors que peut-on faire pour sauver un rendez-vous qui autrefois &eacute;tait attendu par tous les fans de basket car les joueurs de donnaient &agrave; fond et d&eacute;fendaient surtout. Pour <a href=\"https:\/\/www.basketusa.com\/news\/684588\/mike-malone-cetait-le-pire-match-de-basket-jamais-joue\/\" class=\"trk-cta-link\" data-cta-trk='{\"ctaType\":\"Link\",\"ctaSubType\":\"main\"}'>Michael Malone<\/a>, c&rsquo;est une cause perdue.<\/p><blockquote><p>&laquo;&nbsp;<em>Je ne crois pas qu&rsquo;on puisse corriger &ccedil;a&hellip;&nbsp;&raquo;, ass&egrave;ne le coach de Denver. &laquo;&nbsp;Je tiens &agrave; f&eacute;liciter Jo&euml;l Embiid et Kyrie Irving, car ces gars &eacute;taient l&agrave; pour la comp&eacute;tition. Jo&euml;l a suppli&eacute; certains de se donner &agrave; fond, et de tenter de d&eacute;fendre&nbsp;&raquo;.<\/em><\/p><\/blockquote><p>Certain regrette le simple fait que ce match ne soit pas l&rsquo;affrontement entre la <strong>Conf&eacute;rence Est<\/strong> et <strong>Ouest<\/strong>.<\/p>\n","protected":false},"excerpt":{"rendered":"","protected":false},"author":180310140,"featured_media":568320,"comment_status":"open","ping_status":"closed","sticky":false,"template":"","format":"standard","meta":{"inline_featured_image":false,"kia_subtitle":"","_mux_skip_reasons":[],"proofreadBy":0,"footnotes":""},"categories":[110,10],"tags":[2845,2610],"sport":[],"saison":[],"class_list":["post-568311","post","type-post","status-publish","format-standard","has-post-thumbnail","hentry","category-actualite-nba","category-nba","tag-all-star-game-2023","tag-michael-malone"],"acf":[],"yoast_head":"<!-- This site is optimized with the Yoast SEO plugin v24.2 - https:\/\/yoast.com\/wordpress\/plugins\/seo\/ -->\n<title>Michael Malone ne m&acirc;che pas ses mots sur le All-Star Game - The Playoffs FR<\/title>\n<meta name=\"robots\" content=\"index, follow, max-snippet:-1, max-image-preview:large, max-video-preview:-1\" \/>\n<link rel=\"canonical\" href=\"https:\/\/theplayoffs.news\/fr\/actualite-nba\/malone-ne-mache-pas-ses-mots-sur-le-asg\/\" \/>\n<meta property=\"og:locale\" content=\"fr_FR\" \/>\n<meta property=\"og:type\" content=\"article\" \/>\n<meta property=\"og:title\" content=\"Michael Malone ne m&acirc;che pas ses mots sur le All-Star Game - The Playoffs FR\" \/>\n<meta property=\"og:url\" content=\"https:\/\/theplayoffs.news\/fr\/actualite-nba\/malone-ne-mache-pas-ses-mots-sur-le-asg\/\" \/>\n<meta property=\"og:site_name\" content=\"The Playoffs FR\" \/>\n<meta property=\"article:publisher\" content=\"https:\/\/www.facebook.com\/TheFreeAgentFR\/\" \/>\n<meta property=\"article:modified_time\" content=\"2023-02-20T17:08:31+01:00\" \/>\n<meta property=\"og:image\" content=\"https:\/\/theplayoffs.news\/fr\/wp-content\/uploads\/2023\/02\/Michael-Malone.jpeg\" \/>\n\t<meta property=\"og:image:width\" content=\"1296\" \/>\n\t<meta property=\"og:image:height\" content=\"729\" \/>\n\t<meta property=\"og:image:type\" content=\"image\/jpeg\" \/>\n<meta name=\"author\" content=\"Theophile Batica-ferreira\" \/>\n<meta name=\"twitter:card\" content=\"summary_large_image\" \/>\n<meta name=\"twitter:creator\" content=\"@TheFreeAgentFR\" \/>\n<meta name=\"twitter:site\" content=\"@TheFreeAgentFR\" \/>\n<meta name=\"twitter:label1\" content=\"\u00c9crit par\" \/>\n\t<meta name=\"twitter:data1\" content=\"Theophile Batica-ferreira\" \/>\n\t<meta name=\"twitter:label2\" content=\"Dur\u00e9e de lecture estim\u00e9e\" \/>\n\t<meta name=\"twitter:data2\" content=\"1 minute\" \/>\n<script type=\"application\/ld+json\" class=\"yoast-schema-graph\">{\"@context\":\"https:\/\/schema.org\",\"@graph\":[{\"@type\":\"WebPage\",\"@id\":\"https:\/\/theplayoffs.news\/fr\/actualite-nba\/malone-ne-mache-pas-ses-mots-sur-le-asg\/\",\"url\":\"https:\/\/theplayoffs.news\/fr\/actualite-nba\/malone-ne-mache-pas-ses-mots-sur-le-asg\/\",\"name\":\"Michael Malone ne m\u00e2che pas ses mots sur le All-Star Game - The Playoffs FR\",\"isPartOf\":{\"@id\":\"https:\/\/theplayoffs.news\/fr\/#website\"},\"primaryImageOfPage\":{\"@id\":\"https:\/\/theplayoffs.news\/fr\/actualite-nba\/malone-ne-mache-pas-ses-mots-sur-le-asg\/#primaryimage\"},\"image\":{\"@id\":\"https:\/\/theplayoffs.news\/fr\/actualite-nba\/malone-ne-mache-pas-ses-mots-sur-le-asg\/#primaryimage\"},\"thumbnailUrl\":\"https:\/\/theplayoffs.news\/fr\/wp-content\/uploads\/2023\/02\/Michael-Malone.jpeg\",\"datePublished\":\"2023-02-20T12:23:37+00:00\",\"dateModified\":\"2023-02-20T16:08:31+00:00\",\"author\":{\"@id\":\"https:\/\/theplayoffs.news\/fr\/#\/schema\/person\/28782e5d11e28ced1db43166cecdaae9\"},\"breadcrumb\":{\"@id\":\"https:\/\/theplayoffs.news\/fr\/actualite-nba\/malone-ne-mache-pas-ses-mots-sur-le-asg\/#breadcrumb\"},\"inLanguage\":\"fr-FR\",\"potentialAction\":[{\"@type\":\"ReadAction\",\"target\":[\"https:\/\/theplayoffs.news\/fr\/actualite-nba\/malone-ne-mache-pas-ses-mots-sur-le-asg\/\"]}]},{\"@type\":\"ImageObject\",\"inLanguage\":\"fr-FR\",\"@id\":\"https:\/\/theplayoffs.news\/fr\/actualite-nba\/malone-ne-mache-pas-ses-mots-sur-le-asg\/#primaryimage\",\"url\":\"https:\/\/theplayoffs.news\/fr\/wp-content\/uploads\/2023\/02\/Michael-Malone.jpeg\",\"contentUrl\":\"https:\/\/theplayoffs.news\/fr\/wp-content\/uploads\/2023\/02\/Michael-Malone.jpeg\",\"width\":1296,\"height\":729,\"caption\":\"Malone\"},{\"@type\":\"BreadcrumbList\",\"@id\":\"https:\/\/theplayoffs.news\/fr\/actualite-nba\/malone-ne-mache-pas-ses-mots-sur-le-asg\/#breadcrumb\",\"itemListElement\":[{\"@type\":\"ListItem\",\"position\":1,\"name\":\"Accueil\",\"item\":\"https:\/\/theplayoffs.news\/fr\/\"},{\"@type\":\"ListItem\",\"position\":2,\"name\":\"Michael Malone ne m\u00e2che pas ses mots sur le All-Star Game\"}]},{\"@type\":\"WebSite\",\"@id\":\"https:\/\/theplayoffs.news\/fr\/#website\",\"url\":\"https:\/\/theplayoffs.news\/fr\/\",\"name\":\"The Playoffs FR\",\"description\":\"NBA-NFL-NHL-MLB\",\"potentialAction\":[{\"@type\":\"SearchAction\",\"target\":{\"@type\":\"EntryPoint\",\"urlTemplate\":\"https:\/\/theplayoffs.news\/fr\/?s={search_term_string}\"},\"query-input\":{\"@type\":\"PropertyValueSpecification\",\"valueRequired\":true,\"valueName\":\"search_term_string\"}}],\"inLanguage\":\"fr-FR\"},{\"@type\":\"Person\",\"@id\":\"https:\/\/theplayoffs.news\/fr\/#\/schema\/person\/28782e5d11e28ced1db43166cecdaae9\",\"name\":\"Theophile Batica-ferreira\",\"image\":{\"@type\":\"ImageObject\",\"inLanguage\":\"fr-FR\",\"@id\":\"https:\/\/theplayoffs.news\/fr\/#\/schema\/person\/image\/\",\"url\":\"https:\/\/secure.gravatar.com\/avatar\/2a8200ad0411f8ebd27c6b41622c1d7589cdf53cfc6c271372dbe6fbfd1e8159?s=96&d=mm&r=g\",\"contentUrl\":\"https:\/\/secure.gravatar.com\/avatar\/2a8200ad0411f8ebd27c6b41622c1d7589cdf53cfc6c271372dbe6fbfd1e8159?s=96&d=mm&r=g\",\"caption\":\"Theophile Batica-ferreira\"},\"url\":\"https:\/\/theplayoffs.news\/fr\/author\/theophile-batica-ferreiramediaschool-me\/\"}]}<\/script>\n<!-- \/ Yoast SEO plugin. -->","yoast_head_json":{"title":"Michael Malone ne m&acirc;che pas ses mots sur le All-Star Game - The Playoffs FR","robots":{"index":"index","follow":"follow","max-snippet":"max-snippet:-1","max-image-preview":"max-image-preview:large","max-video-preview":"max-video-preview:-1"},"canonical":"https:\/\/theplayoffs.news\/fr\/actualite-nba\/malone-ne-mache-pas-ses-mots-sur-le-asg\/","og_locale":"fr_FR","og_type":"article","og_title":"Michael Malone ne m&acirc;che pas ses mots sur le All-Star Game - The Playoffs FR","og_url":"https:\/\/theplayoffs.news\/fr\/actualite-nba\/malone-ne-mache-pas-ses-mots-sur-le-asg\/","og_site_name":"The Playoffs FR","article_publisher":"https:\/\/www.facebook.com\/TheFreeAgentFR\/","article_modified_time":"2023-02-20T16:08:31+00:00","og_image":[{"width":1296,"height":729,"url":"https:\/\/theplayoffs.news\/fr\/wp-content\/uploads\/2023\/02\/Michael-Malone.jpeg","type":"image\/jpeg"}],"author":"Theophile Batica-ferreira","twitter_card":"summary_large_image","twitter_creator":"@TheFreeAgentFR","twitter_site":"@TheFreeAgentFR","twitter_misc":{"\u00c9crit par":"Theophile Batica-ferreira","Dur\u00e9e de lecture estim\u00e9e":"1 minute"},"schema":{"@context":"https:\/\/schema.org","@graph":[{"@type":"WebPage","@id":"https:\/\/theplayoffs.news\/fr\/actualite-nba\/malone-ne-mache-pas-ses-mots-sur-le-asg\/","url":"https:\/\/theplayoffs.news\/fr\/actualite-nba\/malone-ne-mache-pas-ses-mots-sur-le-asg\/","name":"Michael Malone ne m\u00e2che pas ses mots sur le All-Star Game - The Playoffs FR","isPartOf":{"@id":"https:\/\/theplayoffs.news\/fr\/#website"},"primaryImageOfPage":{"@id":"https:\/\/theplayoffs.news\/fr\/actualite-nba\/malone-ne-mache-pas-ses-mots-sur-le-asg\/#primaryimage"},"image":{"@id":"https:\/\/theplayoffs.news\/fr\/actualite-nba\/malone-ne-mache-pas-ses-mots-sur-le-asg\/#primaryimage"},"thumbnailUrl":"https:\/\/theplayoffs.news\/fr\/wp-content\/uploads\/2023\/02\/Michael-Malone.jpeg","datePublished":"2023-02-20T12:23:37+00:00","dateModified":"2023-02-20T16:08:31+00:00","author":{"@id":"https:\/\/theplayoffs.news\/fr\/#\/schema\/person\/28782e5d11e28ced1db43166cecdaae9"},"breadcrumb":{"@id":"https:\/\/theplayoffs.news\/fr\/actualite-nba\/malone-ne-mache-pas-ses-mots-sur-le-asg\/#breadcrumb"},"inLanguage":"fr-FR","potentialAction":[{"@type":"ReadAction","target":["https:\/\/theplayoffs.news\/fr\/actualite-nba\/malone-ne-mache-pas-ses-mots-sur-le-asg\/"]}]},{"@type":"ImageObject","inLanguage":"fr-FR","@id":"https:\/\/theplayoffs.news\/fr\/actualite-nba\/malone-ne-mache-pas-ses-mots-sur-le-asg\/#primaryimage","url":"https:\/\/theplayoffs.news\/fr\/wp-content\/uploads\/2023\/02\/Michael-Malone.jpeg","contentUrl":"https:\/\/theplayoffs.news\/fr\/wp-content\/uploads\/2023\/02\/Michael-Malone.jpeg","width":1296,"height":729,"caption":"Malone"},{"@type":"BreadcrumbList","@id":"https:\/\/theplayoffs.news\/fr\/actualite-nba\/malone-ne-mache-pas-ses-mots-sur-le-asg\/#breadcrumb","itemListElement":[{"@type":"ListItem","position":1,"name":"Accueil","item":"https:\/\/theplayoffs.news\/fr\/"},{"@type":"ListItem","position":2,"name":"Michael Malone ne m\u00e2che pas ses mots sur le All-Star Game"}]},{"@type":"WebSite","@id":"https:\/\/theplayoffs.news\/fr\/#website","url":"https:\/\/theplayoffs.news\/fr\/","name":"The Playoffs FR","description":"NBA-NFL-NHL-MLB","potentialAction":[{"@type":"SearchAction","target":{"@type":"EntryPoint","urlTemplate":"https:\/\/theplayoffs.news\/fr\/?s={search_term_string}"},"query-input":{"@type":"PropertyValueSpecification","valueRequired":true,"valueName":"search_term_string"}}],"inLanguage":"fr-FR"},{"@type":"Person","@id":"https:\/\/theplayoffs.news\/fr\/#\/schema\/person\/28782e5d11e28ced1db43166cecdaae9","name":"Theophile Batica-ferreira","image":{"@type":"ImageObject","inLanguage":"fr-FR","@id":"https:\/\/theplayoffs.news\/fr\/#\/schema\/person\/image\/","url":"https:\/\/secure.gravatar.com\/avatar\/2a8200ad0411f8ebd27c6b41622c1d7589cdf53cfc6c271372dbe6fbfd1e8159?s=96&d=mm&r=g","contentUrl":"https:\/\/secure.gravatar.com\/avatar\/2a8200ad0411f8ebd27c6b41622c1d7589cdf53cfc6c271372dbe6fbfd1e8159?s=96&d=mm&r=g","caption":"Theophile Batica-ferreira"},"url":"https:\/\/theplayoffs.news\/fr\/author\/theophile-batica-ferreiramediaschool-me\/"}]}},"_links":{"self":[{"href":"https:\/\/theplayoffs.news\/fr\/wp-json\/wp\/v2\/posts\/568311","targetHints":{"allow":["GET"]}}],"collection":[{"href":"https:\/\/theplayoffs.news\/fr\/wp-json\/wp\/v2\/posts"}],"about":[{"href":"https:\/\/theplayoffs.news\/fr\/wp-json\/wp\/v2\/types\/post"}],"author":[{"embeddable":true,"href":"https:\/\/theplayoffs.news\/fr\/wp-json\/wp\/v2\/users\/180310140"}],"replies":[{"embeddable":true,"href":"https:\/\/theplayoffs.news\/fr\/wp-json\/wp\/v2\/comments?post=568311"}],"version-history":[{"count":4,"href":"https:\/\/theplayoffs.news\/fr\/wp-json\/wp\/v2\/posts\/568311\/revisions"}],"predecessor-version":[{"id":568372,"href":"https:\/\/theplayoffs.news\/fr\/wp-json\/wp\/v2\/posts\/568311\/revisions\/568372"}],"wp:featuredmedia":[{"embeddable":true,"href":"https:\/\/theplayoffs.news\/fr\/wp-json\/wp\/v2\/media\/568320"}],"wp:attachment":[{"href":"https:\/\/theplayoffs.news\/fr\/wp-json\/wp\/v2\/media?parent=568311"}],"wp:term":[{"taxonomy":"category","embeddable":true,"href":"https:\/\/theplayoffs.news\/fr\/wp-json\/wp\/v2\/categories?post=568311"},{"taxonomy":"post_tag","embeddable":true,"href":"https:\/\/theplayoffs.news\/fr\/wp-json\/wp\/v2\/tags?post=568311"},{"taxonomy":"sport","embeddable":true,"href":"https:\/\/theplayoffs.news\/fr\/wp-json\/wp\/v2\/sport?post=568311"},{"taxonomy":"saison","embeddable":true,"href":"https:\/\/theplayoffs.news\/fr\/wp-json\/wp\/v2\/saison?post=568311"}],"curies":[{"name":"wp","href":"https:\/\/api.w.org\/{rel}","templated":true}]}}