{"id":567995,"date":"2023-02-22T07:30:24","date_gmt":"2023-02-22T06:30:24","guid":{"rendered":"https:\/\/theplayoffs.news\/fr\/?p=567995"},"modified":"2023-02-22T10:26:50","modified_gmt":"2023-02-22T09:26:50","slug":"minnesota-timberwolves-les-espoirs","status":"publish","type":"post","link":"https:\/\/theplayoffs.news\/fr\/actualite-nba\/minnesota-timberwolves-les-espoirs\/","title":{"rendered":"Minnesota Timberwolves: quelles attentes pour la fin de saison ?"},"content":{"rendered":"<h2>Les Minnesota Timberwolves, alors que la NBA s&rsquo;accorde quelques jours de repos, les &eacute;quipes de TFA vous proposent un focus sur certaines des 30 franchises de la ligue, afin de faire le point sur ce qui s&rsquo;est d&eacute;j&agrave; d&eacute;roul&eacute; et envisager la suite, en se demandant quels sont les attentes et ambitions r&eacute;alisables pour cette derni&egrave;re ligne droite de la saison.<\/h2><p>&nbsp;<\/p><p style=\"text-align: center;\"><strong>Aujourd&rsquo;hui, les Minnesota Timberwolves.<\/strong><\/p><p><img loading=\"lazy\" decoding=\"async\" class=\"alignnone size-large wp-image-335758\" src=\"https:\/\/theplayoffs.news\/fr\/wp-content\/uploads\/2022\/04\/Minnesota-Timberwolves-logo-1-1024x576.png\" alt=\"Minnesota Timberwolves \" width=\"1024\" height=\"576\" srcset=\"https:\/\/theplayoffs.news\/fr\/wp-content\/uploads\/2022\/04\/Minnesota-Timberwolves-logo-1-1024x576.png 1024w, https:\/\/theplayoffs.news\/fr\/wp-content\/uploads\/2022\/04\/Minnesota-Timberwolves-logo-1-300x169.png 300w, https:\/\/theplayoffs.news\/fr\/wp-content\/uploads\/2022\/04\/Minnesota-Timberwolves-logo-1-768x432.png 768w, https:\/\/theplayoffs.news\/fr\/wp-content\/uploads\/2022\/04\/Minnesota-Timberwolves-logo-1-1536x864.png 1536w, https:\/\/theplayoffs.news\/fr\/wp-content\/uploads\/2022\/04\/Minnesota-Timberwolves-logo-1-2048x1152.png 2048w, https:\/\/theplayoffs.news\/fr\/wp-content\/uploads\/2022\/04\/Minnesota-Timberwolves-logo-1-1080x608.png 1080w, https:\/\/theplayoffs.news\/fr\/wp-content\/uploads\/2022\/04\/Minnesota-Timberwolves-logo-1-1280x720.png 1280w, https:\/\/theplayoffs.news\/fr\/wp-content\/uploads\/2022\/04\/Minnesota-Timberwolves-logo-1-980x551.png 980w, https:\/\/theplayoffs.news\/fr\/wp-content\/uploads\/2022\/04\/Minnesota-Timberwolves-logo-1-480x270.png 480w\" sizes=\"auto, (max-width: 1024px) 100vw, 1024px\" \/><\/p><p>&nbsp;<\/p><h3>La premi&egrave;re partie de la saison.<\/h3><p>Apr&egrave;s un &eacute;t&eacute; mouvement&eacute; qui a vu l&rsquo;arriv&eacute;e de <a href=\"https:\/\/www.statmuse.com\/nba\/player\/rudy-gobert-1312\" class=\"trk-cta-link\" data-cta-trk='{\"ctaType\":\"Link\",\"ctaSubType\":\"main\"}'>Rudy Gobert<\/a>, les attentes &eacute;taient grandes. Si le d&eacute;but de saison est fait de s&eacute;ries et donc d&rsquo;irr&eacute;gularit&eacute;, elle est en grande partie d&ucirc; &agrave; une mauvaise r&eacute;partition du jeu.<\/p><p>D&rsquo;Angelo Russell, Anthony Edwards et Karl-Anthony Town sont des joueurs qui aiment prendre des tirs. De ce fait, il manque de liant entre les diff&eacute;rents joueurs et l&rsquo;arriv&eacute;e de Rudy Gobert n&rsquo;a pas am&eacute;lior&eacute; cet aspect du jeu. Ce dernier est laiss&eacute; &agrave; son r&ocirc;le de d&eacute;fenseur, t&acirc;che que les autres stars rechignent &agrave; faire et qui explique en grande partie l&rsquo;irr&eacute;gularit&eacute; des r&eacute;sultats.<\/p><p>La blessure de KAT depuis fin novembre n&rsquo;a pas permis &agrave; ce jour de voir ce que son association avec Rudy Gobert peut donner.<\/p><p><iframe loading=\"lazy\" title=\"THRILLING OT ENDING Timberwolves vs Mavericks | February 13, 2023\" width=\"500\" height=\"281\" src=\"https:\/\/www.youtube.com\/embed\/zYVBPHiqu0Y?feature=oembed\" frameborder=\"0\" allow=\"accelerometer; autoplay; clipboard-write; encrypted-media; gyroscope; picture-in-picture; web-share\" referrerpolicy=\"strict-origin-when-cross-origin\" allowfullscreen><\/iframe><\/p><h3><span id=\"p306\">Une &eacute;quipe sans identit&eacute;.<\/span><\/h3><p><span id=\"p307\">Il&nbsp;est, &agrave; ce jour, encore&nbsp;difficile de d&eacute;finir le style de jeu des Minnesota&nbsp;<span id=\"314\" class=\"s-rg-t\">Timberwolves<\/span>.<\/span><span id=\"p308\">&nbsp;Anthony Edwards a d&eacute;cid&eacute; de&nbsp;remplacer&nbsp;<span id=\"316\">Karl-Anthony<\/span>&nbsp;<span id=\"317\">Town comme leader de l&rsquo;&eacute;quipe<\/span>.<\/span><span id=\"p327\">&nbsp;Il inscrit en moyenne 24,9 points, capte 5,9 rebonds et il d&eacute;livre 4,5 passes pour 3,4 pertes de balles en 34,5 minutes disput&eacute;es.<\/span><span id=\"p328\">&nbsp;Il prend ainsi 19,4 tirs, dont 7,3 &agrave; trois points pour un faible pourcentage &agrave; trois points de 36,4.<\/span><\/p><p><span id=\"p329\">Rudy Gobert a chang&eacute; d&rsquo;&eacute;quipe, mais les maux sont les m&ecirc;mes, un ou deux joueurs monopolise le ballon avec une pr&eacute;f&eacute;rence pour les tirs ext&eacute;rieurs et une absence de jeu et de relation int&eacute;rieur-ext&eacute;rieur.<\/span><span id=\"p312\">&nbsp;La&nbsp;<span id=\"325\">trade<\/span>&nbsp;<span id=\"326\">deadline<\/span>&nbsp;est all&eacute;e dans un changement &agrave; ce niveau.<\/span><\/p><h3><\/h3><h3><img loading=\"lazy\" decoding=\"async\" class=\"alignnone size-full wp-image-568097\" style=\"font-size: 16px;\" src=\"https:\/\/theplayoffs.news\/fr\/wp-content\/uploads\/2023\/02\/Classement-ouest-au-ASG.jpg\" alt=\"\" width=\"904\" height=\"496\" srcset=\"https:\/\/theplayoffs.news\/fr\/wp-content\/uploads\/2023\/02\/Classement-ouest-au-ASG.jpg 904w, https:\/\/theplayoffs.news\/fr\/wp-content\/uploads\/2023\/02\/Classement-ouest-au-ASG-300x165.jpg 300w, https:\/\/theplayoffs.news\/fr\/wp-content\/uploads\/2023\/02\/Classement-ouest-au-ASG-768x421.jpg 768w, https:\/\/theplayoffs.news\/fr\/wp-content\/uploads\/2023\/02\/Classement-ouest-au-ASG-705x387.jpg 705w\" sizes=\"auto, (max-width: 904px) 100vw, 904px\" \/><\/h3><h3>Retour sur la p&eacute;riode de trade et le nouvel effectif<\/h3><p><span id=\"p335\">Un mouvement de taille du c&ocirc;t&eacute; des Minnesota&nbsp;<span id=\"342\">Timberwolves<\/span>&nbsp;durant cette p&eacute;riode avec le d&eacute;part&nbsp;<span id=\"343\">de <a href=\"https:\/\/www.statmuse.com\/nba\/player\/d'angelo-russell-9290\" class=\"trk-cta-link\" data-cta-trk='{\"ctaType\":\"Link\",\"ctaSubType\":\"main\"}'>D&rsquo;Angelo<\/a><\/span>&nbsp;Russell aux&nbsp;<span id=\"344\">Lakers<\/span>&nbsp;et les arriv&eacute;es de Mike&nbsp;<span id=\"345\">Conley<\/span>&nbsp;et&nbsp;<span id=\"346\">Nickeil<\/span>&nbsp;<span id=\"347\">Alexander-Walker<\/span>&nbsp;aux postes de meneurs et d&rsquo;arri&egrave;re rempla&ccedil;ant.<\/span><span id=\"p336\">&nbsp;L&rsquo;arriv&eacute;e aux Minnesota&nbsp;<span id=\"348\" class=\"s-rg-t\">Timberwolves<\/span>&nbsp;de <a href=\"https:\/\/theplayoffs.news\/fr\/joueur\/mike-conley-nba-6390\/\" class=\"trk-cta-link\" data-cta-trk='{\"ctaType\":\"Link\",\"ctaSubType\":\"main\"}'>Mike&nbsp;<span id=\"349\" class=\"s-rg-t\">Conley<\/span><\/a>&nbsp;r&eacute;tablit la connexion entre Gobert et le meneur qui lui adressait le plus de ballons &agrave;&nbsp;<span id=\"350\" class=\"s-rg-t\">Utah<\/span>.<\/span><\/p><p><span id=\"p337\">En laissant partir&nbsp;<span id=\"351\" class=\"s-rg-t\">D<\/span>&lsquo;<span id=\"352\" class=\"s-rg-t\">Angelo<\/span>&nbsp;Russell le front office pense ainsi r&eacute;tablir la liaison du jeu int&eacute;rieur-ext&eacute;rieur, r&eacute;&eacute;quilibrer l&rsquo;&eacute;quipe et la rendre plus homog&egrave;ne avec plus d&rsquo;options en attaque et un vrai meneur en d&eacute;fense.<\/span><\/p><h3><span id=\"p338\">Le calendrier de fin de saison<\/span><\/h3><p><span id=\"p339\">Ils ont certainement un des calendriers les plus &eacute;quilibr&eacute;s.<\/span><span id=\"p340\">&nbsp;Au vu de leur classement, tous les matchs seront d&eacute;cisifs&nbsp;tant, la&nbsp;conf&eacute;rence Ouest est de plus en plus relev&eacute;e avec les arriv&eacute;es de Kevin Durant aux&nbsp;<span id=\"353\" class=\"s-rg-t\">Suns<\/span>&nbsp;et Irving &agrave; Dallas pour ne citer que ces mouvements.<\/span><\/p><p><span id=\"p341\">Au jour du&nbsp;<span id=\"356\">All<\/span>&nbsp;Star&nbsp;Game, les&nbsp;Minnesota&nbsp;<span id=\"358\">Timberwolves<\/span>&nbsp;sont en&nbsp;<span id=\"359\">play-in<\/span>.<\/span><\/p><p><img loading=\"lazy\" decoding=\"async\" class=\"size-full wp-image-568096 aligncenter\" src=\"https:\/\/theplayoffs.news\/fr\/wp-content\/uploads\/2023\/02\/calendrier-wolves.jpg\" alt=\"Minnesota Timberwolves \" width=\"472\" height=\"627\" srcset=\"https:\/\/theplayoffs.news\/fr\/wp-content\/uploads\/2023\/02\/calendrier-wolves.jpg 472w, https:\/\/theplayoffs.news\/fr\/wp-content\/uploads\/2023\/02\/calendrier-wolves-226x300.jpg 226w\" sizes=\"auto, (max-width: 472px) 100vw, 472px\" \/><\/p><p>&nbsp;<\/p><h3><span id=\"p283\">Nos attentes pour les Minnesota Timberwolves .<\/span><\/h3><p>Les ambitions doivent &ecirc;tre claires pour Minnesota, au vu des efforts consentis sur le recrutement, et &agrave; condition que <a href=\"https:\/\/theplayoffs.news\/fr\/joueur\/karl-anthony-towns-nba-6272390\/\" class=\"trk-cta-link\" data-cta-trk='{\"ctaType\":\"Link\",\"ctaSubType\":\"main\"}'>Karl-Anthony Towns<\/a> revienne &agrave; son meilleur niveau, une non qualification &agrave; minima pour le play-in serait un &eacute;chec.<\/p><p>Les Minnesota Timberwolves sont des candidats aux play-off l&eacute;gitimes. Seul le manque de coh&eacute;sion entre les joueurs et le manque d&rsquo;identit&eacute; de jeu sont les obstacles &agrave; la r&eacute;ussite de l&rsquo;&eacute;quipe.<\/p>\n","protected":false},"excerpt":{"rendered":"","protected":false},"author":180309821,"featured_media":337893,"comment_status":"open","ping_status":"closed","sticky":false,"template":"","format":"standard","meta":{"inline_featured_image":false,"kia_subtitle":"","_mux_skip_reasons":[],"proofreadBy":0,"footnotes":""},"categories":[110,10],"tags":[925,2344,2044,516],"sport":[2783],"saison":[3453],"class_list":["post-567995","post","type-post","status-publish","format-standard","has-post-thumbnail","hentry","category-actualite-nba","category-nba","tag-anthony-edwards","tag-karl-anthony-towns","tag-mike-conley","tag-rudy-gobert","sport-nba","saison-3453"],"acf":[],"yoast_head":"<!-- This site is optimized with the Yoast SEO plugin v24.2 - https:\/\/yoast.com\/wordpress\/plugins\/seo\/ -->\n<title>Minnesota Timberwolves: quelles attentes pour la fin de saison ? - The Playoffs FR<\/title>\n<meta name=\"robots\" content=\"index, follow, max-snippet:-1, max-image-preview:large, max-video-preview:-1\" \/>\n<link rel=\"canonical\" href=\"https:\/\/theplayoffs.news\/fr\/actualite-nba\/minnesota-timberwolves-les-espoirs\/\" \/>\n<meta property=\"og:locale\" content=\"fr_FR\" \/>\n<meta property=\"og:type\" content=\"article\" \/>\n<meta property=\"og:title\" content=\"Minnesota Timberwolves: quelles attentes pour la fin de saison ? - The Playoffs FR\" \/>\n<meta property=\"og:url\" content=\"https:\/\/theplayoffs.news\/fr\/actualite-nba\/minnesota-timberwolves-les-espoirs\/\" \/>\n<meta property=\"og:site_name\" content=\"The Playoffs FR\" \/>\n<meta property=\"article:publisher\" content=\"https:\/\/www.facebook.com\/TheFreeAgentFR\/\" \/>\n<meta property=\"article:modified_time\" content=\"2023-02-22T10:26:50+01:00\" \/>\n<meta property=\"og:image\" content=\"https:\/\/theplayoffs.news\/fr\/wp-content\/uploads\/2022\/04\/anthony-edwards-wolves-660x330-1.jpg\" \/>\n\t<meta property=\"og:image:width\" content=\"660\" \/>\n\t<meta property=\"og:image:height\" content=\"330\" \/>\n\t<meta property=\"og:image:type\" content=\"image\/jpeg\" \/>\n<meta name=\"author\" content=\"Maxime Le Gorjus\" \/>\n<meta name=\"twitter:card\" content=\"summary_large_image\" \/>\n<meta name=\"twitter:creator\" content=\"@TheFreeAgentFR\" \/>\n<meta name=\"twitter:site\" content=\"@TheFreeAgentFR\" \/>\n<meta name=\"twitter:label1\" content=\"\u00c9crit par\" \/>\n\t<meta name=\"twitter:data1\" content=\"Maxime Le Gorjus\" \/>\n\t<meta name=\"twitter:label2\" content=\"Dur\u00e9e de lecture estim\u00e9e\" \/>\n\t<meta name=\"twitter:data2\" content=\"3 minutes\" \/>\n<script type=\"application\/ld+json\" class=\"yoast-schema-graph\">{\"@context\":\"https:\/\/schema.org\",\"@graph\":[{\"@type\":\"WebPage\",\"@id\":\"https:\/\/theplayoffs.news\/fr\/actualite-nba\/minnesota-timberwolves-les-espoirs\/\",\"url\":\"https:\/\/theplayoffs.news\/fr\/actualite-nba\/minnesota-timberwolves-les-espoirs\/\",\"name\":\"Minnesota Timberwolves: quelles attentes pour la fin de saison ? - The Playoffs FR\",\"isPartOf\":{\"@id\":\"https:\/\/theplayoffs.news\/fr\/#website\"},\"primaryImageOfPage\":{\"@id\":\"https:\/\/theplayoffs.news\/fr\/actualite-nba\/minnesota-timberwolves-les-espoirs\/#primaryimage\"},\"image\":{\"@id\":\"https:\/\/theplayoffs.news\/fr\/actualite-nba\/minnesota-timberwolves-les-espoirs\/#primaryimage\"},\"thumbnailUrl\":\"https:\/\/theplayoffs.news\/fr\/wp-content\/uploads\/2022\/04\/anthony-edwards-wolves-660x330-1.jpg\",\"datePublished\":\"2023-02-22T06:30:24+00:00\",\"dateModified\":\"2023-02-22T09:26:50+00:00\",\"author\":{\"@id\":\"https:\/\/theplayoffs.news\/fr\/#\/schema\/person\/e71dc12410195fc77183dda929d3a10c\"},\"breadcrumb\":{\"@id\":\"https:\/\/theplayoffs.news\/fr\/actualite-nba\/minnesota-timberwolves-les-espoirs\/#breadcrumb\"},\"inLanguage\":\"fr-FR\",\"potentialAction\":[{\"@type\":\"ReadAction\",\"target\":[\"https:\/\/theplayoffs.news\/fr\/actualite-nba\/minnesota-timberwolves-les-espoirs\/\"]}]},{\"@type\":\"ImageObject\",\"inLanguage\":\"fr-FR\",\"@id\":\"https:\/\/theplayoffs.news\/fr\/actualite-nba\/minnesota-timberwolves-les-espoirs\/#primaryimage\",\"url\":\"https:\/\/theplayoffs.news\/fr\/wp-content\/uploads\/2022\/04\/anthony-edwards-wolves-660x330-1.jpg\",\"contentUrl\":\"https:\/\/theplayoffs.news\/fr\/wp-content\/uploads\/2022\/04\/anthony-edwards-wolves-660x330-1.jpg\",\"width\":660,\"height\":330,\"caption\":\"Minnesota Timberwolves Anthony Edwards\"},{\"@type\":\"BreadcrumbList\",\"@id\":\"https:\/\/theplayoffs.news\/fr\/actualite-nba\/minnesota-timberwolves-les-espoirs\/#breadcrumb\",\"itemListElement\":[{\"@type\":\"ListItem\",\"position\":1,\"name\":\"Accueil\",\"item\":\"https:\/\/theplayoffs.news\/fr\/\"},{\"@type\":\"ListItem\",\"position\":2,\"name\":\"Minnesota Timberwolves: quelles attentes pour la fin de saison ?\"}]},{\"@type\":\"WebSite\",\"@id\":\"https:\/\/theplayoffs.news\/fr\/#website\",\"url\":\"https:\/\/theplayoffs.news\/fr\/\",\"name\":\"The Playoffs FR\",\"description\":\"NBA-NFL-NHL-MLB\",\"potentialAction\":[{\"@type\":\"SearchAction\",\"target\":{\"@type\":\"EntryPoint\",\"urlTemplate\":\"https:\/\/theplayoffs.news\/fr\/?s={search_term_string}\"},\"query-input\":{\"@type\":\"PropertyValueSpecification\",\"valueRequired\":true,\"valueName\":\"search_term_string\"}}],\"inLanguage\":\"fr-FR\"},{\"@type\":\"Person\",\"@id\":\"https:\/\/theplayoffs.news\/fr\/#\/schema\/person\/e71dc12410195fc77183dda929d3a10c\",\"name\":\"Maxime Le Gorjus\",\"image\":{\"@type\":\"ImageObject\",\"inLanguage\":\"fr-FR\",\"@id\":\"https:\/\/theplayoffs.news\/fr\/#\/schema\/person\/image\/\",\"url\":\"https:\/\/secure.gravatar.com\/avatar\/e9d907366de9735d771ce06fa32e62740f99d507b84a46e08ed7e5e05c120b42?s=96&d=mm&r=g\",\"contentUrl\":\"https:\/\/secure.gravatar.com\/avatar\/e9d907366de9735d771ce06fa32e62740f99d507b84a46e08ed7e5e05c120b42?s=96&d=mm&r=g\",\"caption\":\"Maxime Le Gorjus\"},\"url\":\"https:\/\/theplayoffs.news\/fr\/author\/maximelegorjus\/\"}]}<\/script>\n<!-- \/ Yoast SEO plugin. -->","yoast_head_json":{"title":"Minnesota Timberwolves: quelles attentes pour la fin de saison ? - The Playoffs FR","robots":{"index":"index","follow":"follow","max-snippet":"max-snippet:-1","max-image-preview":"max-image-preview:large","max-video-preview":"max-video-preview:-1"},"canonical":"https:\/\/theplayoffs.news\/fr\/actualite-nba\/minnesota-timberwolves-les-espoirs\/","og_locale":"fr_FR","og_type":"article","og_title":"Minnesota Timberwolves: quelles attentes pour la fin de saison ? - The Playoffs FR","og_url":"https:\/\/theplayoffs.news\/fr\/actualite-nba\/minnesota-timberwolves-les-espoirs\/","og_site_name":"The Playoffs FR","article_publisher":"https:\/\/www.facebook.com\/TheFreeAgentFR\/","article_modified_time":"2023-02-22T09:26:50+00:00","og_image":[{"width":660,"height":330,"url":"https:\/\/theplayoffs.news\/fr\/wp-content\/uploads\/2022\/04\/anthony-edwards-wolves-660x330-1.jpg","type":"image\/jpeg"}],"author":"Maxime Le Gorjus","twitter_card":"summary_large_image","twitter_creator":"@TheFreeAgentFR","twitter_site":"@TheFreeAgentFR","twitter_misc":{"\u00c9crit par":"Maxime Le Gorjus","Dur\u00e9e de lecture estim\u00e9e":"3 minutes"},"schema":{"@context":"https:\/\/schema.org","@graph":[{"@type":"WebPage","@id":"https:\/\/theplayoffs.news\/fr\/actualite-nba\/minnesota-timberwolves-les-espoirs\/","url":"https:\/\/theplayoffs.news\/fr\/actualite-nba\/minnesota-timberwolves-les-espoirs\/","name":"Minnesota Timberwolves: quelles attentes pour la fin de saison ? - The Playoffs FR","isPartOf":{"@id":"https:\/\/theplayoffs.news\/fr\/#website"},"primaryImageOfPage":{"@id":"https:\/\/theplayoffs.news\/fr\/actualite-nba\/minnesota-timberwolves-les-espoirs\/#primaryimage"},"image":{"@id":"https:\/\/theplayoffs.news\/fr\/actualite-nba\/minnesota-timberwolves-les-espoirs\/#primaryimage"},"thumbnailUrl":"https:\/\/theplayoffs.news\/fr\/wp-content\/uploads\/2022\/04\/anthony-edwards-wolves-660x330-1.jpg","datePublished":"2023-02-22T06:30:24+00:00","dateModified":"2023-02-22T09:26:50+00:00","author":{"@id":"https:\/\/theplayoffs.news\/fr\/#\/schema\/person\/e71dc12410195fc77183dda929d3a10c"},"breadcrumb":{"@id":"https:\/\/theplayoffs.news\/fr\/actualite-nba\/minnesota-timberwolves-les-espoirs\/#breadcrumb"},"inLanguage":"fr-FR","potentialAction":[{"@type":"ReadAction","target":["https:\/\/theplayoffs.news\/fr\/actualite-nba\/minnesota-timberwolves-les-espoirs\/"]}]},{"@type":"ImageObject","inLanguage":"fr-FR","@id":"https:\/\/theplayoffs.news\/fr\/actualite-nba\/minnesota-timberwolves-les-espoirs\/#primaryimage","url":"https:\/\/theplayoffs.news\/fr\/wp-content\/uploads\/2022\/04\/anthony-edwards-wolves-660x330-1.jpg","contentUrl":"https:\/\/theplayoffs.news\/fr\/wp-content\/uploads\/2022\/04\/anthony-edwards-wolves-660x330-1.jpg","width":660,"height":330,"caption":"Minnesota Timberwolves Anthony Edwards"},{"@type":"BreadcrumbList","@id":"https:\/\/theplayoffs.news\/fr\/actualite-nba\/minnesota-timberwolves-les-espoirs\/#breadcrumb","itemListElement":[{"@type":"ListItem","position":1,"name":"Accueil","item":"https:\/\/theplayoffs.news\/fr\/"},{"@type":"ListItem","position":2,"name":"Minnesota Timberwolves: quelles attentes pour la fin de saison ?"}]},{"@type":"WebSite","@id":"https:\/\/theplayoffs.news\/fr\/#website","url":"https:\/\/theplayoffs.news\/fr\/","name":"The Playoffs FR","description":"NBA-NFL-NHL-MLB","potentialAction":[{"@type":"SearchAction","target":{"@type":"EntryPoint","urlTemplate":"https:\/\/theplayoffs.news\/fr\/?s={search_term_string}"},"query-input":{"@type":"PropertyValueSpecification","valueRequired":true,"valueName":"search_term_string"}}],"inLanguage":"fr-FR"},{"@type":"Person","@id":"https:\/\/theplayoffs.news\/fr\/#\/schema\/person\/e71dc12410195fc77183dda929d3a10c","name":"Maxime Le Gorjus","image":{"@type":"ImageObject","inLanguage":"fr-FR","@id":"https:\/\/theplayoffs.news\/fr\/#\/schema\/person\/image\/","url":"https:\/\/secure.gravatar.com\/avatar\/e9d907366de9735d771ce06fa32e62740f99d507b84a46e08ed7e5e05c120b42?s=96&d=mm&r=g","contentUrl":"https:\/\/secure.gravatar.com\/avatar\/e9d907366de9735d771ce06fa32e62740f99d507b84a46e08ed7e5e05c120b42?s=96&d=mm&r=g","caption":"Maxime Le Gorjus"},"url":"https:\/\/theplayoffs.news\/fr\/author\/maximelegorjus\/"}]}},"_links":{"self":[{"href":"https:\/\/theplayoffs.news\/fr\/wp-json\/wp\/v2\/posts\/567995","targetHints":{"allow":["GET"]}}],"collection":[{"href":"https:\/\/theplayoffs.news\/fr\/wp-json\/wp\/v2\/posts"}],"about":[{"href":"https:\/\/theplayoffs.news\/fr\/wp-json\/wp\/v2\/types\/post"}],"author":[{"embeddable":true,"href":"https:\/\/theplayoffs.news\/fr\/wp-json\/wp\/v2\/users\/180309821"}],"replies":[{"embeddable":true,"href":"https:\/\/theplayoffs.news\/fr\/wp-json\/wp\/v2\/comments?post=567995"}],"version-history":[{"count":10,"href":"https:\/\/theplayoffs.news\/fr\/wp-json\/wp\/v2\/posts\/567995\/revisions"}],"predecessor-version":[{"id":568730,"href":"https:\/\/theplayoffs.news\/fr\/wp-json\/wp\/v2\/posts\/567995\/revisions\/568730"}],"wp:featuredmedia":[{"embeddable":true,"href":"https:\/\/theplayoffs.news\/fr\/wp-json\/wp\/v2\/media\/337893"}],"wp:attachment":[{"href":"https:\/\/theplayoffs.news\/fr\/wp-json\/wp\/v2\/media?parent=567995"}],"wp:term":[{"taxonomy":"category","embeddable":true,"href":"https:\/\/theplayoffs.news\/fr\/wp-json\/wp\/v2\/categories?post=567995"},{"taxonomy":"post_tag","embeddable":true,"href":"https:\/\/theplayoffs.news\/fr\/wp-json\/wp\/v2\/tags?post=567995"},{"taxonomy":"sport","embeddable":true,"href":"https:\/\/theplayoffs.news\/fr\/wp-json\/wp\/v2\/sport?post=567995"},{"taxonomy":"saison","embeddable":true,"href":"https:\/\/theplayoffs.news\/fr\/wp-json\/wp\/v2\/saison?post=567995"}],"curies":[{"name":"wp","href":"https:\/\/api.w.org\/{rel}","templated":true}]}}