{"id":567959,"date":"2023-02-20T10:37:39","date_gmt":"2023-02-20T09:37:39","guid":{"rendered":"https:\/\/theplayoffs.news\/fr\/?p=567959"},"modified":"2023-02-20T10:37:40","modified_gmt":"2023-02-20T09:37:40","slug":"denver-nuggets-attentes-fin-saison","status":"publish","type":"post","link":"https:\/\/theplayoffs.news\/fr\/actualite-nba\/denver-nuggets-attentes-fin-saison\/","title":{"rendered":"Denver Nuggets : quelles attentes pour la fin de saison ?"},"content":{"rendered":"<h2>Alors que la NBA s&rsquo;accorde quelques jours de repos, les &eacute;quipes de TFA vous proposent un focus sur certaines des 30 franchises de la ligue, afin de faire le point sur ce qui s&rsquo;est d&eacute;j&agrave; d&eacute;roul&eacute; et envisager la suite, en se demandant quels sont les attentes et ambitions r&eacute;alisables pour cette derni&egrave;re ligne droite de la saison.<\/h2><p>&nbsp;<\/p><p style=\"text-align: center;\"><strong>Aujourd&rsquo;hui, les Denver Nuggets.<\/strong><\/p><p><img loading=\"lazy\" decoding=\"async\" class=\"size-full wp-image-336640 aligncenter\" src=\"https:\/\/theplayoffs.news\/fr\/wp-content\/uploads\/2022\/04\/Nuggets_de_Denver_2018.png\" alt=\"Logo des Denver Nuggets\" width=\"391\" height=\"387\" srcset=\"https:\/\/theplayoffs.news\/fr\/wp-content\/uploads\/2022\/04\/Nuggets_de_Denver_2018.png 391w, https:\/\/theplayoffs.news\/fr\/wp-content\/uploads\/2022\/04\/Nuggets_de_Denver_2018-300x297.png 300w\" sizes=\"auto, (max-width: 391px) 100vw, 391px\" \/><\/p><p>&nbsp;<\/p><h3>La premi&egrave;re partie de la saison.<\/h3><p><em>Nikola Jokic en route pour le &laquo;&nbsp;Three Peat MVP&nbsp;&raquo; ?<\/em><\/p><p><a href=\"https:\/\/theplayoffs.news\/fr\/equipe\/denver-nuggets-nba\/\" class=\"trk-cta-link\" data-cta-trk='{\"ctaType\":\"Link\",\"ctaSubType\":\"main\"}'>Les Nuggets<\/a> sont actuellement leader de la conf&eacute;rence Ouest, avec un tr&egrave;s joli bilan de 41 victoires pour 18 revers (&agrave; noter l&rsquo;excellent bilan de 27-4 &agrave; domicile).<\/p><p><img loading=\"lazy\" decoding=\"async\" class=\"alignnone size-full wp-image-567971\" src=\"https:\/\/theplayoffs.news\/fr\/wp-content\/uploads\/2023\/02\/Capture1.png\" alt=\"\" width=\"512\" height=\"487\" srcset=\"https:\/\/theplayoffs.news\/fr\/wp-content\/uploads\/2023\/02\/Capture1.png 512w, https:\/\/theplayoffs.news\/fr\/wp-content\/uploads\/2023\/02\/Capture1-300x285.png 300w\" sizes=\"auto, (max-width: 512px) 100vw, 512px\" \/><\/p><p>Cette &eacute;quipe des Denver Nuggets se situe tout au somment de l&rsquo;Ouest gr&acirc;ce &eacute;videmment &agrave; son joueur superstar, Nikola Jokic.<\/p><p>Le joueur serbe d&eacute;fend son titre de <em>Most Valuable Player<\/em> de la plus belle des fa&ccedil;ons : 51 matchs jou&eacute;s (sur les 59 de l&rsquo;&eacute;quipe), et tourne &agrave; 24.7 points, 11,5 rebonds et 10.1 passes par match, en 33.6 minutes de moyenne, leader statistique de son &eacute;quipe dans les diff&eacute;rentes cat&eacute;gories cit&eacute;es ci-dessus.<\/p><p>Clairement au dessus du lot, il porte la franchise du Colorado sur ces &eacute;paules et fait preuve d&rsquo;une r&eacute;gularit&eacute; impressionnante. En terme de statistiques brutes, il domine la NBA sur cette capacit&eacute; &agrave; remplir soir apr&egrave;s soir les colonnes de chiffres.<\/p><p>\n<div id=\"attachment_567962\" style=\"width: 1279px\" class=\"wp-caption aligncenter\"><img loading=\"lazy\" decoding=\"async\" aria-describedby=\"caption-attachment-567962\" class=\"size-full wp-image-567962\" src=\"https:\/\/theplayoffs.news\/fr\/wp-content\/uploads\/2023\/02\/Capture.png\" alt=\"\" width=\"1269\" height=\"637\" srcset=\"https:\/\/theplayoffs.news\/fr\/wp-content\/uploads\/2023\/02\/Capture.png 1269w, https:\/\/theplayoffs.news\/fr\/wp-content\/uploads\/2023\/02\/Capture-300x151.png 300w, https:\/\/theplayoffs.news\/fr\/wp-content\/uploads\/2023\/02\/Capture-1030x517.png 1030w, https:\/\/theplayoffs.news\/fr\/wp-content\/uploads\/2023\/02\/Capture-768x386.png 768w, https:\/\/theplayoffs.news\/fr\/wp-content\/uploads\/2023\/02\/Capture-705x354.png 705w\" sizes=\"auto, (max-width: 1269px) 100vw, 1269px\" \/><p id=\"caption-attachment-567962\" class=\"wp-caption-text\">Nombre de triple double durant la saison 2022-23 (<em>via statmuse<\/em>)<\/p><\/div>\n<\/p><p>&nbsp;<\/p><p>Mais Nikola Jokic n&rsquo;est pas qu&rsquo;un homme &agrave; statistiques, c&rsquo;est dans son style de jeu qui n&rsquo;appartient qu&rsquo;&agrave; lui qu&rsquo;il excelle, rendant toute son &eacute;quipe meilleure.<\/p><p><iframe loading=\"lazy\" title=\"10 Minutes Of Nikola Jokic Best Plays So Far! | 2022-23 Season\" width=\"500\" height=\"281\" src=\"https:\/\/www.youtube.com\/embed\/YDF-FrqAA3w?feature=oembed\" frameborder=\"0\" allow=\"accelerometer; autoplay; clipboard-write; encrypted-media; gyroscope; picture-in-picture; web-share\" referrerpolicy=\"strict-origin-when-cross-origin\" allowfullscreen><\/iframe><\/p><p>&nbsp;<\/p><h3>Retour sur la p&eacute;riode de trade et le nouvel effectif<\/h3><p>Pas &eacute;norm&eacute;ment de mouvements du c&ocirc;t&eacute; des Denver Nuggets durant cette p&eacute;riode, &agrave; noter tout de m&ecirc;me la fin de l&rsquo;aventure pour Bones Hyland, jeune joueur prometteur mais qui selon plusieurs sources avait des vell&eacute;it&eacute;s de d&eacute;part.<\/p><p>Du c&ocirc;t&eacute; des arriv&eacute;es, c&rsquo;est Thomas Bryant (ex Lakers) qui d&eacute;barque, il sera tr&egrave;s certainement un backup int&eacute;ressant au poste de pivot, pour faire souffler Jokic lors des &eacute;ch&eacute;ances de fin de saison.<\/p><p>C&rsquo;est une belle prise pour les Nuggets, ce poste 5 est une denr&eacute;e rare dans la NBA moderne, et pouvoir compter sur un tel renfort pourrait s&rsquo;av&eacute;rer &ecirc;tre une excellente affaire dans les semaines &agrave; venir.<\/p><p>&nbsp;<\/p><h3>Le calendrier de fin de saison<\/h3><p><img loading=\"lazy\" decoding=\"async\" class=\"alignnone size-full wp-image-567973\" src=\"https:\/\/theplayoffs.news\/fr\/wp-content\/uploads\/2023\/02\/Capture2.png\" alt=\"\" width=\"484\" height=\"683\" srcset=\"https:\/\/theplayoffs.news\/fr\/wp-content\/uploads\/2023\/02\/Capture2.png 484w, https:\/\/theplayoffs.news\/fr\/wp-content\/uploads\/2023\/02\/Capture2-213x300.png 213w\" sizes=\"auto, (max-width: 484px) 100vw, 484px\" \/><\/p><p>La reprise pour les hommes de Mike Malone sera tonique, avec le double d&eacute;placement &agrave; Cleveland puis Memphis, avant de recevoir les Clippers du duo Kawhi Leonard &ndash; Paul George, tr&egrave;s affut&eacute;s avant cette pause du ASG.<\/p><p>A souligner ce <em>road trip<\/em> &agrave; l&rsquo;est mi-mars, avec une s&eacute;rie de 5 matchs, tous abordable sur le papier (attention cependant &agrave; l&rsquo;enchainement des matchs le 17-18-19 Mars).<\/p><p>Denver aura &eacute;galement le loisir de se confronter &agrave; de belles cylindr&eacute;es : Milwaukee en sortie de ce <em>road trip<\/em>, suivi des Sixers 48 heures plus tard. Phoenix et sa nouvelle arm&eacute;e seront un duel attendu par tous les fans NBA (<a href=\"https:\/\/www.espn.com\/nba\/team\/schedule\/_\/name\/den\" class=\"trk-cta-link\" data-cta-trk='{\"ctaType\":\"Link\",\"ctaSubType\":\"main\"}'>le 1er et 7 Avril<\/a>).<\/p><p>&nbsp;<\/p><h3>Nos attentes pour les Denver Nuggets.<\/h3><p>Les ambitions doivent &ecirc;tre claires dans le vestiaire de Denver, <strong>conserver cette premi&egrave;re place &agrave; l&rsquo;Ouest<\/strong> qui garantit l&rsquo;avantage du terrain lors de chacun des tours de playoffs dans la conf&eacute;rence (premier tour, demi finale et finale de conf&eacute;rence).<\/p><p><strong>Les Denver Nuggets visent clairement les finales NBA et le titre<\/strong>, autour d&rsquo;un monstre (Jokic) et d&rsquo;un effectif plus qu&rsquo;int&eacute;ressant et percutant (Murray, Gordon, Bryant, Porter Jr &hellip;) Pour cela, Mike Malone va devoir bien g&eacute;rer son effectif et la sant&eacute; de ces joueurs, pour &eacute;viter le moindre souci qui pourrait clairement nuire aux ambitions de la franchise.<\/p>\n","protected":false},"excerpt":{"rendered":"","protected":false},"author":180310001,"featured_media":562405,"comment_status":"open","ping_status":"closed","sticky":false,"template":"","format":"standard","meta":{"inline_featured_image":false,"kia_subtitle":"","_mux_skip_reasons":[],"proofreadBy":0,"footnotes":""},"categories":[110,10],"tags":[620,520],"sport":[2783],"saison":[2791],"class_list":["post-567959","post","type-post","status-publish","format-standard","has-post-thumbnail","hentry","category-actualite-nba","category-nba","tag-denver-nuggets","tag-jokic","sport-nba","saison-2791"],"acf":[],"yoast_head":"<!-- This site is optimized with the Yoast SEO plugin v24.2 - https:\/\/yoast.com\/wordpress\/plugins\/seo\/ -->\n<title>Denver Nuggets : quelles attentes pour la fin de saison ? - The Playoffs FR<\/title>\n<meta name=\"robots\" content=\"index, follow, max-snippet:-1, max-image-preview:large, max-video-preview:-1\" \/>\n<link rel=\"canonical\" href=\"https:\/\/theplayoffs.news\/fr\/actualite-nba\/denver-nuggets-attentes-fin-saison\/\" \/>\n<meta property=\"og:locale\" content=\"fr_FR\" \/>\n<meta property=\"og:type\" content=\"article\" \/>\n<meta property=\"og:title\" content=\"Denver Nuggets : quelles attentes pour la fin de saison ? - The Playoffs FR\" \/>\n<meta property=\"og:url\" content=\"https:\/\/theplayoffs.news\/fr\/actualite-nba\/denver-nuggets-attentes-fin-saison\/\" \/>\n<meta property=\"og:site_name\" content=\"The Playoffs FR\" \/>\n<meta property=\"article:publisher\" content=\"https:\/\/www.facebook.com\/TheFreeAgentFR\/\" \/>\n<meta property=\"article:modified_time\" content=\"2023-02-20T10:37:40+01:00\" \/>\n<meta property=\"og:image\" content=\"https:\/\/theplayoffs.news\/fr\/wp-content\/uploads\/2023\/02\/1244161025.jpeg\" \/>\n\t<meta property=\"og:image:width\" content=\"1920\" \/>\n\t<meta property=\"og:image:height\" content=\"1280\" \/>\n\t<meta property=\"og:image:type\" content=\"image\/jpeg\" \/>\n<meta name=\"author\" content=\"Christopher Marrec-Top\" \/>\n<meta name=\"twitter:card\" content=\"summary_large_image\" \/>\n<meta name=\"twitter:creator\" content=\"@TheFreeAgentFR\" \/>\n<meta name=\"twitter:site\" content=\"@TheFreeAgentFR\" \/>\n<meta name=\"twitter:label1\" content=\"\u00c9crit par\" \/>\n\t<meta name=\"twitter:data1\" content=\"Christopher Marrec-Top\" \/>\n\t<meta name=\"twitter:label2\" content=\"Dur\u00e9e de lecture estim\u00e9e\" \/>\n\t<meta name=\"twitter:data2\" content=\"3 minutes\" \/>\n<script type=\"application\/ld+json\" class=\"yoast-schema-graph\">{\"@context\":\"https:\/\/schema.org\",\"@graph\":[{\"@type\":\"WebPage\",\"@id\":\"https:\/\/theplayoffs.news\/fr\/actualite-nba\/denver-nuggets-attentes-fin-saison\/\",\"url\":\"https:\/\/theplayoffs.news\/fr\/actualite-nba\/denver-nuggets-attentes-fin-saison\/\",\"name\":\"Denver Nuggets : quelles attentes pour la fin de saison ? - The Playoffs FR\",\"isPartOf\":{\"@id\":\"https:\/\/theplayoffs.news\/fr\/#website\"},\"primaryImageOfPage\":{\"@id\":\"https:\/\/theplayoffs.news\/fr\/actualite-nba\/denver-nuggets-attentes-fin-saison\/#primaryimage\"},\"image\":{\"@id\":\"https:\/\/theplayoffs.news\/fr\/actualite-nba\/denver-nuggets-attentes-fin-saison\/#primaryimage\"},\"thumbnailUrl\":\"https:\/\/theplayoffs.news\/fr\/wp-content\/uploads\/2023\/02\/1244161025.jpeg\",\"datePublished\":\"2023-02-20T09:37:39+00:00\",\"dateModified\":\"2023-02-20T09:37:40+00:00\",\"author\":{\"@id\":\"https:\/\/theplayoffs.news\/fr\/#\/schema\/person\/863ce84969b07bfc09ef81750720e42a\"},\"breadcrumb\":{\"@id\":\"https:\/\/theplayoffs.news\/fr\/actualite-nba\/denver-nuggets-attentes-fin-saison\/#breadcrumb\"},\"inLanguage\":\"fr-FR\",\"potentialAction\":[{\"@type\":\"ReadAction\",\"target\":[\"https:\/\/theplayoffs.news\/fr\/actualite-nba\/denver-nuggets-attentes-fin-saison\/\"]}]},{\"@type\":\"ImageObject\",\"inLanguage\":\"fr-FR\",\"@id\":\"https:\/\/theplayoffs.news\/fr\/actualite-nba\/denver-nuggets-attentes-fin-saison\/#primaryimage\",\"url\":\"https:\/\/theplayoffs.news\/fr\/wp-content\/uploads\/2023\/02\/1244161025.jpeg\",\"contentUrl\":\"https:\/\/theplayoffs.news\/fr\/wp-content\/uploads\/2023\/02\/1244161025.jpeg\",\"width\":1920,\"height\":1280,\"caption\":\"acknowledges and agrees that, by downloading and or using this Photograph, User is consenting to the terms and conditions of the Getty Images License Agreement. Mandatory Copyright Notice: Copyright 2022 NBAE (Photo by Justin Tafoya\/Getty Images)\"},{\"@type\":\"BreadcrumbList\",\"@id\":\"https:\/\/theplayoffs.news\/fr\/actualite-nba\/denver-nuggets-attentes-fin-saison\/#breadcrumb\",\"itemListElement\":[{\"@type\":\"ListItem\",\"position\":1,\"name\":\"Accueil\",\"item\":\"https:\/\/theplayoffs.news\/fr\/\"},{\"@type\":\"ListItem\",\"position\":2,\"name\":\"Denver Nuggets : quelles attentes pour la fin de saison ?\"}]},{\"@type\":\"WebSite\",\"@id\":\"https:\/\/theplayoffs.news\/fr\/#website\",\"url\":\"https:\/\/theplayoffs.news\/fr\/\",\"name\":\"The Playoffs FR\",\"description\":\"NBA-NFL-NHL-MLB\",\"potentialAction\":[{\"@type\":\"SearchAction\",\"target\":{\"@type\":\"EntryPoint\",\"urlTemplate\":\"https:\/\/theplayoffs.news\/fr\/?s={search_term_string}\"},\"query-input\":{\"@type\":\"PropertyValueSpecification\",\"valueRequired\":true,\"valueName\":\"search_term_string\"}}],\"inLanguage\":\"fr-FR\"},{\"@type\":\"Person\",\"@id\":\"https:\/\/theplayoffs.news\/fr\/#\/schema\/person\/863ce84969b07bfc09ef81750720e42a\",\"name\":\"Christopher Marrec-Top\",\"image\":{\"@type\":\"ImageObject\",\"inLanguage\":\"fr-FR\",\"@id\":\"https:\/\/theplayoffs.news\/fr\/#\/schema\/person\/image\/\",\"url\":\"https:\/\/secure.gravatar.com\/avatar\/3102192a417211661aecac9ec415c973058438e49145f224d4e3273853f80021?s=96&d=mm&r=g\",\"contentUrl\":\"https:\/\/secure.gravatar.com\/avatar\/3102192a417211661aecac9ec415c973058438e49145f224d4e3273853f80021?s=96&d=mm&r=g\",\"caption\":\"Christopher Marrec-Top\"},\"description\":\"Christopher, 37 ans et biberonn\u00e9 au cidre et aux cr\u00eapes (rien de plus normal pour un breton). Animateur du podcast \\\\\\\"And One\\\\\\\", d\u00e9di\u00e9 \u00e0 l\u2019univers du basket (NBA, WNBA, Draft), et r\u00e9dacteur pour le site ThePlayoffs. Je suis entr\u00e9 dans le monde des m\u00e9dias il y a quelques ann\u00e9es en tant que novice, mais ma passion pour le sport m\u2019anime au quotidien. Admirateur inconditionnel d\\\\'un certain \\\\\\\"Chosen One\\\\\\\", je l\\\\'ai particuli\u00e8rement suivi avec un maillot noir orn\u00e9 d\\\\'un grand C (avec le maillot \\\\\\\"purple and gold\\\\\\\" il se d\u00e9brouille toujours pas trop mal). Amoureux du sport am\u00e9ricain dans son ensemble, je reste fid\u00e8le \u00e0 la discipline fond\u00e9e par James Naismith. ENJOY !! Et longue vie \u00e0 ThePlayoffs !\",\"url\":\"https:\/\/theplayoffs.news\/fr\/author\/christophertop\/\"}]}<\/script>\n<!-- \/ Yoast SEO plugin. -->","yoast_head_json":{"title":"Denver Nuggets : quelles attentes pour la fin de saison ? - The Playoffs FR","robots":{"index":"index","follow":"follow","max-snippet":"max-snippet:-1","max-image-preview":"max-image-preview:large","max-video-preview":"max-video-preview:-1"},"canonical":"https:\/\/theplayoffs.news\/fr\/actualite-nba\/denver-nuggets-attentes-fin-saison\/","og_locale":"fr_FR","og_type":"article","og_title":"Denver Nuggets : quelles attentes pour la fin de saison ? - The Playoffs FR","og_url":"https:\/\/theplayoffs.news\/fr\/actualite-nba\/denver-nuggets-attentes-fin-saison\/","og_site_name":"The Playoffs FR","article_publisher":"https:\/\/www.facebook.com\/TheFreeAgentFR\/","article_modified_time":"2023-02-20T09:37:40+00:00","og_image":[{"width":1920,"height":1280,"url":"https:\/\/theplayoffs.news\/fr\/wp-content\/uploads\/2023\/02\/1244161025.jpeg","type":"image\/jpeg"}],"author":"Christopher Marrec-Top","twitter_card":"summary_large_image","twitter_creator":"@TheFreeAgentFR","twitter_site":"@TheFreeAgentFR","twitter_misc":{"\u00c9crit par":"Christopher Marrec-Top","Dur\u00e9e de lecture estim\u00e9e":"3 minutes"},"schema":{"@context":"https:\/\/schema.org","@graph":[{"@type":"WebPage","@id":"https:\/\/theplayoffs.news\/fr\/actualite-nba\/denver-nuggets-attentes-fin-saison\/","url":"https:\/\/theplayoffs.news\/fr\/actualite-nba\/denver-nuggets-attentes-fin-saison\/","name":"Denver Nuggets : quelles attentes pour la fin de saison ? - The Playoffs FR","isPartOf":{"@id":"https:\/\/theplayoffs.news\/fr\/#website"},"primaryImageOfPage":{"@id":"https:\/\/theplayoffs.news\/fr\/actualite-nba\/denver-nuggets-attentes-fin-saison\/#primaryimage"},"image":{"@id":"https:\/\/theplayoffs.news\/fr\/actualite-nba\/denver-nuggets-attentes-fin-saison\/#primaryimage"},"thumbnailUrl":"https:\/\/theplayoffs.news\/fr\/wp-content\/uploads\/2023\/02\/1244161025.jpeg","datePublished":"2023-02-20T09:37:39+00:00","dateModified":"2023-02-20T09:37:40+00:00","author":{"@id":"https:\/\/theplayoffs.news\/fr\/#\/schema\/person\/863ce84969b07bfc09ef81750720e42a"},"breadcrumb":{"@id":"https:\/\/theplayoffs.news\/fr\/actualite-nba\/denver-nuggets-attentes-fin-saison\/#breadcrumb"},"inLanguage":"fr-FR","potentialAction":[{"@type":"ReadAction","target":["https:\/\/theplayoffs.news\/fr\/actualite-nba\/denver-nuggets-attentes-fin-saison\/"]}]},{"@type":"ImageObject","inLanguage":"fr-FR","@id":"https:\/\/theplayoffs.news\/fr\/actualite-nba\/denver-nuggets-attentes-fin-saison\/#primaryimage","url":"https:\/\/theplayoffs.news\/fr\/wp-content\/uploads\/2023\/02\/1244161025.jpeg","contentUrl":"https:\/\/theplayoffs.news\/fr\/wp-content\/uploads\/2023\/02\/1244161025.jpeg","width":1920,"height":1280,"caption":"acknowledges and agrees that, by downloading and or using this Photograph, User is consenting to the terms and conditions of the Getty Images License Agreement. Mandatory Copyright Notice: Copyright 2022 NBAE (Photo by Justin Tafoya\/Getty Images)"},{"@type":"BreadcrumbList","@id":"https:\/\/theplayoffs.news\/fr\/actualite-nba\/denver-nuggets-attentes-fin-saison\/#breadcrumb","itemListElement":[{"@type":"ListItem","position":1,"name":"Accueil","item":"https:\/\/theplayoffs.news\/fr\/"},{"@type":"ListItem","position":2,"name":"Denver Nuggets : quelles attentes pour la fin de saison ?"}]},{"@type":"WebSite","@id":"https:\/\/theplayoffs.news\/fr\/#website","url":"https:\/\/theplayoffs.news\/fr\/","name":"The Playoffs FR","description":"NBA-NFL-NHL-MLB","potentialAction":[{"@type":"SearchAction","target":{"@type":"EntryPoint","urlTemplate":"https:\/\/theplayoffs.news\/fr\/?s={search_term_string}"},"query-input":{"@type":"PropertyValueSpecification","valueRequired":true,"valueName":"search_term_string"}}],"inLanguage":"fr-FR"},{"@type":"Person","@id":"https:\/\/theplayoffs.news\/fr\/#\/schema\/person\/863ce84969b07bfc09ef81750720e42a","name":"Christopher Marrec-Top","image":{"@type":"ImageObject","inLanguage":"fr-FR","@id":"https:\/\/theplayoffs.news\/fr\/#\/schema\/person\/image\/","url":"https:\/\/secure.gravatar.com\/avatar\/3102192a417211661aecac9ec415c973058438e49145f224d4e3273853f80021?s=96&d=mm&r=g","contentUrl":"https:\/\/secure.gravatar.com\/avatar\/3102192a417211661aecac9ec415c973058438e49145f224d4e3273853f80021?s=96&d=mm&r=g","caption":"Christopher Marrec-Top"},"description":"Christopher, 37 ans et biberonn\u00e9 au cidre et aux cr\u00eapes (rien de plus normal pour un breton). Animateur du podcast \\\"And One\\\", d\u00e9di\u00e9 \u00e0 l\u2019univers du basket (NBA, WNBA, Draft), et r\u00e9dacteur pour le site ThePlayoffs. Je suis entr\u00e9 dans le monde des m\u00e9dias il y a quelques ann\u00e9es en tant que novice, mais ma passion pour le sport m\u2019anime au quotidien. Admirateur inconditionnel d\\'un certain \\\"Chosen One\\\", je l\\'ai particuli\u00e8rement suivi avec un maillot noir orn\u00e9 d\\'un grand C (avec le maillot \\\"purple and gold\\\" il se d\u00e9brouille toujours pas trop mal). Amoureux du sport am\u00e9ricain dans son ensemble, je reste fid\u00e8le \u00e0 la discipline fond\u00e9e par James Naismith. ENJOY !! Et longue vie \u00e0 ThePlayoffs !","url":"https:\/\/theplayoffs.news\/fr\/author\/christophertop\/"}]}},"_links":{"self":[{"href":"https:\/\/theplayoffs.news\/fr\/wp-json\/wp\/v2\/posts\/567959","targetHints":{"allow":["GET"]}}],"collection":[{"href":"https:\/\/theplayoffs.news\/fr\/wp-json\/wp\/v2\/posts"}],"about":[{"href":"https:\/\/theplayoffs.news\/fr\/wp-json\/wp\/v2\/types\/post"}],"author":[{"embeddable":true,"href":"https:\/\/theplayoffs.news\/fr\/wp-json\/wp\/v2\/users\/180310001"}],"replies":[{"embeddable":true,"href":"https:\/\/theplayoffs.news\/fr\/wp-json\/wp\/v2\/comments?post=567959"}],"version-history":[{"count":10,"href":"https:\/\/theplayoffs.news\/fr\/wp-json\/wp\/v2\/posts\/567959\/revisions"}],"predecessor-version":[{"id":568281,"href":"https:\/\/theplayoffs.news\/fr\/wp-json\/wp\/v2\/posts\/567959\/revisions\/568281"}],"wp:featuredmedia":[{"embeddable":true,"href":"https:\/\/theplayoffs.news\/fr\/wp-json\/wp\/v2\/media\/562405"}],"wp:attachment":[{"href":"https:\/\/theplayoffs.news\/fr\/wp-json\/wp\/v2\/media?parent=567959"}],"wp:term":[{"taxonomy":"category","embeddable":true,"href":"https:\/\/theplayoffs.news\/fr\/wp-json\/wp\/v2\/categories?post=567959"},{"taxonomy":"post_tag","embeddable":true,"href":"https:\/\/theplayoffs.news\/fr\/wp-json\/wp\/v2\/tags?post=567959"},{"taxonomy":"sport","embeddable":true,"href":"https:\/\/theplayoffs.news\/fr\/wp-json\/wp\/v2\/sport?post=567959"},{"taxonomy":"saison","embeddable":true,"href":"https:\/\/theplayoffs.news\/fr\/wp-json\/wp\/v2\/saison?post=567959"}],"curies":[{"name":"wp","href":"https:\/\/api.w.org\/{rel}","templated":true}]}}