{"id":567620,"date":"2023-02-17T16:42:20","date_gmt":"2023-02-17T15:42:20","guid":{"rendered":"https:\/\/theplayoffs.news\/fr\/?p=567620"},"modified":"2023-02-17T16:43:38","modified_gmt":"2023-02-17T15:43:38","slug":"alvarado-3-ans-de-plus-chez-les-phillies","status":"publish","type":"post","link":"https:\/\/theplayoffs.news\/fr\/actualite-mlb\/alvarado-3-ans-de-plus-chez-les-phillies\/","title":{"rendered":"Jos\u00e9 Alvarado signe 3 ans de plus chez les Phillies"},"content":{"rendered":"<h2>Le lanceur gaucher v&eacute;n&eacute;zu&eacute;lien de 27 ans Jos&eacute; Alvarado, s&rsquo;est engag&eacute; pour trois saisons suppl&eacute;mentaires avec les Philadelphia Phillies.<\/h2><p>Le pr&eacute;sident des op&eacute;rations des <strong>Philadelphia Phillies<\/strong> <em>Dave Dombrowski<\/em>, a annonc&eacute; ce vendredi la prolongation de contrat de trois ans du lanceur gaucher v&eacute;n&eacute;zu&eacute;lien de 27 ans, <a href=\"https:\/\/theplayoffs.news\/fr\/joueur\/jose-alvarado-mlb-72126\/\" class=\"trk-cta-link\" data-cta-trk='{\"ctaType\":\"Link\",\"ctaSubType\":\"main\"}'><strong>Jos&eacute; Alvarado<\/strong><\/a>. <a href=\"https:\/\/www.mlb.com\/news\/jose-alvarado-signs-extension-with-phillies\" class=\"trk-cta-link\" data-cta-trk='{\"ctaType\":\"Link\",\"ctaSubType\":\"main\"}'>Alvarado est donc li&eacute; avec les Phillies jusqu&rsquo;en 2025<\/a>, avec une ann&eacute;e suppl&eacute;mentaire en option.<\/p><blockquote class=\"twitter-tweet\" data-width=\"500\" data-dnt=\"true\">\n<p lang=\"en\" dir=\"ltr\">The Phillies have signed left-handed reliever Jos&eacute; Alvarado to a three-year contract extension, taking him through 2025 with a club option for 2026, President of Baseball Operations David Dombrowski announced today.<\/p>\n<p>&mdash; Philadelphia Phillies (@Phillies) <a href=\"https:\/\/twitter.com\/Phillies\/status\/1626579887451693057?ref_src=twsrc%5Etfw\" class=\"trk-cta-link\" data-cta-trk='{\"ctaType\":\"Link\",\"ctaSubType\":\"main\"}'>February 17, 2023<\/a><\/p><\/blockquote><p><script async src=\"https:\/\/platform.twitter.com\/widgets.js\" charset=\"utf-8\"><\/script><\/p><p><strong>Jos&eacute; Alvarado<\/strong> d&eacute;tenait la saison pass&eacute;e le plus grand nombre d&rsquo;apparitions de son &eacute;quipe avec 59 unit&eacute;s. Il affichait un ERA de 3.18 avec en plus 81 strikeouts en 51 manches lanc&eacute;es. Mieux, durant ses 22 derni&egrave;res apparitions en saison r&eacute;guli&egrave;re, il tournait &agrave; 0.43 d&rsquo;ERA en conc&eacute;dant un fun en 21 manches. Il l&rsquo;a prouv&eacute; tout au long de la saison derni&egrave;re et des playoffs, Alvarado est certainement le meilleur lanceur releveur de son &eacute;quipe et l&rsquo;un des meilleurs de <strong>MLB<\/strong>, c&rsquo;est &eacute;videmment une pi&egrave;ce essentielle du roster des <strong>Phillies<\/strong> qui reste &agrave; la maison.<\/p><p>En plus de cela, il fait partie des lanceurs avec la plus grande v&eacute;locit&eacute; de balle de la ligue. En 2022, 207 de ses lancers (457 en carri&egrave;re) ont &eacute;gal&eacute; ou d&eacute;pass&eacute; les 100 miles par heure, le plus haut total chez un lanceur gaucher et le 6e plus haut en g&eacute;n&eacute;ral. Seul le lanceur gaucher cubain <strong>Aroldis Chapman<\/strong> en d&eacute;tient davantage en carri&egrave;re.<\/p>\n","protected":false},"excerpt":{"rendered":"","protected":false},"author":180310139,"featured_media":567625,"comment_status":"open","ping_status":"closed","sticky":false,"template":"","format":"standard","meta":{"inline_featured_image":false,"kia_subtitle":"","_mux_skip_reasons":[],"proofreadBy":0,"footnotes":""},"categories":[188,9],"tags":[5103,29,445],"sport":[2786],"saison":[],"class_list":["post-567620","post","type-post","status-publish","format-standard","has-post-thumbnail","hentry","category-actualite-mlb","category-mlb","tag-jose-alvarado","tag-mlb","tag-philadelphia-phillies","sport-mlb"],"acf":[],"yoast_head":"<!-- This site is optimized with the Yoast SEO plugin v24.2 - https:\/\/yoast.com\/wordpress\/plugins\/seo\/ -->\n<title>Jos&eacute; Alvarado signe 3 ans de plus chez les Phillies - The Playoffs FR<\/title>\n<meta name=\"robots\" content=\"index, follow, max-snippet:-1, max-image-preview:large, max-video-preview:-1\" \/>\n<link rel=\"canonical\" href=\"https:\/\/theplayoffs.news\/fr\/actualite-mlb\/alvarado-3-ans-de-plus-chez-les-phillies\/\" \/>\n<meta property=\"og:locale\" content=\"fr_FR\" \/>\n<meta property=\"og:type\" content=\"article\" \/>\n<meta property=\"og:title\" content=\"Jos&eacute; Alvarado signe 3 ans de plus chez les Phillies - The Playoffs FR\" \/>\n<meta property=\"og:url\" content=\"https:\/\/theplayoffs.news\/fr\/actualite-mlb\/alvarado-3-ans-de-plus-chez-les-phillies\/\" \/>\n<meta property=\"og:site_name\" content=\"The Playoffs FR\" \/>\n<meta property=\"article:publisher\" content=\"https:\/\/www.facebook.com\/TheFreeAgentFR\/\" \/>\n<meta property=\"article:modified_time\" content=\"2023-02-17T16:43:38+01:00\" \/>\n<meta property=\"og:image\" content=\"https:\/\/theplayoffs.news\/fr\/wp-content\/uploads\/2023\/02\/011D54FB-0617-45F0-8848-2C2F42FFE7BF.jpeg\" \/>\n\t<meta property=\"og:image:width\" content=\"1024\" \/>\n\t<meta property=\"og:image:height\" content=\"641\" \/>\n\t<meta property=\"og:image:type\" content=\"image\/jpeg\" \/>\n<meta name=\"author\" content=\"Alban Conejero\" \/>\n<meta name=\"twitter:card\" content=\"summary_large_image\" \/>\n<meta name=\"twitter:creator\" content=\"@TheFreeAgentFR\" \/>\n<meta name=\"twitter:site\" content=\"@TheFreeAgentFR\" \/>\n<meta name=\"twitter:label1\" content=\"\u00c9crit par\" \/>\n\t<meta name=\"twitter:data1\" content=\"Alban Conejero\" \/>\n\t<meta name=\"twitter:label2\" content=\"Dur\u00e9e de lecture estim\u00e9e\" \/>\n\t<meta name=\"twitter:data2\" content=\"1 minute\" \/>\n<script type=\"application\/ld+json\" class=\"yoast-schema-graph\">{\"@context\":\"https:\/\/schema.org\",\"@graph\":[{\"@type\":\"WebPage\",\"@id\":\"https:\/\/theplayoffs.news\/fr\/actualite-mlb\/alvarado-3-ans-de-plus-chez-les-phillies\/\",\"url\":\"https:\/\/theplayoffs.news\/fr\/actualite-mlb\/alvarado-3-ans-de-plus-chez-les-phillies\/\",\"name\":\"Jos\u00e9 Alvarado signe 3 ans de plus chez les Phillies - The Playoffs FR\",\"isPartOf\":{\"@id\":\"https:\/\/theplayoffs.news\/fr\/#website\"},\"primaryImageOfPage\":{\"@id\":\"https:\/\/theplayoffs.news\/fr\/actualite-mlb\/alvarado-3-ans-de-plus-chez-les-phillies\/#primaryimage\"},\"image\":{\"@id\":\"https:\/\/theplayoffs.news\/fr\/actualite-mlb\/alvarado-3-ans-de-plus-chez-les-phillies\/#primaryimage\"},\"thumbnailUrl\":\"https:\/\/theplayoffs.news\/fr\/wp-content\/uploads\/2023\/02\/011D54FB-0617-45F0-8848-2C2F42FFE7BF.jpeg\",\"datePublished\":\"2023-02-17T15:42:20+00:00\",\"dateModified\":\"2023-02-17T15:43:38+00:00\",\"author\":{\"@id\":\"https:\/\/theplayoffs.news\/fr\/#\/schema\/person\/3dd6319a9057ecd181d2351cdb03ccd2\"},\"breadcrumb\":{\"@id\":\"https:\/\/theplayoffs.news\/fr\/actualite-mlb\/alvarado-3-ans-de-plus-chez-les-phillies\/#breadcrumb\"},\"inLanguage\":\"fr-FR\",\"potentialAction\":[{\"@type\":\"ReadAction\",\"target\":[\"https:\/\/theplayoffs.news\/fr\/actualite-mlb\/alvarado-3-ans-de-plus-chez-les-phillies\/\"]}]},{\"@type\":\"ImageObject\",\"inLanguage\":\"fr-FR\",\"@id\":\"https:\/\/theplayoffs.news\/fr\/actualite-mlb\/alvarado-3-ans-de-plus-chez-les-phillies\/#primaryimage\",\"url\":\"https:\/\/theplayoffs.news\/fr\/wp-content\/uploads\/2023\/02\/011D54FB-0617-45F0-8848-2C2F42FFE7BF.jpeg\",\"contentUrl\":\"https:\/\/theplayoffs.news\/fr\/wp-content\/uploads\/2023\/02\/011D54FB-0617-45F0-8848-2C2F42FFE7BF.jpeg\",\"width\":1024,\"height\":641,\"caption\":\"Alvarado\"},{\"@type\":\"BreadcrumbList\",\"@id\":\"https:\/\/theplayoffs.news\/fr\/actualite-mlb\/alvarado-3-ans-de-plus-chez-les-phillies\/#breadcrumb\",\"itemListElement\":[{\"@type\":\"ListItem\",\"position\":1,\"name\":\"Accueil\",\"item\":\"https:\/\/theplayoffs.news\/fr\/\"},{\"@type\":\"ListItem\",\"position\":2,\"name\":\"Jos\u00e9 Alvarado signe 3 ans de plus chez les Phillies\"}]},{\"@type\":\"WebSite\",\"@id\":\"https:\/\/theplayoffs.news\/fr\/#website\",\"url\":\"https:\/\/theplayoffs.news\/fr\/\",\"name\":\"The Playoffs FR\",\"description\":\"NBA-NFL-NHL-MLB\",\"potentialAction\":[{\"@type\":\"SearchAction\",\"target\":{\"@type\":\"EntryPoint\",\"urlTemplate\":\"https:\/\/theplayoffs.news\/fr\/?s={search_term_string}\"},\"query-input\":{\"@type\":\"PropertyValueSpecification\",\"valueRequired\":true,\"valueName\":\"search_term_string\"}}],\"inLanguage\":\"fr-FR\"},{\"@type\":\"Person\",\"@id\":\"https:\/\/theplayoffs.news\/fr\/#\/schema\/person\/3dd6319a9057ecd181d2351cdb03ccd2\",\"name\":\"Alban Conejero\",\"image\":{\"@type\":\"ImageObject\",\"inLanguage\":\"fr-FR\",\"@id\":\"https:\/\/theplayoffs.news\/fr\/#\/schema\/person\/image\/\",\"url\":\"https:\/\/secure.gravatar.com\/avatar\/ef2d5e8508f59dc7b4e42edb92917fc230c9f46d5eb7ec09de6d5b8e112de01f?s=96&d=mm&r=g\",\"contentUrl\":\"https:\/\/secure.gravatar.com\/avatar\/ef2d5e8508f59dc7b4e42edb92917fc230c9f46d5eb7ec09de6d5b8e112de01f?s=96&d=mm&r=g\",\"caption\":\"Alban Conejero\"},\"url\":\"https:\/\/theplayoffs.news\/fr\/author\/albanconejero26gmail-com\/\"}]}<\/script>\n<!-- \/ Yoast SEO plugin. -->","yoast_head_json":{"title":"Jos&eacute; Alvarado signe 3 ans de plus chez les Phillies - The Playoffs FR","robots":{"index":"index","follow":"follow","max-snippet":"max-snippet:-1","max-image-preview":"max-image-preview:large","max-video-preview":"max-video-preview:-1"},"canonical":"https:\/\/theplayoffs.news\/fr\/actualite-mlb\/alvarado-3-ans-de-plus-chez-les-phillies\/","og_locale":"fr_FR","og_type":"article","og_title":"Jos&eacute; Alvarado signe 3 ans de plus chez les Phillies - The Playoffs FR","og_url":"https:\/\/theplayoffs.news\/fr\/actualite-mlb\/alvarado-3-ans-de-plus-chez-les-phillies\/","og_site_name":"The Playoffs FR","article_publisher":"https:\/\/www.facebook.com\/TheFreeAgentFR\/","article_modified_time":"2023-02-17T15:43:38+00:00","og_image":[{"width":1024,"height":641,"url":"https:\/\/theplayoffs.news\/fr\/wp-content\/uploads\/2023\/02\/011D54FB-0617-45F0-8848-2C2F42FFE7BF.jpeg","type":"image\/jpeg"}],"author":"Alban Conejero","twitter_card":"summary_large_image","twitter_creator":"@TheFreeAgentFR","twitter_site":"@TheFreeAgentFR","twitter_misc":{"\u00c9crit par":"Alban Conejero","Dur\u00e9e de lecture estim\u00e9e":"1 minute"},"schema":{"@context":"https:\/\/schema.org","@graph":[{"@type":"WebPage","@id":"https:\/\/theplayoffs.news\/fr\/actualite-mlb\/alvarado-3-ans-de-plus-chez-les-phillies\/","url":"https:\/\/theplayoffs.news\/fr\/actualite-mlb\/alvarado-3-ans-de-plus-chez-les-phillies\/","name":"Jos\u00e9 Alvarado signe 3 ans de plus chez les Phillies - The Playoffs FR","isPartOf":{"@id":"https:\/\/theplayoffs.news\/fr\/#website"},"primaryImageOfPage":{"@id":"https:\/\/theplayoffs.news\/fr\/actualite-mlb\/alvarado-3-ans-de-plus-chez-les-phillies\/#primaryimage"},"image":{"@id":"https:\/\/theplayoffs.news\/fr\/actualite-mlb\/alvarado-3-ans-de-plus-chez-les-phillies\/#primaryimage"},"thumbnailUrl":"https:\/\/theplayoffs.news\/fr\/wp-content\/uploads\/2023\/02\/011D54FB-0617-45F0-8848-2C2F42FFE7BF.jpeg","datePublished":"2023-02-17T15:42:20+00:00","dateModified":"2023-02-17T15:43:38+00:00","author":{"@id":"https:\/\/theplayoffs.news\/fr\/#\/schema\/person\/3dd6319a9057ecd181d2351cdb03ccd2"},"breadcrumb":{"@id":"https:\/\/theplayoffs.news\/fr\/actualite-mlb\/alvarado-3-ans-de-plus-chez-les-phillies\/#breadcrumb"},"inLanguage":"fr-FR","potentialAction":[{"@type":"ReadAction","target":["https:\/\/theplayoffs.news\/fr\/actualite-mlb\/alvarado-3-ans-de-plus-chez-les-phillies\/"]}]},{"@type":"ImageObject","inLanguage":"fr-FR","@id":"https:\/\/theplayoffs.news\/fr\/actualite-mlb\/alvarado-3-ans-de-plus-chez-les-phillies\/#primaryimage","url":"https:\/\/theplayoffs.news\/fr\/wp-content\/uploads\/2023\/02\/011D54FB-0617-45F0-8848-2C2F42FFE7BF.jpeg","contentUrl":"https:\/\/theplayoffs.news\/fr\/wp-content\/uploads\/2023\/02\/011D54FB-0617-45F0-8848-2C2F42FFE7BF.jpeg","width":1024,"height":641,"caption":"Alvarado"},{"@type":"BreadcrumbList","@id":"https:\/\/theplayoffs.news\/fr\/actualite-mlb\/alvarado-3-ans-de-plus-chez-les-phillies\/#breadcrumb","itemListElement":[{"@type":"ListItem","position":1,"name":"Accueil","item":"https:\/\/theplayoffs.news\/fr\/"},{"@type":"ListItem","position":2,"name":"Jos\u00e9 Alvarado signe 3 ans de plus chez les Phillies"}]},{"@type":"WebSite","@id":"https:\/\/theplayoffs.news\/fr\/#website","url":"https:\/\/theplayoffs.news\/fr\/","name":"The Playoffs FR","description":"NBA-NFL-NHL-MLB","potentialAction":[{"@type":"SearchAction","target":{"@type":"EntryPoint","urlTemplate":"https:\/\/theplayoffs.news\/fr\/?s={search_term_string}"},"query-input":{"@type":"PropertyValueSpecification","valueRequired":true,"valueName":"search_term_string"}}],"inLanguage":"fr-FR"},{"@type":"Person","@id":"https:\/\/theplayoffs.news\/fr\/#\/schema\/person\/3dd6319a9057ecd181d2351cdb03ccd2","name":"Alban Conejero","image":{"@type":"ImageObject","inLanguage":"fr-FR","@id":"https:\/\/theplayoffs.news\/fr\/#\/schema\/person\/image\/","url":"https:\/\/secure.gravatar.com\/avatar\/ef2d5e8508f59dc7b4e42edb92917fc230c9f46d5eb7ec09de6d5b8e112de01f?s=96&d=mm&r=g","contentUrl":"https:\/\/secure.gravatar.com\/avatar\/ef2d5e8508f59dc7b4e42edb92917fc230c9f46d5eb7ec09de6d5b8e112de01f?s=96&d=mm&r=g","caption":"Alban Conejero"},"url":"https:\/\/theplayoffs.news\/fr\/author\/albanconejero26gmail-com\/"}]}},"_links":{"self":[{"href":"https:\/\/theplayoffs.news\/fr\/wp-json\/wp\/v2\/posts\/567620","targetHints":{"allow":["GET"]}}],"collection":[{"href":"https:\/\/theplayoffs.news\/fr\/wp-json\/wp\/v2\/posts"}],"about":[{"href":"https:\/\/theplayoffs.news\/fr\/wp-json\/wp\/v2\/types\/post"}],"author":[{"embeddable":true,"href":"https:\/\/theplayoffs.news\/fr\/wp-json\/wp\/v2\/users\/180310139"}],"replies":[{"embeddable":true,"href":"https:\/\/theplayoffs.news\/fr\/wp-json\/wp\/v2\/comments?post=567620"}],"version-history":[{"count":3,"href":"https:\/\/theplayoffs.news\/fr\/wp-json\/wp\/v2\/posts\/567620\/revisions"}],"predecessor-version":[{"id":568277,"href":"https:\/\/theplayoffs.news\/fr\/wp-json\/wp\/v2\/posts\/567620\/revisions\/568277"}],"wp:featuredmedia":[{"embeddable":true,"href":"https:\/\/theplayoffs.news\/fr\/wp-json\/wp\/v2\/media\/567625"}],"wp:attachment":[{"href":"https:\/\/theplayoffs.news\/fr\/wp-json\/wp\/v2\/media?parent=567620"}],"wp:term":[{"taxonomy":"category","embeddable":true,"href":"https:\/\/theplayoffs.news\/fr\/wp-json\/wp\/v2\/categories?post=567620"},{"taxonomy":"post_tag","embeddable":true,"href":"https:\/\/theplayoffs.news\/fr\/wp-json\/wp\/v2\/tags?post=567620"},{"taxonomy":"sport","embeddable":true,"href":"https:\/\/theplayoffs.news\/fr\/wp-json\/wp\/v2\/sport?post=567620"},{"taxonomy":"saison","embeddable":true,"href":"https:\/\/theplayoffs.news\/fr\/wp-json\/wp\/v2\/saison?post=567620"}],"curies":[{"name":"wp","href":"https:\/\/api.w.org\/{rel}","templated":true}]}}