{"id":567354,"date":"2023-02-16T16:45:48","date_gmt":"2023-02-16T15:45:48","guid":{"rendered":"https:\/\/theplayoffs.news\/fr\/?p=567354"},"modified":"2023-02-16T16:50:08","modified_gmt":"2023-02-16T15:50:08","slug":"fields-veut-un-stade-couvert-pour-chicago","status":"publish","type":"post","link":"https:\/\/theplayoffs.news\/fr\/actualite-nfl\/fields-veut-un-stade-couvert-pour-chicago\/","title":{"rendered":"Fields veut un stade couvert \u00e0 Chicago"},"content":{"rendered":"<h2>Les Bears sortent d&rsquo;une saison d&eacute;cevante lors du dernier exercice avec un triste bilan de 3 victoires pour 14 d&eacute;faites. Justin Fields, le quarterback de Chicago pensent que la solution passe par des conditions m&eacute;t&eacute;o appropri&eacute;es.<\/h2><p>La saison a &eacute;t&eacute; plus que longue pour les Bears de Chicago lors de la saison 2022-23 de NFL. Ils ont bien &eacute;videmment termin&eacute; derniers de la NFC Nord. <a href=\"https:\/\/theplayoffs.news\/fr\/joueur\/justin-fields-nfl-8725774\/\" class=\"trk-cta-link\" data-cta-trk='{\"ctaType\":\"Link\",\"ctaSubType\":\"main\"}'>Justin Fields<\/a> pense que l&rsquo;une des raisons de cette saison sans &eacute;clats est due &agrave; <a href=\"https:\/\/profootballtalk.nbcsports.com\/2023\/02\/16\/justin-fields-chicago-weather-is-difficult-to-adjust-to-i-hope-bears-get-a-dome\/\" class=\"trk-cta-link\" data-cta-trk='{\"ctaType\":\"Link\",\"ctaSubType\":\"main\"}'>une m&eacute;t&eacute;o capricieuse<\/a>.<\/p><p>En effet, dans une interview accord&eacute;e au <a href=\"https:\/\/youtu.be\/Xh_54E4bQXg\" class=\"trk-cta-link\" data-cta-trk='{\"ctaType\":\"Link\",\"ctaSubType\":\"main\"}'>podcast am&eacute;ricain<\/a>, <strong><em>Pardon My Take<\/em><\/strong>, Fields t&eacute;moigne de la difficult&eacute; de pouvoir exprimer tout le potentiel qu&rsquo;il a en lui lorsque les conditions m&eacute;t&eacute;orologiques sont difficiles.<\/p><blockquote><p>&laquo;&nbsp;Oui, il est&nbsp;<a href=\"https:\/\/www.nbcchicago.com\/news\/local\/bears-quarterback-justin-fields-i-hope-we-get-a-dome\/3073148\/\" class=\"trk-cta-link\" data-cta-trk='{\"ctaType\":\"Link\",\"ctaSubType\":\"main\"}'>tr&egrave;s difficile de s&rsquo;y adapter<\/a>, surtout avec le vent&nbsp;&raquo;, affirme le quarterback des Bears. &laquo;&nbsp;C&rsquo;est ce que j&rsquo;ai d&eacute;couvert. C&rsquo;est de cela qu&rsquo;il s&rsquo;agit, c&rsquo;est le vent. Il peut faire froid. Il peut faire 10 degr&eacute;s. Mais, sans vent, tout va bien. Mais avec ce vent de 24 km\/h, ce vent de 32 km\/h, vous ne pouvez pas le combattre, c&rsquo;est difficile. Quand il fait si froid, vous devez vous couvrir. Je me sens beaucoup plus lent dans ce froid. C&rsquo;est difficile de rester au chaud par ce temps&nbsp;&raquo;.<\/p><\/blockquote><p>Les <strong>Bears<\/strong> auraient achet&eacute; une parcelle de terrain pour construire un stade &agrave; <strong>Arlington Heights<\/strong>. Il se pourrait que l&rsquo;&eacute;quipe d&eacute;m&eacute;nage dans la banlieue de Chicago. Mais qu&rsquo;importe o&ugrave; se situe le stade de la franchise de l&rsquo;<strong>Illinois<\/strong>, Fields veut un stade couvert.<\/p><blockquote><p>&laquo;&nbsp;J&rsquo;esp&egrave;re que nous aurons un d&ocirc;me &raquo;, a d&eacute;clar&eacute; Fields. &laquo; Je me fiche de savoir si nous sommes &agrave; Soldier Field, je me fiche de savoir si nous sommes &agrave; Arlington Heights. J&rsquo;esp&egrave;re que nous aurons un d&ocirc;me&nbsp;&raquo;.<\/p><\/blockquote><p>Malheureusement pour le <strong>num&eacute;ro 11 de la draft 2021<\/strong>, le nouveau stade n&rsquo;est pas pr&egrave;s d&rsquo;&ecirc;tre mis sur pied de sit&ocirc;t.<\/p>\n","protected":false},"excerpt":{"rendered":"","protected":false},"author":180310140,"featured_media":567357,"comment_status":"open","ping_status":"closed","sticky":false,"template":"","format":"standard","meta":{"inline_featured_image":false,"kia_subtitle":"","_mux_skip_reasons":[],"proofreadBy":0,"footnotes":""},"categories":[118,40],"tags":[887,755],"sport":[],"saison":[],"class_list":["post-567354","post","type-post","status-publish","format-standard","has-post-thumbnail","hentry","category-actualite-nfl","category-nfl","tag-chicago-bears","tag-justin-fields"],"acf":[],"yoast_head":"<!-- This site is optimized with the Yoast SEO plugin v24.2 - https:\/\/yoast.com\/wordpress\/plugins\/seo\/ -->\n<title>Fields veut un stade couvert &agrave; Chicago - The Playoffs FR<\/title>\n<meta name=\"robots\" content=\"index, follow, max-snippet:-1, max-image-preview:large, max-video-preview:-1\" \/>\n<link rel=\"canonical\" href=\"https:\/\/theplayoffs.news\/fr\/actualite-nfl\/fields-veut-un-stade-couvert-pour-chicago\/\" \/>\n<meta property=\"og:locale\" content=\"fr_FR\" \/>\n<meta property=\"og:type\" content=\"article\" \/>\n<meta property=\"og:title\" content=\"Fields veut un stade couvert &agrave; Chicago - The Playoffs FR\" \/>\n<meta property=\"og:url\" content=\"https:\/\/theplayoffs.news\/fr\/actualite-nfl\/fields-veut-un-stade-couvert-pour-chicago\/\" \/>\n<meta property=\"og:site_name\" content=\"The Playoffs FR\" \/>\n<meta property=\"article:publisher\" content=\"https:\/\/www.facebook.com\/TheFreeAgentFR\/\" \/>\n<meta property=\"article:modified_time\" content=\"2023-02-16T16:50:08+01:00\" \/>\n<meta property=\"og:image\" content=\"https:\/\/theplayoffs.news\/fr\/wp-content\/uploads\/2023\/02\/Justin-Fields.jpeg\" \/>\n\t<meta property=\"og:image:width\" content=\"1280\" \/>\n\t<meta property=\"og:image:height\" content=\"720\" \/>\n\t<meta property=\"og:image:type\" content=\"image\/jpeg\" \/>\n<meta name=\"author\" content=\"Theophile Batica-ferreira\" \/>\n<meta name=\"twitter:card\" content=\"summary_large_image\" \/>\n<meta name=\"twitter:creator\" content=\"@TheFreeAgentFR\" \/>\n<meta name=\"twitter:site\" content=\"@TheFreeAgentFR\" \/>\n<meta name=\"twitter:label1\" content=\"\u00c9crit par\" \/>\n\t<meta name=\"twitter:data1\" content=\"Theophile Batica-ferreira\" \/>\n\t<meta name=\"twitter:label2\" content=\"Dur\u00e9e de lecture estim\u00e9e\" \/>\n\t<meta name=\"twitter:data2\" content=\"2 minutes\" \/>\n<script type=\"application\/ld+json\" class=\"yoast-schema-graph\">{\"@context\":\"https:\/\/schema.org\",\"@graph\":[{\"@type\":\"WebPage\",\"@id\":\"https:\/\/theplayoffs.news\/fr\/actualite-nfl\/fields-veut-un-stade-couvert-pour-chicago\/\",\"url\":\"https:\/\/theplayoffs.news\/fr\/actualite-nfl\/fields-veut-un-stade-couvert-pour-chicago\/\",\"name\":\"Fields veut un stade couvert \u00e0 Chicago - The Playoffs FR\",\"isPartOf\":{\"@id\":\"https:\/\/theplayoffs.news\/fr\/#website\"},\"primaryImageOfPage\":{\"@id\":\"https:\/\/theplayoffs.news\/fr\/actualite-nfl\/fields-veut-un-stade-couvert-pour-chicago\/#primaryimage\"},\"image\":{\"@id\":\"https:\/\/theplayoffs.news\/fr\/actualite-nfl\/fields-veut-un-stade-couvert-pour-chicago\/#primaryimage\"},\"thumbnailUrl\":\"https:\/\/theplayoffs.news\/fr\/wp-content\/uploads\/2023\/02\/Justin-Fields.jpeg\",\"datePublished\":\"2023-02-16T15:45:48+00:00\",\"dateModified\":\"2023-02-16T15:50:08+00:00\",\"author\":{\"@id\":\"https:\/\/theplayoffs.news\/fr\/#\/schema\/person\/28782e5d11e28ced1db43166cecdaae9\"},\"breadcrumb\":{\"@id\":\"https:\/\/theplayoffs.news\/fr\/actualite-nfl\/fields-veut-un-stade-couvert-pour-chicago\/#breadcrumb\"},\"inLanguage\":\"fr-FR\",\"potentialAction\":[{\"@type\":\"ReadAction\",\"target\":[\"https:\/\/theplayoffs.news\/fr\/actualite-nfl\/fields-veut-un-stade-couvert-pour-chicago\/\"]}]},{\"@type\":\"ImageObject\",\"inLanguage\":\"fr-FR\",\"@id\":\"https:\/\/theplayoffs.news\/fr\/actualite-nfl\/fields-veut-un-stade-couvert-pour-chicago\/#primaryimage\",\"url\":\"https:\/\/theplayoffs.news\/fr\/wp-content\/uploads\/2023\/02\/Justin-Fields.jpeg\",\"contentUrl\":\"https:\/\/theplayoffs.news\/fr\/wp-content\/uploads\/2023\/02\/Justin-Fields.jpeg\",\"width\":1280,\"height\":720,\"caption\":\"Justin Fields\"},{\"@type\":\"BreadcrumbList\",\"@id\":\"https:\/\/theplayoffs.news\/fr\/actualite-nfl\/fields-veut-un-stade-couvert-pour-chicago\/#breadcrumb\",\"itemListElement\":[{\"@type\":\"ListItem\",\"position\":1,\"name\":\"Accueil\",\"item\":\"https:\/\/theplayoffs.news\/fr\/\"},{\"@type\":\"ListItem\",\"position\":2,\"name\":\"Fields veut un stade couvert \u00e0 Chicago\"}]},{\"@type\":\"WebSite\",\"@id\":\"https:\/\/theplayoffs.news\/fr\/#website\",\"url\":\"https:\/\/theplayoffs.news\/fr\/\",\"name\":\"The Playoffs FR\",\"description\":\"NBA-NFL-NHL-MLB\",\"potentialAction\":[{\"@type\":\"SearchAction\",\"target\":{\"@type\":\"EntryPoint\",\"urlTemplate\":\"https:\/\/theplayoffs.news\/fr\/?s={search_term_string}\"},\"query-input\":{\"@type\":\"PropertyValueSpecification\",\"valueRequired\":true,\"valueName\":\"search_term_string\"}}],\"inLanguage\":\"fr-FR\"},{\"@type\":\"Person\",\"@id\":\"https:\/\/theplayoffs.news\/fr\/#\/schema\/person\/28782e5d11e28ced1db43166cecdaae9\",\"name\":\"Theophile Batica-ferreira\",\"image\":{\"@type\":\"ImageObject\",\"inLanguage\":\"fr-FR\",\"@id\":\"https:\/\/theplayoffs.news\/fr\/#\/schema\/person\/image\/\",\"url\":\"https:\/\/secure.gravatar.com\/avatar\/2a8200ad0411f8ebd27c6b41622c1d7589cdf53cfc6c271372dbe6fbfd1e8159?s=96&d=mm&r=g\",\"contentUrl\":\"https:\/\/secure.gravatar.com\/avatar\/2a8200ad0411f8ebd27c6b41622c1d7589cdf53cfc6c271372dbe6fbfd1e8159?s=96&d=mm&r=g\",\"caption\":\"Theophile Batica-ferreira\"},\"url\":\"https:\/\/theplayoffs.news\/fr\/author\/theophile-batica-ferreiramediaschool-me\/\"}]}<\/script>\n<!-- \/ Yoast SEO plugin. -->","yoast_head_json":{"title":"Fields veut un stade couvert &agrave; Chicago - The Playoffs FR","robots":{"index":"index","follow":"follow","max-snippet":"max-snippet:-1","max-image-preview":"max-image-preview:large","max-video-preview":"max-video-preview:-1"},"canonical":"https:\/\/theplayoffs.news\/fr\/actualite-nfl\/fields-veut-un-stade-couvert-pour-chicago\/","og_locale":"fr_FR","og_type":"article","og_title":"Fields veut un stade couvert &agrave; Chicago - The Playoffs FR","og_url":"https:\/\/theplayoffs.news\/fr\/actualite-nfl\/fields-veut-un-stade-couvert-pour-chicago\/","og_site_name":"The Playoffs FR","article_publisher":"https:\/\/www.facebook.com\/TheFreeAgentFR\/","article_modified_time":"2023-02-16T15:50:08+00:00","og_image":[{"width":1280,"height":720,"url":"https:\/\/theplayoffs.news\/fr\/wp-content\/uploads\/2023\/02\/Justin-Fields.jpeg","type":"image\/jpeg"}],"author":"Theophile Batica-ferreira","twitter_card":"summary_large_image","twitter_creator":"@TheFreeAgentFR","twitter_site":"@TheFreeAgentFR","twitter_misc":{"\u00c9crit par":"Theophile Batica-ferreira","Dur\u00e9e de lecture estim\u00e9e":"2 minutes"},"schema":{"@context":"https:\/\/schema.org","@graph":[{"@type":"WebPage","@id":"https:\/\/theplayoffs.news\/fr\/actualite-nfl\/fields-veut-un-stade-couvert-pour-chicago\/","url":"https:\/\/theplayoffs.news\/fr\/actualite-nfl\/fields-veut-un-stade-couvert-pour-chicago\/","name":"Fields veut un stade couvert \u00e0 Chicago - The Playoffs FR","isPartOf":{"@id":"https:\/\/theplayoffs.news\/fr\/#website"},"primaryImageOfPage":{"@id":"https:\/\/theplayoffs.news\/fr\/actualite-nfl\/fields-veut-un-stade-couvert-pour-chicago\/#primaryimage"},"image":{"@id":"https:\/\/theplayoffs.news\/fr\/actualite-nfl\/fields-veut-un-stade-couvert-pour-chicago\/#primaryimage"},"thumbnailUrl":"https:\/\/theplayoffs.news\/fr\/wp-content\/uploads\/2023\/02\/Justin-Fields.jpeg","datePublished":"2023-02-16T15:45:48+00:00","dateModified":"2023-02-16T15:50:08+00:00","author":{"@id":"https:\/\/theplayoffs.news\/fr\/#\/schema\/person\/28782e5d11e28ced1db43166cecdaae9"},"breadcrumb":{"@id":"https:\/\/theplayoffs.news\/fr\/actualite-nfl\/fields-veut-un-stade-couvert-pour-chicago\/#breadcrumb"},"inLanguage":"fr-FR","potentialAction":[{"@type":"ReadAction","target":["https:\/\/theplayoffs.news\/fr\/actualite-nfl\/fields-veut-un-stade-couvert-pour-chicago\/"]}]},{"@type":"ImageObject","inLanguage":"fr-FR","@id":"https:\/\/theplayoffs.news\/fr\/actualite-nfl\/fields-veut-un-stade-couvert-pour-chicago\/#primaryimage","url":"https:\/\/theplayoffs.news\/fr\/wp-content\/uploads\/2023\/02\/Justin-Fields.jpeg","contentUrl":"https:\/\/theplayoffs.news\/fr\/wp-content\/uploads\/2023\/02\/Justin-Fields.jpeg","width":1280,"height":720,"caption":"Justin Fields"},{"@type":"BreadcrumbList","@id":"https:\/\/theplayoffs.news\/fr\/actualite-nfl\/fields-veut-un-stade-couvert-pour-chicago\/#breadcrumb","itemListElement":[{"@type":"ListItem","position":1,"name":"Accueil","item":"https:\/\/theplayoffs.news\/fr\/"},{"@type":"ListItem","position":2,"name":"Fields veut un stade couvert \u00e0 Chicago"}]},{"@type":"WebSite","@id":"https:\/\/theplayoffs.news\/fr\/#website","url":"https:\/\/theplayoffs.news\/fr\/","name":"The Playoffs FR","description":"NBA-NFL-NHL-MLB","potentialAction":[{"@type":"SearchAction","target":{"@type":"EntryPoint","urlTemplate":"https:\/\/theplayoffs.news\/fr\/?s={search_term_string}"},"query-input":{"@type":"PropertyValueSpecification","valueRequired":true,"valueName":"search_term_string"}}],"inLanguage":"fr-FR"},{"@type":"Person","@id":"https:\/\/theplayoffs.news\/fr\/#\/schema\/person\/28782e5d11e28ced1db43166cecdaae9","name":"Theophile Batica-ferreira","image":{"@type":"ImageObject","inLanguage":"fr-FR","@id":"https:\/\/theplayoffs.news\/fr\/#\/schema\/person\/image\/","url":"https:\/\/secure.gravatar.com\/avatar\/2a8200ad0411f8ebd27c6b41622c1d7589cdf53cfc6c271372dbe6fbfd1e8159?s=96&d=mm&r=g","contentUrl":"https:\/\/secure.gravatar.com\/avatar\/2a8200ad0411f8ebd27c6b41622c1d7589cdf53cfc6c271372dbe6fbfd1e8159?s=96&d=mm&r=g","caption":"Theophile Batica-ferreira"},"url":"https:\/\/theplayoffs.news\/fr\/author\/theophile-batica-ferreiramediaschool-me\/"}]}},"_links":{"self":[{"href":"https:\/\/theplayoffs.news\/fr\/wp-json\/wp\/v2\/posts\/567354","targetHints":{"allow":["GET"]}}],"collection":[{"href":"https:\/\/theplayoffs.news\/fr\/wp-json\/wp\/v2\/posts"}],"about":[{"href":"https:\/\/theplayoffs.news\/fr\/wp-json\/wp\/v2\/types\/post"}],"author":[{"embeddable":true,"href":"https:\/\/theplayoffs.news\/fr\/wp-json\/wp\/v2\/users\/180310140"}],"replies":[{"embeddable":true,"href":"https:\/\/theplayoffs.news\/fr\/wp-json\/wp\/v2\/comments?post=567354"}],"version-history":[{"count":3,"href":"https:\/\/theplayoffs.news\/fr\/wp-json\/wp\/v2\/posts\/567354\/revisions"}],"predecessor-version":[{"id":567360,"href":"https:\/\/theplayoffs.news\/fr\/wp-json\/wp\/v2\/posts\/567354\/revisions\/567360"}],"wp:featuredmedia":[{"embeddable":true,"href":"https:\/\/theplayoffs.news\/fr\/wp-json\/wp\/v2\/media\/567357"}],"wp:attachment":[{"href":"https:\/\/theplayoffs.news\/fr\/wp-json\/wp\/v2\/media?parent=567354"}],"wp:term":[{"taxonomy":"category","embeddable":true,"href":"https:\/\/theplayoffs.news\/fr\/wp-json\/wp\/v2\/categories?post=567354"},{"taxonomy":"post_tag","embeddable":true,"href":"https:\/\/theplayoffs.news\/fr\/wp-json\/wp\/v2\/tags?post=567354"},{"taxonomy":"sport","embeddable":true,"href":"https:\/\/theplayoffs.news\/fr\/wp-json\/wp\/v2\/sport?post=567354"},{"taxonomy":"saison","embeddable":true,"href":"https:\/\/theplayoffs.news\/fr\/wp-json\/wp\/v2\/saison?post=567354"}],"curies":[{"name":"wp","href":"https:\/\/api.w.org\/{rel}","templated":true}]}}