{"id":567348,"date":"2023-02-16T17:48:56","date_gmt":"2023-02-16T16:48:56","guid":{"rendered":"https:\/\/theplayoffs.news\/fr\/?p=567348"},"modified":"2023-02-16T18:54:33","modified_gmt":"2023-02-16T17:54:33","slug":"nba-trade-deadline","status":"publish","type":"post","link":"https:\/\/theplayoffs.news\/fr\/actualite-nba\/nba-trade-deadline\/","title":{"rendered":"NBA Trade deadline : une semaine apr\u00e8s \u00e7a donne quoi ?"},"content":{"rendered":"<h2>Cela fait une semaine aujourd&rsquo;hui que la trade deadline est pass&eacute;e en NBA. Le moment est donc venu de faire un r&eacute;capitulatif et un point sur les premiers effets des principaux mouvements en NBA.<\/h2><p>C&rsquo;est la derni&egrave;re ligne droite dans cette saison NBA 2022\/2023. Nous en sommes aux deux tiers de la saison, puisque l&rsquo;on vient de d&eacute;passer les 60 matchs de saison r&eacute;guli&egrave;re. Il ne reste donc plus qu&rsquo;une vingtaine de matchs avant les playoffs qui d&eacute;buteront dans environ deux mois alors que dans la nuit de demain &agrave; samedi, d&eacute;butera le <strong><em>&laquo; All Star Game &raquo;<\/em><\/strong> &agrave; <strong>Utah<\/strong>. En ce jeudi 16 f&eacute;vrier nous sommes &eacute;galement tout pile une semaine apr&egrave;s la trade deadline, <a href=\"https:\/\/theathletic.com\/4159127\/2023\/02\/13\/nba-power-rankings-week-18\/?source=user_shared_article\" class=\"trk-cta-link\" data-cta-trk='{\"ctaType\":\"Link\",\"ctaSubType\":\"main\"}'>le moment de faire un point sur les premiers effets des principaux transferts.<\/a><\/p><p>La p&eacute;riode des transferts a &eacute;t&eacute; tr&egrave;s anim&eacute;e cette ann&eacute;e et ce jusqu&rsquo;&agrave; la derni&egrave;re minute du dernier jour. <strong>Kevin Durant<\/strong> et <strong>Kyrie Irving<\/strong> ont quitt&eacute; <strong>Brooklyn<\/strong> pour <strong>Phoenix<\/strong> et <strong>Dallas<\/strong> dans ce qui &eacute;tait l&rsquo;&eacute;picentre du tremblement de terre de la trade deadline NBA. <strong>Mikal Bridges <\/strong>et<strong> Cameron Johnson<\/strong> sont partis &agrave; Brooklyn, tout comme <strong>Spencer Dinwiddie<\/strong> et <strong>Dorian Finney-Smith<\/strong> principalement dans ces deux &eacute;changes.<\/p><p><strong>Russel Westbrook<\/strong> lui a quitt&eacute; les <strong>Lakers<\/strong> pour <strong>Utah<\/strong> avec qui la situation reste bloqu&eacute;e pour le moment, tandis que <strong>D&rsquo;Angelo Russell<\/strong> est arriv&eacute; &nbsp;chez les jaunes et violets. Comment tout ce petit monde se porte dans sa nouvelle &eacute;quipe, r&eacute;ponse ici.<\/p><h4>Des &eacute;toiles pr&ecirc;tes &agrave; d&eacute;crocher la lune<\/h4><p>La ligue a pris un nouveau d&eacute;part et notamment par l&rsquo;interm&eacute;diaire des <strong>Brooklyn Nets<\/strong>. Kevin Durant est parti &agrave; Phoenix chez les <strong>Suns<\/strong> en &eacute;change de Mikal Bridges, Cameron Johnson et <strong>Jae Crowder<\/strong>. L&rsquo;ailier n&rsquo;a toujours pas jou&eacute; avec les Suns et d&eacute;butera apr&egrave;s le &laquo; All Star Game &raquo; puisqu&rsquo;il est toujours bless&eacute;. Par contre Mikal Bridges a bel et bien jou&eacute; avec Brooklyn <a href=\"https:\/\/theplayoffs.news\/fr\/nba-basketball\/bridges-en-colle-45-face-au-heat\/\" class=\"trk-cta-link\" data-cta-trk='{\"ctaType\":\"Link\",\"ctaSubType\":\"main\"}'>et en a profit&eacute; pour coller 45 points la nuit derni&egrave;re contre <strong>Miami<\/strong>.<\/a><\/p><p><img loading=\"lazy\" decoding=\"async\" class=\"size-medium wp-image-567368 aligncenter\" src=\"https:\/\/theplayoffs.news\/fr\/wp-content\/uploads\/2023\/02\/6406BC53-D820-4CE5-994F-FB06A15429CF-300x226.jpeg\" alt=\"\" width=\"300\" height=\"226\" srcset=\"https:\/\/theplayoffs.news\/fr\/wp-content\/uploads\/2023\/02\/6406BC53-D820-4CE5-994F-FB06A15429CF-300x226.jpeg 300w, https:\/\/theplayoffs.news\/fr\/wp-content\/uploads\/2023\/02\/6406BC53-D820-4CE5-994F-FB06A15429CF-1030x776.jpeg 1030w, https:\/\/theplayoffs.news\/fr\/wp-content\/uploads\/2023\/02\/6406BC53-D820-4CE5-994F-FB06A15429CF-768x579.jpeg 768w, https:\/\/theplayoffs.news\/fr\/wp-content\/uploads\/2023\/02\/6406BC53-D820-4CE5-994F-FB06A15429CF-1536x1158.jpeg 1536w, https:\/\/theplayoffs.news\/fr\/wp-content\/uploads\/2023\/02\/6406BC53-D820-4CE5-994F-FB06A15429CF-1500x1130.jpeg 1500w, https:\/\/theplayoffs.news\/fr\/wp-content\/uploads\/2023\/02\/6406BC53-D820-4CE5-994F-FB06A15429CF-705x531.jpeg 705w, https:\/\/theplayoffs.news\/fr\/wp-content\/uploads\/2023\/02\/6406BC53-D820-4CE5-994F-FB06A15429CF-1320x995.jpeg 1320w, https:\/\/theplayoffs.news\/fr\/wp-content\/uploads\/2023\/02\/6406BC53-D820-4CE5-994F-FB06A15429CF.jpeg 1920w\" sizes=\"auto, (max-width: 300px) 100vw, 300px\" \/><\/p><p>Pour Cameron Johnson, tout se passe &eacute;galement bien puisqu&rsquo;il d&eacute;bute les rencontres avec Bridges pour Brooklyn et montre de belles choses. Jae Crowder a lui &eacute;t&eacute; r&eacute;cup&eacute;r&eacute; par <strong>Milwaukee<\/strong> avec qui il d&eacute;butera aussi apr&egrave;s le NBA All Star break.<\/p><p><span id=\"p138\">Dans cette m&ecirc;me &eacute;quipe des Nets, c&rsquo;est Kyrie Irving qui avait lanc&eacute; les hostilit&eacute;s en demandant &agrave; partir.<\/span><span id=\"p139\"> R&eacute;sultats des courses, il est arriv&eacute; &agrave; Dallas avec <strong>Luka <span id=\"144\" class=\"s-rg\">Don&#269;i&#263;<\/span><\/strong> et a r&eacute;alis&eacute; de bons d&eacute;buts en s&rsquo;imposant contre les <strong>Clippers<\/strong> puis contre <strong><span id=\"145\" class=\"s-rg\">Sacramento<\/span><\/strong> avec deux belles performances.<\/span><span id=\"p140\"> Mais d&egrave;s le retour de <span id=\"146\" class=\"s-rg\">Don&#269;i&#263;<\/span>, deux d&eacute;faites malgr&eacute; deux bons matchs des deux stars qui n&rsquo;ont toujours pas gagn&eacute; ensemble, il faudra du temps pour trouver les ajustements.<\/span><span id=\"p141\"> <\/span><\/p><p><img loading=\"lazy\" decoding=\"async\" class=\"size-medium wp-image-567370 aligncenter\" src=\"https:\/\/theplayoffs.news\/fr\/wp-content\/uploads\/2023\/02\/CC116760-C511-4510-B34F-BB4967480FB6-300x204.jpeg\" alt=\"\" width=\"300\" height=\"204\" srcset=\"https:\/\/theplayoffs.news\/fr\/wp-content\/uploads\/2023\/02\/CC116760-C511-4510-B34F-BB4967480FB6-300x204.jpeg 300w, https:\/\/theplayoffs.news\/fr\/wp-content\/uploads\/2023\/02\/CC116760-C511-4510-B34F-BB4967480FB6-1030x699.jpeg 1030w, https:\/\/theplayoffs.news\/fr\/wp-content\/uploads\/2023\/02\/CC116760-C511-4510-B34F-BB4967480FB6-768x521.jpeg 768w, https:\/\/theplayoffs.news\/fr\/wp-content\/uploads\/2023\/02\/CC116760-C511-4510-B34F-BB4967480FB6-1536x1042.jpeg 1536w, https:\/\/theplayoffs.news\/fr\/wp-content\/uploads\/2023\/02\/CC116760-C511-4510-B34F-BB4967480FB6-1500x1018.jpeg 1500w, https:\/\/theplayoffs.news\/fr\/wp-content\/uploads\/2023\/02\/CC116760-C511-4510-B34F-BB4967480FB6-705x478.jpeg 705w, https:\/\/theplayoffs.news\/fr\/wp-content\/uploads\/2023\/02\/CC116760-C511-4510-B34F-BB4967480FB6-1320x896.jpeg 1320w, https:\/\/theplayoffs.news\/fr\/wp-content\/uploads\/2023\/02\/CC116760-C511-4510-B34F-BB4967480FB6.jpeg 1920w\" sizes=\"auto, (max-width: 300px) 100vw, 300px\" \/><\/p><p><span id=\"p141\">De l&rsquo;autre c&ocirc;t&eacute;, Spencer <span id=\"147\" class=\"s-rg\">Dinwiddie<\/span> et Dorian <span id=\"148\" class=\"s-rg\">Finney-Smith<\/span> ont fait le chemin inverse et pour eux aussi tout se passe bien &agrave; Brooklyn.<\/span><span id=\"p153\"> <span id=\"154\" class=\"s-rg\">Dinwiddie<\/span>, qui revenait chez les Nets, a tr&egrave;s vite trouv&eacute; ses marques avec un match &agrave; 25 points <span id=\"p152\">(contre <strong>Chicago<\/strong>)&nbsp;<\/span>et un &agrave; 28 <span id=\"p151\">(contre <strong>New York<\/strong>)<\/span>.<\/span><\/p><p><span id=\"p156\">Enfin le dernier <span id=\"163\" class=\"s-rg\">trade<\/span> majeur concerne les <span id=\"164\" class=\"s-rg\">Lakers<\/span> et notamment Russell <span id=\"165\" class=\"s-rg\">Westbrook<\/span>.&nbsp;<\/span><span id=\"p157\">L&rsquo;ancienne star <strong>d&rsquo;<span id=\"166\" class=\"s-rg\">OKC<\/span><\/strong> est partie &agrave; <span id=\"168\" class=\"s-rg\">Utah<\/span> dans un <span id=\"169\" class=\"s-rg\">trade<\/span> &agrave; trois concernant aussi <strong>Minnesota<\/strong>.&nbsp;<\/span><span id=\"p182\">&laquo; Russ West &raquo; est toujours &agrave; <span id=\"183\" class=\"s-rg\">Utah<\/span>, mais devrait trouver un arrangement avec le <strong>Jazz<\/strong> pour partir.<\/span><span id=\"p159\"> Les Clippers l&rsquo;attendent avec impatience et le <strong><span id=\"172\" class=\"s-rg\">Heat<\/span><\/strong> de Miami est aussi sur le coup, affaire &agrave; suivre&hellip;<\/span><span id=\"p160\"> <\/span><\/p><p><span id=\"p160\">Les <span id=\"173\" class=\"s-rg\">Lakers<\/span> ont donc r&eacute;cup&eacute;r&eacute; <span id=\"174\" class=\"s-rg\">D<\/span>&rsquo;Angelo Russell pour le remplacer en provenance des <strong><span id=\"175\" class=\"s-rg\">Timberwolves<\/span><\/strong>, ainsi que <strong>Malik <span id=\"176\" class=\"s-rg\">Beasley<\/span><\/strong> et <strong><span id=\"177\" class=\"s-rg\">Jarred<\/span> <span id=\"178\" class=\"s-rg\">Vanderbilt<\/span><\/strong> <span id=\"179\" class=\"s-rg\">de Utah<\/span>.<\/span><span id=\"p161\"><strong> Mike <span id=\"180\" class=\"s-rg\">Conley<\/span><\/strong> est parti lui rejoindre son ami <strong>Rudy Gobert<\/strong> du c&ocirc;t&eacute; du Minnesota pour compl&eacute;ter la transaction.<\/span><\/p><p><span id=\"p162\"><img loading=\"lazy\" decoding=\"async\" class=\"size-medium wp-image-567369 aligncenter\" src=\"https:\/\/theplayoffs.news\/fr\/wp-content\/uploads\/2023\/02\/F2144037-CB3A-427F-800A-FA485D3CA9A3-300x200.jpeg\" alt=\"\" width=\"300\" height=\"200\" srcset=\"https:\/\/theplayoffs.news\/fr\/wp-content\/uploads\/2023\/02\/F2144037-CB3A-427F-800A-FA485D3CA9A3-300x200.jpeg 300w, https:\/\/theplayoffs.news\/fr\/wp-content\/uploads\/2023\/02\/F2144037-CB3A-427F-800A-FA485D3CA9A3-1030x686.jpeg 1030w, https:\/\/theplayoffs.news\/fr\/wp-content\/uploads\/2023\/02\/F2144037-CB3A-427F-800A-FA485D3CA9A3-768x511.jpeg 768w, https:\/\/theplayoffs.news\/fr\/wp-content\/uploads\/2023\/02\/F2144037-CB3A-427F-800A-FA485D3CA9A3-1536x1022.jpeg 1536w, https:\/\/theplayoffs.news\/fr\/wp-content\/uploads\/2023\/02\/F2144037-CB3A-427F-800A-FA485D3CA9A3-1500x998.jpeg 1500w, https:\/\/theplayoffs.news\/fr\/wp-content\/uploads\/2023\/02\/F2144037-CB3A-427F-800A-FA485D3CA9A3-705x469.jpeg 705w, https:\/\/theplayoffs.news\/fr\/wp-content\/uploads\/2023\/02\/F2144037-CB3A-427F-800A-FA485D3CA9A3-1320x879.jpeg 1320w, https:\/\/theplayoffs.news\/fr\/wp-content\/uploads\/2023\/02\/F2144037-CB3A-427F-800A-FA485D3CA9A3.jpeg 1920w\" sizes=\"auto, (max-width: 300px) 100vw, 300px\" \/>&nbsp;<\/span><\/p><p><span id=\"p185\">Les <span id=\"188\" class=\"s-rg\">Lakers<\/span> n&rsquo;en sont pas rest&eacute;s l&agrave;, puisqu&rsquo;ils ont aussi accueilli <strong>Mo <span id=\"189\" class=\"s-rg\">Bamba<\/span><\/strong> l&rsquo;ancien int&eacute;rieur du <strong><span id=\"190\" class=\"s-rg\">Magic<\/span><\/strong> <strong>d&rsquo;Orlando<\/strong> en &eacute;change de <strong>Patrick Beverley<\/strong> qui a &eacute;t&eacute; coup&eacute; en suivant.<\/span><span id=\"p186\"><strong> Thomas <span id=\"191\" class=\"s-rg\">Bryant<\/span><\/strong> de son c&ocirc;t&eacute;,&nbsp;<span id=\"192\" class=\"s-rg\">a<\/span> lui <span id=\"193\" class=\"s-rg\">quitt&eacute;<\/span> <span id=\"194\" class=\"s-or\">LA<\/span> pour <strong>Denver<\/strong> avec qui tout se passe bien, m&ecirc;me si tout ne fait que d&eacute;buter.<\/span><span id=\"p187\">&nbsp;<\/span><\/p><blockquote class=\"twitter-tweet\" data-width=\"500\" data-dnt=\"true\">\n<p lang=\"en\" dir=\"ltr\">Sixteen trades in 13 hours. <\/p>\n<p>The final stretch of the NBA trade deadline got hectic. <a href=\"https:\/\/t.co\/S7zvJ53XfY\" class=\"trk-cta-link\" data-cta-trk='{\"ctaType\":\"Link\",\"ctaSubType\":\"main\"}'>pic.twitter.com\/S7zvJ53XfY<\/a><\/p>\n<p>&mdash; The Athletic (@TheAthletic) <a href=\"https:\/\/twitter.com\/TheAthletic\/status\/1623801583611027458?ref_src=twsrc%5Etfw\" class=\"trk-cta-link\" data-cta-trk='{\"ctaType\":\"Link\",\"ctaSubType\":\"main\"}'>February 9, 2023<\/a><\/p><\/blockquote><p><script async src=\"https:\/\/platform.twitter.com\/widgets.js\" charset=\"utf-8\"><\/script><\/p><h4>D&rsquo;autres mouvements int&eacute;ressants<\/h4><p>Si tout le monde s&rsquo;attendait &agrave; ce que les <strong>Toronto Raptors<\/strong> fassent exploser cette trade deadline en NBA, il n&rsquo;en a rien &eacute;t&eacute;, ni <strong>Siakam<\/strong>, ni <strong>VanVleet<\/strong>, ni <strong>Anunoby<\/strong> n&rsquo;a boug&eacute;. Cependant, les Raptors ont rapatri&eacute; <strong>Jakob Poeltl<\/strong> plusieurs ann&eacute;es apr&egrave;s son d&eacute;part pour les <strong>Spurs<\/strong>.<\/p><p>Dans la conf&eacute;rence Est, les <strong>Celtics<\/strong> ont accueilli <strong>Mike Muscala<\/strong> par exemple, un profil qu&rsquo;ils recherchaient. New York a re&ccedil;u <strong>Josh Hart<\/strong> en provenance de <strong>Portland<\/strong> en &eacute;change de <strong>Cam Reddish<\/strong>. Josh Hart qui a d&eacute;j&agrave; apport&eacute; ses qualit&eacute;s aux <strong>Knicks<\/strong> et qui sera d&rsquo;une grande aide en vue de la postseason. En ce qui concerne les <strong>Sixers<\/strong>, <strong>Matisse Thybulle<\/strong> est parti &agrave; Portland mais&nbsp;<strong>Jalen McDaniels<\/strong> est lui arriv&eacute; de <strong>Charlotte.<\/strong><\/p><p>Charlotte justement a perdu <strong>Miles Plumlee<\/strong>, au profit de Clippers qui ont boug&eacute; astucieusement pour se renforcer en attendant peut-&ecirc;tre Westbrook. <strong>Bonnes Hyland<\/strong> est aussi un nouveau joueur des Clippers apr&egrave;s avoir &eacute;t&eacute; recrut&eacute; depuis Denver. Quant &agrave; <strong>Reggie Jackson<\/strong>, il a &eacute;t&eacute; envoy&eacute; dans le trade pour Plumlee &agrave; Charlotte avant d&rsquo;&ecirc;tre coup&eacute; puis r&eacute;cup&eacute;r&eacute; par Denver avec qui il d&eacute;butera apr&egrave;s la pause du NBA All Star. Les Clippers ont aussi r&eacute;cup&eacute;r&eacute; <strong>Eric Gordon<\/strong> de <strong>Houston<\/strong> et ont envoy&eacute; <strong>Luke Kennard<\/strong> &agrave; <strong>Memphis<\/strong>. <strong>Danny Green<\/strong> a lui quitt&eacute; les <strong>Grizzlies<\/strong> pour s&rsquo;engager avec <strong>Cleveland<\/strong> quelques jours plus tard.<\/p><p>Enfin, les <strong>Warriors<\/strong> ont r&eacute;cup&eacute;r&eacute; un champion de l&rsquo;ann&eacute;e derni&egrave;re, <strong>Gary Payton II&nbsp;<\/strong>en provenance de Portland. L&rsquo;histoire entre <strong>Golden State<\/strong> et <strong>James Wiseman<\/strong> s&rsquo;est termin&eacute; par un d&eacute;part du pivot &agrave; <strong>Detroit<\/strong>, qui justement a envoy&eacute; <strong>Saddiq Bey<\/strong> du c&ocirc;t&eacute; <strong>d&rsquo;Atlanta<\/strong>.<\/p><p>&nbsp;<\/p>\n","protected":false},"excerpt":{"rendered":"","protected":false},"author":180310139,"featured_media":567367,"comment_status":"open","ping_status":"closed","sticky":false,"template":"","format":"standard","meta":{"inline_featured_image":false,"kia_subtitle":"","_mux_skip_reasons":[],"proofreadBy":0,"footnotes":""},"categories":[110,10],"tags":[499,476,1073,23,3415,53],"sport":[2783],"saison":[],"class_list":["post-567348","post","type-post","status-publish","format-standard","has-post-thumbnail","hentry","category-actualite-nba","category-nba","tag-brooklyn-nets","tag-kevin-durant","tag-kyrie-irving","tag-nba-tag","tag-russel-westbrook","tag-trade-deadline","sport-nba"],"acf":[],"yoast_head":"<!-- This site is optimized with the Yoast SEO plugin v24.2 - https:\/\/yoast.com\/wordpress\/plugins\/seo\/ -->\n<title>NBA Trade deadline : une semaine apr&egrave;s &ccedil;a donne quoi ? - The Playoffs FR<\/title>\n<meta name=\"robots\" content=\"index, follow, max-snippet:-1, max-image-preview:large, max-video-preview:-1\" \/>\n<link rel=\"canonical\" href=\"https:\/\/theplayoffs.news\/fr\/actualite-nba\/nba-trade-deadline\/\" \/>\n<meta property=\"og:locale\" content=\"fr_FR\" \/>\n<meta property=\"og:type\" content=\"article\" \/>\n<meta property=\"og:title\" content=\"NBA Trade deadline : une semaine apr&egrave;s &ccedil;a donne quoi ? - The Playoffs FR\" \/>\n<meta property=\"og:url\" content=\"https:\/\/theplayoffs.news\/fr\/actualite-nba\/nba-trade-deadline\/\" \/>\n<meta property=\"og:site_name\" content=\"The Playoffs FR\" \/>\n<meta property=\"article:publisher\" content=\"https:\/\/www.facebook.com\/TheFreeAgentFR\/\" \/>\n<meta property=\"article:modified_time\" content=\"2023-02-16T18:54:33+01:00\" \/>\n<meta property=\"og:image\" content=\"https:\/\/theplayoffs.news\/fr\/wp-content\/uploads\/2023\/02\/D66A7330-0AE6-43D9-988D-CFDC26215808.jpeg\" \/>\n\t<meta property=\"og:image:width\" content=\"1920\" \/>\n\t<meta property=\"og:image:height\" content=\"1280\" \/>\n\t<meta property=\"og:image:type\" content=\"image\/jpeg\" \/>\n<meta name=\"author\" content=\"Alban Conejero\" \/>\n<meta name=\"twitter:card\" content=\"summary_large_image\" \/>\n<meta name=\"twitter:creator\" content=\"@TheFreeAgentFR\" \/>\n<meta name=\"twitter:site\" content=\"@TheFreeAgentFR\" \/>\n<meta name=\"twitter:label1\" content=\"\u00c9crit par\" \/>\n\t<meta name=\"twitter:data1\" content=\"Alban Conejero\" \/>\n\t<meta name=\"twitter:label2\" content=\"Dur\u00e9e de lecture estim\u00e9e\" \/>\n\t<meta name=\"twitter:data2\" content=\"5 minutes\" \/>\n<script type=\"application\/ld+json\" class=\"yoast-schema-graph\">{\"@context\":\"https:\/\/schema.org\",\"@graph\":[{\"@type\":\"WebPage\",\"@id\":\"https:\/\/theplayoffs.news\/fr\/actualite-nba\/nba-trade-deadline\/\",\"url\":\"https:\/\/theplayoffs.news\/fr\/actualite-nba\/nba-trade-deadline\/\",\"name\":\"NBA Trade deadline : une semaine apr\u00e8s \u00e7a donne quoi ? - The Playoffs FR\",\"isPartOf\":{\"@id\":\"https:\/\/theplayoffs.news\/fr\/#website\"},\"primaryImageOfPage\":{\"@id\":\"https:\/\/theplayoffs.news\/fr\/actualite-nba\/nba-trade-deadline\/#primaryimage\"},\"image\":{\"@id\":\"https:\/\/theplayoffs.news\/fr\/actualite-nba\/nba-trade-deadline\/#primaryimage\"},\"thumbnailUrl\":\"https:\/\/theplayoffs.news\/fr\/wp-content\/uploads\/2023\/02\/D66A7330-0AE6-43D9-988D-CFDC26215808.jpeg\",\"datePublished\":\"2023-02-16T16:48:56+00:00\",\"dateModified\":\"2023-02-16T17:54:33+00:00\",\"author\":{\"@id\":\"https:\/\/theplayoffs.news\/fr\/#\/schema\/person\/3dd6319a9057ecd181d2351cdb03ccd2\"},\"breadcrumb\":{\"@id\":\"https:\/\/theplayoffs.news\/fr\/actualite-nba\/nba-trade-deadline\/#breadcrumb\"},\"inLanguage\":\"fr-FR\",\"potentialAction\":[{\"@type\":\"ReadAction\",\"target\":[\"https:\/\/theplayoffs.news\/fr\/actualite-nba\/nba-trade-deadline\/\"]}]},{\"@type\":\"ImageObject\",\"inLanguage\":\"fr-FR\",\"@id\":\"https:\/\/theplayoffs.news\/fr\/actualite-nba\/nba-trade-deadline\/#primaryimage\",\"url\":\"https:\/\/theplayoffs.news\/fr\/wp-content\/uploads\/2023\/02\/D66A7330-0AE6-43D9-988D-CFDC26215808.jpeg\",\"contentUrl\":\"https:\/\/theplayoffs.news\/fr\/wp-content\/uploads\/2023\/02\/D66A7330-0AE6-43D9-988D-CFDC26215808.jpeg\",\"width\":1920,\"height\":1280,\"caption\":\"NBA\"},{\"@type\":\"BreadcrumbList\",\"@id\":\"https:\/\/theplayoffs.news\/fr\/actualite-nba\/nba-trade-deadline\/#breadcrumb\",\"itemListElement\":[{\"@type\":\"ListItem\",\"position\":1,\"name\":\"Accueil\",\"item\":\"https:\/\/theplayoffs.news\/fr\/\"},{\"@type\":\"ListItem\",\"position\":2,\"name\":\"NBA Trade deadline : une semaine apr\u00e8s \u00e7a donne quoi ?\"}]},{\"@type\":\"WebSite\",\"@id\":\"https:\/\/theplayoffs.news\/fr\/#website\",\"url\":\"https:\/\/theplayoffs.news\/fr\/\",\"name\":\"The Playoffs FR\",\"description\":\"NBA-NFL-NHL-MLB\",\"potentialAction\":[{\"@type\":\"SearchAction\",\"target\":{\"@type\":\"EntryPoint\",\"urlTemplate\":\"https:\/\/theplayoffs.news\/fr\/?s={search_term_string}\"},\"query-input\":{\"@type\":\"PropertyValueSpecification\",\"valueRequired\":true,\"valueName\":\"search_term_string\"}}],\"inLanguage\":\"fr-FR\"},{\"@type\":\"Person\",\"@id\":\"https:\/\/theplayoffs.news\/fr\/#\/schema\/person\/3dd6319a9057ecd181d2351cdb03ccd2\",\"name\":\"Alban Conejero\",\"image\":{\"@type\":\"ImageObject\",\"inLanguage\":\"fr-FR\",\"@id\":\"https:\/\/theplayoffs.news\/fr\/#\/schema\/person\/image\/\",\"url\":\"https:\/\/secure.gravatar.com\/avatar\/ef2d5e8508f59dc7b4e42edb92917fc230c9f46d5eb7ec09de6d5b8e112de01f?s=96&d=mm&r=g\",\"contentUrl\":\"https:\/\/secure.gravatar.com\/avatar\/ef2d5e8508f59dc7b4e42edb92917fc230c9f46d5eb7ec09de6d5b8e112de01f?s=96&d=mm&r=g\",\"caption\":\"Alban Conejero\"},\"url\":\"https:\/\/theplayoffs.news\/fr\/author\/albanconejero26gmail-com\/\"}]}<\/script>\n<!-- \/ Yoast SEO plugin. -->","yoast_head_json":{"title":"NBA Trade deadline : une semaine apr&egrave;s &ccedil;a donne quoi ? - The Playoffs FR","robots":{"index":"index","follow":"follow","max-snippet":"max-snippet:-1","max-image-preview":"max-image-preview:large","max-video-preview":"max-video-preview:-1"},"canonical":"https:\/\/theplayoffs.news\/fr\/actualite-nba\/nba-trade-deadline\/","og_locale":"fr_FR","og_type":"article","og_title":"NBA Trade deadline : une semaine apr&egrave;s &ccedil;a donne quoi ? - The Playoffs FR","og_url":"https:\/\/theplayoffs.news\/fr\/actualite-nba\/nba-trade-deadline\/","og_site_name":"The Playoffs FR","article_publisher":"https:\/\/www.facebook.com\/TheFreeAgentFR\/","article_modified_time":"2023-02-16T17:54:33+00:00","og_image":[{"width":1920,"height":1280,"url":"https:\/\/theplayoffs.news\/fr\/wp-content\/uploads\/2023\/02\/D66A7330-0AE6-43D9-988D-CFDC26215808.jpeg","type":"image\/jpeg"}],"author":"Alban Conejero","twitter_card":"summary_large_image","twitter_creator":"@TheFreeAgentFR","twitter_site":"@TheFreeAgentFR","twitter_misc":{"\u00c9crit par":"Alban Conejero","Dur\u00e9e de lecture estim\u00e9e":"5 minutes"},"schema":{"@context":"https:\/\/schema.org","@graph":[{"@type":"WebPage","@id":"https:\/\/theplayoffs.news\/fr\/actualite-nba\/nba-trade-deadline\/","url":"https:\/\/theplayoffs.news\/fr\/actualite-nba\/nba-trade-deadline\/","name":"NBA Trade deadline : une semaine apr\u00e8s \u00e7a donne quoi ? - The Playoffs FR","isPartOf":{"@id":"https:\/\/theplayoffs.news\/fr\/#website"},"primaryImageOfPage":{"@id":"https:\/\/theplayoffs.news\/fr\/actualite-nba\/nba-trade-deadline\/#primaryimage"},"image":{"@id":"https:\/\/theplayoffs.news\/fr\/actualite-nba\/nba-trade-deadline\/#primaryimage"},"thumbnailUrl":"https:\/\/theplayoffs.news\/fr\/wp-content\/uploads\/2023\/02\/D66A7330-0AE6-43D9-988D-CFDC26215808.jpeg","datePublished":"2023-02-16T16:48:56+00:00","dateModified":"2023-02-16T17:54:33+00:00","author":{"@id":"https:\/\/theplayoffs.news\/fr\/#\/schema\/person\/3dd6319a9057ecd181d2351cdb03ccd2"},"breadcrumb":{"@id":"https:\/\/theplayoffs.news\/fr\/actualite-nba\/nba-trade-deadline\/#breadcrumb"},"inLanguage":"fr-FR","potentialAction":[{"@type":"ReadAction","target":["https:\/\/theplayoffs.news\/fr\/actualite-nba\/nba-trade-deadline\/"]}]},{"@type":"ImageObject","inLanguage":"fr-FR","@id":"https:\/\/theplayoffs.news\/fr\/actualite-nba\/nba-trade-deadline\/#primaryimage","url":"https:\/\/theplayoffs.news\/fr\/wp-content\/uploads\/2023\/02\/D66A7330-0AE6-43D9-988D-CFDC26215808.jpeg","contentUrl":"https:\/\/theplayoffs.news\/fr\/wp-content\/uploads\/2023\/02\/D66A7330-0AE6-43D9-988D-CFDC26215808.jpeg","width":1920,"height":1280,"caption":"NBA"},{"@type":"BreadcrumbList","@id":"https:\/\/theplayoffs.news\/fr\/actualite-nba\/nba-trade-deadline\/#breadcrumb","itemListElement":[{"@type":"ListItem","position":1,"name":"Accueil","item":"https:\/\/theplayoffs.news\/fr\/"},{"@type":"ListItem","position":2,"name":"NBA Trade deadline : une semaine apr\u00e8s \u00e7a donne quoi ?"}]},{"@type":"WebSite","@id":"https:\/\/theplayoffs.news\/fr\/#website","url":"https:\/\/theplayoffs.news\/fr\/","name":"The Playoffs FR","description":"NBA-NFL-NHL-MLB","potentialAction":[{"@type":"SearchAction","target":{"@type":"EntryPoint","urlTemplate":"https:\/\/theplayoffs.news\/fr\/?s={search_term_string}"},"query-input":{"@type":"PropertyValueSpecification","valueRequired":true,"valueName":"search_term_string"}}],"inLanguage":"fr-FR"},{"@type":"Person","@id":"https:\/\/theplayoffs.news\/fr\/#\/schema\/person\/3dd6319a9057ecd181d2351cdb03ccd2","name":"Alban Conejero","image":{"@type":"ImageObject","inLanguage":"fr-FR","@id":"https:\/\/theplayoffs.news\/fr\/#\/schema\/person\/image\/","url":"https:\/\/secure.gravatar.com\/avatar\/ef2d5e8508f59dc7b4e42edb92917fc230c9f46d5eb7ec09de6d5b8e112de01f?s=96&d=mm&r=g","contentUrl":"https:\/\/secure.gravatar.com\/avatar\/ef2d5e8508f59dc7b4e42edb92917fc230c9f46d5eb7ec09de6d5b8e112de01f?s=96&d=mm&r=g","caption":"Alban Conejero"},"url":"https:\/\/theplayoffs.news\/fr\/author\/albanconejero26gmail-com\/"}]}},"_links":{"self":[{"href":"https:\/\/theplayoffs.news\/fr\/wp-json\/wp\/v2\/posts\/567348","targetHints":{"allow":["GET"]}}],"collection":[{"href":"https:\/\/theplayoffs.news\/fr\/wp-json\/wp\/v2\/posts"}],"about":[{"href":"https:\/\/theplayoffs.news\/fr\/wp-json\/wp\/v2\/types\/post"}],"author":[{"embeddable":true,"href":"https:\/\/theplayoffs.news\/fr\/wp-json\/wp\/v2\/users\/180310139"}],"replies":[{"embeddable":true,"href":"https:\/\/theplayoffs.news\/fr\/wp-json\/wp\/v2\/comments?post=567348"}],"version-history":[{"count":7,"href":"https:\/\/theplayoffs.news\/fr\/wp-json\/wp\/v2\/posts\/567348\/revisions"}],"predecessor-version":[{"id":567388,"href":"https:\/\/theplayoffs.news\/fr\/wp-json\/wp\/v2\/posts\/567348\/revisions\/567388"}],"wp:featuredmedia":[{"embeddable":true,"href":"https:\/\/theplayoffs.news\/fr\/wp-json\/wp\/v2\/media\/567367"}],"wp:attachment":[{"href":"https:\/\/theplayoffs.news\/fr\/wp-json\/wp\/v2\/media?parent=567348"}],"wp:term":[{"taxonomy":"category","embeddable":true,"href":"https:\/\/theplayoffs.news\/fr\/wp-json\/wp\/v2\/categories?post=567348"},{"taxonomy":"post_tag","embeddable":true,"href":"https:\/\/theplayoffs.news\/fr\/wp-json\/wp\/v2\/tags?post=567348"},{"taxonomy":"sport","embeddable":true,"href":"https:\/\/theplayoffs.news\/fr\/wp-json\/wp\/v2\/sport?post=567348"},{"taxonomy":"saison","embeddable":true,"href":"https:\/\/theplayoffs.news\/fr\/wp-json\/wp\/v2\/saison?post=567348"}],"curies":[{"name":"wp","href":"https:\/\/api.w.org\/{rel}","templated":true}]}}