{"id":567313,"date":"2023-02-16T13:11:49","date_gmt":"2023-02-16T12:11:49","guid":{"rendered":"https:\/\/theplayoffs.news\/fr\/?p=567313"},"modified":"2023-02-16T13:11:49","modified_gmt":"2023-02-16T12:11:49","slug":"steve-spagnuolo-partage-jerick-mckinnon","status":"publish","type":"post","link":"https:\/\/theplayoffs.news\/fr\/actualite-nfl\/steve-spagnuolo-partage-jerick-mckinnon\/","title":{"rendered":"Steve Spagnuolo partag\u00e9 sur Jerick McKinnon qui ne marque pas au Super Bowl"},"content":{"rendered":"<h2><strong>En toute fin de match, Jerick McKinnon n&rsquo;a pas inscrit de touchdown alors qu&rsquo;il se trouvait &agrave; 1 yards de l&rsquo;en-but.&nbsp;<\/strong><\/h2><p>Choix tactique pour &eacute;couler l&rsquo;horloge, le coordinateur d&eacute;fensif des Chiefs, Steve Spagnuolo ne sait pas trop quoi penser de ce geste :<\/p><blockquote><p>&laquo;&nbsp;J&rsquo;avais des sentiments mitig&eacute;s&nbsp;&raquo;, a r&eacute;cemment d&eacute;clar&eacute; Spagnuolo &agrave; <a href=\"https:\/\/twitter.com\/ZachGelb\/status\/1625913544016265218?s=20\" class=\"trk-cta-link\" data-cta-trk='{\"ctaType\":\"Link\",\"ctaSubType\":\"main\"}'>Zach Gelb de CBS Sports Radio<\/a>. &laquo;&nbsp;Mais une partie de moi, apr&egrave;s avoir abandonn&eacute; ce touch&eacute;, voulait revenir en arri&egrave;re et le fermer d&rsquo;une mani&egrave;re ou d&rsquo;une autre. . . . La fiert&eacute; en moi en tant qu&rsquo;entra&icirc;neur d&eacute;fensif avec des joueurs d&eacute;fensifs, vous voulez sortir et aider &agrave; le fermer pour votre &eacute;quipe.&nbsp;&raquo;<\/p><\/blockquote><p>Si <a href=\"https:\/\/theplayoffs.news\/fr\/joueur\/jerick-mckinnon-nfl-33564\/\" class=\"trk-cta-link\" data-cta-trk='{\"ctaType\":\"Link\",\"ctaSubType\":\"main\"}'><strong>Jerick McKinnon<\/strong><\/a> avait inscrit ce touchdown, le record de point dans un match aurait &eacute;t&eacute; battu pour un Super Bowl. Mais les Eagles auraient eu une vraie chance de pouvoir &eacute;galiser ou m&ecirc;me passer devant. La d&eacute;cision &eacute;tait donc logique et Spagniolo a tout de m&ecirc;me salu&eacute; l&rsquo;esprit d&rsquo;&eacute;quipe de McKinnon qui aurait aussi pu aller marquer pour lui un TD.<\/p>\n","protected":false},"excerpt":{"rendered":"","protected":false},"author":13,"featured_media":567322,"comment_status":"open","ping_status":"closed","sticky":false,"template":"","format":"standard","meta":{"inline_featured_image":false,"kia_subtitle":"","_mux_skip_reasons":[],"proofreadBy":0,"footnotes":""},"categories":[118,40],"tags":[5268,487,4787],"sport":[],"saison":[],"class_list":["post-567313","post","type-post","status-publish","format-standard","has-post-thumbnail","hentry","category-actualite-nfl","category-nfl","tag-jerick-mckinnon","tag-kansas-city-chiefs","tag-steve-spagnuolo"],"acf":[],"yoast_head":"<!-- This site is optimized with the Yoast SEO plugin v24.2 - https:\/\/yoast.com\/wordpress\/plugins\/seo\/ -->\n<title>Steve Spagnuolo partag&eacute; sur Jerick McKinnon qui ne marque pas au Super Bowl - The Playoffs FR<\/title>\n<meta name=\"robots\" content=\"index, follow, max-snippet:-1, max-image-preview:large, max-video-preview:-1\" \/>\n<link rel=\"canonical\" href=\"https:\/\/theplayoffs.news\/fr\/actualite-nfl\/steve-spagnuolo-partage-jerick-mckinnon\/\" \/>\n<meta property=\"og:locale\" content=\"fr_FR\" \/>\n<meta property=\"og:type\" content=\"article\" \/>\n<meta property=\"og:title\" content=\"Steve Spagnuolo partag&eacute; sur Jerick McKinnon qui ne marque pas au Super Bowl - The Playoffs FR\" \/>\n<meta property=\"og:url\" content=\"https:\/\/theplayoffs.news\/fr\/actualite-nfl\/steve-spagnuolo-partage-jerick-mckinnon\/\" \/>\n<meta property=\"og:site_name\" content=\"The Playoffs FR\" \/>\n<meta property=\"article:publisher\" content=\"https:\/\/www.facebook.com\/TheFreeAgentFR\/\" \/>\n<meta property=\"article:modified_time\" content=\"2023-02-16T13:11:49+01:00\" \/>\n<meta property=\"og:image\" content=\"https:\/\/theplayoffs.news\/fr\/wp-content\/uploads\/2023\/02\/tinywow_USATSI_19984625_14024632.jpg\" \/>\n\t<meta property=\"og:image:width\" content=\"1000\" \/>\n\t<meta property=\"og:image:height\" content=\"600\" \/>\n\t<meta property=\"og:image:type\" content=\"image\/jpeg\" \/>\n<meta name=\"author\" content=\"Charles Taudin\" \/>\n<meta name=\"twitter:card\" content=\"summary_large_image\" \/>\n<meta name=\"twitter:creator\" content=\"@TheFreeAgentFR\" \/>\n<meta name=\"twitter:site\" content=\"@TheFreeAgentFR\" \/>\n<meta name=\"twitter:label1\" content=\"\u00c9crit par\" \/>\n\t<meta name=\"twitter:data1\" content=\"Charles Taudin\" \/>\n\t<meta name=\"twitter:label2\" content=\"Dur\u00e9e de lecture estim\u00e9e\" \/>\n\t<meta name=\"twitter:data2\" content=\"1 minute\" \/>\n<script type=\"application\/ld+json\" class=\"yoast-schema-graph\">{\"@context\":\"https:\/\/schema.org\",\"@graph\":[{\"@type\":\"WebPage\",\"@id\":\"https:\/\/theplayoffs.news\/fr\/actualite-nfl\/steve-spagnuolo-partage-jerick-mckinnon\/\",\"url\":\"https:\/\/theplayoffs.news\/fr\/actualite-nfl\/steve-spagnuolo-partage-jerick-mckinnon\/\",\"name\":\"Steve Spagnuolo partag\u00e9 sur Jerick McKinnon qui ne marque pas au Super Bowl - The Playoffs FR\",\"isPartOf\":{\"@id\":\"https:\/\/theplayoffs.news\/fr\/#website\"},\"primaryImageOfPage\":{\"@id\":\"https:\/\/theplayoffs.news\/fr\/actualite-nfl\/steve-spagnuolo-partage-jerick-mckinnon\/#primaryimage\"},\"image\":{\"@id\":\"https:\/\/theplayoffs.news\/fr\/actualite-nfl\/steve-spagnuolo-partage-jerick-mckinnon\/#primaryimage\"},\"thumbnailUrl\":\"https:\/\/theplayoffs.news\/fr\/wp-content\/uploads\/2023\/02\/tinywow_USATSI_19984625_14024632.jpg\",\"datePublished\":\"2023-02-16T12:11:49+00:00\",\"dateModified\":\"2023-02-16T12:11:49+00:00\",\"author\":{\"@id\":\"https:\/\/theplayoffs.news\/fr\/#\/schema\/person\/eee5b69ad5d3c51cabe881c839dbe133\"},\"breadcrumb\":{\"@id\":\"https:\/\/theplayoffs.news\/fr\/actualite-nfl\/steve-spagnuolo-partage-jerick-mckinnon\/#breadcrumb\"},\"inLanguage\":\"fr-FR\",\"potentialAction\":[{\"@type\":\"ReadAction\",\"target\":[\"https:\/\/theplayoffs.news\/fr\/actualite-nfl\/steve-spagnuolo-partage-jerick-mckinnon\/\"]}]},{\"@type\":\"ImageObject\",\"inLanguage\":\"fr-FR\",\"@id\":\"https:\/\/theplayoffs.news\/fr\/actualite-nfl\/steve-spagnuolo-partage-jerick-mckinnon\/#primaryimage\",\"url\":\"https:\/\/theplayoffs.news\/fr\/wp-content\/uploads\/2023\/02\/tinywow_USATSI_19984625_14024632.jpg\",\"contentUrl\":\"https:\/\/theplayoffs.news\/fr\/wp-content\/uploads\/2023\/02\/tinywow_USATSI_19984625_14024632.jpg\",\"width\":1000,\"height\":600,\"caption\":\"jerick Mckinnon\"},{\"@type\":\"BreadcrumbList\",\"@id\":\"https:\/\/theplayoffs.news\/fr\/actualite-nfl\/steve-spagnuolo-partage-jerick-mckinnon\/#breadcrumb\",\"itemListElement\":[{\"@type\":\"ListItem\",\"position\":1,\"name\":\"Accueil\",\"item\":\"https:\/\/theplayoffs.news\/fr\/\"},{\"@type\":\"ListItem\",\"position\":2,\"name\":\"Steve Spagnuolo partag\u00e9 sur Jerick McKinnon qui ne marque pas au Super Bowl\"}]},{\"@type\":\"WebSite\",\"@id\":\"https:\/\/theplayoffs.news\/fr\/#website\",\"url\":\"https:\/\/theplayoffs.news\/fr\/\",\"name\":\"The Playoffs FR\",\"description\":\"NBA-NFL-NHL-MLB\",\"potentialAction\":[{\"@type\":\"SearchAction\",\"target\":{\"@type\":\"EntryPoint\",\"urlTemplate\":\"https:\/\/theplayoffs.news\/fr\/?s={search_term_string}\"},\"query-input\":{\"@type\":\"PropertyValueSpecification\",\"valueRequired\":true,\"valueName\":\"search_term_string\"}}],\"inLanguage\":\"fr-FR\"},{\"@type\":\"Person\",\"@id\":\"https:\/\/theplayoffs.news\/fr\/#\/schema\/person\/eee5b69ad5d3c51cabe881c839dbe133\",\"name\":\"Charles Taudin\",\"image\":{\"@type\":\"ImageObject\",\"inLanguage\":\"fr-FR\",\"@id\":\"https:\/\/theplayoffs.news\/fr\/#\/schema\/person\/image\/\",\"url\":\"https:\/\/secure.gravatar.com\/avatar\/59a1e772205ce9fd255edfcafc93013736822e20261f294c5753b20c41ede9f2?s=96&d=mm&r=g\",\"contentUrl\":\"https:\/\/secure.gravatar.com\/avatar\/59a1e772205ce9fd255edfcafc93013736822e20261f294c5753b20c41ede9f2?s=96&d=mm&r=g\",\"caption\":\"Charles Taudin\"},\"description\":\"R\u00e9dacteur en chef global de The Playoffs, j\u2019ai cr\u00e9\u00e9 The Free Agent, devenu The Playoffs FR, en 2020 durant la pand\u00e9mie. Amoureux depuis des ann\u00e9es des 4 sports majeurs am\u00e9ricains, j\u2019organise maintenant la strat\u00e9gie \u00e9ditoriale et les r\u00e9seaux sociaux de l\u2019ensemble des versions de The Playoffs. Il m\u2019arrive encore d\u2019\u00e9crire sur certains sports que j\u2019affectionne particuli\u00e8rement comme la NFL ou la MLB. Si vous devez retenir qu\u2019une chose : Eli Manning est le vrai GOAT pour avoir battu deux fois Tom Brady.\",\"sameAs\":[\"https:\/\/www.instagram.com\/ctaudin_\/\"],\"url\":\"https:\/\/theplayoffs.news\/fr\/author\/charles-taudin\/\"}]}<\/script>\n<!-- \/ Yoast SEO plugin. -->","yoast_head_json":{"title":"Steve Spagnuolo partag&eacute; sur Jerick McKinnon qui ne marque pas au Super Bowl - The Playoffs FR","robots":{"index":"index","follow":"follow","max-snippet":"max-snippet:-1","max-image-preview":"max-image-preview:large","max-video-preview":"max-video-preview:-1"},"canonical":"https:\/\/theplayoffs.news\/fr\/actualite-nfl\/steve-spagnuolo-partage-jerick-mckinnon\/","og_locale":"fr_FR","og_type":"article","og_title":"Steve Spagnuolo partag&eacute; sur Jerick McKinnon qui ne marque pas au Super Bowl - The Playoffs FR","og_url":"https:\/\/theplayoffs.news\/fr\/actualite-nfl\/steve-spagnuolo-partage-jerick-mckinnon\/","og_site_name":"The Playoffs FR","article_publisher":"https:\/\/www.facebook.com\/TheFreeAgentFR\/","og_image":[{"width":1000,"height":600,"url":"https:\/\/theplayoffs.news\/fr\/wp-content\/uploads\/2023\/02\/tinywow_USATSI_19984625_14024632.jpg","type":"image\/jpeg"}],"author":"Charles Taudin","twitter_card":"summary_large_image","twitter_creator":"@TheFreeAgentFR","twitter_site":"@TheFreeAgentFR","twitter_misc":{"\u00c9crit par":"Charles Taudin","Dur\u00e9e de lecture estim\u00e9e":"1 minute"},"schema":{"@context":"https:\/\/schema.org","@graph":[{"@type":"WebPage","@id":"https:\/\/theplayoffs.news\/fr\/actualite-nfl\/steve-spagnuolo-partage-jerick-mckinnon\/","url":"https:\/\/theplayoffs.news\/fr\/actualite-nfl\/steve-spagnuolo-partage-jerick-mckinnon\/","name":"Steve Spagnuolo partag\u00e9 sur Jerick McKinnon qui ne marque pas au Super Bowl - The Playoffs FR","isPartOf":{"@id":"https:\/\/theplayoffs.news\/fr\/#website"},"primaryImageOfPage":{"@id":"https:\/\/theplayoffs.news\/fr\/actualite-nfl\/steve-spagnuolo-partage-jerick-mckinnon\/#primaryimage"},"image":{"@id":"https:\/\/theplayoffs.news\/fr\/actualite-nfl\/steve-spagnuolo-partage-jerick-mckinnon\/#primaryimage"},"thumbnailUrl":"https:\/\/theplayoffs.news\/fr\/wp-content\/uploads\/2023\/02\/tinywow_USATSI_19984625_14024632.jpg","datePublished":"2023-02-16T12:11:49+00:00","dateModified":"2023-02-16T12:11:49+00:00","author":{"@id":"https:\/\/theplayoffs.news\/fr\/#\/schema\/person\/eee5b69ad5d3c51cabe881c839dbe133"},"breadcrumb":{"@id":"https:\/\/theplayoffs.news\/fr\/actualite-nfl\/steve-spagnuolo-partage-jerick-mckinnon\/#breadcrumb"},"inLanguage":"fr-FR","potentialAction":[{"@type":"ReadAction","target":["https:\/\/theplayoffs.news\/fr\/actualite-nfl\/steve-spagnuolo-partage-jerick-mckinnon\/"]}]},{"@type":"ImageObject","inLanguage":"fr-FR","@id":"https:\/\/theplayoffs.news\/fr\/actualite-nfl\/steve-spagnuolo-partage-jerick-mckinnon\/#primaryimage","url":"https:\/\/theplayoffs.news\/fr\/wp-content\/uploads\/2023\/02\/tinywow_USATSI_19984625_14024632.jpg","contentUrl":"https:\/\/theplayoffs.news\/fr\/wp-content\/uploads\/2023\/02\/tinywow_USATSI_19984625_14024632.jpg","width":1000,"height":600,"caption":"jerick Mckinnon"},{"@type":"BreadcrumbList","@id":"https:\/\/theplayoffs.news\/fr\/actualite-nfl\/steve-spagnuolo-partage-jerick-mckinnon\/#breadcrumb","itemListElement":[{"@type":"ListItem","position":1,"name":"Accueil","item":"https:\/\/theplayoffs.news\/fr\/"},{"@type":"ListItem","position":2,"name":"Steve Spagnuolo partag\u00e9 sur Jerick McKinnon qui ne marque pas au Super Bowl"}]},{"@type":"WebSite","@id":"https:\/\/theplayoffs.news\/fr\/#website","url":"https:\/\/theplayoffs.news\/fr\/","name":"The Playoffs FR","description":"NBA-NFL-NHL-MLB","potentialAction":[{"@type":"SearchAction","target":{"@type":"EntryPoint","urlTemplate":"https:\/\/theplayoffs.news\/fr\/?s={search_term_string}"},"query-input":{"@type":"PropertyValueSpecification","valueRequired":true,"valueName":"search_term_string"}}],"inLanguage":"fr-FR"},{"@type":"Person","@id":"https:\/\/theplayoffs.news\/fr\/#\/schema\/person\/eee5b69ad5d3c51cabe881c839dbe133","name":"Charles Taudin","image":{"@type":"ImageObject","inLanguage":"fr-FR","@id":"https:\/\/theplayoffs.news\/fr\/#\/schema\/person\/image\/","url":"https:\/\/secure.gravatar.com\/avatar\/59a1e772205ce9fd255edfcafc93013736822e20261f294c5753b20c41ede9f2?s=96&d=mm&r=g","contentUrl":"https:\/\/secure.gravatar.com\/avatar\/59a1e772205ce9fd255edfcafc93013736822e20261f294c5753b20c41ede9f2?s=96&d=mm&r=g","caption":"Charles Taudin"},"description":"R\u00e9dacteur en chef global de The Playoffs, j\u2019ai cr\u00e9\u00e9 The Free Agent, devenu The Playoffs FR, en 2020 durant la pand\u00e9mie. Amoureux depuis des ann\u00e9es des 4 sports majeurs am\u00e9ricains, j\u2019organise maintenant la strat\u00e9gie \u00e9ditoriale et les r\u00e9seaux sociaux de l\u2019ensemble des versions de The Playoffs. Il m\u2019arrive encore d\u2019\u00e9crire sur certains sports que j\u2019affectionne particuli\u00e8rement comme la NFL ou la MLB. Si vous devez retenir qu\u2019une chose : Eli Manning est le vrai GOAT pour avoir battu deux fois Tom Brady.","sameAs":["https:\/\/www.instagram.com\/ctaudin_\/"],"url":"https:\/\/theplayoffs.news\/fr\/author\/charles-taudin\/"}]}},"_links":{"self":[{"href":"https:\/\/theplayoffs.news\/fr\/wp-json\/wp\/v2\/posts\/567313","targetHints":{"allow":["GET"]}}],"collection":[{"href":"https:\/\/theplayoffs.news\/fr\/wp-json\/wp\/v2\/posts"}],"about":[{"href":"https:\/\/theplayoffs.news\/fr\/wp-json\/wp\/v2\/types\/post"}],"author":[{"embeddable":true,"href":"https:\/\/theplayoffs.news\/fr\/wp-json\/wp\/v2\/users\/13"}],"replies":[{"embeddable":true,"href":"https:\/\/theplayoffs.news\/fr\/wp-json\/wp\/v2\/comments?post=567313"}],"version-history":[{"count":3,"href":"https:\/\/theplayoffs.news\/fr\/wp-json\/wp\/v2\/posts\/567313\/revisions"}],"predecessor-version":[{"id":567325,"href":"https:\/\/theplayoffs.news\/fr\/wp-json\/wp\/v2\/posts\/567313\/revisions\/567325"}],"wp:featuredmedia":[{"embeddable":true,"href":"https:\/\/theplayoffs.news\/fr\/wp-json\/wp\/v2\/media\/567322"}],"wp:attachment":[{"href":"https:\/\/theplayoffs.news\/fr\/wp-json\/wp\/v2\/media?parent=567313"}],"wp:term":[{"taxonomy":"category","embeddable":true,"href":"https:\/\/theplayoffs.news\/fr\/wp-json\/wp\/v2\/categories?post=567313"},{"taxonomy":"post_tag","embeddable":true,"href":"https:\/\/theplayoffs.news\/fr\/wp-json\/wp\/v2\/tags?post=567313"},{"taxonomy":"sport","embeddable":true,"href":"https:\/\/theplayoffs.news\/fr\/wp-json\/wp\/v2\/sport?post=567313"},{"taxonomy":"saison","embeddable":true,"href":"https:\/\/theplayoffs.news\/fr\/wp-json\/wp\/v2\/saison?post=567313"}],"curies":[{"name":"wp","href":"https:\/\/api.w.org\/{rel}","templated":true}]}}