{"id":567101,"date":"2023-02-15T16:00:00","date_gmt":"2023-02-15T15:00:00","guid":{"rendered":"https:\/\/theplayoffs.news\/fr\/?p=567101"},"modified":"2023-02-15T16:00:12","modified_gmt":"2023-02-15T15:00:12","slug":"batum-elogieux-sur-westbrook","status":"publish","type":"post","link":"https:\/\/theplayoffs.news\/fr\/actualite-nba\/batum-elogieux-sur-westbrook\/","title":{"rendered":"Nicolas Batum \u00e9logieux au sujet de Russell Westbrook"},"content":{"rendered":"<h2>La situation de Russell Westbrook ne s&rsquo;est toujours pas arrang&eacute;e, dans le sens o&ugrave; il demeure un joueur du Jazz et n&rsquo;a&nbsp; pas encore &eacute;t&eacute; coup&eacute;. Alors qu&rsquo;on l&rsquo;annonce chez les Clippers, Nicolas Batum s&rsquo;est exprim&eacute; et verrait d&rsquo;un tr&egrave;s bon &oelig;il l&rsquo;arriv&eacute;e de &laquo;&nbsp;Russ West&nbsp;&raquo; chez les Clippers.<\/h2><p><a href=\"https:\/\/theplayoffs.news\/fr\/joueur\/russell-westbrook-nba-6936\/\" class=\"trk-cta-link\" data-cta-trk='{\"ctaType\":\"Link\",\"ctaSubType\":\"main\"}'><strong>Russel Westbrook<\/strong><\/a> est toujours un joueur du <strong>Jazz d&rsquo;Utah<\/strong>, depuis que <strong>les Lakers<\/strong> l&rsquo;ont &eacute;chang&eacute; dans un trade &agrave; trois &eacute;quipes avec <strong>Minnesota<\/strong> en &eacute;change de <strong>D&rsquo;Angelo Russell<\/strong>. D&egrave;s la fin de la trade deadline, on suppose que <strong>Russell Westbrook<\/strong> ne restera pas &agrave; Utah et trouvera une nouvelle franchise apr&egrave;s que Utah ne le coupe. Depuis plusieurs jours, les deux options les plus probables semblent &ecirc;tre le <strong>Heat de Miami<\/strong> et les <strong>Clippers de Los Angeles<\/strong>.<\/p><p>Mais l&rsquo;option <strong>LA Clippers<\/strong> parait tr&egrave;s int&eacute;ressante surtout quand on sait que les Clippers ont un besoin au poste de meneur de jeu. L&rsquo;ailier fran&ccedil;ais des Clippers <strong><a href=\"https:\/\/theplayoffs.news\/fr\/joueur\/nicolas-batum-nba-6832\/\" class=\"trk-cta-link\" data-cta-trk='{\"ctaType\":\"Link\",\"ctaSubType\":\"main\"}'>Nicolas Batum<\/a><\/strong> s&rsquo;est exprim&eacute; en conf&eacute;rence de presse au sujet d&rsquo;une &eacute;ventuelle arriv&eacute;e de Russell Westbrook dans l&rsquo;&eacute;quipe et <a href=\"https:\/\/twitter.com\/ClutchPointsApp\/status\/1625629809945767936?s=20&amp;t=HOkpGSXtwi25A9_NBYYJ8A\" class=\"trk-cta-link\" data-cta-trk='{\"ctaType\":\"Link\",\"ctaSubType\":\"main\"}'>n&rsquo;a pas manqu&eacute; d&rsquo;&ecirc;tre &eacute;logieux &agrave; son sujet.&nbsp;<\/a><\/p><blockquote><p><em>&laquo;&nbsp;Les gens oublient un peu Russ et ce qu&rsquo;il a accompli, je sais que &ccedil;a a &eacute;t&eacute; compliqu&eacute; ces derni&egrave;res ann&eacute;es, mais je ne le tiens pas pour responsable. On m&rsquo;a d&eacute;sign&eacute; pire joueur de NBA avant que j&rsquo;arrive ici (chez les Los Angeles Clippers). &Ccedil;a marche avec certaines &eacute;quipes et pas avec d&rsquo;autres, &ccedil;a ne d&eacute;finit pas qui tu es en tant que joueur. On ne peut pas juger sa carri&egrave;re sur les 18 derniers mois, j&rsquo;ai v&eacute;cu la m&ecirc;me chose.&nbsp;&raquo;<\/em><\/p>\n<p><em><strong>Nicolas Batum<\/strong>, en conf&eacute;rence de presse des Clippers.&nbsp;<\/em><\/p><\/blockquote><p><strong>Nicolas Batum<\/strong> souligne que l&rsquo;arriv&eacute;e d&rsquo;un joueur de la trempe de <em>&laquo;&nbsp;Russ West&nbsp;&raquo;<\/em> dans l&rsquo;effectif des Clippers pourrait tout changer dans l&rsquo;espoir de gagner un titre. Les Clippers ont recrut&eacute; <strong>Bones Hyland<\/strong> en provenance de <strong>Denver<\/strong> et <strong>Miles Plumlee<\/strong> en provenance de <strong>Charlotte<\/strong> ou encore <strong>Eric Gordon<\/strong> de <strong>Houston<\/strong>, avant la trade deadline et pourquoi pas donc Russell Westbrook dans un effectif qui aurait encore plus fi&egrave;re allure.<\/p><blockquote><p><em><span id=\"p15\">&laquo;&nbsp;Si on le fait&nbsp;<span id=\"p14\">(signer&nbsp;<span id=\"22\">Westbrook<\/span>)<\/span>&nbsp;je serai plus que content d&rsquo;avoir un joueur comme &ccedil;a.<\/span><span id=\"p16\">&nbsp;On parle d&rsquo;un Hall Of&nbsp;<span id=\"23\" class=\"s-rg\">Fame<\/span>, d&rsquo;un&nbsp;<span id=\"24\" class=\"s-rg\">MVP<\/span>, &ccedil;a ne se refuse pas, on se moque de ce qu&rsquo;il s&rsquo;est pass&eacute; avant.<\/span><span id=\"p17\">&nbsp;Je peux le dire parce que les Clippers m&rsquo;ont donn&eacute; cette chance apr&egrave;s ce que j&rsquo;ai v&eacute;cu&nbsp;<span id=\"25\" class=\"s-or\">&agrave;<\/span>&nbsp;Charlotte.<\/span><span id=\"p18\">&nbsp;J&rsquo;esp&egrave;re juste qu&rsquo;il va venir ici.<\/span><span id=\"p28\">&nbsp;Et je ne suis qu&rsquo;un joueur lambda donc s&rsquo;il a le m&ecirc;me succ&egrave;s que moi, je vous laisse imaginer.<\/span><span id=\"p20\">&nbsp;Il peut faire passer un cap &agrave; l&rsquo;&eacute;quipe.<\/span><span id=\"p21\">&laquo;&nbsp;<\/span><\/em><\/p>\n<p><em><strong>Nicolas Batum<\/strong>.<\/em><\/p><\/blockquote>\n","protected":false},"excerpt":{"rendered":"","protected":false},"author":180310139,"featured_media":567111,"comment_status":"open","ping_status":"closed","sticky":false,"template":"","format":"standard","meta":{"inline_featured_image":false,"kia_subtitle":"","_mux_skip_reasons":[],"proofreadBy":0,"footnotes":""},"categories":[110,10],"tags":[610,117,23,1391,605,855],"sport":[2783],"saison":[],"class_list":["post-567101","post","type-post","status-publish","format-standard","has-post-thumbnail","hentry","category-actualite-nba","category-nba","tag-los-angeles-clippers","tag-los-angeles-lakers","tag-nba-tag","tag-nicolas-batum","tag-russell-westbrook","tag-utah-jazz","sport-nba"],"acf":[],"yoast_head":"<!-- This site is optimized with the Yoast SEO plugin v24.2 - https:\/\/yoast.com\/wordpress\/plugins\/seo\/ -->\n<title>Nicolas Batum &eacute;logieux au sujet de Russell Westbrook - The Playoffs FR<\/title>\n<meta name=\"robots\" content=\"index, follow, max-snippet:-1, max-image-preview:large, max-video-preview:-1\" \/>\n<link rel=\"canonical\" href=\"https:\/\/theplayoffs.news\/fr\/actualite-nba\/batum-elogieux-sur-westbrook\/\" \/>\n<meta property=\"og:locale\" content=\"fr_FR\" \/>\n<meta property=\"og:type\" content=\"article\" \/>\n<meta property=\"og:title\" content=\"Nicolas Batum &eacute;logieux au sujet de Russell Westbrook - The Playoffs FR\" \/>\n<meta property=\"og:url\" content=\"https:\/\/theplayoffs.news\/fr\/actualite-nba\/batum-elogieux-sur-westbrook\/\" \/>\n<meta property=\"og:site_name\" content=\"The Playoffs FR\" \/>\n<meta property=\"article:publisher\" content=\"https:\/\/www.facebook.com\/TheFreeAgentFR\/\" \/>\n<meta property=\"article:modified_time\" content=\"2023-02-15T16:00:12+01:00\" \/>\n<meta property=\"og:image\" content=\"https:\/\/theplayoffs.news\/fr\/wp-content\/uploads\/2023\/02\/ImgMini.jpeg\" \/>\n\t<meta property=\"og:image:width\" content=\"334\" \/>\n\t<meta property=\"og:image:height\" content=\"250\" \/>\n\t<meta property=\"og:image:type\" content=\"image\/jpeg\" \/>\n<meta name=\"author\" content=\"Alban Conejero\" \/>\n<meta name=\"twitter:card\" content=\"summary_large_image\" \/>\n<meta name=\"twitter:creator\" content=\"@TheFreeAgentFR\" \/>\n<meta name=\"twitter:site\" content=\"@TheFreeAgentFR\" \/>\n<meta name=\"twitter:label1\" content=\"\u00c9crit par\" \/>\n\t<meta name=\"twitter:data1\" content=\"Alban Conejero\" \/>\n\t<meta name=\"twitter:label2\" content=\"Dur\u00e9e de lecture estim\u00e9e\" \/>\n\t<meta name=\"twitter:data2\" content=\"2 minutes\" \/>\n<script type=\"application\/ld+json\" class=\"yoast-schema-graph\">{\"@context\":\"https:\/\/schema.org\",\"@graph\":[{\"@type\":\"WebPage\",\"@id\":\"https:\/\/theplayoffs.news\/fr\/actualite-nba\/batum-elogieux-sur-westbrook\/\",\"url\":\"https:\/\/theplayoffs.news\/fr\/actualite-nba\/batum-elogieux-sur-westbrook\/\",\"name\":\"Nicolas Batum \u00e9logieux au sujet de Russell Westbrook - The Playoffs FR\",\"isPartOf\":{\"@id\":\"https:\/\/theplayoffs.news\/fr\/#website\"},\"primaryImageOfPage\":{\"@id\":\"https:\/\/theplayoffs.news\/fr\/actualite-nba\/batum-elogieux-sur-westbrook\/#primaryimage\"},\"image\":{\"@id\":\"https:\/\/theplayoffs.news\/fr\/actualite-nba\/batum-elogieux-sur-westbrook\/#primaryimage\"},\"thumbnailUrl\":\"https:\/\/theplayoffs.news\/fr\/wp-content\/uploads\/2023\/02\/ImgMini.jpeg\",\"datePublished\":\"2023-02-15T15:00:00+00:00\",\"dateModified\":\"2023-02-15T15:00:12+00:00\",\"author\":{\"@id\":\"https:\/\/theplayoffs.news\/fr\/#\/schema\/person\/3dd6319a9057ecd181d2351cdb03ccd2\"},\"breadcrumb\":{\"@id\":\"https:\/\/theplayoffs.news\/fr\/actualite-nba\/batum-elogieux-sur-westbrook\/#breadcrumb\"},\"inLanguage\":\"fr-FR\",\"potentialAction\":[{\"@type\":\"ReadAction\",\"target\":[\"https:\/\/theplayoffs.news\/fr\/actualite-nba\/batum-elogieux-sur-westbrook\/\"]}]},{\"@type\":\"ImageObject\",\"inLanguage\":\"fr-FR\",\"@id\":\"https:\/\/theplayoffs.news\/fr\/actualite-nba\/batum-elogieux-sur-westbrook\/#primaryimage\",\"url\":\"https:\/\/theplayoffs.news\/fr\/wp-content\/uploads\/2023\/02\/ImgMini.jpeg\",\"contentUrl\":\"https:\/\/theplayoffs.news\/fr\/wp-content\/uploads\/2023\/02\/ImgMini.jpeg\",\"width\":334,\"height\":250,\"caption\":\"Batum\"},{\"@type\":\"BreadcrumbList\",\"@id\":\"https:\/\/theplayoffs.news\/fr\/actualite-nba\/batum-elogieux-sur-westbrook\/#breadcrumb\",\"itemListElement\":[{\"@type\":\"ListItem\",\"position\":1,\"name\":\"Accueil\",\"item\":\"https:\/\/theplayoffs.news\/fr\/\"},{\"@type\":\"ListItem\",\"position\":2,\"name\":\"Nicolas Batum \u00e9logieux au sujet de Russell Westbrook\"}]},{\"@type\":\"WebSite\",\"@id\":\"https:\/\/theplayoffs.news\/fr\/#website\",\"url\":\"https:\/\/theplayoffs.news\/fr\/\",\"name\":\"The Playoffs FR\",\"description\":\"NBA-NFL-NHL-MLB\",\"potentialAction\":[{\"@type\":\"SearchAction\",\"target\":{\"@type\":\"EntryPoint\",\"urlTemplate\":\"https:\/\/theplayoffs.news\/fr\/?s={search_term_string}\"},\"query-input\":{\"@type\":\"PropertyValueSpecification\",\"valueRequired\":true,\"valueName\":\"search_term_string\"}}],\"inLanguage\":\"fr-FR\"},{\"@type\":\"Person\",\"@id\":\"https:\/\/theplayoffs.news\/fr\/#\/schema\/person\/3dd6319a9057ecd181d2351cdb03ccd2\",\"name\":\"Alban Conejero\",\"image\":{\"@type\":\"ImageObject\",\"inLanguage\":\"fr-FR\",\"@id\":\"https:\/\/theplayoffs.news\/fr\/#\/schema\/person\/image\/\",\"url\":\"https:\/\/secure.gravatar.com\/avatar\/ef2d5e8508f59dc7b4e42edb92917fc230c9f46d5eb7ec09de6d5b8e112de01f?s=96&d=mm&r=g\",\"contentUrl\":\"https:\/\/secure.gravatar.com\/avatar\/ef2d5e8508f59dc7b4e42edb92917fc230c9f46d5eb7ec09de6d5b8e112de01f?s=96&d=mm&r=g\",\"caption\":\"Alban Conejero\"},\"url\":\"https:\/\/theplayoffs.news\/fr\/author\/albanconejero26gmail-com\/\"}]}<\/script>\n<!-- \/ Yoast SEO plugin. -->","yoast_head_json":{"title":"Nicolas Batum &eacute;logieux au sujet de Russell Westbrook - The Playoffs FR","robots":{"index":"index","follow":"follow","max-snippet":"max-snippet:-1","max-image-preview":"max-image-preview:large","max-video-preview":"max-video-preview:-1"},"canonical":"https:\/\/theplayoffs.news\/fr\/actualite-nba\/batum-elogieux-sur-westbrook\/","og_locale":"fr_FR","og_type":"article","og_title":"Nicolas Batum &eacute;logieux au sujet de Russell Westbrook - The Playoffs FR","og_url":"https:\/\/theplayoffs.news\/fr\/actualite-nba\/batum-elogieux-sur-westbrook\/","og_site_name":"The Playoffs FR","article_publisher":"https:\/\/www.facebook.com\/TheFreeAgentFR\/","article_modified_time":"2023-02-15T15:00:12+00:00","og_image":[{"width":334,"height":250,"url":"https:\/\/theplayoffs.news\/fr\/wp-content\/uploads\/2023\/02\/ImgMini.jpeg","type":"image\/jpeg"}],"author":"Alban Conejero","twitter_card":"summary_large_image","twitter_creator":"@TheFreeAgentFR","twitter_site":"@TheFreeAgentFR","twitter_misc":{"\u00c9crit par":"Alban Conejero","Dur\u00e9e de lecture estim\u00e9e":"2 minutes"},"schema":{"@context":"https:\/\/schema.org","@graph":[{"@type":"WebPage","@id":"https:\/\/theplayoffs.news\/fr\/actualite-nba\/batum-elogieux-sur-westbrook\/","url":"https:\/\/theplayoffs.news\/fr\/actualite-nba\/batum-elogieux-sur-westbrook\/","name":"Nicolas Batum \u00e9logieux au sujet de Russell Westbrook - The Playoffs FR","isPartOf":{"@id":"https:\/\/theplayoffs.news\/fr\/#website"},"primaryImageOfPage":{"@id":"https:\/\/theplayoffs.news\/fr\/actualite-nba\/batum-elogieux-sur-westbrook\/#primaryimage"},"image":{"@id":"https:\/\/theplayoffs.news\/fr\/actualite-nba\/batum-elogieux-sur-westbrook\/#primaryimage"},"thumbnailUrl":"https:\/\/theplayoffs.news\/fr\/wp-content\/uploads\/2023\/02\/ImgMini.jpeg","datePublished":"2023-02-15T15:00:00+00:00","dateModified":"2023-02-15T15:00:12+00:00","author":{"@id":"https:\/\/theplayoffs.news\/fr\/#\/schema\/person\/3dd6319a9057ecd181d2351cdb03ccd2"},"breadcrumb":{"@id":"https:\/\/theplayoffs.news\/fr\/actualite-nba\/batum-elogieux-sur-westbrook\/#breadcrumb"},"inLanguage":"fr-FR","potentialAction":[{"@type":"ReadAction","target":["https:\/\/theplayoffs.news\/fr\/actualite-nba\/batum-elogieux-sur-westbrook\/"]}]},{"@type":"ImageObject","inLanguage":"fr-FR","@id":"https:\/\/theplayoffs.news\/fr\/actualite-nba\/batum-elogieux-sur-westbrook\/#primaryimage","url":"https:\/\/theplayoffs.news\/fr\/wp-content\/uploads\/2023\/02\/ImgMini.jpeg","contentUrl":"https:\/\/theplayoffs.news\/fr\/wp-content\/uploads\/2023\/02\/ImgMini.jpeg","width":334,"height":250,"caption":"Batum"},{"@type":"BreadcrumbList","@id":"https:\/\/theplayoffs.news\/fr\/actualite-nba\/batum-elogieux-sur-westbrook\/#breadcrumb","itemListElement":[{"@type":"ListItem","position":1,"name":"Accueil","item":"https:\/\/theplayoffs.news\/fr\/"},{"@type":"ListItem","position":2,"name":"Nicolas Batum \u00e9logieux au sujet de Russell Westbrook"}]},{"@type":"WebSite","@id":"https:\/\/theplayoffs.news\/fr\/#website","url":"https:\/\/theplayoffs.news\/fr\/","name":"The Playoffs FR","description":"NBA-NFL-NHL-MLB","potentialAction":[{"@type":"SearchAction","target":{"@type":"EntryPoint","urlTemplate":"https:\/\/theplayoffs.news\/fr\/?s={search_term_string}"},"query-input":{"@type":"PropertyValueSpecification","valueRequired":true,"valueName":"search_term_string"}}],"inLanguage":"fr-FR"},{"@type":"Person","@id":"https:\/\/theplayoffs.news\/fr\/#\/schema\/person\/3dd6319a9057ecd181d2351cdb03ccd2","name":"Alban Conejero","image":{"@type":"ImageObject","inLanguage":"fr-FR","@id":"https:\/\/theplayoffs.news\/fr\/#\/schema\/person\/image\/","url":"https:\/\/secure.gravatar.com\/avatar\/ef2d5e8508f59dc7b4e42edb92917fc230c9f46d5eb7ec09de6d5b8e112de01f?s=96&d=mm&r=g","contentUrl":"https:\/\/secure.gravatar.com\/avatar\/ef2d5e8508f59dc7b4e42edb92917fc230c9f46d5eb7ec09de6d5b8e112de01f?s=96&d=mm&r=g","caption":"Alban Conejero"},"url":"https:\/\/theplayoffs.news\/fr\/author\/albanconejero26gmail-com\/"}]}},"_links":{"self":[{"href":"https:\/\/theplayoffs.news\/fr\/wp-json\/wp\/v2\/posts\/567101","targetHints":{"allow":["GET"]}}],"collection":[{"href":"https:\/\/theplayoffs.news\/fr\/wp-json\/wp\/v2\/posts"}],"about":[{"href":"https:\/\/theplayoffs.news\/fr\/wp-json\/wp\/v2\/types\/post"}],"author":[{"embeddable":true,"href":"https:\/\/theplayoffs.news\/fr\/wp-json\/wp\/v2\/users\/180310139"}],"replies":[{"embeddable":true,"href":"https:\/\/theplayoffs.news\/fr\/wp-json\/wp\/v2\/comments?post=567101"}],"version-history":[{"count":2,"href":"https:\/\/theplayoffs.news\/fr\/wp-json\/wp\/v2\/posts\/567101\/revisions"}],"predecessor-version":[{"id":567128,"href":"https:\/\/theplayoffs.news\/fr\/wp-json\/wp\/v2\/posts\/567101\/revisions\/567128"}],"wp:featuredmedia":[{"embeddable":true,"href":"https:\/\/theplayoffs.news\/fr\/wp-json\/wp\/v2\/media\/567111"}],"wp:attachment":[{"href":"https:\/\/theplayoffs.news\/fr\/wp-json\/wp\/v2\/media?parent=567101"}],"wp:term":[{"taxonomy":"category","embeddable":true,"href":"https:\/\/theplayoffs.news\/fr\/wp-json\/wp\/v2\/categories?post=567101"},{"taxonomy":"post_tag","embeddable":true,"href":"https:\/\/theplayoffs.news\/fr\/wp-json\/wp\/v2\/tags?post=567101"},{"taxonomy":"sport","embeddable":true,"href":"https:\/\/theplayoffs.news\/fr\/wp-json\/wp\/v2\/sport?post=567101"},{"taxonomy":"saison","embeddable":true,"href":"https:\/\/theplayoffs.news\/fr\/wp-json\/wp\/v2\/saison?post=567101"}],"curies":[{"name":"wp","href":"https:\/\/api.w.org\/{rel}","templated":true}]}}