{"id":567083,"date":"2023-02-15T14:15:21","date_gmt":"2023-02-15T13:15:21","guid":{"rendered":"https:\/\/theplayoffs.news\/fr\/?p=567083"},"modified":"2023-05-27T14:38:28","modified_gmt":"2023-05-27T12:38:28","slug":"la-quete-des-coordinateurs-pour-les-eagles","status":"publish","type":"post","link":"https:\/\/theplayoffs.news\/fr\/actualite-nfl\/la-quete-des-coordinateurs-pour-les-eagles\/","title":{"rendered":"La qu\u00eate des coordinateurs pour les Eagles"},"content":{"rendered":"<h2><strong>Les Eagles sont victimes de leur succ&egrave;s : leur deux coordinateurs sont partis pour des postes d&rsquo;entra&icirc;neurs en chef. La qu&ecirc;te pour les remplacer a commenc&eacute;.<\/strong><\/h2><p>Jamais depuis les Bengals en 2013, une &eacute;quipe n&rsquo;avait perdu la m&ecirc;me intersaison ses coordinateurs offensif et d&eacute;fensif. Le succ&egrave;s des Eagles cette saison a &eacute;t&eacute; rendu aussi possible par une continuit&eacute; dans le staff qui entourait Nick Sirianni.<\/p><p>S&rsquo;entourer correctement fait aussi parti du travail d&rsquo;un entra&icirc;neur en chef et en plus de la gestion de l&rsquo;effectif des joueurs et des futurs agents libres, Nick Sirianni aura cette lourde t&acirc;che &agrave; accomplir s&rsquo;il veut pouvoir avoir de nouveau une chance de revenir au Super Bowl l&rsquo;an prochain car la NFC Est ne sera pas facile &agrave; nouveau !<\/p><p>Les Eagles seront oblig&eacute; de faire passer des entretiens &agrave; des candidats externes, mais les solutions en interne ne semblent pas manquer.<\/p><h3><strong>Regarder en interne pour la continuit&eacute;<\/strong><\/h3><p>En attaque, les Eagles auront un solide candidat avec l&rsquo;entra&icirc;neur des quarterback Brian Johnson.<\/p><p>La connexion de Johnson avec <a href=\"https:\/\/theplayoffs.news\/fr\/joueur\/jalen-hurts-nfl-8081430\/\" class=\"trk-cta-link\" data-cta-trk='{\"ctaType\":\"Link\",\"ctaSubType\":\"main\"}'><strong>Jalen Hurts<\/strong><\/a>, dont le p&egrave;re a jou&eacute; au lyc&eacute;e, a &eacute;t&eacute; largement rapport&eacute;e. Cependant, c&rsquo;est le palmar&egrave;s impressionnant de Johnson qui l&rsquo;a amen&eacute; l&agrave; o&ugrave; il est aujourd&rsquo;hui. Notamment, Dak Prescott et Kyle Trask ont obtenu un grand succ&egrave;s &agrave; l&rsquo;universit&eacute; sous la tutelle de Johnson, les deux quarterbacks remportant de nombreux prix et distinctions. La progression de Jalen Hurts cette saison et son match historique lors du Super Bowl plaide aussi pour lui.<\/p><blockquote><p>&laquo; Il va &ecirc;tre une star un jour. Il va devenir un grand entra&icirc;neur en chef un jour, je n&rsquo;en doute pas dans mon esprit &raquo;, a d&eacute;clar&eacute; Hurts via <a href=\"https:\/\/theathletic.com\/4201760\/2023\/02\/15\/eagles-coordinator-search-shane-steichen-jonathan-gannon\/\" class=\"trk-cta-link\" data-cta-trk='{\"ctaType\":\"Link\",\"ctaSubType\":\"main\"}'>The Athletic<\/a>. &laquo;&nbsp;Cela vient d&rsquo;une amiti&eacute; personnelle avec lui et moi. Aussi, pouvoir jouer pour lui. je sais tout de lui.&nbsp;&raquo;<\/p><\/blockquote><p>Johnson sera tout a fait capable d&rsquo;appeler les jeu comme Steichen le faisait depuis la mi-2021.<\/p><p>L&rsquo;autre nom qui pourrait revenir est celui du coordinateur du jeu de passe, Kevin Patullo.<\/p><p>Patullo avait &eacute;t&eacute; entra&icirc;neur int&eacute;rimaire lorsque Sirianni avait &eacute;t&eacute; positif au Covid-19. Il a pour lui d&rsquo;avoir travaill&eacute; avec 6 franchises diff&eacute;rentes en tant que coach des quarterbacks et des receveurs.<\/p><h4><em><strong>En d&eacute;fense : l&rsquo;incertitude de l&rsquo;effectif<\/strong><\/em><\/h4><p>C&ocirc;t&eacute; d&eacute;fensif, le nouveau coordinateur devra aussi conjuguer avec l&rsquo;incertitude concernant son effectif avec 8 joueurs agents libres cette intersaison.<\/p><p>La continuit&eacute; n&rsquo;est pas aussi importante dans ce secteur compte tenu de l&rsquo;autonomie que poss&eacute;dait Gannon &agrave; son poste.<\/p><p>La aussi en interne, un nom se d&eacute;gage : Dennard Wilson.<\/p><p>Dennard Wilson, &acirc;g&eacute; de 40 ans, a &eacute;t&eacute; nomm&eacute; coordinateur du jeu de passes d&eacute;fensif pour la saison 2022. Avant son r&ocirc;le avec les Eagles, Wilson a travaill&eacute; avec les Jets et les Rams, en particulier sous les d&eacute;fenses dirig&eacute;es par Gregg Williams, qui ressemblaient davantage au sch&eacute;ma employ&eacute; par Jim Schwartz pendant son mandat avec les Eagles.<\/p><p>Wilson a &eacute;galement travaill&eacute; comme scout avec les Bears de Chicago. En janvier, il a &eacute;t&eacute; interview&eacute; pour le poste de coordinateur d&eacute;fensif avec les Browns de Cleveland, un t&eacute;moignage de son statut respect&eacute; au sein de la ligue. Ses capacit&eacute;s ont &eacute;galement &eacute;t&eacute; reconnues par les joueurs, Darius Slay d&eacute;clarant qu&rsquo;il ne serait pas surpris si Wilson obtenait un poste de coordinateur.<\/p><p>&nbsp;<\/p><p>La difficult&eacute; pour les Eagles est le timing de ses d&eacute;parts assez tard dans ce qu&rsquo;on appelle le cycle de recrutement. Beaucoup d&nbsp;&raquo;&eacute;quipe ont trouv&eacute; chaussures &agrave; leur pied plus t&ocirc;t mais le Suepr Bowl a repouss&eacute; la r&eacute;flexion pour les Eagles &agrave; seulement 2 semaine du Combine.<\/p><p>les choix qui seront fait<\/p>\n","protected":false},"excerpt":{"rendered":"","protected":false},"author":13,"featured_media":0,"comment_status":"open","ping_status":"closed","sticky":false,"template":"","format":"standard","meta":{"inline_featured_image":false,"kia_subtitle":"","_mux_skip_reasons":[],"proofreadBy":0,"footnotes":""},"categories":[118,40],"tags":[773],"sport":[],"saison":[],"class_list":["post-567083","post","type-post","status-publish","format-standard","hentry","category-actualite-nfl","category-nfl","tag-philadelphia-eagles"],"acf":[],"yoast_head":"<!-- This site is optimized with the Yoast SEO plugin v24.2 - https:\/\/yoast.com\/wordpress\/plugins\/seo\/ -->\n<title>La qu&ecirc;te des coordinateurs pour les Eagles - The Playoffs FR<\/title>\n<meta name=\"robots\" content=\"index, follow, max-snippet:-1, max-image-preview:large, max-video-preview:-1\" \/>\n<link rel=\"canonical\" href=\"https:\/\/theplayoffs.news\/fr\/actualite-nfl\/la-quete-des-coordinateurs-pour-les-eagles\/\" \/>\n<meta property=\"og:locale\" content=\"fr_FR\" \/>\n<meta property=\"og:type\" content=\"article\" \/>\n<meta property=\"og:title\" content=\"La qu&ecirc;te des coordinateurs pour les Eagles - The Playoffs FR\" \/>\n<meta property=\"og:url\" content=\"https:\/\/theplayoffs.news\/fr\/actualite-nfl\/la-quete-des-coordinateurs-pour-les-eagles\/\" \/>\n<meta property=\"og:site_name\" content=\"The Playoffs FR\" \/>\n<meta property=\"article:publisher\" content=\"https:\/\/www.facebook.com\/TheFreeAgentFR\/\" \/>\n<meta property=\"article:modified_time\" content=\"2023-05-27T14:38:28+02:00\" \/>\n<meta name=\"author\" content=\"Charles Taudin\" \/>\n<meta name=\"twitter:card\" content=\"summary_large_image\" \/>\n<meta name=\"twitter:creator\" content=\"@TheFreeAgentFR\" \/>\n<meta name=\"twitter:site\" content=\"@TheFreeAgentFR\" \/>\n<meta name=\"twitter:label1\" content=\"\u00c9crit par\" \/>\n\t<meta name=\"twitter:data1\" content=\"Charles Taudin\" \/>\n\t<meta name=\"twitter:label2\" content=\"Dur\u00e9e de lecture estim\u00e9e\" \/>\n\t<meta name=\"twitter:data2\" content=\"3 minutes\" \/>\n<script type=\"application\/ld+json\" class=\"yoast-schema-graph\">{\"@context\":\"https:\/\/schema.org\",\"@graph\":[{\"@type\":\"WebPage\",\"@id\":\"https:\/\/theplayoffs.news\/fr\/actualite-nfl\/la-quete-des-coordinateurs-pour-les-eagles\/\",\"url\":\"https:\/\/theplayoffs.news\/fr\/actualite-nfl\/la-quete-des-coordinateurs-pour-les-eagles\/\",\"name\":\"La qu\u00eate des coordinateurs pour les Eagles - The Playoffs FR\",\"isPartOf\":{\"@id\":\"https:\/\/theplayoffs.news\/fr\/#website\"},\"datePublished\":\"2023-02-15T13:15:21+00:00\",\"dateModified\":\"2023-05-27T12:38:28+00:00\",\"author\":{\"@id\":\"https:\/\/theplayoffs.news\/fr\/#\/schema\/person\/eee5b69ad5d3c51cabe881c839dbe133\"},\"breadcrumb\":{\"@id\":\"https:\/\/theplayoffs.news\/fr\/actualite-nfl\/la-quete-des-coordinateurs-pour-les-eagles\/#breadcrumb\"},\"inLanguage\":\"fr-FR\",\"potentialAction\":[{\"@type\":\"ReadAction\",\"target\":[\"https:\/\/theplayoffs.news\/fr\/actualite-nfl\/la-quete-des-coordinateurs-pour-les-eagles\/\"]}]},{\"@type\":\"BreadcrumbList\",\"@id\":\"https:\/\/theplayoffs.news\/fr\/actualite-nfl\/la-quete-des-coordinateurs-pour-les-eagles\/#breadcrumb\",\"itemListElement\":[{\"@type\":\"ListItem\",\"position\":1,\"name\":\"Accueil\",\"item\":\"https:\/\/theplayoffs.news\/fr\/\"},{\"@type\":\"ListItem\",\"position\":2,\"name\":\"La qu\u00eate des coordinateurs pour les Eagles\"}]},{\"@type\":\"WebSite\",\"@id\":\"https:\/\/theplayoffs.news\/fr\/#website\",\"url\":\"https:\/\/theplayoffs.news\/fr\/\",\"name\":\"The Playoffs FR\",\"description\":\"NBA-NFL-NHL-MLB\",\"potentialAction\":[{\"@type\":\"SearchAction\",\"target\":{\"@type\":\"EntryPoint\",\"urlTemplate\":\"https:\/\/theplayoffs.news\/fr\/?s={search_term_string}\"},\"query-input\":{\"@type\":\"PropertyValueSpecification\",\"valueRequired\":true,\"valueName\":\"search_term_string\"}}],\"inLanguage\":\"fr-FR\"},{\"@type\":\"Person\",\"@id\":\"https:\/\/theplayoffs.news\/fr\/#\/schema\/person\/eee5b69ad5d3c51cabe881c839dbe133\",\"name\":\"Charles Taudin\",\"image\":{\"@type\":\"ImageObject\",\"inLanguage\":\"fr-FR\",\"@id\":\"https:\/\/theplayoffs.news\/fr\/#\/schema\/person\/image\/\",\"url\":\"https:\/\/secure.gravatar.com\/avatar\/59a1e772205ce9fd255edfcafc93013736822e20261f294c5753b20c41ede9f2?s=96&d=mm&r=g\",\"contentUrl\":\"https:\/\/secure.gravatar.com\/avatar\/59a1e772205ce9fd255edfcafc93013736822e20261f294c5753b20c41ede9f2?s=96&d=mm&r=g\",\"caption\":\"Charles Taudin\"},\"description\":\"R\u00e9dacteur en chef global de The Playoffs, j\u2019ai cr\u00e9\u00e9 The Free Agent, devenu The Playoffs FR, en 2020 durant la pand\u00e9mie. Amoureux depuis des ann\u00e9es des 4 sports majeurs am\u00e9ricains, j\u2019organise maintenant la strat\u00e9gie \u00e9ditoriale et les r\u00e9seaux sociaux de l\u2019ensemble des versions de The Playoffs. Il m\u2019arrive encore d\u2019\u00e9crire sur certains sports que j\u2019affectionne particuli\u00e8rement comme la NFL ou la MLB. Si vous devez retenir qu\u2019une chose : Eli Manning est le vrai GOAT pour avoir battu deux fois Tom Brady.\",\"sameAs\":[\"https:\/\/www.instagram.com\/ctaudin_\/\"],\"url\":\"https:\/\/theplayoffs.news\/fr\/author\/charles-taudin\/\"}]}<\/script>\n<!-- \/ Yoast SEO plugin. -->","yoast_head_json":{"title":"La qu&ecirc;te des coordinateurs pour les Eagles - The Playoffs FR","robots":{"index":"index","follow":"follow","max-snippet":"max-snippet:-1","max-image-preview":"max-image-preview:large","max-video-preview":"max-video-preview:-1"},"canonical":"https:\/\/theplayoffs.news\/fr\/actualite-nfl\/la-quete-des-coordinateurs-pour-les-eagles\/","og_locale":"fr_FR","og_type":"article","og_title":"La qu&ecirc;te des coordinateurs pour les Eagles - The Playoffs FR","og_url":"https:\/\/theplayoffs.news\/fr\/actualite-nfl\/la-quete-des-coordinateurs-pour-les-eagles\/","og_site_name":"The Playoffs FR","article_publisher":"https:\/\/www.facebook.com\/TheFreeAgentFR\/","article_modified_time":"2023-05-27T12:38:28+00:00","author":"Charles Taudin","twitter_card":"summary_large_image","twitter_creator":"@TheFreeAgentFR","twitter_site":"@TheFreeAgentFR","twitter_misc":{"\u00c9crit par":"Charles Taudin","Dur\u00e9e de lecture estim\u00e9e":"3 minutes"},"schema":{"@context":"https:\/\/schema.org","@graph":[{"@type":"WebPage","@id":"https:\/\/theplayoffs.news\/fr\/actualite-nfl\/la-quete-des-coordinateurs-pour-les-eagles\/","url":"https:\/\/theplayoffs.news\/fr\/actualite-nfl\/la-quete-des-coordinateurs-pour-les-eagles\/","name":"La qu\u00eate des coordinateurs pour les Eagles - The Playoffs FR","isPartOf":{"@id":"https:\/\/theplayoffs.news\/fr\/#website"},"datePublished":"2023-02-15T13:15:21+00:00","dateModified":"2023-05-27T12:38:28+00:00","author":{"@id":"https:\/\/theplayoffs.news\/fr\/#\/schema\/person\/eee5b69ad5d3c51cabe881c839dbe133"},"breadcrumb":{"@id":"https:\/\/theplayoffs.news\/fr\/actualite-nfl\/la-quete-des-coordinateurs-pour-les-eagles\/#breadcrumb"},"inLanguage":"fr-FR","potentialAction":[{"@type":"ReadAction","target":["https:\/\/theplayoffs.news\/fr\/actualite-nfl\/la-quete-des-coordinateurs-pour-les-eagles\/"]}]},{"@type":"BreadcrumbList","@id":"https:\/\/theplayoffs.news\/fr\/actualite-nfl\/la-quete-des-coordinateurs-pour-les-eagles\/#breadcrumb","itemListElement":[{"@type":"ListItem","position":1,"name":"Accueil","item":"https:\/\/theplayoffs.news\/fr\/"},{"@type":"ListItem","position":2,"name":"La qu\u00eate des coordinateurs pour les Eagles"}]},{"@type":"WebSite","@id":"https:\/\/theplayoffs.news\/fr\/#website","url":"https:\/\/theplayoffs.news\/fr\/","name":"The Playoffs FR","description":"NBA-NFL-NHL-MLB","potentialAction":[{"@type":"SearchAction","target":{"@type":"EntryPoint","urlTemplate":"https:\/\/theplayoffs.news\/fr\/?s={search_term_string}"},"query-input":{"@type":"PropertyValueSpecification","valueRequired":true,"valueName":"search_term_string"}}],"inLanguage":"fr-FR"},{"@type":"Person","@id":"https:\/\/theplayoffs.news\/fr\/#\/schema\/person\/eee5b69ad5d3c51cabe881c839dbe133","name":"Charles Taudin","image":{"@type":"ImageObject","inLanguage":"fr-FR","@id":"https:\/\/theplayoffs.news\/fr\/#\/schema\/person\/image\/","url":"https:\/\/secure.gravatar.com\/avatar\/59a1e772205ce9fd255edfcafc93013736822e20261f294c5753b20c41ede9f2?s=96&d=mm&r=g","contentUrl":"https:\/\/secure.gravatar.com\/avatar\/59a1e772205ce9fd255edfcafc93013736822e20261f294c5753b20c41ede9f2?s=96&d=mm&r=g","caption":"Charles Taudin"},"description":"R\u00e9dacteur en chef global de The Playoffs, j\u2019ai cr\u00e9\u00e9 The Free Agent, devenu The Playoffs FR, en 2020 durant la pand\u00e9mie. Amoureux depuis des ann\u00e9es des 4 sports majeurs am\u00e9ricains, j\u2019organise maintenant la strat\u00e9gie \u00e9ditoriale et les r\u00e9seaux sociaux de l\u2019ensemble des versions de The Playoffs. Il m\u2019arrive encore d\u2019\u00e9crire sur certains sports que j\u2019affectionne particuli\u00e8rement comme la NFL ou la MLB. Si vous devez retenir qu\u2019une chose : Eli Manning est le vrai GOAT pour avoir battu deux fois Tom Brady.","sameAs":["https:\/\/www.instagram.com\/ctaudin_\/"],"url":"https:\/\/theplayoffs.news\/fr\/author\/charles-taudin\/"}]}},"_links":{"self":[{"href":"https:\/\/theplayoffs.news\/fr\/wp-json\/wp\/v2\/posts\/567083","targetHints":{"allow":["GET"]}}],"collection":[{"href":"https:\/\/theplayoffs.news\/fr\/wp-json\/wp\/v2\/posts"}],"about":[{"href":"https:\/\/theplayoffs.news\/fr\/wp-json\/wp\/v2\/types\/post"}],"author":[{"embeddable":true,"href":"https:\/\/theplayoffs.news\/fr\/wp-json\/wp\/v2\/users\/13"}],"replies":[{"embeddable":true,"href":"https:\/\/theplayoffs.news\/fr\/wp-json\/wp\/v2\/comments?post=567083"}],"version-history":[{"count":3,"href":"https:\/\/theplayoffs.news\/fr\/wp-json\/wp\/v2\/posts\/567083\/revisions"}],"predecessor-version":[{"id":592659,"href":"https:\/\/theplayoffs.news\/fr\/wp-json\/wp\/v2\/posts\/567083\/revisions\/592659"}],"wp:attachment":[{"href":"https:\/\/theplayoffs.news\/fr\/wp-json\/wp\/v2\/media?parent=567083"}],"wp:term":[{"taxonomy":"category","embeddable":true,"href":"https:\/\/theplayoffs.news\/fr\/wp-json\/wp\/v2\/categories?post=567083"},{"taxonomy":"post_tag","embeddable":true,"href":"https:\/\/theplayoffs.news\/fr\/wp-json\/wp\/v2\/tags?post=567083"},{"taxonomy":"sport","embeddable":true,"href":"https:\/\/theplayoffs.news\/fr\/wp-json\/wp\/v2\/sport?post=567083"},{"taxonomy":"saison","embeddable":true,"href":"https:\/\/theplayoffs.news\/fr\/wp-json\/wp\/v2\/saison?post=567083"}],"curies":[{"name":"wp","href":"https:\/\/api.w.org\/{rel}","templated":true}]}}