{"id":566830,"date":"2023-02-14T11:01:09","date_gmt":"2023-02-14T10:01:09","guid":{"rendered":"https:\/\/theplayoffs.news\/fr\/?p=566830"},"modified":"2023-02-14T11:01:10","modified_gmt":"2023-02-14T10:01:10","slug":"manny-wilkins-debarque-chez-les-battlehawks","status":"publish","type":"post","link":"https:\/\/theplayoffs.news\/fr\/xfl\/manny-wilkins-debarque-chez-les-battlehawks\/","title":{"rendered":"XFL: Manny Wilkins d\u00e9barque chez les Battlehawks"},"content":{"rendered":"<h2>A moins d&rsquo;une semaine du d&eacute;but de la saison 2023 de XFL, les Saint-Louis Battlehawks ont enregistr&eacute; l&rsquo;arriv&eacute;e du quarterback Manny Wilkins.<\/h2><p>Alors que les Battlehawks d&eacute;marreront leur saison 2023 de XFL ce dimanche 19 f&eacute;vrier &agrave; San Antonio, la franchise de Saint-Louis a renforc&eacute; encore un peu plus son corps de quarterback avec l&rsquo;arriv&eacute;e dans ses rangs de <a href=\"https:\/\/www.sports-reference.com\/cfb\/players\/manny-wilkins-1.html\" class=\"trk-cta-link\" data-cta-trk='{\"ctaType\":\"Link\",\"ctaSubType\":\"main\"}'>Manny Wilkins<\/a>. Ce dernier n&rsquo;avait pas &eacute;t&eacute; draft&eacute; &agrave; sa sortie de l&rsquo;universit&eacute; en 2018 mais il avait tout de m&ecirc;me rejoint le practice squad des <a href=\"https:\/\/theplayoffs.news\/fr\/equipe\/green-bay-packers-nfl\/\" class=\"trk-cta-link\" data-cta-trk='{\"ctaType\":\"Link\",\"ctaSubType\":\"main\"}'>Green Bay Packers<\/a> pendant toute la saison 2019.<\/p><blockquote class=\"twitter-tweet\" data-width=\"500\" data-dnt=\"true\">\n<p lang=\"en\" dir=\"ltr\">The best just got better &#128588;<\/p>\n<p>Welcome to the squad, <a href=\"https:\/\/x.com\/MannyWilkins5?ref_src=twsrc%5Etfw\" class=\"trk-cta-link\" data-cta-trk='{\"ctaType\":\"Link\",\"ctaSubType\":\"main\"}'>@MannyWilkins5<\/a>! <a href=\"https:\/\/t.co\/d65fbWZHuk\" class=\"trk-cta-link\" data-cta-trk='{\"ctaType\":\"Link\",\"ctaSubType\":\"main\"}'>pic.twitter.com\/d65fbWZHuk<\/a><\/p>\n<p>&mdash; St. Louis Battlehawks (@BattlehawksUFL) <a href=\"https:\/\/x.com\/BattlehawksUFL\/status\/1625257660751745025?ref_src=twsrc%5Etfw\" class=\"trk-cta-link\" data-cta-trk='{\"ctaType\":\"Link\",\"ctaSubType\":\"main\"}'>February 13, 2023<\/a><\/p><\/blockquote><p><script async src=\"https:\/\/platform.x.com\/widgets.js\" charset=\"utf-8\"><\/script><\/p><p>Manny Wilkins avait fait avant cela les beaux jours de l&rsquo;universit&eacute; d&rsquo;Arizona State compilant un peu plus de 8600 yards &agrave; la passe ce qui en fait le cinqui&egrave;me meilleur passeur de l&rsquo;histoire de cette universit&eacute;. Mais Wilkins est aussi un joueur mobile qui a couru plus de 1000 yards pendant ses trois saisons comme quarterback partant en NCAA.<\/p><p>L&rsquo;entra&icirc;neur principal des Saint-Louis Battlehawks, Anthony Becht, s&rsquo;est montr&eacute; ravi de cette arriv&eacute;e suppl&eacute;mentaire:<\/p><p>Nous sommes tr&egrave;s heureux d&rsquo;ajouter Manny dans notre corps de quarterback. Il &eacute;tait dans notre viseur depuis cet &eacute;t&eacute;. Manny poss&egrave;de une grosse exp&eacute;rience professionnelle et peut avoir un impact dans n&rsquo;importe quel match aussi bien avec son bras qu&rsquo;avec ses jambes.<\/p><p>Manny Wilkins devrait prendre la place de quarterback num&eacute;ro 2 derri&egrave;re AJ McCarron qui restera sans doute le quarterback partant pour le premier match des Battlehawks. Wilkins portera le num&eacute;ro 5 pour son arriv&eacute;e dans sa nouvelle franchise de XFL.<\/p>\n","protected":false},"excerpt":{"rendered":"","protected":false},"author":180309964,"featured_media":566834,"comment_status":"open","ping_status":"closed","sticky":false,"template":"","format":"standard","meta":{"inline_featured_image":false,"kia_subtitle":"","_mux_skip_reasons":[],"proofreadBy":0,"footnotes":""},"categories":[5122],"tags":[5501,5500],"sport":[5332],"saison":[3453],"class_list":["post-566830","post","type-post","status-publish","format-standard","has-post-thumbnail","hentry","category-xfl","tag-manny-wilkins","tag-saint-louis-battlehawks","sport-xfl","saison-3453"],"acf":[],"yoast_head":"<!-- This site is optimized with the Yoast SEO plugin v24.2 - https:\/\/yoast.com\/wordpress\/plugins\/seo\/ -->\n<title>XFL: Manny Wilkins d&eacute;barque chez les Battlehawks - The Playoffs FR<\/title>\n<meta name=\"robots\" content=\"index, follow, max-snippet:-1, max-image-preview:large, max-video-preview:-1\" \/>\n<link rel=\"canonical\" href=\"https:\/\/theplayoffs.news\/fr\/xfl\/manny-wilkins-debarque-chez-les-battlehawks\/\" \/>\n<meta property=\"og:locale\" content=\"fr_FR\" \/>\n<meta property=\"og:type\" content=\"article\" \/>\n<meta property=\"og:title\" content=\"XFL: Manny Wilkins d&eacute;barque chez les Battlehawks - The Playoffs FR\" \/>\n<meta property=\"og:url\" content=\"https:\/\/theplayoffs.news\/fr\/xfl\/manny-wilkins-debarque-chez-les-battlehawks\/\" \/>\n<meta property=\"og:site_name\" content=\"The Playoffs FR\" \/>\n<meta property=\"article:publisher\" content=\"https:\/\/www.facebook.com\/TheFreeAgentFR\/\" \/>\n<meta property=\"article:modified_time\" content=\"2023-02-14T11:01:10+01:00\" \/>\n<meta property=\"og:image\" content=\"https:\/\/theplayoffs.news\/fr\/wp-content\/uploads\/2023\/02\/Manny-Wilkins.jpg\" \/>\n\t<meta property=\"og:image:width\" content=\"1500\" \/>\n\t<meta property=\"og:image:height\" content=\"1000\" \/>\n\t<meta property=\"og:image:type\" content=\"image\/jpeg\" \/>\n<meta name=\"author\" content=\"Flavien Jumeau\" \/>\n<meta name=\"twitter:card\" content=\"summary_large_image\" \/>\n<meta name=\"twitter:creator\" content=\"@TheFreeAgentFR\" \/>\n<meta name=\"twitter:site\" content=\"@TheFreeAgentFR\" \/>\n<meta name=\"twitter:label1\" content=\"\u00c9crit par\" \/>\n\t<meta name=\"twitter:data1\" content=\"Flavien Jumeau\" \/>\n\t<meta name=\"twitter:label2\" content=\"Dur\u00e9e de lecture estim\u00e9e\" \/>\n\t<meta name=\"twitter:data2\" content=\"1 minute\" \/>\n<script type=\"application\/ld+json\" class=\"yoast-schema-graph\">{\"@context\":\"https:\/\/schema.org\",\"@graph\":[{\"@type\":\"WebPage\",\"@id\":\"https:\/\/theplayoffs.news\/fr\/xfl\/manny-wilkins-debarque-chez-les-battlehawks\/\",\"url\":\"https:\/\/theplayoffs.news\/fr\/xfl\/manny-wilkins-debarque-chez-les-battlehawks\/\",\"name\":\"XFL: Manny Wilkins d\u00e9barque chez les Battlehawks - The Playoffs FR\",\"isPartOf\":{\"@id\":\"https:\/\/theplayoffs.news\/fr\/#website\"},\"primaryImageOfPage\":{\"@id\":\"https:\/\/theplayoffs.news\/fr\/xfl\/manny-wilkins-debarque-chez-les-battlehawks\/#primaryimage\"},\"image\":{\"@id\":\"https:\/\/theplayoffs.news\/fr\/xfl\/manny-wilkins-debarque-chez-les-battlehawks\/#primaryimage\"},\"thumbnailUrl\":\"https:\/\/theplayoffs.news\/fr\/wp-content\/uploads\/2023\/02\/Manny-Wilkins.jpg\",\"datePublished\":\"2023-02-14T10:01:09+00:00\",\"dateModified\":\"2023-02-14T10:01:10+00:00\",\"author\":{\"@id\":\"https:\/\/theplayoffs.news\/fr\/#\/schema\/person\/def63bc6746dc5957469b75feb99e66d\"},\"breadcrumb\":{\"@id\":\"https:\/\/theplayoffs.news\/fr\/xfl\/manny-wilkins-debarque-chez-les-battlehawks\/#breadcrumb\"},\"inLanguage\":\"fr-FR\",\"potentialAction\":[{\"@type\":\"ReadAction\",\"target\":[\"https:\/\/theplayoffs.news\/fr\/xfl\/manny-wilkins-debarque-chez-les-battlehawks\/\"]}]},{\"@type\":\"ImageObject\",\"inLanguage\":\"fr-FR\",\"@id\":\"https:\/\/theplayoffs.news\/fr\/xfl\/manny-wilkins-debarque-chez-les-battlehawks\/#primaryimage\",\"url\":\"https:\/\/theplayoffs.news\/fr\/wp-content\/uploads\/2023\/02\/Manny-Wilkins.jpg\",\"contentUrl\":\"https:\/\/theplayoffs.news\/fr\/wp-content\/uploads\/2023\/02\/Manny-Wilkins.jpg\",\"width\":1500,\"height\":1000,\"caption\":\"Manny Wilkins\"},{\"@type\":\"BreadcrumbList\",\"@id\":\"https:\/\/theplayoffs.news\/fr\/xfl\/manny-wilkins-debarque-chez-les-battlehawks\/#breadcrumb\",\"itemListElement\":[{\"@type\":\"ListItem\",\"position\":1,\"name\":\"Accueil\",\"item\":\"https:\/\/theplayoffs.news\/fr\/\"},{\"@type\":\"ListItem\",\"position\":2,\"name\":\"XFL: Manny Wilkins d\u00e9barque chez les Battlehawks\"}]},{\"@type\":\"WebSite\",\"@id\":\"https:\/\/theplayoffs.news\/fr\/#website\",\"url\":\"https:\/\/theplayoffs.news\/fr\/\",\"name\":\"The Playoffs FR\",\"description\":\"NBA-NFL-NHL-MLB\",\"potentialAction\":[{\"@type\":\"SearchAction\",\"target\":{\"@type\":\"EntryPoint\",\"urlTemplate\":\"https:\/\/theplayoffs.news\/fr\/?s={search_term_string}\"},\"query-input\":{\"@type\":\"PropertyValueSpecification\",\"valueRequired\":true,\"valueName\":\"search_term_string\"}}],\"inLanguage\":\"fr-FR\"},{\"@type\":\"Person\",\"@id\":\"https:\/\/theplayoffs.news\/fr\/#\/schema\/person\/def63bc6746dc5957469b75feb99e66d\",\"name\":\"Flavien Jumeau\",\"image\":{\"@type\":\"ImageObject\",\"inLanguage\":\"fr-FR\",\"@id\":\"https:\/\/theplayoffs.news\/fr\/#\/schema\/person\/image\/\",\"url\":\"https:\/\/secure.gravatar.com\/avatar\/e7fa8ba5a4b7e4ce35fe152f083f352db28ad0acce692004ed88a7a7d78893f7?s=96&d=mm&r=g\",\"contentUrl\":\"https:\/\/secure.gravatar.com\/avatar\/e7fa8ba5a4b7e4ce35fe152f083f352db28ad0acce692004ed88a7a7d78893f7?s=96&d=mm&r=g\",\"caption\":\"Flavien Jumeau\"},\"description\":\"Amoureux du sport (et de vraiment tous les sports) depuis mon plus jeune \u00e2ge, j\u2019ai longtemps h\u00e9site entre le snooker et le curling. Finalement c\u2019est le foot US que j\u2019ai d\u00e9cid\u00e9 de choisir! Responsable foot US sur TPO et animateur du podcast Tailgate j\u2019ai pour mission de vous faire d\u00e9couvrir ce sport passionnant si ce n\u2019est pas encore fait et de vous donner les derni\u00e8res actus. Le tout dans la bonne humeur et avec toujours un jeu de mots ou deux savamment distill\u00e9s! Fan des Saints, pour moi Drew Brees est le vrai GOAT!\",\"url\":\"https:\/\/theplayoffs.news\/fr\/author\/flavien-jumeaugmail-com\/\"}]}<\/script>\n<!-- \/ Yoast SEO plugin. -->","yoast_head_json":{"title":"XFL: Manny Wilkins d&eacute;barque chez les Battlehawks - The Playoffs FR","robots":{"index":"index","follow":"follow","max-snippet":"max-snippet:-1","max-image-preview":"max-image-preview:large","max-video-preview":"max-video-preview:-1"},"canonical":"https:\/\/theplayoffs.news\/fr\/xfl\/manny-wilkins-debarque-chez-les-battlehawks\/","og_locale":"fr_FR","og_type":"article","og_title":"XFL: Manny Wilkins d&eacute;barque chez les Battlehawks - The Playoffs FR","og_url":"https:\/\/theplayoffs.news\/fr\/xfl\/manny-wilkins-debarque-chez-les-battlehawks\/","og_site_name":"The Playoffs FR","article_publisher":"https:\/\/www.facebook.com\/TheFreeAgentFR\/","article_modified_time":"2023-02-14T10:01:10+00:00","og_image":[{"width":1500,"height":1000,"url":"https:\/\/theplayoffs.news\/fr\/wp-content\/uploads\/2023\/02\/Manny-Wilkins.jpg","type":"image\/jpeg"}],"author":"Flavien Jumeau","twitter_card":"summary_large_image","twitter_creator":"@TheFreeAgentFR","twitter_site":"@TheFreeAgentFR","twitter_misc":{"\u00c9crit par":"Flavien Jumeau","Dur\u00e9e de lecture estim\u00e9e":"1 minute"},"schema":{"@context":"https:\/\/schema.org","@graph":[{"@type":"WebPage","@id":"https:\/\/theplayoffs.news\/fr\/xfl\/manny-wilkins-debarque-chez-les-battlehawks\/","url":"https:\/\/theplayoffs.news\/fr\/xfl\/manny-wilkins-debarque-chez-les-battlehawks\/","name":"XFL: Manny Wilkins d\u00e9barque chez les Battlehawks - The Playoffs FR","isPartOf":{"@id":"https:\/\/theplayoffs.news\/fr\/#website"},"primaryImageOfPage":{"@id":"https:\/\/theplayoffs.news\/fr\/xfl\/manny-wilkins-debarque-chez-les-battlehawks\/#primaryimage"},"image":{"@id":"https:\/\/theplayoffs.news\/fr\/xfl\/manny-wilkins-debarque-chez-les-battlehawks\/#primaryimage"},"thumbnailUrl":"https:\/\/theplayoffs.news\/fr\/wp-content\/uploads\/2023\/02\/Manny-Wilkins.jpg","datePublished":"2023-02-14T10:01:09+00:00","dateModified":"2023-02-14T10:01:10+00:00","author":{"@id":"https:\/\/theplayoffs.news\/fr\/#\/schema\/person\/def63bc6746dc5957469b75feb99e66d"},"breadcrumb":{"@id":"https:\/\/theplayoffs.news\/fr\/xfl\/manny-wilkins-debarque-chez-les-battlehawks\/#breadcrumb"},"inLanguage":"fr-FR","potentialAction":[{"@type":"ReadAction","target":["https:\/\/theplayoffs.news\/fr\/xfl\/manny-wilkins-debarque-chez-les-battlehawks\/"]}]},{"@type":"ImageObject","inLanguage":"fr-FR","@id":"https:\/\/theplayoffs.news\/fr\/xfl\/manny-wilkins-debarque-chez-les-battlehawks\/#primaryimage","url":"https:\/\/theplayoffs.news\/fr\/wp-content\/uploads\/2023\/02\/Manny-Wilkins.jpg","contentUrl":"https:\/\/theplayoffs.news\/fr\/wp-content\/uploads\/2023\/02\/Manny-Wilkins.jpg","width":1500,"height":1000,"caption":"Manny Wilkins"},{"@type":"BreadcrumbList","@id":"https:\/\/theplayoffs.news\/fr\/xfl\/manny-wilkins-debarque-chez-les-battlehawks\/#breadcrumb","itemListElement":[{"@type":"ListItem","position":1,"name":"Accueil","item":"https:\/\/theplayoffs.news\/fr\/"},{"@type":"ListItem","position":2,"name":"XFL: Manny Wilkins d\u00e9barque chez les Battlehawks"}]},{"@type":"WebSite","@id":"https:\/\/theplayoffs.news\/fr\/#website","url":"https:\/\/theplayoffs.news\/fr\/","name":"The Playoffs FR","description":"NBA-NFL-NHL-MLB","potentialAction":[{"@type":"SearchAction","target":{"@type":"EntryPoint","urlTemplate":"https:\/\/theplayoffs.news\/fr\/?s={search_term_string}"},"query-input":{"@type":"PropertyValueSpecification","valueRequired":true,"valueName":"search_term_string"}}],"inLanguage":"fr-FR"},{"@type":"Person","@id":"https:\/\/theplayoffs.news\/fr\/#\/schema\/person\/def63bc6746dc5957469b75feb99e66d","name":"Flavien Jumeau","image":{"@type":"ImageObject","inLanguage":"fr-FR","@id":"https:\/\/theplayoffs.news\/fr\/#\/schema\/person\/image\/","url":"https:\/\/secure.gravatar.com\/avatar\/e7fa8ba5a4b7e4ce35fe152f083f352db28ad0acce692004ed88a7a7d78893f7?s=96&d=mm&r=g","contentUrl":"https:\/\/secure.gravatar.com\/avatar\/e7fa8ba5a4b7e4ce35fe152f083f352db28ad0acce692004ed88a7a7d78893f7?s=96&d=mm&r=g","caption":"Flavien Jumeau"},"description":"Amoureux du sport (et de vraiment tous les sports) depuis mon plus jeune \u00e2ge, j\u2019ai longtemps h\u00e9site entre le snooker et le curling. Finalement c\u2019est le foot US que j\u2019ai d\u00e9cid\u00e9 de choisir! Responsable foot US sur TPO et animateur du podcast Tailgate j\u2019ai pour mission de vous faire d\u00e9couvrir ce sport passionnant si ce n\u2019est pas encore fait et de vous donner les derni\u00e8res actus. Le tout dans la bonne humeur et avec toujours un jeu de mots ou deux savamment distill\u00e9s! Fan des Saints, pour moi Drew Brees est le vrai GOAT!","url":"https:\/\/theplayoffs.news\/fr\/author\/flavien-jumeaugmail-com\/"}]}},"_links":{"self":[{"href":"https:\/\/theplayoffs.news\/fr\/wp-json\/wp\/v2\/posts\/566830","targetHints":{"allow":["GET"]}}],"collection":[{"href":"https:\/\/theplayoffs.news\/fr\/wp-json\/wp\/v2\/posts"}],"about":[{"href":"https:\/\/theplayoffs.news\/fr\/wp-json\/wp\/v2\/types\/post"}],"author":[{"embeddable":true,"href":"https:\/\/theplayoffs.news\/fr\/wp-json\/wp\/v2\/users\/180309964"}],"replies":[{"embeddable":true,"href":"https:\/\/theplayoffs.news\/fr\/wp-json\/wp\/v2\/comments?post=566830"}],"version-history":[{"count":2,"href":"https:\/\/theplayoffs.news\/fr\/wp-json\/wp\/v2\/posts\/566830\/revisions"}],"predecessor-version":[{"id":566838,"href":"https:\/\/theplayoffs.news\/fr\/wp-json\/wp\/v2\/posts\/566830\/revisions\/566838"}],"wp:featuredmedia":[{"embeddable":true,"href":"https:\/\/theplayoffs.news\/fr\/wp-json\/wp\/v2\/media\/566834"}],"wp:attachment":[{"href":"https:\/\/theplayoffs.news\/fr\/wp-json\/wp\/v2\/media?parent=566830"}],"wp:term":[{"taxonomy":"category","embeddable":true,"href":"https:\/\/theplayoffs.news\/fr\/wp-json\/wp\/v2\/categories?post=566830"},{"taxonomy":"post_tag","embeddable":true,"href":"https:\/\/theplayoffs.news\/fr\/wp-json\/wp\/v2\/tags?post=566830"},{"taxonomy":"sport","embeddable":true,"href":"https:\/\/theplayoffs.news\/fr\/wp-json\/wp\/v2\/sport?post=566830"},{"taxonomy":"saison","embeddable":true,"href":"https:\/\/theplayoffs.news\/fr\/wp-json\/wp\/v2\/saison?post=566830"}],"curies":[{"name":"wp","href":"https:\/\/api.w.org\/{rel}","templated":true}]}}