{"id":566480,"date":"2023-02-12T10:37:59","date_gmt":"2023-02-12T09:37:59","guid":{"rendered":"https:\/\/theplayoffs.news\/fr\/?p=566480"},"modified":"2023-02-12T10:38:00","modified_gmt":"2023-02-12T09:38:00","slug":"marcus-kemp-austin-reiter-dans-leffectif-des-chiefs-pour-le-super-bowl-lvii","status":"publish","type":"post","link":"https:\/\/theplayoffs.news\/fr\/actualite-nfl\/marcus-kemp-austin-reiter-dans-leffectif-des-chiefs-pour-le-super-bowl-lvii\/","title":{"rendered":"Marcus Kemp, Austin Reiter dans l&rsquo;effectif des Chiefs pour le Super Bowl LVII"},"content":{"rendered":"<h2><strong>Les Kansas City Chiefs ont promu deux joueurs dans leur effectif pour le Super Bowl LVII : Marcus Kemp et Austin Reiter.<\/strong><\/h2><p>Il s&rsquo;agit des deux seuls changements dans l&rsquo;effectif des Chiefs avant le grand match de ce soir.<\/p><p><a href=\"https:\/\/theplayoffs.news\/fr\/joueur\/marcus-kemp-nfl-6092798\/\" class=\"trk-cta-link\" data-cta-trk='{\"ctaType\":\"Link\",\"ctaSubType\":\"main\"}'><strong>Marcus Kemp<\/strong><\/a> a r&eacute;ussi une r&eacute;ception pour 13 yards lors de la finale de conf&eacute;rence AFC et a jou&eacute; 22 snaps offensifs, rempla&ccedil;ant les joueurs bless&eacute;s Hardman, Smith-Schuster et Toney. Mecole Hardman reste sur la liste des bless&eacute;s, tandis que les Chiefs r&eacute;cup&egrave;reront Smith-Schuster et Toney contre les Eagles.<\/p><p><a href=\"https:\/\/theplayoffs.news\/fr\/joueur\/austin-reiter-nfl-5029632\/\" class=\"trk-cta-link\" data-cta-trk='{\"ctaType\":\"Link\",\"ctaSubType\":\"main\"}'><strong>Austin Reiter<\/strong><\/a> a disput&eacute; 50 matchs et effectu&eacute; 38 d&eacute;parts pour les Chiefs de 2018 &agrave; 2020, y compris au centre du Super Bowl LIV et LV, mais n&rsquo;a particip&eacute; &agrave; aucun match cette saison.<\/p><p>Le Super Bowl LVII d&eacute;bute &agrave; 00h30 en direct sur L&rsquo;&Eacute;quipe et BeIn Sports mais aussi d&egrave;s 00H20 en direct sur <a href=\"http:\/\/twitch.tv\/thefreeagentfr\" class=\"trk-cta-link\" data-cta-trk='{\"ctaType\":\"Link\",\"ctaSubType\":\"main\"}'>notre cha&icirc;ne twitch<\/a> !<\/p>\n","protected":false},"excerpt":{"rendered":"","protected":false},"author":13,"featured_media":566481,"comment_status":"open","ping_status":"closed","sticky":false,"template":"","format":"standard","meta":{"inline_featured_image":false,"kia_subtitle":"","_mux_skip_reasons":[],"proofreadBy":0,"footnotes":""},"categories":[118,40],"tags":[5493,487,5492,2584],"sport":[],"saison":[],"class_list":["post-566480","post","type-post","status-publish","format-standard","has-post-thumbnail","hentry","category-actualite-nfl","category-nfl","tag-austin-rider","tag-kansas-city-chiefs","tag-marcus-kemp","tag-super-bowl-lvii"],"acf":[],"yoast_head":"<!-- This site is optimized with the Yoast SEO plugin v24.2 - https:\/\/yoast.com\/wordpress\/plugins\/seo\/ -->\n<title>Marcus Kemp, Austin Reiter dans l&#039;effectif des Chiefs pour le Super Bowl LVII - The Playoffs FR<\/title>\n<meta name=\"robots\" content=\"index, follow, max-snippet:-1, max-image-preview:large, max-video-preview:-1\" \/>\n<link rel=\"canonical\" href=\"https:\/\/theplayoffs.news\/fr\/actualite-nfl\/marcus-kemp-austin-reiter-dans-leffectif-des-chiefs-pour-le-super-bowl-lvii\/\" \/>\n<meta property=\"og:locale\" content=\"fr_FR\" \/>\n<meta property=\"og:type\" content=\"article\" \/>\n<meta property=\"og:title\" content=\"Marcus Kemp, Austin Reiter dans l&#039;effectif des Chiefs pour le Super Bowl LVII - The Playoffs FR\" \/>\n<meta property=\"og:url\" content=\"https:\/\/theplayoffs.news\/fr\/actualite-nfl\/marcus-kemp-austin-reiter-dans-leffectif-des-chiefs-pour-le-super-bowl-lvii\/\" \/>\n<meta property=\"og:site_name\" content=\"The Playoffs FR\" \/>\n<meta property=\"article:publisher\" content=\"https:\/\/www.facebook.com\/TheFreeAgentFR\/\" \/>\n<meta property=\"article:modified_time\" content=\"2023-02-12T10:38:00+01:00\" \/>\n<meta property=\"og:image\" content=\"https:\/\/theplayoffs.news\/fr\/wp-content\/uploads\/2023\/02\/tinywow_4f779cd583ab41f59aff1f8c5f05e78a_13684948.jpg\" \/>\n\t<meta property=\"og:image:width\" content=\"1000\" \/>\n\t<meta property=\"og:image:height\" content=\"600\" \/>\n\t<meta property=\"og:image:type\" content=\"image\/jpeg\" \/>\n<meta name=\"author\" content=\"Charles Taudin\" \/>\n<meta name=\"twitter:card\" content=\"summary_large_image\" \/>\n<meta name=\"twitter:creator\" content=\"@TheFreeAgentFR\" \/>\n<meta name=\"twitter:site\" content=\"@TheFreeAgentFR\" \/>\n<meta name=\"twitter:label1\" content=\"\u00c9crit par\" \/>\n\t<meta name=\"twitter:data1\" content=\"Charles Taudin\" \/>\n\t<meta name=\"twitter:label2\" content=\"Dur\u00e9e de lecture estim\u00e9e\" \/>\n\t<meta name=\"twitter:data2\" content=\"1 minute\" \/>\n<script type=\"application\/ld+json\" class=\"yoast-schema-graph\">{\"@context\":\"https:\/\/schema.org\",\"@graph\":[{\"@type\":\"WebPage\",\"@id\":\"https:\/\/theplayoffs.news\/fr\/actualite-nfl\/marcus-kemp-austin-reiter-dans-leffectif-des-chiefs-pour-le-super-bowl-lvii\/\",\"url\":\"https:\/\/theplayoffs.news\/fr\/actualite-nfl\/marcus-kemp-austin-reiter-dans-leffectif-des-chiefs-pour-le-super-bowl-lvii\/\",\"name\":\"Marcus Kemp, Austin Reiter dans l\\\\'effectif des Chiefs pour le Super Bowl LVII - The Playoffs FR\",\"isPartOf\":{\"@id\":\"https:\/\/theplayoffs.news\/fr\/#website\"},\"primaryImageOfPage\":{\"@id\":\"https:\/\/theplayoffs.news\/fr\/actualite-nfl\/marcus-kemp-austin-reiter-dans-leffectif-des-chiefs-pour-le-super-bowl-lvii\/#primaryimage\"},\"image\":{\"@id\":\"https:\/\/theplayoffs.news\/fr\/actualite-nfl\/marcus-kemp-austin-reiter-dans-leffectif-des-chiefs-pour-le-super-bowl-lvii\/#primaryimage\"},\"thumbnailUrl\":\"https:\/\/theplayoffs.news\/fr\/wp-content\/uploads\/2023\/02\/tinywow_4f779cd583ab41f59aff1f8c5f05e78a_13684948.jpg\",\"datePublished\":\"2023-02-12T09:37:59+00:00\",\"dateModified\":\"2023-02-12T09:38:00+00:00\",\"author\":{\"@id\":\"https:\/\/theplayoffs.news\/fr\/#\/schema\/person\/eee5b69ad5d3c51cabe881c839dbe133\"},\"breadcrumb\":{\"@id\":\"https:\/\/theplayoffs.news\/fr\/actualite-nfl\/marcus-kemp-austin-reiter-dans-leffectif-des-chiefs-pour-le-super-bowl-lvii\/#breadcrumb\"},\"inLanguage\":\"fr-FR\",\"potentialAction\":[{\"@type\":\"ReadAction\",\"target\":[\"https:\/\/theplayoffs.news\/fr\/actualite-nfl\/marcus-kemp-austin-reiter-dans-leffectif-des-chiefs-pour-le-super-bowl-lvii\/\"]}]},{\"@type\":\"ImageObject\",\"inLanguage\":\"fr-FR\",\"@id\":\"https:\/\/theplayoffs.news\/fr\/actualite-nfl\/marcus-kemp-austin-reiter-dans-leffectif-des-chiefs-pour-le-super-bowl-lvii\/#primaryimage\",\"url\":\"https:\/\/theplayoffs.news\/fr\/wp-content\/uploads\/2023\/02\/tinywow_4f779cd583ab41f59aff1f8c5f05e78a_13684948.jpg\",\"contentUrl\":\"https:\/\/theplayoffs.news\/fr\/wp-content\/uploads\/2023\/02\/tinywow_4f779cd583ab41f59aff1f8c5f05e78a_13684948.jpg\",\"width\":1000,\"height\":600,\"caption\":\"Marcus Kemp\"},{\"@type\":\"BreadcrumbList\",\"@id\":\"https:\/\/theplayoffs.news\/fr\/actualite-nfl\/marcus-kemp-austin-reiter-dans-leffectif-des-chiefs-pour-le-super-bowl-lvii\/#breadcrumb\",\"itemListElement\":[{\"@type\":\"ListItem\",\"position\":1,\"name\":\"Accueil\",\"item\":\"https:\/\/theplayoffs.news\/fr\/\"},{\"@type\":\"ListItem\",\"position\":2,\"name\":\"Marcus Kemp, Austin Reiter dans l&rsquo;effectif des Chiefs pour le Super Bowl LVII\"}]},{\"@type\":\"WebSite\",\"@id\":\"https:\/\/theplayoffs.news\/fr\/#website\",\"url\":\"https:\/\/theplayoffs.news\/fr\/\",\"name\":\"The Playoffs FR\",\"description\":\"NBA-NFL-NHL-MLB\",\"potentialAction\":[{\"@type\":\"SearchAction\",\"target\":{\"@type\":\"EntryPoint\",\"urlTemplate\":\"https:\/\/theplayoffs.news\/fr\/?s={search_term_string}\"},\"query-input\":{\"@type\":\"PropertyValueSpecification\",\"valueRequired\":true,\"valueName\":\"search_term_string\"}}],\"inLanguage\":\"fr-FR\"},{\"@type\":\"Person\",\"@id\":\"https:\/\/theplayoffs.news\/fr\/#\/schema\/person\/eee5b69ad5d3c51cabe881c839dbe133\",\"name\":\"Charles Taudin\",\"image\":{\"@type\":\"ImageObject\",\"inLanguage\":\"fr-FR\",\"@id\":\"https:\/\/theplayoffs.news\/fr\/#\/schema\/person\/image\/\",\"url\":\"https:\/\/secure.gravatar.com\/avatar\/59a1e772205ce9fd255edfcafc93013736822e20261f294c5753b20c41ede9f2?s=96&d=mm&r=g\",\"contentUrl\":\"https:\/\/secure.gravatar.com\/avatar\/59a1e772205ce9fd255edfcafc93013736822e20261f294c5753b20c41ede9f2?s=96&d=mm&r=g\",\"caption\":\"Charles Taudin\"},\"description\":\"R\u00e9dacteur en chef global de The Playoffs, j\u2019ai cr\u00e9\u00e9 The Free Agent, devenu The Playoffs FR, en 2020 durant la pand\u00e9mie. Amoureux depuis des ann\u00e9es des 4 sports majeurs am\u00e9ricains, j\u2019organise maintenant la strat\u00e9gie \u00e9ditoriale et les r\u00e9seaux sociaux de l\u2019ensemble des versions de The Playoffs. Il m\u2019arrive encore d\u2019\u00e9crire sur certains sports que j\u2019affectionne particuli\u00e8rement comme la NFL ou la MLB. Si vous devez retenir qu\u2019une chose : Eli Manning est le vrai GOAT pour avoir battu deux fois Tom Brady.\",\"sameAs\":[\"https:\/\/www.instagram.com\/ctaudin_\/\"],\"url\":\"https:\/\/theplayoffs.news\/fr\/author\/charles-taudin\/\"}]}<\/script>\n<!-- \/ Yoast SEO plugin. -->","yoast_head_json":{"title":"Marcus Kemp, Austin Reiter dans l&#039;effectif des Chiefs pour le Super Bowl LVII - The Playoffs FR","robots":{"index":"index","follow":"follow","max-snippet":"max-snippet:-1","max-image-preview":"max-image-preview:large","max-video-preview":"max-video-preview:-1"},"canonical":"https:\/\/theplayoffs.news\/fr\/actualite-nfl\/marcus-kemp-austin-reiter-dans-leffectif-des-chiefs-pour-le-super-bowl-lvii\/","og_locale":"fr_FR","og_type":"article","og_title":"Marcus Kemp, Austin Reiter dans l&#039;effectif des Chiefs pour le Super Bowl LVII - The Playoffs FR","og_url":"https:\/\/theplayoffs.news\/fr\/actualite-nfl\/marcus-kemp-austin-reiter-dans-leffectif-des-chiefs-pour-le-super-bowl-lvii\/","og_site_name":"The Playoffs FR","article_publisher":"https:\/\/www.facebook.com\/TheFreeAgentFR\/","article_modified_time":"2023-02-12T09:38:00+00:00","og_image":[{"width":1000,"height":600,"url":"https:\/\/theplayoffs.news\/fr\/wp-content\/uploads\/2023\/02\/tinywow_4f779cd583ab41f59aff1f8c5f05e78a_13684948.jpg","type":"image\/jpeg"}],"author":"Charles Taudin","twitter_card":"summary_large_image","twitter_creator":"@TheFreeAgentFR","twitter_site":"@TheFreeAgentFR","twitter_misc":{"\u00c9crit par":"Charles Taudin","Dur\u00e9e de lecture estim\u00e9e":"1 minute"},"schema":{"@context":"https:\/\/schema.org","@graph":[{"@type":"WebPage","@id":"https:\/\/theplayoffs.news\/fr\/actualite-nfl\/marcus-kemp-austin-reiter-dans-leffectif-des-chiefs-pour-le-super-bowl-lvii\/","url":"https:\/\/theplayoffs.news\/fr\/actualite-nfl\/marcus-kemp-austin-reiter-dans-leffectif-des-chiefs-pour-le-super-bowl-lvii\/","name":"Marcus Kemp, Austin Reiter dans l\\'effectif des Chiefs pour le Super Bowl LVII - The Playoffs FR","isPartOf":{"@id":"https:\/\/theplayoffs.news\/fr\/#website"},"primaryImageOfPage":{"@id":"https:\/\/theplayoffs.news\/fr\/actualite-nfl\/marcus-kemp-austin-reiter-dans-leffectif-des-chiefs-pour-le-super-bowl-lvii\/#primaryimage"},"image":{"@id":"https:\/\/theplayoffs.news\/fr\/actualite-nfl\/marcus-kemp-austin-reiter-dans-leffectif-des-chiefs-pour-le-super-bowl-lvii\/#primaryimage"},"thumbnailUrl":"https:\/\/theplayoffs.news\/fr\/wp-content\/uploads\/2023\/02\/tinywow_4f779cd583ab41f59aff1f8c5f05e78a_13684948.jpg","datePublished":"2023-02-12T09:37:59+00:00","dateModified":"2023-02-12T09:38:00+00:00","author":{"@id":"https:\/\/theplayoffs.news\/fr\/#\/schema\/person\/eee5b69ad5d3c51cabe881c839dbe133"},"breadcrumb":{"@id":"https:\/\/theplayoffs.news\/fr\/actualite-nfl\/marcus-kemp-austin-reiter-dans-leffectif-des-chiefs-pour-le-super-bowl-lvii\/#breadcrumb"},"inLanguage":"fr-FR","potentialAction":[{"@type":"ReadAction","target":["https:\/\/theplayoffs.news\/fr\/actualite-nfl\/marcus-kemp-austin-reiter-dans-leffectif-des-chiefs-pour-le-super-bowl-lvii\/"]}]},{"@type":"ImageObject","inLanguage":"fr-FR","@id":"https:\/\/theplayoffs.news\/fr\/actualite-nfl\/marcus-kemp-austin-reiter-dans-leffectif-des-chiefs-pour-le-super-bowl-lvii\/#primaryimage","url":"https:\/\/theplayoffs.news\/fr\/wp-content\/uploads\/2023\/02\/tinywow_4f779cd583ab41f59aff1f8c5f05e78a_13684948.jpg","contentUrl":"https:\/\/theplayoffs.news\/fr\/wp-content\/uploads\/2023\/02\/tinywow_4f779cd583ab41f59aff1f8c5f05e78a_13684948.jpg","width":1000,"height":600,"caption":"Marcus Kemp"},{"@type":"BreadcrumbList","@id":"https:\/\/theplayoffs.news\/fr\/actualite-nfl\/marcus-kemp-austin-reiter-dans-leffectif-des-chiefs-pour-le-super-bowl-lvii\/#breadcrumb","itemListElement":[{"@type":"ListItem","position":1,"name":"Accueil","item":"https:\/\/theplayoffs.news\/fr\/"},{"@type":"ListItem","position":2,"name":"Marcus Kemp, Austin Reiter dans l&rsquo;effectif des Chiefs pour le Super Bowl LVII"}]},{"@type":"WebSite","@id":"https:\/\/theplayoffs.news\/fr\/#website","url":"https:\/\/theplayoffs.news\/fr\/","name":"The Playoffs FR","description":"NBA-NFL-NHL-MLB","potentialAction":[{"@type":"SearchAction","target":{"@type":"EntryPoint","urlTemplate":"https:\/\/theplayoffs.news\/fr\/?s={search_term_string}"},"query-input":{"@type":"PropertyValueSpecification","valueRequired":true,"valueName":"search_term_string"}}],"inLanguage":"fr-FR"},{"@type":"Person","@id":"https:\/\/theplayoffs.news\/fr\/#\/schema\/person\/eee5b69ad5d3c51cabe881c839dbe133","name":"Charles Taudin","image":{"@type":"ImageObject","inLanguage":"fr-FR","@id":"https:\/\/theplayoffs.news\/fr\/#\/schema\/person\/image\/","url":"https:\/\/secure.gravatar.com\/avatar\/59a1e772205ce9fd255edfcafc93013736822e20261f294c5753b20c41ede9f2?s=96&d=mm&r=g","contentUrl":"https:\/\/secure.gravatar.com\/avatar\/59a1e772205ce9fd255edfcafc93013736822e20261f294c5753b20c41ede9f2?s=96&d=mm&r=g","caption":"Charles Taudin"},"description":"R\u00e9dacteur en chef global de The Playoffs, j\u2019ai cr\u00e9\u00e9 The Free Agent, devenu The Playoffs FR, en 2020 durant la pand\u00e9mie. Amoureux depuis des ann\u00e9es des 4 sports majeurs am\u00e9ricains, j\u2019organise maintenant la strat\u00e9gie \u00e9ditoriale et les r\u00e9seaux sociaux de l\u2019ensemble des versions de The Playoffs. Il m\u2019arrive encore d\u2019\u00e9crire sur certains sports que j\u2019affectionne particuli\u00e8rement comme la NFL ou la MLB. Si vous devez retenir qu\u2019une chose : Eli Manning est le vrai GOAT pour avoir battu deux fois Tom Brady.","sameAs":["https:\/\/www.instagram.com\/ctaudin_\/"],"url":"https:\/\/theplayoffs.news\/fr\/author\/charles-taudin\/"}]}},"_links":{"self":[{"href":"https:\/\/theplayoffs.news\/fr\/wp-json\/wp\/v2\/posts\/566480","targetHints":{"allow":["GET"]}}],"collection":[{"href":"https:\/\/theplayoffs.news\/fr\/wp-json\/wp\/v2\/posts"}],"about":[{"href":"https:\/\/theplayoffs.news\/fr\/wp-json\/wp\/v2\/types\/post"}],"author":[{"embeddable":true,"href":"https:\/\/theplayoffs.news\/fr\/wp-json\/wp\/v2\/users\/13"}],"replies":[{"embeddable":true,"href":"https:\/\/theplayoffs.news\/fr\/wp-json\/wp\/v2\/comments?post=566480"}],"version-history":[{"count":2,"href":"https:\/\/theplayoffs.news\/fr\/wp-json\/wp\/v2\/posts\/566480\/revisions"}],"predecessor-version":[{"id":566483,"href":"https:\/\/theplayoffs.news\/fr\/wp-json\/wp\/v2\/posts\/566480\/revisions\/566483"}],"wp:featuredmedia":[{"embeddable":true,"href":"https:\/\/theplayoffs.news\/fr\/wp-json\/wp\/v2\/media\/566481"}],"wp:attachment":[{"href":"https:\/\/theplayoffs.news\/fr\/wp-json\/wp\/v2\/media?parent=566480"}],"wp:term":[{"taxonomy":"category","embeddable":true,"href":"https:\/\/theplayoffs.news\/fr\/wp-json\/wp\/v2\/categories?post=566480"},{"taxonomy":"post_tag","embeddable":true,"href":"https:\/\/theplayoffs.news\/fr\/wp-json\/wp\/v2\/tags?post=566480"},{"taxonomy":"sport","embeddable":true,"href":"https:\/\/theplayoffs.news\/fr\/wp-json\/wp\/v2\/sport?post=566480"},{"taxonomy":"saison","embeddable":true,"href":"https:\/\/theplayoffs.news\/fr\/wp-json\/wp\/v2\/saison?post=566480"}],"curies":[{"name":"wp","href":"https:\/\/api.w.org\/{rel}","templated":true}]}}