{"id":566291,"date":"2023-02-11T11:51:11","date_gmt":"2023-02-11T10:51:11","guid":{"rendered":"https:\/\/theplayoffs.news\/fr\/?p=566291"},"modified":"2023-02-11T11:51:12","modified_gmt":"2023-02-11T10:51:12","slug":"lucas-niang-drapeau-francais-super-bowl-lvii","status":"publish","type":"post","link":"https:\/\/theplayoffs.news\/fr\/actualite-nfl\/lucas-niang-drapeau-francais-super-bowl-lvii\/","title":{"rendered":"Lucas Niang portera le drapeau fran\u00e7ais lors du Super Bowl LVII"},"content":{"rendered":"<h2><strong>La France sera bien repr&eacute;sent&eacute;e lors du Super Bowl LVII avec Lucas Niang.<\/strong><\/h2><p>Le joueur de ligne offensive des Kansas City Chiefs portera <a href=\"https:\/\/twitter.com\/NFLFrance\/status\/1624171849192988674?ref_src=twsrc%5Etfw%7Ctwcamp%5Etweetembed%7Ctwterm%5E1624171849192988674%7Ctwgr%5Eab84f031e5525e510d1ba49f6092fb97a51200e8%7Ctwcon%5Es1_c10&amp;ref_url=https%3A%2F%2Fthefreeagent.fr%2Fwp-admin%2Fpost-new.php\" class=\"trk-cta-link\" data-cta-trk='{\"ctaType\":\"Link\",\"ctaSubType\":\"main\"}'>sur son casque un drapeau fran&ccedil;ais<\/a>.<\/p><blockquote class=\"twitter-tweet\" data-width=\"500\" data-dnt=\"true\">\n<p lang=\"fr\" dir=\"ltr\">&#127467;&#127479;&#127944; Le premier joueur &agrave; repr&eacute;senter la France lors d&rsquo;un <a href=\"https:\/\/twitter.com\/hashtag\/SuperBowl?src=hash&amp;ref_src=twsrc%5Etfw\" class=\"trk-cta-link\" data-cta-trk='{\"ctaType\":\"Link\",\"ctaSubType\":\"main\"}'>#SuperBowl<\/a> !<a href=\"https:\/\/twitter.com\/Kbniang8?ref_src=twsrc%5Etfw\" class=\"trk-cta-link\" data-cta-trk='{\"ctaType\":\"Link\",\"ctaSubType\":\"main\"}'>@Kbniang8<\/a>, Lineman Offensif des <a href=\"https:\/\/twitter.com\/Chiefs?ref_src=twsrc%5Etfw\" class=\"trk-cta-link\" data-cta-trk='{\"ctaType\":\"Link\",\"ctaSubType\":\"main\"}'>@Chiefs<\/a>, va porter le drapeau fran&ccedil;ais sur son casque face aux Philadelphia Eagles ce week-end !<\/p>\n<p>On lui souhaite bon courage pour rentrer dans l&rsquo;histoire ! <a href=\"https:\/\/twitter.com\/hashtag\/ChiefsKingdom?src=hash&amp;ref_src=twsrc%5Etfw\" class=\"trk-cta-link\" data-cta-trk='{\"ctaType\":\"Link\",\"ctaSubType\":\"main\"}'>#ChiefsKingdom<\/a> <a href=\"https:\/\/t.co\/I9g0WurLZ0\" class=\"trk-cta-link\" data-cta-trk='{\"ctaType\":\"Link\",\"ctaSubType\":\"main\"}'>pic.twitter.com\/I9g0WurLZ0<\/a><\/p>\n<p>&mdash; NFL France (@NFLFrance) <a href=\"https:\/\/twitter.com\/NFLFrance\/status\/1624171849192988674?ref_src=twsrc%5Etfw\" class=\"trk-cta-link\" data-cta-trk='{\"ctaType\":\"Link\",\"ctaSubType\":\"main\"}'>February 10, 2023<\/a><\/p><\/blockquote><p><script async src=\"https:\/\/platform.twitter.com\/widgets.js\" charset=\"utf-8\"><\/script><\/p><p>N&eacute; d&rsquo;une m&egrave;re ivoirienne et d&rsquo;un papa fran&ccedil;ais, <a href=\"https:\/\/theplayoffs.news\/fr\/joueur\/lucas-niang-nfl-8077104\/\" class=\"trk-cta-link\" data-cta-trk='{\"ctaType\":\"Link\",\"ctaSubType\":\"main\"}'><strong>Lucas Niang<\/strong><\/a> est n&eacute; &agrave; New-York et a effectu&eacute; tout son cursus aux Etats-Unis. Parfaitement bilingue fran&ccedil;ais-anglais, Niang a fait ses armes &agrave; TCU avant d&rsquo;&ecirc;tre draft&eacute; par les Chiefs en 2020 au 3&egrave;me tour en 96&egrave;me position.<\/p><p>EN 2021, il avait &eacute;t&eacute; nomm&eacute; titulaire avant de se blesser aux c&ocirc;tes lors de la Week 9.<\/p><p>Il sera donc pr&eacute;sent dimanche soir sur la pelouse du State Farm Stadium avec les couleurs fran&ccedil;aise sur son casque pour peut-&ecirc;tre remporter son premier Super Bowl.<\/p>\n","protected":false},"excerpt":{"rendered":"","protected":false},"author":13,"featured_media":566293,"comment_status":"open","ping_status":"closed","sticky":false,"template":"","format":"standard","meta":{"inline_featured_image":false,"kia_subtitle":"","_mux_skip_reasons":[],"proofreadBy":0,"footnotes":""},"categories":[118,40],"tags":[487,5491],"sport":[],"saison":[],"class_list":["post-566291","post","type-post","status-publish","format-standard","has-post-thumbnail","hentry","category-actualite-nfl","category-nfl","tag-kansas-city-chiefs","tag-lucas-niang"],"acf":[],"yoast_head":"<!-- This site is optimized with the Yoast SEO plugin v24.2 - https:\/\/yoast.com\/wordpress\/plugins\/seo\/ -->\n<title>Lucas Niang portera le drapeau fran&ccedil;ais lors du Super Bowl LVII - The Playoffs FR<\/title>\n<meta name=\"robots\" content=\"index, follow, max-snippet:-1, max-image-preview:large, max-video-preview:-1\" \/>\n<link rel=\"canonical\" href=\"https:\/\/theplayoffs.news\/fr\/actualite-nfl\/lucas-niang-drapeau-francais-super-bowl-lvii\/\" \/>\n<meta property=\"og:locale\" content=\"fr_FR\" \/>\n<meta property=\"og:type\" content=\"article\" \/>\n<meta property=\"og:title\" content=\"Lucas Niang portera le drapeau fran&ccedil;ais lors du Super Bowl LVII - The Playoffs FR\" \/>\n<meta property=\"og:url\" content=\"https:\/\/theplayoffs.news\/fr\/actualite-nfl\/lucas-niang-drapeau-francais-super-bowl-lvii\/\" \/>\n<meta property=\"og:site_name\" content=\"The Playoffs FR\" \/>\n<meta property=\"article:publisher\" content=\"https:\/\/www.facebook.com\/TheFreeAgentFR\/\" \/>\n<meta property=\"article:modified_time\" content=\"2023-02-11T11:51:12+01:00\" \/>\n<meta property=\"og:image\" content=\"https:\/\/theplayoffs.news\/fr\/wp-content\/uploads\/2023\/02\/tinywow_8fd493a2202643a4a6aff1fc76434768_13632159.jpg\" \/>\n\t<meta property=\"og:image:width\" content=\"1000\" \/>\n\t<meta property=\"og:image:height\" content=\"600\" \/>\n\t<meta property=\"og:image:type\" content=\"image\/jpeg\" \/>\n<meta name=\"author\" content=\"Charles Taudin\" \/>\n<meta name=\"twitter:card\" content=\"summary_large_image\" \/>\n<meta name=\"twitter:creator\" content=\"@TheFreeAgentFR\" \/>\n<meta name=\"twitter:site\" content=\"@TheFreeAgentFR\" \/>\n<meta name=\"twitter:label1\" content=\"\u00c9crit par\" \/>\n\t<meta name=\"twitter:data1\" content=\"Charles Taudin\" \/>\n\t<meta name=\"twitter:label2\" content=\"Dur\u00e9e de lecture estim\u00e9e\" \/>\n\t<meta name=\"twitter:data2\" content=\"1 minute\" \/>\n<script type=\"application\/ld+json\" class=\"yoast-schema-graph\">{\"@context\":\"https:\/\/schema.org\",\"@graph\":[{\"@type\":\"WebPage\",\"@id\":\"https:\/\/theplayoffs.news\/fr\/actualite-nfl\/lucas-niang-drapeau-francais-super-bowl-lvii\/\",\"url\":\"https:\/\/theplayoffs.news\/fr\/actualite-nfl\/lucas-niang-drapeau-francais-super-bowl-lvii\/\",\"name\":\"Lucas Niang portera le drapeau fran\u00e7ais lors du Super Bowl LVII - The Playoffs FR\",\"isPartOf\":{\"@id\":\"https:\/\/theplayoffs.news\/fr\/#website\"},\"primaryImageOfPage\":{\"@id\":\"https:\/\/theplayoffs.news\/fr\/actualite-nfl\/lucas-niang-drapeau-francais-super-bowl-lvii\/#primaryimage\"},\"image\":{\"@id\":\"https:\/\/theplayoffs.news\/fr\/actualite-nfl\/lucas-niang-drapeau-francais-super-bowl-lvii\/#primaryimage\"},\"thumbnailUrl\":\"https:\/\/theplayoffs.news\/fr\/wp-content\/uploads\/2023\/02\/tinywow_8fd493a2202643a4a6aff1fc76434768_13632159.jpg\",\"datePublished\":\"2023-02-11T10:51:11+00:00\",\"dateModified\":\"2023-02-11T10:51:12+00:00\",\"author\":{\"@id\":\"https:\/\/theplayoffs.news\/fr\/#\/schema\/person\/eee5b69ad5d3c51cabe881c839dbe133\"},\"breadcrumb\":{\"@id\":\"https:\/\/theplayoffs.news\/fr\/actualite-nfl\/lucas-niang-drapeau-francais-super-bowl-lvii\/#breadcrumb\"},\"inLanguage\":\"fr-FR\",\"potentialAction\":[{\"@type\":\"ReadAction\",\"target\":[\"https:\/\/theplayoffs.news\/fr\/actualite-nfl\/lucas-niang-drapeau-francais-super-bowl-lvii\/\"]}]},{\"@type\":\"ImageObject\",\"inLanguage\":\"fr-FR\",\"@id\":\"https:\/\/theplayoffs.news\/fr\/actualite-nfl\/lucas-niang-drapeau-francais-super-bowl-lvii\/#primaryimage\",\"url\":\"https:\/\/theplayoffs.news\/fr\/wp-content\/uploads\/2023\/02\/tinywow_8fd493a2202643a4a6aff1fc76434768_13632159.jpg\",\"contentUrl\":\"https:\/\/theplayoffs.news\/fr\/wp-content\/uploads\/2023\/02\/tinywow_8fd493a2202643a4a6aff1fc76434768_13632159.jpg\",\"width\":1000,\"height\":600,\"caption\":\"Lucas Niang\"},{\"@type\":\"BreadcrumbList\",\"@id\":\"https:\/\/theplayoffs.news\/fr\/actualite-nfl\/lucas-niang-drapeau-francais-super-bowl-lvii\/#breadcrumb\",\"itemListElement\":[{\"@type\":\"ListItem\",\"position\":1,\"name\":\"Accueil\",\"item\":\"https:\/\/theplayoffs.news\/fr\/\"},{\"@type\":\"ListItem\",\"position\":2,\"name\":\"Lucas Niang portera le drapeau fran\u00e7ais lors du Super Bowl LVII\"}]},{\"@type\":\"WebSite\",\"@id\":\"https:\/\/theplayoffs.news\/fr\/#website\",\"url\":\"https:\/\/theplayoffs.news\/fr\/\",\"name\":\"The Playoffs FR\",\"description\":\"NBA-NFL-NHL-MLB\",\"potentialAction\":[{\"@type\":\"SearchAction\",\"target\":{\"@type\":\"EntryPoint\",\"urlTemplate\":\"https:\/\/theplayoffs.news\/fr\/?s={search_term_string}\"},\"query-input\":{\"@type\":\"PropertyValueSpecification\",\"valueRequired\":true,\"valueName\":\"search_term_string\"}}],\"inLanguage\":\"fr-FR\"},{\"@type\":\"Person\",\"@id\":\"https:\/\/theplayoffs.news\/fr\/#\/schema\/person\/eee5b69ad5d3c51cabe881c839dbe133\",\"name\":\"Charles Taudin\",\"image\":{\"@type\":\"ImageObject\",\"inLanguage\":\"fr-FR\",\"@id\":\"https:\/\/theplayoffs.news\/fr\/#\/schema\/person\/image\/\",\"url\":\"https:\/\/secure.gravatar.com\/avatar\/59a1e772205ce9fd255edfcafc93013736822e20261f294c5753b20c41ede9f2?s=96&d=mm&r=g\",\"contentUrl\":\"https:\/\/secure.gravatar.com\/avatar\/59a1e772205ce9fd255edfcafc93013736822e20261f294c5753b20c41ede9f2?s=96&d=mm&r=g\",\"caption\":\"Charles Taudin\"},\"description\":\"R\u00e9dacteur en chef global de The Playoffs, j\u2019ai cr\u00e9\u00e9 The Free Agent, devenu The Playoffs FR, en 2020 durant la pand\u00e9mie. Amoureux depuis des ann\u00e9es des 4 sports majeurs am\u00e9ricains, j\u2019organise maintenant la strat\u00e9gie \u00e9ditoriale et les r\u00e9seaux sociaux de l\u2019ensemble des versions de The Playoffs. Il m\u2019arrive encore d\u2019\u00e9crire sur certains sports que j\u2019affectionne particuli\u00e8rement comme la NFL ou la MLB. Si vous devez retenir qu\u2019une chose : Eli Manning est le vrai GOAT pour avoir battu deux fois Tom Brady.\",\"sameAs\":[\"https:\/\/www.instagram.com\/ctaudin_\/\"],\"url\":\"https:\/\/theplayoffs.news\/fr\/author\/charles-taudin\/\"}]}<\/script>\n<!-- \/ Yoast SEO plugin. -->","yoast_head_json":{"title":"Lucas Niang portera le drapeau fran&ccedil;ais lors du Super Bowl LVII - The Playoffs FR","robots":{"index":"index","follow":"follow","max-snippet":"max-snippet:-1","max-image-preview":"max-image-preview:large","max-video-preview":"max-video-preview:-1"},"canonical":"https:\/\/theplayoffs.news\/fr\/actualite-nfl\/lucas-niang-drapeau-francais-super-bowl-lvii\/","og_locale":"fr_FR","og_type":"article","og_title":"Lucas Niang portera le drapeau fran&ccedil;ais lors du Super Bowl LVII - The Playoffs FR","og_url":"https:\/\/theplayoffs.news\/fr\/actualite-nfl\/lucas-niang-drapeau-francais-super-bowl-lvii\/","og_site_name":"The Playoffs FR","article_publisher":"https:\/\/www.facebook.com\/TheFreeAgentFR\/","article_modified_time":"2023-02-11T10:51:12+00:00","og_image":[{"width":1000,"height":600,"url":"https:\/\/theplayoffs.news\/fr\/wp-content\/uploads\/2023\/02\/tinywow_8fd493a2202643a4a6aff1fc76434768_13632159.jpg","type":"image\/jpeg"}],"author":"Charles Taudin","twitter_card":"summary_large_image","twitter_creator":"@TheFreeAgentFR","twitter_site":"@TheFreeAgentFR","twitter_misc":{"\u00c9crit par":"Charles Taudin","Dur\u00e9e de lecture estim\u00e9e":"1 minute"},"schema":{"@context":"https:\/\/schema.org","@graph":[{"@type":"WebPage","@id":"https:\/\/theplayoffs.news\/fr\/actualite-nfl\/lucas-niang-drapeau-francais-super-bowl-lvii\/","url":"https:\/\/theplayoffs.news\/fr\/actualite-nfl\/lucas-niang-drapeau-francais-super-bowl-lvii\/","name":"Lucas Niang portera le drapeau fran\u00e7ais lors du Super Bowl LVII - The Playoffs FR","isPartOf":{"@id":"https:\/\/theplayoffs.news\/fr\/#website"},"primaryImageOfPage":{"@id":"https:\/\/theplayoffs.news\/fr\/actualite-nfl\/lucas-niang-drapeau-francais-super-bowl-lvii\/#primaryimage"},"image":{"@id":"https:\/\/theplayoffs.news\/fr\/actualite-nfl\/lucas-niang-drapeau-francais-super-bowl-lvii\/#primaryimage"},"thumbnailUrl":"https:\/\/theplayoffs.news\/fr\/wp-content\/uploads\/2023\/02\/tinywow_8fd493a2202643a4a6aff1fc76434768_13632159.jpg","datePublished":"2023-02-11T10:51:11+00:00","dateModified":"2023-02-11T10:51:12+00:00","author":{"@id":"https:\/\/theplayoffs.news\/fr\/#\/schema\/person\/eee5b69ad5d3c51cabe881c839dbe133"},"breadcrumb":{"@id":"https:\/\/theplayoffs.news\/fr\/actualite-nfl\/lucas-niang-drapeau-francais-super-bowl-lvii\/#breadcrumb"},"inLanguage":"fr-FR","potentialAction":[{"@type":"ReadAction","target":["https:\/\/theplayoffs.news\/fr\/actualite-nfl\/lucas-niang-drapeau-francais-super-bowl-lvii\/"]}]},{"@type":"ImageObject","inLanguage":"fr-FR","@id":"https:\/\/theplayoffs.news\/fr\/actualite-nfl\/lucas-niang-drapeau-francais-super-bowl-lvii\/#primaryimage","url":"https:\/\/theplayoffs.news\/fr\/wp-content\/uploads\/2023\/02\/tinywow_8fd493a2202643a4a6aff1fc76434768_13632159.jpg","contentUrl":"https:\/\/theplayoffs.news\/fr\/wp-content\/uploads\/2023\/02\/tinywow_8fd493a2202643a4a6aff1fc76434768_13632159.jpg","width":1000,"height":600,"caption":"Lucas Niang"},{"@type":"BreadcrumbList","@id":"https:\/\/theplayoffs.news\/fr\/actualite-nfl\/lucas-niang-drapeau-francais-super-bowl-lvii\/#breadcrumb","itemListElement":[{"@type":"ListItem","position":1,"name":"Accueil","item":"https:\/\/theplayoffs.news\/fr\/"},{"@type":"ListItem","position":2,"name":"Lucas Niang portera le drapeau fran\u00e7ais lors du Super Bowl LVII"}]},{"@type":"WebSite","@id":"https:\/\/theplayoffs.news\/fr\/#website","url":"https:\/\/theplayoffs.news\/fr\/","name":"The Playoffs FR","description":"NBA-NFL-NHL-MLB","potentialAction":[{"@type":"SearchAction","target":{"@type":"EntryPoint","urlTemplate":"https:\/\/theplayoffs.news\/fr\/?s={search_term_string}"},"query-input":{"@type":"PropertyValueSpecification","valueRequired":true,"valueName":"search_term_string"}}],"inLanguage":"fr-FR"},{"@type":"Person","@id":"https:\/\/theplayoffs.news\/fr\/#\/schema\/person\/eee5b69ad5d3c51cabe881c839dbe133","name":"Charles Taudin","image":{"@type":"ImageObject","inLanguage":"fr-FR","@id":"https:\/\/theplayoffs.news\/fr\/#\/schema\/person\/image\/","url":"https:\/\/secure.gravatar.com\/avatar\/59a1e772205ce9fd255edfcafc93013736822e20261f294c5753b20c41ede9f2?s=96&d=mm&r=g","contentUrl":"https:\/\/secure.gravatar.com\/avatar\/59a1e772205ce9fd255edfcafc93013736822e20261f294c5753b20c41ede9f2?s=96&d=mm&r=g","caption":"Charles Taudin"},"description":"R\u00e9dacteur en chef global de The Playoffs, j\u2019ai cr\u00e9\u00e9 The Free Agent, devenu The Playoffs FR, en 2020 durant la pand\u00e9mie. Amoureux depuis des ann\u00e9es des 4 sports majeurs am\u00e9ricains, j\u2019organise maintenant la strat\u00e9gie \u00e9ditoriale et les r\u00e9seaux sociaux de l\u2019ensemble des versions de The Playoffs. Il m\u2019arrive encore d\u2019\u00e9crire sur certains sports que j\u2019affectionne particuli\u00e8rement comme la NFL ou la MLB. Si vous devez retenir qu\u2019une chose : Eli Manning est le vrai GOAT pour avoir battu deux fois Tom Brady.","sameAs":["https:\/\/www.instagram.com\/ctaudin_\/"],"url":"https:\/\/theplayoffs.news\/fr\/author\/charles-taudin\/"}]}},"_links":{"self":[{"href":"https:\/\/theplayoffs.news\/fr\/wp-json\/wp\/v2\/posts\/566291","targetHints":{"allow":["GET"]}}],"collection":[{"href":"https:\/\/theplayoffs.news\/fr\/wp-json\/wp\/v2\/posts"}],"about":[{"href":"https:\/\/theplayoffs.news\/fr\/wp-json\/wp\/v2\/types\/post"}],"author":[{"embeddable":true,"href":"https:\/\/theplayoffs.news\/fr\/wp-json\/wp\/v2\/users\/13"}],"replies":[{"embeddable":true,"href":"https:\/\/theplayoffs.news\/fr\/wp-json\/wp\/v2\/comments?post=566291"}],"version-history":[{"count":3,"href":"https:\/\/theplayoffs.news\/fr\/wp-json\/wp\/v2\/posts\/566291\/revisions"}],"predecessor-version":[{"id":1333037,"href":"https:\/\/theplayoffs.news\/fr\/wp-json\/wp\/v2\/posts\/566291\/revisions\/1333037"}],"wp:featuredmedia":[{"embeddable":true,"href":"https:\/\/theplayoffs.news\/fr\/wp-json\/wp\/v2\/media\/566293"}],"wp:attachment":[{"href":"https:\/\/theplayoffs.news\/fr\/wp-json\/wp\/v2\/media?parent=566291"}],"wp:term":[{"taxonomy":"category","embeddable":true,"href":"https:\/\/theplayoffs.news\/fr\/wp-json\/wp\/v2\/categories?post=566291"},{"taxonomy":"post_tag","embeddable":true,"href":"https:\/\/theplayoffs.news\/fr\/wp-json\/wp\/v2\/tags?post=566291"},{"taxonomy":"sport","embeddable":true,"href":"https:\/\/theplayoffs.news\/fr\/wp-json\/wp\/v2\/sport?post=566291"},{"taxonomy":"saison","embeddable":true,"href":"https:\/\/theplayoffs.news\/fr\/wp-json\/wp\/v2\/saison?post=566291"}],"curies":[{"name":"wp","href":"https:\/\/api.w.org\/{rel}","templated":true}]}}