{"id":566045,"date":"2023-02-10T13:41:50","date_gmt":"2023-02-10T12:41:50","guid":{"rendered":"https:\/\/theplayoffs.news\/fr\/?p=566045"},"modified":"2023-02-10T13:41:51","modified_gmt":"2023-02-10T12:41:51","slug":"vladimir-tarasenko-echange-aux-rangers","status":"publish","type":"post","link":"https:\/\/theplayoffs.news\/fr\/actualite-nhl\/vladimir-tarasenko-echange-aux-rangers\/","title":{"rendered":"Vladimir Tarasenko \u00e9chang\u00e9 aux Rangers"},"content":{"rendered":"<h2>Vladimir Tarasenko s&rsquo;envole pour New York<\/h2><p>&nbsp;<\/p><p>Ce jeudi 9 f&eacute;vrier, la NHL a &eacute;t&eacute; secou&eacute;e par l&rsquo;<a href=\"https:\/\/www.youtube.com\/watch?v=u8v6TWm5CKw\" class=\"trk-cta-link\" data-cta-trk='{\"ctaType\":\"Link\",\"ctaSubType\":\"main\"}'>&eacute;change entre les <strong>Rangers de New York<\/strong> et les <strong>Blues de Saint-Louis<\/strong><\/a> envoyant <a href=\"https:\/\/theplayoffs.news\/fr\/joueur\/vladimir-tarasenko-nhl-11674\/\" class=\"trk-cta-link\" data-cta-trk='{\"ctaType\":\"Link\",\"ctaSubType\":\"main\"}'><strong>Vladimir Tarasenko<\/strong><\/a> et <a href=\"https:\/\/theplayoffs.news\/fr\/joueur\/niko-mikkola-nhl-7884708\/\" class=\"trk-cta-link\" data-cta-trk='{\"ctaType\":\"Link\",\"ctaSubType\":\"main\"}'><strong>Niko Mikkola<\/strong><\/a> &agrave; New York tandis que <a href=\"https:\/\/theplayoffs.news\/fr\/joueur\/sammy-blais-nhl-6299394\/\" class=\"trk-cta-link\" data-cta-trk='{\"ctaType\":\"Link\",\"ctaSubType\":\"main\"}'><strong>Sammy Blais<\/strong><\/a>, <a href=\"https:\/\/theplayoffs.news\/fr\/joueur\/hunter-skinner-new-york-rangers-nhl\/\" class=\"trk-cta-link\" data-cta-trk='{\"ctaType\":\"Link\",\"ctaSubType\":\"main\"}'><strong>Hunter Skinner<\/strong><\/a>, un choix conditionnel de 1er tour du rep&ecirc;chage 2023 et un choix conditionnel de 4e tour du rep&ecirc;chage 2024.<\/p><blockquote class=\"twitter-tweet\" data-width=\"500\" data-dnt=\"true\">\n<p lang=\"en\" dir=\"ltr\">THERE IT IS &#8252;&#65039;<\/p>\n<p>The Rangers have acquired Vladimir Tarasenko and Niko Mikkola from the Blues in exchange for Sammy Blais, Hunter Skinner, a conditional 2023 1st-round pick, and a conditional 2024 4th-round pick. &#128257; <a href=\"https:\/\/t.co\/JiKt6ZYz9E\" class=\"trk-cta-link\" data-cta-trk='{\"ctaType\":\"Link\",\"ctaSubType\":\"main\"}'>pic.twitter.com\/JiKt6ZYz9E<\/a><\/p>\n<p>&mdash; Sportsnet (@Sportsnet) <a href=\"https:\/\/x.com\/Sportsnet\/status\/1623769529275891713?ref_src=twsrc%5Etfw\" class=\"trk-cta-link\" data-cta-trk='{\"ctaType\":\"Link\",\"ctaSubType\":\"main\"}'>February 9, 2023<\/a><\/p><\/blockquote><p><script async src=\"https:\/\/platform.x.com\/widgets.js\" charset=\"utf-8\"><\/script><\/p><h3>L&rsquo;analyse du &laquo;&nbsp;trade&nbsp;&raquo; de Vladimir Tarasenko<\/h3><p>&nbsp;<\/p><p>Les <strong>New York Rangers<\/strong> ont r&eacute;cup&eacute;r&eacute; <strong>Vladimir Tarasenko<\/strong>, pi&egrave;ce maitresse de cet &eacute;change, avec <strong>Niko Mikkola<\/strong>, d&eacute;fenseur de 26 ans. <strong>Vladimir Tarasenko<\/strong> a enregistr&eacute; un total de 29 points en 38 parties effectu&eacute;es cette saison avec 10 buts et 19 passes d&eacute;cisives. Le joueur de 31 ans touche 7,5M&nbsp; de dollars pour sa derni&egrave;re ann&eacute;e de contrat avant de devenir agent libre sans restriction d&rsquo;ici cet &eacute;t&eacute; s&rsquo;il n&rsquo;est pas sign&eacute; par les <strong>Rangers<\/strong>, 50% du salaire est &eacute;galement retenu par les <strong>Blues<\/strong>. <strong>Vladimir Tarasenko<\/strong> devient d&eacute;sormais un atout majeur pour les <strong>Rangers<\/strong> qui pr&eacute;tendent au titre cette saison. Avec l&rsquo;addition de <strong>Tarasenko<\/strong> et <strong>Mikkola<\/strong> (3 points en 50 matchs cette saison), <strong>New York<\/strong> tente d&rsquo;ajouter une menace suppl&eacute;mentaire en attaque avec ce marqueur naturel tandis qu&rsquo;ils ajoutent &agrave; coup s&ucirc;r de la profondeur au sein de leur corps d&eacute;fensif.<\/p><p>Du c&ocirc;t&eacute; des <strong>Saint-Louis Blues<\/strong>, ils ont acquis <strong>Sammy Blais<\/strong>, auteur de 5 points en 40 rencontres cette saison avec les <strong>Rangers<\/strong> ainsi que <strong>Hunter Skinner<\/strong>, jeune d&eacute;fenseur de 21 ans. Il a obtenu 8 points en 22 matchs avec les <strong>Jacksonville Icemen<\/strong> en <strong>ECHL<\/strong> ainsi que 2 points en 8 parties en <strong>AHL<\/strong> avec les <strong>Hartford Wolf Pack<\/strong>. Avec&nbsp; l&rsquo;addition de ces deux joueurs, les <strong>Saint-Louis Blues<\/strong> tenteront d&rsquo;ajouter de la profondeur en attaque avec <strong>Sammy Blais<\/strong> tandis qu&rsquo;ils ajoutent un nouvel espoir en acqu&eacute;rant le d&eacute;fenseur <strong>Hunter Skinner<\/strong>. Ce n&rsquo;est pas tout, <strong>Saint-Louis<\/strong> r&eacute;cup&egrave;re un choix conditionnel de 1er tour du rep&ecirc;chage 2023, la condition est que ce choix sera le choix class&eacute; le plus bas dans la loterie entre celui des <strong>Rangers<\/strong> et le choix de 1er tour acquis des <strong>Dallas Stars<\/strong> qui appartient aux <strong>Rangers<\/strong>. Quant au choix conditionnel de 4e tour du rep&ecirc;chage 2024, il deviendra un choix de 3e tour de cette m&ecirc;me ann&eacute;e dans le cas o&ugrave; <strong>New York<\/strong> jouerait les play-offs cette saison.<\/p><p>&nbsp;<\/p><h3>Vladimir Tarasenko, un atout majeur dans la course au titre<\/h3><blockquote class=\"twitter-tweet\" data-width=\"500\" data-dnt=\"true\">\n<p lang=\"es\" dir=\"ltr\">&#119916;&#119949;&#119946;&#119957;&#119942;. <a href=\"https:\/\/t.co\/N7e8I2DJCd\" class=\"trk-cta-link\" data-cta-trk='{\"ctaType\":\"Link\",\"ctaSubType\":\"main\"}'>pic.twitter.com\/N7e8I2DJCd<\/a><\/p>\n<p>&mdash; New York Rangers (@NYRangers) <a href=\"https:\/\/twitter.com\/NYRangers\/status\/1623816763749306368?ref_src=twsrc%5Etfw\" class=\"trk-cta-link\" data-cta-trk='{\"ctaType\":\"Link\",\"ctaSubType\":\"main\"}'>February 9, 2023<\/a><\/p><\/blockquote><p><script async src=\"https:\/\/platform.twitter.com\/widgets.js\" charset=\"utf-8\"><\/script><\/p><p>Le pr&eacute;sident et directeur g&eacute;n&eacute;ral de l&rsquo;organisation, <strong>Chris Drury<\/strong>, des <strong>Rangers de New York<\/strong> s&rsquo;est exprim&eacute; au sujet de l&rsquo;acquisition de <strong>Vladimir Tarasenko<\/strong> au sein de son effectif. <strong>Drury<\/strong> a d&eacute;crit <strong>Tarasenko<\/strong> comme &eacute;tant un buteur hors-pair dans la ligue, sa pr&eacute;sence dans les deux premi&egrave;res lignes d&rsquo;attaque des Rangers ne pourra que renforcer <strong>New York<\/strong> dans la course au titre. <strong>Chris Drury<\/strong> s&rsquo;est &eacute;galement montr&eacute; tr&egrave;s expressif et impatient de voir <strong>Tarasenko<\/strong> &agrave; l&rsquo;&oelig;uvre sous ses nouvelles couleurs. <strong>Drury<\/strong> a &eacute;galement d&eacute;clar&eacute; que <strong>Tarasenko<\/strong> et <strong>Mikkola<\/strong> pourront s&rsquo;adapter rapidement &agrave; leur nouvelle &eacute;quipe, ils devraient &eacute;galement figurer dans l&rsquo;effectif de ce soir face au <strong>Kraken de Seattle<\/strong> au <strong>Madison Square Garden<\/strong>.<\/p><blockquote><p>&laquo;&nbsp;C&rsquo;est un buteur d&rsquo;&eacute;lite et un joueur formidable (<strong>Vladimir Tarasenko<\/strong>). Nous avons senti que l&rsquo;acquisition d&rsquo;un ailier de premier plan &eacute;tait quelque chose dont nous avions besoin et nous sommes heureux de l&rsquo;avoir &agrave; bord.<\/p>\n<p>C&rsquo;est quelque chose que nous avons envisag&eacute; depuis un certain temps. Cela donne aux deux nouveaux joueurs un peu plus de temps pour s&rsquo;acclimater &agrave; notre groupe, donc nous sommes heureux de le faire maintenant et de les avoir dans l&rsquo;&eacute;quipe demain.&nbsp;&raquo;<\/p>\n<p><strong>Chris Drury<\/strong>, &agrave; propos de <strong>Tarasenko<\/strong> et <strong>Mikkola<\/strong>, <em>conf&eacute;rence de presse (compte Twitter officiel New York Rangers)<\/em><\/p><\/blockquote><blockquote class=\"twitter-tweet\" data-width=\"500\" data-dnt=\"true\">\n<p lang=\"en\" dir=\"ltr\">Chris Drury on Tarasenko and Mikkola: \"It&rsquo;s something we&rsquo;ve been looking at for a while. It gives the two new players a little more time to acclimate to our group, so excited to do it now and get them in the lineup tomorrow.&rdquo;<\/p>\n<p>&mdash; New York Rangers (@NYRangers) <a href=\"https:\/\/twitter.com\/NYRangers\/status\/1623783228841644033?ref_src=twsrc%5Etfw\" class=\"trk-cta-link\" data-cta-trk='{\"ctaType\":\"Link\",\"ctaSubType\":\"main\"}'>February 9, 2023<\/a><\/p><\/blockquote><p><script async src=\"https:\/\/platform.twitter.com\/widgets.js\" charset=\"utf-8\"><\/script><\/p><p>&nbsp;<\/p>\n","protected":false},"excerpt":{"rendered":"","protected":false},"author":180310148,"featured_media":566072,"comment_status":"open","ping_status":"closed","sticky":false,"template":"","format":"standard","meta":{"inline_featured_image":false,"kia_subtitle":"","_mux_skip_reasons":[],"proofreadBy":0,"footnotes":""},"categories":[187,26],"tags":[5477,258,24,2862],"sport":[],"saison":[],"class_list":["post-566045","post","type-post","status-publish","format-standard","has-post-thumbnail","hentry","category-actualite-nhl","category-nhl","tag-vladimir-tarasenko","tag-new-york-rangers","tag-nhl","tag-saint-louis-blues"],"acf":[],"yoast_head":"<!-- This site is optimized with the Yoast SEO plugin v24.2 - https:\/\/yoast.com\/wordpress\/plugins\/seo\/ -->\n<title>Vladimir Tarasenko &eacute;chang&eacute; aux Rangers - The Playoffs FR<\/title>\n<meta name=\"robots\" content=\"index, follow, max-snippet:-1, max-image-preview:large, max-video-preview:-1\" \/>\n<link rel=\"canonical\" href=\"https:\/\/theplayoffs.news\/fr\/actualite-nhl\/vladimir-tarasenko-echange-aux-rangers\/\" \/>\n<meta property=\"og:locale\" content=\"fr_FR\" \/>\n<meta property=\"og:type\" content=\"article\" \/>\n<meta property=\"og:title\" content=\"Vladimir Tarasenko &eacute;chang&eacute; aux Rangers - The Playoffs FR\" \/>\n<meta property=\"og:url\" content=\"https:\/\/theplayoffs.news\/fr\/actualite-nhl\/vladimir-tarasenko-echange-aux-rangers\/\" \/>\n<meta property=\"og:site_name\" content=\"The Playoffs FR\" \/>\n<meta property=\"article:publisher\" content=\"https:\/\/www.facebook.com\/TheFreeAgentFR\/\" \/>\n<meta property=\"article:modified_time\" content=\"2023-02-10T13:41:51+01:00\" \/>\n<meta property=\"og:image\" content=\"https:\/\/theplayoffs.news\/fr\/wp-content\/uploads\/2023\/02\/vladimir-tarasenko.jpg\" \/>\n\t<meta property=\"og:image:width\" content=\"1136\" \/>\n\t<meta property=\"og:image:height\" content=\"640\" \/>\n\t<meta property=\"og:image:type\" content=\"image\/jpeg\" \/>\n<meta name=\"author\" content=\"Rapha\u00ebl Dangueuger\" \/>\n<meta name=\"twitter:card\" content=\"summary_large_image\" \/>\n<meta name=\"twitter:creator\" content=\"@TheFreeAgentFR\" \/>\n<meta name=\"twitter:site\" content=\"@TheFreeAgentFR\" \/>\n<meta name=\"twitter:label1\" content=\"\u00c9crit par\" \/>\n\t<meta name=\"twitter:data1\" content=\"Rapha\u00ebl Dangueuger\" \/>\n\t<meta name=\"twitter:label2\" content=\"Dur\u00e9e de lecture estim\u00e9e\" \/>\n\t<meta name=\"twitter:data2\" content=\"3 minutes\" \/>\n<script type=\"application\/ld+json\" class=\"yoast-schema-graph\">{\"@context\":\"https:\/\/schema.org\",\"@graph\":[{\"@type\":\"WebPage\",\"@id\":\"https:\/\/theplayoffs.news\/fr\/actualite-nhl\/vladimir-tarasenko-echange-aux-rangers\/\",\"url\":\"https:\/\/theplayoffs.news\/fr\/actualite-nhl\/vladimir-tarasenko-echange-aux-rangers\/\",\"name\":\"Vladimir Tarasenko \u00e9chang\u00e9 aux Rangers - The Playoffs FR\",\"isPartOf\":{\"@id\":\"https:\/\/theplayoffs.news\/fr\/#website\"},\"primaryImageOfPage\":{\"@id\":\"https:\/\/theplayoffs.news\/fr\/actualite-nhl\/vladimir-tarasenko-echange-aux-rangers\/#primaryimage\"},\"image\":{\"@id\":\"https:\/\/theplayoffs.news\/fr\/actualite-nhl\/vladimir-tarasenko-echange-aux-rangers\/#primaryimage\"},\"thumbnailUrl\":\"https:\/\/theplayoffs.news\/fr\/wp-content\/uploads\/2023\/02\/vladimir-tarasenko.jpg\",\"datePublished\":\"2023-02-10T12:41:50+00:00\",\"dateModified\":\"2023-02-10T12:41:51+00:00\",\"author\":{\"@id\":\"https:\/\/theplayoffs.news\/fr\/#\/schema\/person\/4b02b53432403b95b5e8ccbd4da65f97\"},\"breadcrumb\":{\"@id\":\"https:\/\/theplayoffs.news\/fr\/actualite-nhl\/vladimir-tarasenko-echange-aux-rangers\/#breadcrumb\"},\"inLanguage\":\"fr-FR\",\"potentialAction\":[{\"@type\":\"ReadAction\",\"target\":[\"https:\/\/theplayoffs.news\/fr\/actualite-nhl\/vladimir-tarasenko-echange-aux-rangers\/\"]}]},{\"@type\":\"ImageObject\",\"inLanguage\":\"fr-FR\",\"@id\":\"https:\/\/theplayoffs.news\/fr\/actualite-nhl\/vladimir-tarasenko-echange-aux-rangers\/#primaryimage\",\"url\":\"https:\/\/theplayoffs.news\/fr\/wp-content\/uploads\/2023\/02\/vladimir-tarasenko.jpg\",\"contentUrl\":\"https:\/\/theplayoffs.news\/fr\/wp-content\/uploads\/2023\/02\/vladimir-tarasenko.jpg\",\"width\":1136,\"height\":640,\"caption\":\"Vladimir Tarasenko\"},{\"@type\":\"BreadcrumbList\",\"@id\":\"https:\/\/theplayoffs.news\/fr\/actualite-nhl\/vladimir-tarasenko-echange-aux-rangers\/#breadcrumb\",\"itemListElement\":[{\"@type\":\"ListItem\",\"position\":1,\"name\":\"Accueil\",\"item\":\"https:\/\/theplayoffs.news\/fr\/\"},{\"@type\":\"ListItem\",\"position\":2,\"name\":\"Vladimir Tarasenko \u00e9chang\u00e9 aux Rangers\"}]},{\"@type\":\"WebSite\",\"@id\":\"https:\/\/theplayoffs.news\/fr\/#website\",\"url\":\"https:\/\/theplayoffs.news\/fr\/\",\"name\":\"The Playoffs FR\",\"description\":\"NBA-NFL-NHL-MLB\",\"potentialAction\":[{\"@type\":\"SearchAction\",\"target\":{\"@type\":\"EntryPoint\",\"urlTemplate\":\"https:\/\/theplayoffs.news\/fr\/?s={search_term_string}\"},\"query-input\":{\"@type\":\"PropertyValueSpecification\",\"valueRequired\":true,\"valueName\":\"search_term_string\"}}],\"inLanguage\":\"fr-FR\"},{\"@type\":\"Person\",\"@id\":\"https:\/\/theplayoffs.news\/fr\/#\/schema\/person\/4b02b53432403b95b5e8ccbd4da65f97\",\"name\":\"Rapha\u00ebl Dangueuger\",\"image\":{\"@type\":\"ImageObject\",\"inLanguage\":\"fr-FR\",\"@id\":\"https:\/\/theplayoffs.news\/fr\/#\/schema\/person\/image\/\",\"url\":\"https:\/\/secure.gravatar.com\/avatar\/18c9032760c2b9c175c3f0c3b7c2cb563384755cdbc1a585e4cc6d57b742cfed?s=96&d=mm&r=g\",\"contentUrl\":\"https:\/\/secure.gravatar.com\/avatar\/18c9032760c2b9c175c3f0c3b7c2cb563384755cdbc1a585e4cc6d57b742cfed?s=96&d=mm&r=g\",\"caption\":\"Rapha\u00ebl Dangueuger\"},\"url\":\"https:\/\/theplayoffs.news\/fr\/author\/rdangueugeroutlook-fr\/\"}]}<\/script>\n<!-- \/ Yoast SEO plugin. -->","yoast_head_json":{"title":"Vladimir Tarasenko &eacute;chang&eacute; aux Rangers - The Playoffs FR","robots":{"index":"index","follow":"follow","max-snippet":"max-snippet:-1","max-image-preview":"max-image-preview:large","max-video-preview":"max-video-preview:-1"},"canonical":"https:\/\/theplayoffs.news\/fr\/actualite-nhl\/vladimir-tarasenko-echange-aux-rangers\/","og_locale":"fr_FR","og_type":"article","og_title":"Vladimir Tarasenko &eacute;chang&eacute; aux Rangers - The Playoffs FR","og_url":"https:\/\/theplayoffs.news\/fr\/actualite-nhl\/vladimir-tarasenko-echange-aux-rangers\/","og_site_name":"The Playoffs FR","article_publisher":"https:\/\/www.facebook.com\/TheFreeAgentFR\/","article_modified_time":"2023-02-10T12:41:51+00:00","og_image":[{"width":1136,"height":640,"url":"https:\/\/theplayoffs.news\/fr\/wp-content\/uploads\/2023\/02\/vladimir-tarasenko.jpg","type":"image\/jpeg"}],"author":"Rapha\u00ebl Dangueuger","twitter_card":"summary_large_image","twitter_creator":"@TheFreeAgentFR","twitter_site":"@TheFreeAgentFR","twitter_misc":{"\u00c9crit par":"Rapha\u00ebl Dangueuger","Dur\u00e9e de lecture estim\u00e9e":"3 minutes"},"schema":{"@context":"https:\/\/schema.org","@graph":[{"@type":"WebPage","@id":"https:\/\/theplayoffs.news\/fr\/actualite-nhl\/vladimir-tarasenko-echange-aux-rangers\/","url":"https:\/\/theplayoffs.news\/fr\/actualite-nhl\/vladimir-tarasenko-echange-aux-rangers\/","name":"Vladimir Tarasenko \u00e9chang\u00e9 aux Rangers - The Playoffs FR","isPartOf":{"@id":"https:\/\/theplayoffs.news\/fr\/#website"},"primaryImageOfPage":{"@id":"https:\/\/theplayoffs.news\/fr\/actualite-nhl\/vladimir-tarasenko-echange-aux-rangers\/#primaryimage"},"image":{"@id":"https:\/\/theplayoffs.news\/fr\/actualite-nhl\/vladimir-tarasenko-echange-aux-rangers\/#primaryimage"},"thumbnailUrl":"https:\/\/theplayoffs.news\/fr\/wp-content\/uploads\/2023\/02\/vladimir-tarasenko.jpg","datePublished":"2023-02-10T12:41:50+00:00","dateModified":"2023-02-10T12:41:51+00:00","author":{"@id":"https:\/\/theplayoffs.news\/fr\/#\/schema\/person\/4b02b53432403b95b5e8ccbd4da65f97"},"breadcrumb":{"@id":"https:\/\/theplayoffs.news\/fr\/actualite-nhl\/vladimir-tarasenko-echange-aux-rangers\/#breadcrumb"},"inLanguage":"fr-FR","potentialAction":[{"@type":"ReadAction","target":["https:\/\/theplayoffs.news\/fr\/actualite-nhl\/vladimir-tarasenko-echange-aux-rangers\/"]}]},{"@type":"ImageObject","inLanguage":"fr-FR","@id":"https:\/\/theplayoffs.news\/fr\/actualite-nhl\/vladimir-tarasenko-echange-aux-rangers\/#primaryimage","url":"https:\/\/theplayoffs.news\/fr\/wp-content\/uploads\/2023\/02\/vladimir-tarasenko.jpg","contentUrl":"https:\/\/theplayoffs.news\/fr\/wp-content\/uploads\/2023\/02\/vladimir-tarasenko.jpg","width":1136,"height":640,"caption":"Vladimir Tarasenko"},{"@type":"BreadcrumbList","@id":"https:\/\/theplayoffs.news\/fr\/actualite-nhl\/vladimir-tarasenko-echange-aux-rangers\/#breadcrumb","itemListElement":[{"@type":"ListItem","position":1,"name":"Accueil","item":"https:\/\/theplayoffs.news\/fr\/"},{"@type":"ListItem","position":2,"name":"Vladimir Tarasenko \u00e9chang\u00e9 aux Rangers"}]},{"@type":"WebSite","@id":"https:\/\/theplayoffs.news\/fr\/#website","url":"https:\/\/theplayoffs.news\/fr\/","name":"The Playoffs FR","description":"NBA-NFL-NHL-MLB","potentialAction":[{"@type":"SearchAction","target":{"@type":"EntryPoint","urlTemplate":"https:\/\/theplayoffs.news\/fr\/?s={search_term_string}"},"query-input":{"@type":"PropertyValueSpecification","valueRequired":true,"valueName":"search_term_string"}}],"inLanguage":"fr-FR"},{"@type":"Person","@id":"https:\/\/theplayoffs.news\/fr\/#\/schema\/person\/4b02b53432403b95b5e8ccbd4da65f97","name":"Rapha\u00ebl Dangueuger","image":{"@type":"ImageObject","inLanguage":"fr-FR","@id":"https:\/\/theplayoffs.news\/fr\/#\/schema\/person\/image\/","url":"https:\/\/secure.gravatar.com\/avatar\/18c9032760c2b9c175c3f0c3b7c2cb563384755cdbc1a585e4cc6d57b742cfed?s=96&d=mm&r=g","contentUrl":"https:\/\/secure.gravatar.com\/avatar\/18c9032760c2b9c175c3f0c3b7c2cb563384755cdbc1a585e4cc6d57b742cfed?s=96&d=mm&r=g","caption":"Rapha\u00ebl Dangueuger"},"url":"https:\/\/theplayoffs.news\/fr\/author\/rdangueugeroutlook-fr\/"}]}},"_links":{"self":[{"href":"https:\/\/theplayoffs.news\/fr\/wp-json\/wp\/v2\/posts\/566045","targetHints":{"allow":["GET"]}}],"collection":[{"href":"https:\/\/theplayoffs.news\/fr\/wp-json\/wp\/v2\/posts"}],"about":[{"href":"https:\/\/theplayoffs.news\/fr\/wp-json\/wp\/v2\/types\/post"}],"author":[{"embeddable":true,"href":"https:\/\/theplayoffs.news\/fr\/wp-json\/wp\/v2\/users\/180310148"}],"replies":[{"embeddable":true,"href":"https:\/\/theplayoffs.news\/fr\/wp-json\/wp\/v2\/comments?post=566045"}],"version-history":[{"count":3,"href":"https:\/\/theplayoffs.news\/fr\/wp-json\/wp\/v2\/posts\/566045\/revisions"}],"predecessor-version":[{"id":566108,"href":"https:\/\/theplayoffs.news\/fr\/wp-json\/wp\/v2\/posts\/566045\/revisions\/566108"}],"wp:featuredmedia":[{"embeddable":true,"href":"https:\/\/theplayoffs.news\/fr\/wp-json\/wp\/v2\/media\/566072"}],"wp:attachment":[{"href":"https:\/\/theplayoffs.news\/fr\/wp-json\/wp\/v2\/media?parent=566045"}],"wp:term":[{"taxonomy":"category","embeddable":true,"href":"https:\/\/theplayoffs.news\/fr\/wp-json\/wp\/v2\/categories?post=566045"},{"taxonomy":"post_tag","embeddable":true,"href":"https:\/\/theplayoffs.news\/fr\/wp-json\/wp\/v2\/tags?post=566045"},{"taxonomy":"sport","embeddable":true,"href":"https:\/\/theplayoffs.news\/fr\/wp-json\/wp\/v2\/sport?post=566045"},{"taxonomy":"saison","embeddable":true,"href":"https:\/\/theplayoffs.news\/fr\/wp-json\/wp\/v2\/saison?post=566045"}],"curies":[{"name":"wp","href":"https:\/\/api.w.org\/{rel}","templated":true}]}}