{"id":566034,"date":"2023-02-10T09:44:23","date_gmt":"2023-02-10T08:44:23","guid":{"rendered":"https:\/\/theplayoffs.news\/fr\/?p=566034"},"modified":"2023-02-10T09:44:24","modified_gmt":"2023-02-10T08:44:24","slug":"yu-darvish-prolonge-6-ans-chez-les-padres","status":"publish","type":"post","link":"https:\/\/theplayoffs.news\/fr\/actualite-mlb\/yu-darvish-prolonge-6-ans-chez-les-padres\/","title":{"rendered":"Yu Darvish prolonge 6 ans chez les Padres"},"content":{"rendered":"<h2><strong>Le lanceur Yu Darvish et les Padres de San Diego se sont mis d&rsquo;accord sur une extension de 6 ans pour 108 millions de dollars.<\/strong><\/h2><p>Apr&egrave;s Joe Musgrove en cours de saison, c&rsquo;est maintenant au tour du lanceur Japonais de s&rsquo;engager sur la dur&eacute;e avec la franchise de San Diego, Yu Darvish.<\/p><p>Le joueur qui aurait pu devenir agent libre &agrave; la fin de la saison a choisi de signer une extension qui le lie aux Padres jusqu&rsquo;en 2028.<\/p><p>108 millions de dollars sur 6 ans avec un salaire annuel moyen de 18 millions, soit 3 millions de moins par saison que ce qu&rsquo;il percevait sur son dernier contrat. Pour le joueur de 36 ans qui en aura 42 &agrave; la fin du contrat cela reste un tr&egrave;s bon deal.<\/p><p><a href=\"https:\/\/theplayoffs.news\/fr\/joueur\/yu-darvish-san-diego-padres-mlb\/\" class=\"trk-cta-link\" data-cta-trk='{\"ctaType\":\"Link\",\"ctaSubType\":\"main\"}'><strong>Yu Darvish<\/strong><\/a> a &eacute;t&eacute; le meilleur lanceur des Padres la saison derni&egrave;re avec un record de 16 victoires pour 8 d&eacute;faites, un ERA de 3.10 et 197 retraits au b&acirc;ton.<\/p><p>Maintenant qu&rsquo;ils ont s&eacute;curis&eacute; l&rsquo;une des pi&egrave;ces ma&icirc;tresse de leur rotation, les Padres devraient s&rsquo;activer pour trouver un accord avec un autre joueur important pour leur franchise, Manny Machado !<\/p><p>Machado pourrait d&eacute;cider se d&eacute;sengager de son contrat de 10 ans avec la franchise de San Diego et devenir agent libre &agrave; la fin de la saison si un accord n&rsquo;est pas trouv&eacute; d&rsquo;ici l&agrave;.<\/p><p>Les Padres qui ont actuellement la 3&egrave;me masse salariale la plus importante de la ligue vont-ils une nouvelle fois casser la tirelire pour conserver la star Dominicaine ?<\/p>\n","protected":false},"excerpt":{"rendered":"","protected":false},"author":180310147,"featured_media":297972,"comment_status":"open","ping_status":"closed","sticky":false,"template":"","format":"standard","meta":{"inline_featured_image":false,"kia_subtitle":"","_mux_skip_reasons":[],"proofreadBy":0,"footnotes":""},"categories":[188,9],"tags":[465,1667],"sport":[],"saison":[],"class_list":["post-566034","post","type-post","status-publish","format-standard","has-post-thumbnail","hentry","category-actualite-mlb","category-mlb","tag-san-diego-padres","tag-yu-darvish"],"acf":[],"yoast_head":"<!-- This site is optimized with the Yoast SEO plugin v24.2 - https:\/\/yoast.com\/wordpress\/plugins\/seo\/ -->\n<title>Yu Darvish prolonge 6 ans chez les Padres - The Playoffs FR<\/title>\n<meta name=\"robots\" content=\"index, follow, max-snippet:-1, max-image-preview:large, max-video-preview:-1\" \/>\n<link rel=\"canonical\" href=\"https:\/\/theplayoffs.news\/fr\/actualite-mlb\/yu-darvish-prolonge-6-ans-chez-les-padres\/\" \/>\n<meta property=\"og:locale\" content=\"fr_FR\" \/>\n<meta property=\"og:type\" content=\"article\" \/>\n<meta property=\"og:title\" content=\"Yu Darvish prolonge 6 ans chez les Padres - The Playoffs FR\" \/>\n<meta property=\"og:url\" content=\"https:\/\/theplayoffs.news\/fr\/actualite-mlb\/yu-darvish-prolonge-6-ans-chez-les-padres\/\" \/>\n<meta property=\"og:site_name\" content=\"The Playoffs FR\" \/>\n<meta property=\"article:publisher\" content=\"https:\/\/www.facebook.com\/TheFreeAgentFR\/\" \/>\n<meta property=\"article:modified_time\" content=\"2023-02-10T09:44:24+01:00\" \/>\n<meta property=\"og:image\" content=\"https:\/\/theplayoffs.news\/fr\/wp-content\/uploads\/2021\/03\/Yu-Darvish-2.jpeg\" \/>\n\t<meta property=\"og:image:width\" content=\"780\" \/>\n\t<meta property=\"og:image:height\" content=\"439\" \/>\n\t<meta property=\"og:image:type\" content=\"image\/jpeg\" \/>\n<meta name=\"author\" content=\"C\u00e9dric Philippe\" \/>\n<meta name=\"twitter:card\" content=\"summary_large_image\" \/>\n<meta name=\"twitter:creator\" content=\"@TheFreeAgentFR\" \/>\n<meta name=\"twitter:site\" content=\"@TheFreeAgentFR\" \/>\n<meta name=\"twitter:label1\" content=\"\u00c9crit par\" \/>\n\t<meta name=\"twitter:data1\" content=\"C\u00e9dric Philippe\" \/>\n\t<meta name=\"twitter:label2\" content=\"Dur\u00e9e de lecture estim\u00e9e\" \/>\n\t<meta name=\"twitter:data2\" content=\"1 minute\" \/>\n<script type=\"application\/ld+json\" class=\"yoast-schema-graph\">{\"@context\":\"https:\/\/schema.org\",\"@graph\":[{\"@type\":\"WebPage\",\"@id\":\"https:\/\/theplayoffs.news\/fr\/actualite-mlb\/yu-darvish-prolonge-6-ans-chez-les-padres\/\",\"url\":\"https:\/\/theplayoffs.news\/fr\/actualite-mlb\/yu-darvish-prolonge-6-ans-chez-les-padres\/\",\"name\":\"Yu Darvish prolonge 6 ans chez les Padres - The Playoffs FR\",\"isPartOf\":{\"@id\":\"https:\/\/theplayoffs.news\/fr\/#website\"},\"primaryImageOfPage\":{\"@id\":\"https:\/\/theplayoffs.news\/fr\/actualite-mlb\/yu-darvish-prolonge-6-ans-chez-les-padres\/#primaryimage\"},\"image\":{\"@id\":\"https:\/\/theplayoffs.news\/fr\/actualite-mlb\/yu-darvish-prolonge-6-ans-chez-les-padres\/#primaryimage\"},\"thumbnailUrl\":\"https:\/\/theplayoffs.news\/fr\/wp-content\/uploads\/2021\/03\/Yu-Darvish-2.jpeg\",\"datePublished\":\"2023-02-10T08:44:23+00:00\",\"dateModified\":\"2023-02-10T08:44:24+00:00\",\"author\":{\"@id\":\"https:\/\/theplayoffs.news\/fr\/#\/schema\/person\/56b5804ce14e7430240ba59aaad166c6\"},\"breadcrumb\":{\"@id\":\"https:\/\/theplayoffs.news\/fr\/actualite-mlb\/yu-darvish-prolonge-6-ans-chez-les-padres\/#breadcrumb\"},\"inLanguage\":\"fr-FR\",\"potentialAction\":[{\"@type\":\"ReadAction\",\"target\":[\"https:\/\/theplayoffs.news\/fr\/actualite-mlb\/yu-darvish-prolonge-6-ans-chez-les-padres\/\"]}]},{\"@type\":\"ImageObject\",\"inLanguage\":\"fr-FR\",\"@id\":\"https:\/\/theplayoffs.news\/fr\/actualite-mlb\/yu-darvish-prolonge-6-ans-chez-les-padres\/#primaryimage\",\"url\":\"https:\/\/theplayoffs.news\/fr\/wp-content\/uploads\/2021\/03\/Yu-Darvish-2.jpeg\",\"contentUrl\":\"https:\/\/theplayoffs.news\/fr\/wp-content\/uploads\/2021\/03\/Yu-Darvish-2.jpeg\",\"width\":780,\"height\":439,\"caption\":\"Yu darvish\"},{\"@type\":\"BreadcrumbList\",\"@id\":\"https:\/\/theplayoffs.news\/fr\/actualite-mlb\/yu-darvish-prolonge-6-ans-chez-les-padres\/#breadcrumb\",\"itemListElement\":[{\"@type\":\"ListItem\",\"position\":1,\"name\":\"Accueil\",\"item\":\"https:\/\/theplayoffs.news\/fr\/\"},{\"@type\":\"ListItem\",\"position\":2,\"name\":\"Yu Darvish prolonge 6 ans chez les Padres\"}]},{\"@type\":\"WebSite\",\"@id\":\"https:\/\/theplayoffs.news\/fr\/#website\",\"url\":\"https:\/\/theplayoffs.news\/fr\/\",\"name\":\"The Playoffs FR\",\"description\":\"NBA-NFL-NHL-MLB\",\"potentialAction\":[{\"@type\":\"SearchAction\",\"target\":{\"@type\":\"EntryPoint\",\"urlTemplate\":\"https:\/\/theplayoffs.news\/fr\/?s={search_term_string}\"},\"query-input\":{\"@type\":\"PropertyValueSpecification\",\"valueRequired\":true,\"valueName\":\"search_term_string\"}}],\"inLanguage\":\"fr-FR\"},{\"@type\":\"Person\",\"@id\":\"https:\/\/theplayoffs.news\/fr\/#\/schema\/person\/56b5804ce14e7430240ba59aaad166c6\",\"name\":\"C\u00e9dric Philippe\",\"image\":{\"@type\":\"ImageObject\",\"inLanguage\":\"fr-FR\",\"@id\":\"https:\/\/theplayoffs.news\/fr\/#\/schema\/person\/image\/\",\"url\":\"https:\/\/secure.gravatar.com\/avatar\/63b48b6160b1ff79c0dd4dab351079df16111f1b0adeaf106e7df77915e5664a?s=96&d=mm&r=g\",\"contentUrl\":\"https:\/\/secure.gravatar.com\/avatar\/63b48b6160b1ff79c0dd4dab351079df16111f1b0adeaf106e7df77915e5664a?s=96&d=mm&r=g\",\"caption\":\"C\u00e9dric Philippe\"},\"url\":\"https:\/\/theplayoffs.news\/fr\/author\/cedricphilippe23gmail-com\/\"}]}<\/script>\n<!-- \/ Yoast SEO plugin. -->","yoast_head_json":{"title":"Yu Darvish prolonge 6 ans chez les Padres - The Playoffs FR","robots":{"index":"index","follow":"follow","max-snippet":"max-snippet:-1","max-image-preview":"max-image-preview:large","max-video-preview":"max-video-preview:-1"},"canonical":"https:\/\/theplayoffs.news\/fr\/actualite-mlb\/yu-darvish-prolonge-6-ans-chez-les-padres\/","og_locale":"fr_FR","og_type":"article","og_title":"Yu Darvish prolonge 6 ans chez les Padres - The Playoffs FR","og_url":"https:\/\/theplayoffs.news\/fr\/actualite-mlb\/yu-darvish-prolonge-6-ans-chez-les-padres\/","og_site_name":"The Playoffs FR","article_publisher":"https:\/\/www.facebook.com\/TheFreeAgentFR\/","article_modified_time":"2023-02-10T08:44:24+00:00","og_image":[{"width":780,"height":439,"url":"https:\/\/theplayoffs.news\/fr\/wp-content\/uploads\/2021\/03\/Yu-Darvish-2.jpeg","type":"image\/jpeg"}],"author":"C\u00e9dric Philippe","twitter_card":"summary_large_image","twitter_creator":"@TheFreeAgentFR","twitter_site":"@TheFreeAgentFR","twitter_misc":{"\u00c9crit par":"C\u00e9dric Philippe","Dur\u00e9e de lecture estim\u00e9e":"1 minute"},"schema":{"@context":"https:\/\/schema.org","@graph":[{"@type":"WebPage","@id":"https:\/\/theplayoffs.news\/fr\/actualite-mlb\/yu-darvish-prolonge-6-ans-chez-les-padres\/","url":"https:\/\/theplayoffs.news\/fr\/actualite-mlb\/yu-darvish-prolonge-6-ans-chez-les-padres\/","name":"Yu Darvish prolonge 6 ans chez les Padres - The Playoffs FR","isPartOf":{"@id":"https:\/\/theplayoffs.news\/fr\/#website"},"primaryImageOfPage":{"@id":"https:\/\/theplayoffs.news\/fr\/actualite-mlb\/yu-darvish-prolonge-6-ans-chez-les-padres\/#primaryimage"},"image":{"@id":"https:\/\/theplayoffs.news\/fr\/actualite-mlb\/yu-darvish-prolonge-6-ans-chez-les-padres\/#primaryimage"},"thumbnailUrl":"https:\/\/theplayoffs.news\/fr\/wp-content\/uploads\/2021\/03\/Yu-Darvish-2.jpeg","datePublished":"2023-02-10T08:44:23+00:00","dateModified":"2023-02-10T08:44:24+00:00","author":{"@id":"https:\/\/theplayoffs.news\/fr\/#\/schema\/person\/56b5804ce14e7430240ba59aaad166c6"},"breadcrumb":{"@id":"https:\/\/theplayoffs.news\/fr\/actualite-mlb\/yu-darvish-prolonge-6-ans-chez-les-padres\/#breadcrumb"},"inLanguage":"fr-FR","potentialAction":[{"@type":"ReadAction","target":["https:\/\/theplayoffs.news\/fr\/actualite-mlb\/yu-darvish-prolonge-6-ans-chez-les-padres\/"]}]},{"@type":"ImageObject","inLanguage":"fr-FR","@id":"https:\/\/theplayoffs.news\/fr\/actualite-mlb\/yu-darvish-prolonge-6-ans-chez-les-padres\/#primaryimage","url":"https:\/\/theplayoffs.news\/fr\/wp-content\/uploads\/2021\/03\/Yu-Darvish-2.jpeg","contentUrl":"https:\/\/theplayoffs.news\/fr\/wp-content\/uploads\/2021\/03\/Yu-Darvish-2.jpeg","width":780,"height":439,"caption":"Yu darvish"},{"@type":"BreadcrumbList","@id":"https:\/\/theplayoffs.news\/fr\/actualite-mlb\/yu-darvish-prolonge-6-ans-chez-les-padres\/#breadcrumb","itemListElement":[{"@type":"ListItem","position":1,"name":"Accueil","item":"https:\/\/theplayoffs.news\/fr\/"},{"@type":"ListItem","position":2,"name":"Yu Darvish prolonge 6 ans chez les Padres"}]},{"@type":"WebSite","@id":"https:\/\/theplayoffs.news\/fr\/#website","url":"https:\/\/theplayoffs.news\/fr\/","name":"The Playoffs FR","description":"NBA-NFL-NHL-MLB","potentialAction":[{"@type":"SearchAction","target":{"@type":"EntryPoint","urlTemplate":"https:\/\/theplayoffs.news\/fr\/?s={search_term_string}"},"query-input":{"@type":"PropertyValueSpecification","valueRequired":true,"valueName":"search_term_string"}}],"inLanguage":"fr-FR"},{"@type":"Person","@id":"https:\/\/theplayoffs.news\/fr\/#\/schema\/person\/56b5804ce14e7430240ba59aaad166c6","name":"C\u00e9dric Philippe","image":{"@type":"ImageObject","inLanguage":"fr-FR","@id":"https:\/\/theplayoffs.news\/fr\/#\/schema\/person\/image\/","url":"https:\/\/secure.gravatar.com\/avatar\/63b48b6160b1ff79c0dd4dab351079df16111f1b0adeaf106e7df77915e5664a?s=96&d=mm&r=g","contentUrl":"https:\/\/secure.gravatar.com\/avatar\/63b48b6160b1ff79c0dd4dab351079df16111f1b0adeaf106e7df77915e5664a?s=96&d=mm&r=g","caption":"C\u00e9dric Philippe"},"url":"https:\/\/theplayoffs.news\/fr\/author\/cedricphilippe23gmail-com\/"}]}},"_links":{"self":[{"href":"https:\/\/theplayoffs.news\/fr\/wp-json\/wp\/v2\/posts\/566034","targetHints":{"allow":["GET"]}}],"collection":[{"href":"https:\/\/theplayoffs.news\/fr\/wp-json\/wp\/v2\/posts"}],"about":[{"href":"https:\/\/theplayoffs.news\/fr\/wp-json\/wp\/v2\/types\/post"}],"author":[{"embeddable":true,"href":"https:\/\/theplayoffs.news\/fr\/wp-json\/wp\/v2\/users\/180310147"}],"replies":[{"embeddable":true,"href":"https:\/\/theplayoffs.news\/fr\/wp-json\/wp\/v2\/comments?post=566034"}],"version-history":[{"count":3,"href":"https:\/\/theplayoffs.news\/fr\/wp-json\/wp\/v2\/posts\/566034\/revisions"}],"predecessor-version":[{"id":566037,"href":"https:\/\/theplayoffs.news\/fr\/wp-json\/wp\/v2\/posts\/566034\/revisions\/566037"}],"wp:featuredmedia":[{"embeddable":true,"href":"https:\/\/theplayoffs.news\/fr\/wp-json\/wp\/v2\/media\/297972"}],"wp:attachment":[{"href":"https:\/\/theplayoffs.news\/fr\/wp-json\/wp\/v2\/media?parent=566034"}],"wp:term":[{"taxonomy":"category","embeddable":true,"href":"https:\/\/theplayoffs.news\/fr\/wp-json\/wp\/v2\/categories?post=566034"},{"taxonomy":"post_tag","embeddable":true,"href":"https:\/\/theplayoffs.news\/fr\/wp-json\/wp\/v2\/tags?post=566034"},{"taxonomy":"sport","embeddable":true,"href":"https:\/\/theplayoffs.news\/fr\/wp-json\/wp\/v2\/sport?post=566034"},{"taxonomy":"saison","embeddable":true,"href":"https:\/\/theplayoffs.news\/fr\/wp-json\/wp\/v2\/saison?post=566034"}],"curies":[{"name":"wp","href":"https:\/\/api.w.org\/{rel}","templated":true}]}}