{"id":565831,"date":"2023-02-09T18:37:02","date_gmt":"2023-02-09T17:37:02","guid":{"rendered":"https:\/\/theplayoffs.news\/fr\/?p=565831"},"modified":"2023-02-09T18:40:10","modified_gmt":"2023-02-09T17:40:10","slug":"thomas-bryant-des-lakers-a-denver","status":"publish","type":"post","link":"https:\/\/theplayoffs.news\/fr\/actualite-nba\/thomas-bryant-des-lakers-a-denver\/","title":{"rendered":"Thomas Bryant des Lakers aux Nuggets"},"content":{"rendered":"<h2>Thomas Bryant, le pivot des Los Angeles Lakers est envoy&eacute; aux Denver Nuggets<\/h2><p>&nbsp;<\/p><p>Thomas Bryant, le pivot rempla&ccedil;ant des Los Angeles Lakers est envoy&eacute; aux Denver Nuggets contre un&nbsp; arri&egrave;re <a href=\"https:\/\/www.statmuse.com\/nba\/player\/davon-reed-9688\" class=\"trk-cta-link\" data-cta-trk='{\"ctaType\":\"Link\",\"ctaSubType\":\"main\"}'>Davon Reed<\/a> de bout de banc et trois second tours de draft.<\/p><blockquote class=\"twitter-tweet\" data-width=\"500\" data-dnt=\"true\">\n<p lang=\"en\" dir=\"ltr\">The Lakers are trading Thomas Bryant to the Nuggets for Davon Reed and three second-round picks, sources tell ESPN.<\/p>\n<p>&mdash; Adrian Wojnarowski (@wojespn) <a href=\"https:\/\/twitter.com\/wojespn\/status\/1623730406406213634?ref_src=twsrc%5Etfw\" class=\"trk-cta-link\" data-cta-trk='{\"ctaType\":\"Link\",\"ctaSubType\":\"main\"}'>February 9, 2023<\/a><\/p><\/blockquote><p><script async src=\"https:\/\/platform.twitter.com\/widgets.js\" charset=\"utf-8\"><\/script><\/p><h3><span id=\"p337\">Les&nbsp;<span id=\"342\" class=\"s-rg-t\">Los<\/span>&nbsp;Angeles&nbsp;<span id=\"343\" class=\"s-rg-t\">Lakers<\/span>&nbsp;pr&eacute;parent les grandes&nbsp;<span id=\"344\" class=\"s-rg-t\">man&oelig;uvres<\/span><\/span><\/h3><p><span id=\"p338\">Cet &eacute;change est difficilement compr&eacute;hensif&nbsp;tant<a href=\"https:\/\/theplayoffs.news\/fr\/joueur\/thomas-bryant-nba-7869446\/\" class=\"trk-cta-link\" data-cta-trk='{\"ctaType\":\"Link\",\"ctaSubType\":\"main\"}'> Thomas&nbsp;<span id=\"346\">Bryant<\/span>&nbsp;<\/a>s&rsquo;est r&eacute;v&eacute;l&eacute; utile tout au long des absences d&rsquo;Anthony Davis.<\/span><\/p><p><span id=\"p339\">Sur les 41 matchs qu&rsquo;il a disput&eacute;s, il a &eacute;t&eacute; titulaire &agrave; 25 reprises pour une moyenne de 12,1 points inscrits et 6,8 rebonds.<\/span><\/p><p><span id=\"p340\">Les Angelinos ajoutent un arri&egrave;re de plus, ils poss&egrave;dent d&eacute;j&agrave; sept joueurs pour deux postes et l&rsquo;&eacute;quipe de LeBron James n&rsquo;a plus de rempla&ccedil;ant au poste de pivot.<\/span><\/p><p><span id=\"p341\">Il y a une forte probabilit&eacute; que les Angelinos&nbsp;fassent un &eacute;change avant la fin de la journ&eacute;e.<\/span><\/p><p>&nbsp;<\/p>\n","protected":false},"excerpt":{"rendered":"","protected":false},"author":180309821,"featured_media":565841,"comment_status":"open","ping_status":"closed","sticky":false,"template":"","format":"standard","meta":{"inline_featured_image":false,"kia_subtitle":"","_mux_skip_reasons":[],"proofreadBy":0,"footnotes":""},"categories":[110,10],"tags":[763,117,4531],"sport":[],"saison":[],"class_list":["post-565831","post","type-post","status-publish","format-standard","has-post-thumbnail","hentry","category-actualite-nba","category-nba","tag-anthony-davis","tag-los-angeles-lakers","tag-thomas-bryant"],"acf":[],"yoast_head":"<!-- This site is optimized with the Yoast SEO plugin v24.2 - https:\/\/yoast.com\/wordpress\/plugins\/seo\/ -->\n<title>Thomas Bryant des Lakers aux Nuggets - The Playoffs FR<\/title>\n<meta name=\"robots\" content=\"index, follow, max-snippet:-1, max-image-preview:large, max-video-preview:-1\" \/>\n<link rel=\"canonical\" href=\"https:\/\/theplayoffs.news\/fr\/actualite-nba\/thomas-bryant-des-lakers-a-denver\/\" \/>\n<meta property=\"og:locale\" content=\"fr_FR\" \/>\n<meta property=\"og:type\" content=\"article\" \/>\n<meta property=\"og:title\" content=\"Thomas Bryant des Lakers aux Nuggets - The Playoffs FR\" \/>\n<meta property=\"og:url\" content=\"https:\/\/theplayoffs.news\/fr\/actualite-nba\/thomas-bryant-des-lakers-a-denver\/\" \/>\n<meta property=\"og:site_name\" content=\"The Playoffs FR\" \/>\n<meta property=\"article:publisher\" content=\"https:\/\/www.facebook.com\/TheFreeAgentFR\/\" \/>\n<meta property=\"article:modified_time\" content=\"2023-02-09T18:40:10+01:00\" \/>\n<meta property=\"og:image\" content=\"https:\/\/theplayoffs.news\/fr\/wp-content\/uploads\/2023\/02\/Thomas-Brayant-1.jpg\" \/>\n\t<meta property=\"og:image:width\" content=\"1280\" \/>\n\t<meta property=\"og:image:height\" content=\"1920\" \/>\n\t<meta property=\"og:image:type\" content=\"image\/jpeg\" \/>\n<meta name=\"author\" content=\"Maxime Le Gorjus\" \/>\n<meta name=\"twitter:card\" content=\"summary_large_image\" \/>\n<meta name=\"twitter:creator\" content=\"@TheFreeAgentFR\" \/>\n<meta name=\"twitter:site\" content=\"@TheFreeAgentFR\" \/>\n<meta name=\"twitter:label1\" content=\"\u00c9crit par\" \/>\n\t<meta name=\"twitter:data1\" content=\"Maxime Le Gorjus\" \/>\n\t<meta name=\"twitter:label2\" content=\"Dur\u00e9e de lecture estim\u00e9e\" \/>\n\t<meta name=\"twitter:data2\" content=\"1 minute\" \/>\n<script type=\"application\/ld+json\" class=\"yoast-schema-graph\">{\"@context\":\"https:\/\/schema.org\",\"@graph\":[{\"@type\":\"WebPage\",\"@id\":\"https:\/\/theplayoffs.news\/fr\/actualite-nba\/thomas-bryant-des-lakers-a-denver\/\",\"url\":\"https:\/\/theplayoffs.news\/fr\/actualite-nba\/thomas-bryant-des-lakers-a-denver\/\",\"name\":\"Thomas Bryant des Lakers aux Nuggets - The Playoffs FR\",\"isPartOf\":{\"@id\":\"https:\/\/theplayoffs.news\/fr\/#website\"},\"primaryImageOfPage\":{\"@id\":\"https:\/\/theplayoffs.news\/fr\/actualite-nba\/thomas-bryant-des-lakers-a-denver\/#primaryimage\"},\"image\":{\"@id\":\"https:\/\/theplayoffs.news\/fr\/actualite-nba\/thomas-bryant-des-lakers-a-denver\/#primaryimage\"},\"thumbnailUrl\":\"https:\/\/theplayoffs.news\/fr\/wp-content\/uploads\/2023\/02\/Thomas-Brayant-1.jpg\",\"datePublished\":\"2023-02-09T17:37:02+00:00\",\"dateModified\":\"2023-02-09T17:40:10+00:00\",\"author\":{\"@id\":\"https:\/\/theplayoffs.news\/fr\/#\/schema\/person\/e71dc12410195fc77183dda929d3a10c\"},\"breadcrumb\":{\"@id\":\"https:\/\/theplayoffs.news\/fr\/actualite-nba\/thomas-bryant-des-lakers-a-denver\/#breadcrumb\"},\"inLanguage\":\"fr-FR\",\"potentialAction\":[{\"@type\":\"ReadAction\",\"target\":[\"https:\/\/theplayoffs.news\/fr\/actualite-nba\/thomas-bryant-des-lakers-a-denver\/\"]}]},{\"@type\":\"ImageObject\",\"inLanguage\":\"fr-FR\",\"@id\":\"https:\/\/theplayoffs.news\/fr\/actualite-nba\/thomas-bryant-des-lakers-a-denver\/#primaryimage\",\"url\":\"https:\/\/theplayoffs.news\/fr\/wp-content\/uploads\/2023\/02\/Thomas-Brayant-1.jpg\",\"contentUrl\":\"https:\/\/theplayoffs.news\/fr\/wp-content\/uploads\/2023\/02\/Thomas-Brayant-1.jpg\",\"width\":1280,\"height\":1920,\"caption\":\"Lakers\"},{\"@type\":\"BreadcrumbList\",\"@id\":\"https:\/\/theplayoffs.news\/fr\/actualite-nba\/thomas-bryant-des-lakers-a-denver\/#breadcrumb\",\"itemListElement\":[{\"@type\":\"ListItem\",\"position\":1,\"name\":\"Accueil\",\"item\":\"https:\/\/theplayoffs.news\/fr\/\"},{\"@type\":\"ListItem\",\"position\":2,\"name\":\"Thomas Bryant des Lakers aux Nuggets\"}]},{\"@type\":\"WebSite\",\"@id\":\"https:\/\/theplayoffs.news\/fr\/#website\",\"url\":\"https:\/\/theplayoffs.news\/fr\/\",\"name\":\"The Playoffs FR\",\"description\":\"NBA-NFL-NHL-MLB\",\"potentialAction\":[{\"@type\":\"SearchAction\",\"target\":{\"@type\":\"EntryPoint\",\"urlTemplate\":\"https:\/\/theplayoffs.news\/fr\/?s={search_term_string}\"},\"query-input\":{\"@type\":\"PropertyValueSpecification\",\"valueRequired\":true,\"valueName\":\"search_term_string\"}}],\"inLanguage\":\"fr-FR\"},{\"@type\":\"Person\",\"@id\":\"https:\/\/theplayoffs.news\/fr\/#\/schema\/person\/e71dc12410195fc77183dda929d3a10c\",\"name\":\"Maxime Le Gorjus\",\"image\":{\"@type\":\"ImageObject\",\"inLanguage\":\"fr-FR\",\"@id\":\"https:\/\/theplayoffs.news\/fr\/#\/schema\/person\/image\/\",\"url\":\"https:\/\/secure.gravatar.com\/avatar\/e9d907366de9735d771ce06fa32e62740f99d507b84a46e08ed7e5e05c120b42?s=96&d=mm&r=g\",\"contentUrl\":\"https:\/\/secure.gravatar.com\/avatar\/e9d907366de9735d771ce06fa32e62740f99d507b84a46e08ed7e5e05c120b42?s=96&d=mm&r=g\",\"caption\":\"Maxime Le Gorjus\"},\"url\":\"https:\/\/theplayoffs.news\/fr\/author\/maximelegorjus\/\"}]}<\/script>\n<!-- \/ Yoast SEO plugin. -->","yoast_head_json":{"title":"Thomas Bryant des Lakers aux Nuggets - The Playoffs FR","robots":{"index":"index","follow":"follow","max-snippet":"max-snippet:-1","max-image-preview":"max-image-preview:large","max-video-preview":"max-video-preview:-1"},"canonical":"https:\/\/theplayoffs.news\/fr\/actualite-nba\/thomas-bryant-des-lakers-a-denver\/","og_locale":"fr_FR","og_type":"article","og_title":"Thomas Bryant des Lakers aux Nuggets - The Playoffs FR","og_url":"https:\/\/theplayoffs.news\/fr\/actualite-nba\/thomas-bryant-des-lakers-a-denver\/","og_site_name":"The Playoffs FR","article_publisher":"https:\/\/www.facebook.com\/TheFreeAgentFR\/","article_modified_time":"2023-02-09T17:40:10+00:00","og_image":[{"width":1280,"height":1920,"url":"https:\/\/theplayoffs.news\/fr\/wp-content\/uploads\/2023\/02\/Thomas-Brayant-1.jpg","type":"image\/jpeg"}],"author":"Maxime Le Gorjus","twitter_card":"summary_large_image","twitter_creator":"@TheFreeAgentFR","twitter_site":"@TheFreeAgentFR","twitter_misc":{"\u00c9crit par":"Maxime Le Gorjus","Dur\u00e9e de lecture estim\u00e9e":"1 minute"},"schema":{"@context":"https:\/\/schema.org","@graph":[{"@type":"WebPage","@id":"https:\/\/theplayoffs.news\/fr\/actualite-nba\/thomas-bryant-des-lakers-a-denver\/","url":"https:\/\/theplayoffs.news\/fr\/actualite-nba\/thomas-bryant-des-lakers-a-denver\/","name":"Thomas Bryant des Lakers aux Nuggets - The Playoffs FR","isPartOf":{"@id":"https:\/\/theplayoffs.news\/fr\/#website"},"primaryImageOfPage":{"@id":"https:\/\/theplayoffs.news\/fr\/actualite-nba\/thomas-bryant-des-lakers-a-denver\/#primaryimage"},"image":{"@id":"https:\/\/theplayoffs.news\/fr\/actualite-nba\/thomas-bryant-des-lakers-a-denver\/#primaryimage"},"thumbnailUrl":"https:\/\/theplayoffs.news\/fr\/wp-content\/uploads\/2023\/02\/Thomas-Brayant-1.jpg","datePublished":"2023-02-09T17:37:02+00:00","dateModified":"2023-02-09T17:40:10+00:00","author":{"@id":"https:\/\/theplayoffs.news\/fr\/#\/schema\/person\/e71dc12410195fc77183dda929d3a10c"},"breadcrumb":{"@id":"https:\/\/theplayoffs.news\/fr\/actualite-nba\/thomas-bryant-des-lakers-a-denver\/#breadcrumb"},"inLanguage":"fr-FR","potentialAction":[{"@type":"ReadAction","target":["https:\/\/theplayoffs.news\/fr\/actualite-nba\/thomas-bryant-des-lakers-a-denver\/"]}]},{"@type":"ImageObject","inLanguage":"fr-FR","@id":"https:\/\/theplayoffs.news\/fr\/actualite-nba\/thomas-bryant-des-lakers-a-denver\/#primaryimage","url":"https:\/\/theplayoffs.news\/fr\/wp-content\/uploads\/2023\/02\/Thomas-Brayant-1.jpg","contentUrl":"https:\/\/theplayoffs.news\/fr\/wp-content\/uploads\/2023\/02\/Thomas-Brayant-1.jpg","width":1280,"height":1920,"caption":"Lakers"},{"@type":"BreadcrumbList","@id":"https:\/\/theplayoffs.news\/fr\/actualite-nba\/thomas-bryant-des-lakers-a-denver\/#breadcrumb","itemListElement":[{"@type":"ListItem","position":1,"name":"Accueil","item":"https:\/\/theplayoffs.news\/fr\/"},{"@type":"ListItem","position":2,"name":"Thomas Bryant des Lakers aux Nuggets"}]},{"@type":"WebSite","@id":"https:\/\/theplayoffs.news\/fr\/#website","url":"https:\/\/theplayoffs.news\/fr\/","name":"The Playoffs FR","description":"NBA-NFL-NHL-MLB","potentialAction":[{"@type":"SearchAction","target":{"@type":"EntryPoint","urlTemplate":"https:\/\/theplayoffs.news\/fr\/?s={search_term_string}"},"query-input":{"@type":"PropertyValueSpecification","valueRequired":true,"valueName":"search_term_string"}}],"inLanguage":"fr-FR"},{"@type":"Person","@id":"https:\/\/theplayoffs.news\/fr\/#\/schema\/person\/e71dc12410195fc77183dda929d3a10c","name":"Maxime Le Gorjus","image":{"@type":"ImageObject","inLanguage":"fr-FR","@id":"https:\/\/theplayoffs.news\/fr\/#\/schema\/person\/image\/","url":"https:\/\/secure.gravatar.com\/avatar\/e9d907366de9735d771ce06fa32e62740f99d507b84a46e08ed7e5e05c120b42?s=96&d=mm&r=g","contentUrl":"https:\/\/secure.gravatar.com\/avatar\/e9d907366de9735d771ce06fa32e62740f99d507b84a46e08ed7e5e05c120b42?s=96&d=mm&r=g","caption":"Maxime Le Gorjus"},"url":"https:\/\/theplayoffs.news\/fr\/author\/maximelegorjus\/"}]}},"_links":{"self":[{"href":"https:\/\/theplayoffs.news\/fr\/wp-json\/wp\/v2\/posts\/565831","targetHints":{"allow":["GET"]}}],"collection":[{"href":"https:\/\/theplayoffs.news\/fr\/wp-json\/wp\/v2\/posts"}],"about":[{"href":"https:\/\/theplayoffs.news\/fr\/wp-json\/wp\/v2\/types\/post"}],"author":[{"embeddable":true,"href":"https:\/\/theplayoffs.news\/fr\/wp-json\/wp\/v2\/users\/180309821"}],"replies":[{"embeddable":true,"href":"https:\/\/theplayoffs.news\/fr\/wp-json\/wp\/v2\/comments?post=565831"}],"version-history":[{"count":5,"href":"https:\/\/theplayoffs.news\/fr\/wp-json\/wp\/v2\/posts\/565831\/revisions"}],"predecessor-version":[{"id":565840,"href":"https:\/\/theplayoffs.news\/fr\/wp-json\/wp\/v2\/posts\/565831\/revisions\/565840"}],"wp:featuredmedia":[{"embeddable":true,"href":"https:\/\/theplayoffs.news\/fr\/wp-json\/wp\/v2\/media\/565841"}],"wp:attachment":[{"href":"https:\/\/theplayoffs.news\/fr\/wp-json\/wp\/v2\/media?parent=565831"}],"wp:term":[{"taxonomy":"category","embeddable":true,"href":"https:\/\/theplayoffs.news\/fr\/wp-json\/wp\/v2\/categories?post=565831"},{"taxonomy":"post_tag","embeddable":true,"href":"https:\/\/theplayoffs.news\/fr\/wp-json\/wp\/v2\/tags?post=565831"},{"taxonomy":"sport","embeddable":true,"href":"https:\/\/theplayoffs.news\/fr\/wp-json\/wp\/v2\/sport?post=565831"},{"taxonomy":"saison","embeddable":true,"href":"https:\/\/theplayoffs.news\/fr\/wp-json\/wp\/v2\/saison?post=565831"}],"curies":[{"name":"wp","href":"https:\/\/api.w.org\/{rel}","templated":true}]}}