{"id":565763,"date":"2023-02-09T12:12:31","date_gmt":"2023-02-09T11:12:31","guid":{"rendered":"https:\/\/theplayoffs.news\/fr\/?p=565763"},"modified":"2023-02-09T12:12:32","modified_gmt":"2023-02-09T11:12:32","slug":"bo-bichette-signe-3-ans-avec-les-blue-jays","status":"publish","type":"post","link":"https:\/\/theplayoffs.news\/fr\/actualite-mlb\/bo-bichette-signe-3-ans-avec-les-blue-jays\/","title":{"rendered":"Bo Bichette signe 3 ans avec les Blue Jays"},"content":{"rendered":"<h2><strong>Le prometteur arr&ecirc;t court de Toronto Bo Bichette &eacute;vite l&rsquo;arbitrage et prolonge jusqu&rsquo;en 2025 avec les Blue Jays.<\/strong><\/h2><p>Cette signature de 3 ans couvre la p&eacute;riode d&rsquo;&eacute;ligibilit&eacute; du joueur &agrave; l&rsquo;arbitrage, ce qui fera de lui un agent libre &agrave; la fin du contrat.<\/p><p>Le leader en frappe de l&rsquo;American league sur les deux derni&egrave;res saisons a confirm&eacute; son r&ocirc;le de leader au sein de la franchise de l&rsquo;Ontario avec une pr&eacute;sence plus affirm&eacute;e au sein de l&rsquo;effectif des Blue Jays et une qualification en playoffs la saison derni&egrave;re.<\/p><p>On retiendra notamment sa fin de saison exemplaire avec une moyenne &agrave; la frappe de .406&nbsp; et 7 coups de circuit en 32 matchs sur la p&eacute;riode de septembre &agrave; octobre.<\/p><p>La franchise de Toronto esp&egrave;re bien s&ucirc;r que <a href=\"https:\/\/theplayoffs.news\/fr\/joueur\/bo-bichette-toronto-blue-jays-mlb\/\" class=\"trk-cta-link\" data-cta-trk='{\"ctaType\":\"Link\",\"ctaSubType\":\"main\"}'><strong>Bo Bichette<\/strong><\/a> retrouvera ce niveau de forme d&egrave;s le d&eacute;but de la prochaine saison ainsi que son statut de All Star, afin de mener les Blue Jays &agrave; un 3&egrave;me titre !<\/p>\n","protected":false},"excerpt":{"rendered":"","protected":false},"author":180310147,"featured_media":388425,"comment_status":"open","ping_status":"closed","sticky":false,"template":"","format":"standard","meta":{"inline_featured_image":false,"kia_subtitle":"","_mux_skip_reasons":[],"proofreadBy":0,"footnotes":""},"categories":[188,9],"tags":[4756,883],"sport":[],"saison":[],"class_list":["post-565763","post","type-post","status-publish","format-standard","has-post-thumbnail","hentry","category-actualite-mlb","category-mlb","tag-bo-bichette","tag-toronto-blue-jays"],"acf":[],"yoast_head":"<!-- This site is optimized with the Yoast SEO plugin v24.2 - https:\/\/yoast.com\/wordpress\/plugins\/seo\/ -->\n<title>Bo Bichette signe 3 ans avec les Blue Jays - The Playoffs FR<\/title>\n<meta name=\"robots\" content=\"index, follow, max-snippet:-1, max-image-preview:large, max-video-preview:-1\" \/>\n<link rel=\"canonical\" href=\"https:\/\/theplayoffs.news\/fr\/actualite-mlb\/bo-bichette-signe-3-ans-avec-les-blue-jays\/\" \/>\n<meta property=\"og:locale\" content=\"fr_FR\" \/>\n<meta property=\"og:type\" content=\"article\" \/>\n<meta property=\"og:title\" content=\"Bo Bichette signe 3 ans avec les Blue Jays - The Playoffs FR\" \/>\n<meta property=\"og:url\" content=\"https:\/\/theplayoffs.news\/fr\/actualite-mlb\/bo-bichette-signe-3-ans-avec-les-blue-jays\/\" \/>\n<meta property=\"og:site_name\" content=\"The Playoffs FR\" \/>\n<meta property=\"article:publisher\" content=\"https:\/\/www.facebook.com\/TheFreeAgentFR\/\" \/>\n<meta property=\"article:modified_time\" content=\"2023-02-09T12:12:32+01:00\" \/>\n<meta property=\"og:image\" content=\"https:\/\/theplayoffs.news\/fr\/wp-content\/uploads\/2022\/09\/Fb7NAgFXEAAK91_.jpeg\" \/>\n\t<meta property=\"og:image:width\" content=\"1920\" \/>\n\t<meta property=\"og:image:height\" content=\"1080\" \/>\n\t<meta property=\"og:image:type\" content=\"image\/jpeg\" \/>\n<meta name=\"author\" content=\"C\u00e9dric Philippe\" \/>\n<meta name=\"twitter:card\" content=\"summary_large_image\" \/>\n<meta name=\"twitter:creator\" content=\"@TheFreeAgentFR\" \/>\n<meta name=\"twitter:site\" content=\"@TheFreeAgentFR\" \/>\n<meta name=\"twitter:label1\" content=\"\u00c9crit par\" \/>\n\t<meta name=\"twitter:data1\" content=\"C\u00e9dric Philippe\" \/>\n\t<meta name=\"twitter:label2\" content=\"Dur\u00e9e de lecture estim\u00e9e\" \/>\n\t<meta name=\"twitter:data2\" content=\"1 minute\" \/>\n<script type=\"application\/ld+json\" class=\"yoast-schema-graph\">{\"@context\":\"https:\/\/schema.org\",\"@graph\":[{\"@type\":\"WebPage\",\"@id\":\"https:\/\/theplayoffs.news\/fr\/actualite-mlb\/bo-bichette-signe-3-ans-avec-les-blue-jays\/\",\"url\":\"https:\/\/theplayoffs.news\/fr\/actualite-mlb\/bo-bichette-signe-3-ans-avec-les-blue-jays\/\",\"name\":\"Bo Bichette signe 3 ans avec les Blue Jays - The Playoffs FR\",\"isPartOf\":{\"@id\":\"https:\/\/theplayoffs.news\/fr\/#website\"},\"primaryImageOfPage\":{\"@id\":\"https:\/\/theplayoffs.news\/fr\/actualite-mlb\/bo-bichette-signe-3-ans-avec-les-blue-jays\/#primaryimage\"},\"image\":{\"@id\":\"https:\/\/theplayoffs.news\/fr\/actualite-mlb\/bo-bichette-signe-3-ans-avec-les-blue-jays\/#primaryimage\"},\"thumbnailUrl\":\"https:\/\/theplayoffs.news\/fr\/wp-content\/uploads\/2022\/09\/Fb7NAgFXEAAK91_.jpeg\",\"datePublished\":\"2023-02-09T11:12:31+00:00\",\"dateModified\":\"2023-02-09T11:12:32+00:00\",\"author\":{\"@id\":\"https:\/\/theplayoffs.news\/fr\/#\/schema\/person\/56b5804ce14e7430240ba59aaad166c6\"},\"breadcrumb\":{\"@id\":\"https:\/\/theplayoffs.news\/fr\/actualite-mlb\/bo-bichette-signe-3-ans-avec-les-blue-jays\/#breadcrumb\"},\"inLanguage\":\"fr-FR\",\"potentialAction\":[{\"@type\":\"ReadAction\",\"target\":[\"https:\/\/theplayoffs.news\/fr\/actualite-mlb\/bo-bichette-signe-3-ans-avec-les-blue-jays\/\"]}]},{\"@type\":\"ImageObject\",\"inLanguage\":\"fr-FR\",\"@id\":\"https:\/\/theplayoffs.news\/fr\/actualite-mlb\/bo-bichette-signe-3-ans-avec-les-blue-jays\/#primaryimage\",\"url\":\"https:\/\/theplayoffs.news\/fr\/wp-content\/uploads\/2022\/09\/Fb7NAgFXEAAK91_.jpeg\",\"contentUrl\":\"https:\/\/theplayoffs.news\/fr\/wp-content\/uploads\/2022\/09\/Fb7NAgFXEAAK91_.jpeg\",\"width\":1920,\"height\":1080,\"caption\":\"Bo Bichette\"},{\"@type\":\"BreadcrumbList\",\"@id\":\"https:\/\/theplayoffs.news\/fr\/actualite-mlb\/bo-bichette-signe-3-ans-avec-les-blue-jays\/#breadcrumb\",\"itemListElement\":[{\"@type\":\"ListItem\",\"position\":1,\"name\":\"Accueil\",\"item\":\"https:\/\/theplayoffs.news\/fr\/\"},{\"@type\":\"ListItem\",\"position\":2,\"name\":\"Bo Bichette signe 3 ans avec les Blue Jays\"}]},{\"@type\":\"WebSite\",\"@id\":\"https:\/\/theplayoffs.news\/fr\/#website\",\"url\":\"https:\/\/theplayoffs.news\/fr\/\",\"name\":\"The Playoffs FR\",\"description\":\"NBA-NFL-NHL-MLB\",\"potentialAction\":[{\"@type\":\"SearchAction\",\"target\":{\"@type\":\"EntryPoint\",\"urlTemplate\":\"https:\/\/theplayoffs.news\/fr\/?s={search_term_string}\"},\"query-input\":{\"@type\":\"PropertyValueSpecification\",\"valueRequired\":true,\"valueName\":\"search_term_string\"}}],\"inLanguage\":\"fr-FR\"},{\"@type\":\"Person\",\"@id\":\"https:\/\/theplayoffs.news\/fr\/#\/schema\/person\/56b5804ce14e7430240ba59aaad166c6\",\"name\":\"C\u00e9dric Philippe\",\"image\":{\"@type\":\"ImageObject\",\"inLanguage\":\"fr-FR\",\"@id\":\"https:\/\/theplayoffs.news\/fr\/#\/schema\/person\/image\/\",\"url\":\"https:\/\/secure.gravatar.com\/avatar\/63b48b6160b1ff79c0dd4dab351079df16111f1b0adeaf106e7df77915e5664a?s=96&d=mm&r=g\",\"contentUrl\":\"https:\/\/secure.gravatar.com\/avatar\/63b48b6160b1ff79c0dd4dab351079df16111f1b0adeaf106e7df77915e5664a?s=96&d=mm&r=g\",\"caption\":\"C\u00e9dric Philippe\"},\"url\":\"https:\/\/theplayoffs.news\/fr\/author\/cedricphilippe23gmail-com\/\"}]}<\/script>\n<!-- \/ Yoast SEO plugin. -->","yoast_head_json":{"title":"Bo Bichette signe 3 ans avec les Blue Jays - The Playoffs FR","robots":{"index":"index","follow":"follow","max-snippet":"max-snippet:-1","max-image-preview":"max-image-preview:large","max-video-preview":"max-video-preview:-1"},"canonical":"https:\/\/theplayoffs.news\/fr\/actualite-mlb\/bo-bichette-signe-3-ans-avec-les-blue-jays\/","og_locale":"fr_FR","og_type":"article","og_title":"Bo Bichette signe 3 ans avec les Blue Jays - The Playoffs FR","og_url":"https:\/\/theplayoffs.news\/fr\/actualite-mlb\/bo-bichette-signe-3-ans-avec-les-blue-jays\/","og_site_name":"The Playoffs FR","article_publisher":"https:\/\/www.facebook.com\/TheFreeAgentFR\/","article_modified_time":"2023-02-09T11:12:32+00:00","og_image":[{"width":1920,"height":1080,"url":"https:\/\/theplayoffs.news\/fr\/wp-content\/uploads\/2022\/09\/Fb7NAgFXEAAK91_.jpeg","type":"image\/jpeg"}],"author":"C\u00e9dric Philippe","twitter_card":"summary_large_image","twitter_creator":"@TheFreeAgentFR","twitter_site":"@TheFreeAgentFR","twitter_misc":{"\u00c9crit par":"C\u00e9dric Philippe","Dur\u00e9e de lecture estim\u00e9e":"1 minute"},"schema":{"@context":"https:\/\/schema.org","@graph":[{"@type":"WebPage","@id":"https:\/\/theplayoffs.news\/fr\/actualite-mlb\/bo-bichette-signe-3-ans-avec-les-blue-jays\/","url":"https:\/\/theplayoffs.news\/fr\/actualite-mlb\/bo-bichette-signe-3-ans-avec-les-blue-jays\/","name":"Bo Bichette signe 3 ans avec les Blue Jays - The Playoffs FR","isPartOf":{"@id":"https:\/\/theplayoffs.news\/fr\/#website"},"primaryImageOfPage":{"@id":"https:\/\/theplayoffs.news\/fr\/actualite-mlb\/bo-bichette-signe-3-ans-avec-les-blue-jays\/#primaryimage"},"image":{"@id":"https:\/\/theplayoffs.news\/fr\/actualite-mlb\/bo-bichette-signe-3-ans-avec-les-blue-jays\/#primaryimage"},"thumbnailUrl":"https:\/\/theplayoffs.news\/fr\/wp-content\/uploads\/2022\/09\/Fb7NAgFXEAAK91_.jpeg","datePublished":"2023-02-09T11:12:31+00:00","dateModified":"2023-02-09T11:12:32+00:00","author":{"@id":"https:\/\/theplayoffs.news\/fr\/#\/schema\/person\/56b5804ce14e7430240ba59aaad166c6"},"breadcrumb":{"@id":"https:\/\/theplayoffs.news\/fr\/actualite-mlb\/bo-bichette-signe-3-ans-avec-les-blue-jays\/#breadcrumb"},"inLanguage":"fr-FR","potentialAction":[{"@type":"ReadAction","target":["https:\/\/theplayoffs.news\/fr\/actualite-mlb\/bo-bichette-signe-3-ans-avec-les-blue-jays\/"]}]},{"@type":"ImageObject","inLanguage":"fr-FR","@id":"https:\/\/theplayoffs.news\/fr\/actualite-mlb\/bo-bichette-signe-3-ans-avec-les-blue-jays\/#primaryimage","url":"https:\/\/theplayoffs.news\/fr\/wp-content\/uploads\/2022\/09\/Fb7NAgFXEAAK91_.jpeg","contentUrl":"https:\/\/theplayoffs.news\/fr\/wp-content\/uploads\/2022\/09\/Fb7NAgFXEAAK91_.jpeg","width":1920,"height":1080,"caption":"Bo Bichette"},{"@type":"BreadcrumbList","@id":"https:\/\/theplayoffs.news\/fr\/actualite-mlb\/bo-bichette-signe-3-ans-avec-les-blue-jays\/#breadcrumb","itemListElement":[{"@type":"ListItem","position":1,"name":"Accueil","item":"https:\/\/theplayoffs.news\/fr\/"},{"@type":"ListItem","position":2,"name":"Bo Bichette signe 3 ans avec les Blue Jays"}]},{"@type":"WebSite","@id":"https:\/\/theplayoffs.news\/fr\/#website","url":"https:\/\/theplayoffs.news\/fr\/","name":"The Playoffs FR","description":"NBA-NFL-NHL-MLB","potentialAction":[{"@type":"SearchAction","target":{"@type":"EntryPoint","urlTemplate":"https:\/\/theplayoffs.news\/fr\/?s={search_term_string}"},"query-input":{"@type":"PropertyValueSpecification","valueRequired":true,"valueName":"search_term_string"}}],"inLanguage":"fr-FR"},{"@type":"Person","@id":"https:\/\/theplayoffs.news\/fr\/#\/schema\/person\/56b5804ce14e7430240ba59aaad166c6","name":"C\u00e9dric Philippe","image":{"@type":"ImageObject","inLanguage":"fr-FR","@id":"https:\/\/theplayoffs.news\/fr\/#\/schema\/person\/image\/","url":"https:\/\/secure.gravatar.com\/avatar\/63b48b6160b1ff79c0dd4dab351079df16111f1b0adeaf106e7df77915e5664a?s=96&d=mm&r=g","contentUrl":"https:\/\/secure.gravatar.com\/avatar\/63b48b6160b1ff79c0dd4dab351079df16111f1b0adeaf106e7df77915e5664a?s=96&d=mm&r=g","caption":"C\u00e9dric Philippe"},"url":"https:\/\/theplayoffs.news\/fr\/author\/cedricphilippe23gmail-com\/"}]}},"_links":{"self":[{"href":"https:\/\/theplayoffs.news\/fr\/wp-json\/wp\/v2\/posts\/565763","targetHints":{"allow":["GET"]}}],"collection":[{"href":"https:\/\/theplayoffs.news\/fr\/wp-json\/wp\/v2\/posts"}],"about":[{"href":"https:\/\/theplayoffs.news\/fr\/wp-json\/wp\/v2\/types\/post"}],"author":[{"embeddable":true,"href":"https:\/\/theplayoffs.news\/fr\/wp-json\/wp\/v2\/users\/180310147"}],"replies":[{"embeddable":true,"href":"https:\/\/theplayoffs.news\/fr\/wp-json\/wp\/v2\/comments?post=565763"}],"version-history":[{"count":2,"href":"https:\/\/theplayoffs.news\/fr\/wp-json\/wp\/v2\/posts\/565763\/revisions"}],"predecessor-version":[{"id":565765,"href":"https:\/\/theplayoffs.news\/fr\/wp-json\/wp\/v2\/posts\/565763\/revisions\/565765"}],"wp:featuredmedia":[{"embeddable":true,"href":"https:\/\/theplayoffs.news\/fr\/wp-json\/wp\/v2\/media\/388425"}],"wp:attachment":[{"href":"https:\/\/theplayoffs.news\/fr\/wp-json\/wp\/v2\/media?parent=565763"}],"wp:term":[{"taxonomy":"category","embeddable":true,"href":"https:\/\/theplayoffs.news\/fr\/wp-json\/wp\/v2\/categories?post=565763"},{"taxonomy":"post_tag","embeddable":true,"href":"https:\/\/theplayoffs.news\/fr\/wp-json\/wp\/v2\/tags?post=565763"},{"taxonomy":"sport","embeddable":true,"href":"https:\/\/theplayoffs.news\/fr\/wp-json\/wp\/v2\/sport?post=565763"},{"taxonomy":"saison","embeddable":true,"href":"https:\/\/theplayoffs.news\/fr\/wp-json\/wp\/v2\/saison?post=565763"}],"curies":[{"name":"wp","href":"https:\/\/api.w.org\/{rel}","templated":true}]}}