{"id":564889,"date":"2023-02-09T07:25:07","date_gmt":"2023-02-09T06:25:07","guid":{"rendered":"https:\/\/theplayoffs.news\/fr\/?p=564889"},"modified":"2023-02-09T07:25:07","modified_gmt":"2023-02-09T06:25:07","slug":"kevin-durant-echange-chez-les-suns","status":"publish","type":"post","link":"https:\/\/theplayoffs.news\/fr\/actualite-nba\/kevin-durant-echange-chez-les-suns\/","title":{"rendered":"Kevin Durant \u00e9chang\u00e9 chez les Suns !"},"content":{"rendered":"<h2><strong>La plus grosse nouvelle de la trade deadline vient de tomber &agrave; 7h08 ce matin&nbsp;: Kevin Durant est transf&eacute;r&eacute; aux Suns&nbsp;!<\/strong><\/h2><p>Si le management des Nets avait laiss&eacute; entendre que le futur de Brooklyn s&rsquo;&eacute;crirait avec <a href=\"https:\/\/theplayoffs.news\/fr\/joueur\/kevin-durant-nba-6404\/\" class=\"trk-cta-link\" data-cta-trk='{\"ctaType\":\"Link\",\"ctaSubType\":\"main\"}'><strong>Kevin Durant<\/strong><\/a>, c&rsquo;est finalement sans lui que les New Yorkais poursuivront la saison. La rumeur concernant un int&eacute;r&ecirc;t de l&rsquo;ancien des Warriors pour les Suns cet &eacute;t&eacute; est revenue au galop et Joe Tsai a finalement d&eacute;cid&eacute; de laisser partir son num&eacute;ro 7. <a href=\"https:\/\/twitter.com\/wojespn\/status\/1623564676066934785?s=20&amp;t=szd48e1E3WdXQFXmBmNlvg\" class=\"trk-cta-link\" data-cta-trk='{\"ctaType\":\"Link\",\"ctaSubType\":\"main\"}'>Voici le d&eacute;tail du trade<\/a>&nbsp;:<\/p><ul>\n<li>Les Suns obtiennent Kevin Durant, T.J. Warren<\/li>\n<li>Les Nets r&eacute;cup&egrave;rent Mikal Bridges, Cam Johnson, Jae Crowder, 4 First Round Picks (dont on ne connait pas encore les ann&eacute;es) et possiblement des Swaps (&eacute;change du meilleur pick).<\/li>\n<\/ul><p>Les Suns n&rsquo;abandonnent que Mikal Bridges parmi leurs titulaires au profit du meilleur attaquant de la ligue. Si Deandre Ayton avait souvent &eacute;t&eacute; mentionn&eacute;, il reste bien dans l&rsquo;Arizona. Ce transert cr&eacute;dite &eacute;videmment les Suns d&rsquo;un nouveau statut dans cette Conf&eacute;rence Ouest ultra comp&eacute;titive, celui de favori pour le titre NBA. L&rsquo;ajout de T.J. Warren, plut&ocirc;t bon en sortie de banc pourra &eacute;galement pallier le d&eacute;part de Cam Johnson.<\/p><p>C&ocirc;t&eacute; Nets, l&rsquo;heure est donc &agrave; la reconstruction. Avec les arriv&eacute;es de jeunes talents (Mikal Bridges et Cam Johnson) ainsi que de nombreux tours de Draft, Brooklyn devrait repartir sur un projet totalement diff&eacute;rent de celui des derni&egrave;res ann&eacute;es&nbsp;! Rappelons tout de m&ecirc;me qu&rsquo;ils ont envoy&eacute;s de nombreux First Round Picks pour James Harden en 2020.<\/p><p>La derni&egrave;re journ&eacute;e de la Trade Deadline d&eacute;marre sur les chapeaux de roue avec probablement le plus gros trade des derni&egrave;res ann&eacute;es r&eacute;alis&eacute; pour les Suns, qui s&rsquo;affichent maintenant comme un s&eacute;rieux candidat au titre cette saison&nbsp;!<\/p>\n","protected":false},"excerpt":{"rendered":"","protected":false},"author":180310142,"featured_media":564893,"comment_status":"open","ping_status":"closed","sticky":false,"template":"","format":"standard","meta":{"inline_featured_image":false,"kia_subtitle":"","_mux_skip_reasons":[],"proofreadBy":0,"footnotes":""},"categories":[110,10],"tags":[499,476,804],"sport":[],"saison":[],"class_list":["post-564889","post","type-post","status-publish","format-standard","has-post-thumbnail","hentry","category-actualite-nba","category-nba","tag-brooklyn-nets","tag-kevin-durant","tag-phoenix-suns"],"acf":[],"yoast_head":"<!-- This site is optimized with the Yoast SEO plugin v24.2 - https:\/\/yoast.com\/wordpress\/plugins\/seo\/ -->\n<title>Kevin Durant &eacute;chang&eacute; chez les Suns ! - The Playoffs FR<\/title>\n<meta name=\"robots\" content=\"index, follow, max-snippet:-1, max-image-preview:large, max-video-preview:-1\" \/>\n<link rel=\"canonical\" href=\"https:\/\/theplayoffs.news\/fr\/actualite-nba\/kevin-durant-echange-chez-les-suns\/\" \/>\n<meta property=\"og:locale\" content=\"fr_FR\" \/>\n<meta property=\"og:type\" content=\"article\" \/>\n<meta property=\"og:title\" content=\"Kevin Durant &eacute;chang&eacute; chez les Suns ! - The Playoffs FR\" \/>\n<meta property=\"og:url\" content=\"https:\/\/theplayoffs.news\/fr\/actualite-nba\/kevin-durant-echange-chez-les-suns\/\" \/>\n<meta property=\"og:site_name\" content=\"The Playoffs FR\" \/>\n<meta property=\"article:publisher\" content=\"https:\/\/www.facebook.com\/TheFreeAgentFR\/\" \/>\n<meta property=\"article:modified_time\" content=\"2023-02-09T07:25:07+01:00\" \/>\n<meta property=\"og:image\" content=\"https:\/\/theplayoffs.news\/fr\/wp-content\/uploads\/2023\/02\/FogPLTYXwAABJGK.jpeg\" \/>\n\t<meta property=\"og:image:width\" content=\"500\" \/>\n\t<meta property=\"og:image:height\" content=\"500\" \/>\n\t<meta property=\"og:image:type\" content=\"image\/jpeg\" \/>\n<meta name=\"author\" content=\"Arnaud Fady\" \/>\n<meta name=\"twitter:card\" content=\"summary_large_image\" \/>\n<meta name=\"twitter:creator\" content=\"@TheFreeAgentFR\" \/>\n<meta name=\"twitter:site\" content=\"@TheFreeAgentFR\" \/>\n<meta name=\"twitter:label1\" content=\"\u00c9crit par\" \/>\n\t<meta name=\"twitter:data1\" content=\"Arnaud Fady\" \/>\n\t<meta name=\"twitter:label2\" content=\"Dur\u00e9e de lecture estim\u00e9e\" \/>\n\t<meta name=\"twitter:data2\" content=\"2 minutes\" \/>\n<script type=\"application\/ld+json\" class=\"yoast-schema-graph\">{\"@context\":\"https:\/\/schema.org\",\"@graph\":[{\"@type\":\"WebPage\",\"@id\":\"https:\/\/theplayoffs.news\/fr\/actualite-nba\/kevin-durant-echange-chez-les-suns\/\",\"url\":\"https:\/\/theplayoffs.news\/fr\/actualite-nba\/kevin-durant-echange-chez-les-suns\/\",\"name\":\"Kevin Durant \u00e9chang\u00e9 chez les Suns ! - The Playoffs FR\",\"isPartOf\":{\"@id\":\"https:\/\/theplayoffs.news\/fr\/#website\"},\"primaryImageOfPage\":{\"@id\":\"https:\/\/theplayoffs.news\/fr\/actualite-nba\/kevin-durant-echange-chez-les-suns\/#primaryimage\"},\"image\":{\"@id\":\"https:\/\/theplayoffs.news\/fr\/actualite-nba\/kevin-durant-echange-chez-les-suns\/#primaryimage\"},\"thumbnailUrl\":\"https:\/\/theplayoffs.news\/fr\/wp-content\/uploads\/2023\/02\/FogPLTYXwAABJGK.jpeg\",\"datePublished\":\"2023-02-09T06:25:07+00:00\",\"dateModified\":\"2023-02-09T06:25:07+00:00\",\"author\":{\"@id\":\"https:\/\/theplayoffs.news\/fr\/#\/schema\/person\/a21cdc575c17111d7f6899967fe61a18\"},\"breadcrumb\":{\"@id\":\"https:\/\/theplayoffs.news\/fr\/actualite-nba\/kevin-durant-echange-chez-les-suns\/#breadcrumb\"},\"inLanguage\":\"fr-FR\",\"potentialAction\":[{\"@type\":\"ReadAction\",\"target\":[\"https:\/\/theplayoffs.news\/fr\/actualite-nba\/kevin-durant-echange-chez-les-suns\/\"]}]},{\"@type\":\"ImageObject\",\"inLanguage\":\"fr-FR\",\"@id\":\"https:\/\/theplayoffs.news\/fr\/actualite-nba\/kevin-durant-echange-chez-les-suns\/#primaryimage\",\"url\":\"https:\/\/theplayoffs.news\/fr\/wp-content\/uploads\/2023\/02\/FogPLTYXwAABJGK.jpeg\",\"contentUrl\":\"https:\/\/theplayoffs.news\/fr\/wp-content\/uploads\/2023\/02\/FogPLTYXwAABJGK.jpeg\",\"width\":500,\"height\":500,\"caption\":\"kevin Durant\"},{\"@type\":\"BreadcrumbList\",\"@id\":\"https:\/\/theplayoffs.news\/fr\/actualite-nba\/kevin-durant-echange-chez-les-suns\/#breadcrumb\",\"itemListElement\":[{\"@type\":\"ListItem\",\"position\":1,\"name\":\"Accueil\",\"item\":\"https:\/\/theplayoffs.news\/fr\/\"},{\"@type\":\"ListItem\",\"position\":2,\"name\":\"Kevin Durant \u00e9chang\u00e9 chez les Suns !\"}]},{\"@type\":\"WebSite\",\"@id\":\"https:\/\/theplayoffs.news\/fr\/#website\",\"url\":\"https:\/\/theplayoffs.news\/fr\/\",\"name\":\"The Playoffs FR\",\"description\":\"NBA-NFL-NHL-MLB\",\"potentialAction\":[{\"@type\":\"SearchAction\",\"target\":{\"@type\":\"EntryPoint\",\"urlTemplate\":\"https:\/\/theplayoffs.news\/fr\/?s={search_term_string}\"},\"query-input\":{\"@type\":\"PropertyValueSpecification\",\"valueRequired\":true,\"valueName\":\"search_term_string\"}}],\"inLanguage\":\"fr-FR\"},{\"@type\":\"Person\",\"@id\":\"https:\/\/theplayoffs.news\/fr\/#\/schema\/person\/a21cdc575c17111d7f6899967fe61a18\",\"name\":\"Arnaud Fady\",\"image\":{\"@type\":\"ImageObject\",\"inLanguage\":\"fr-FR\",\"@id\":\"https:\/\/theplayoffs.news\/fr\/#\/schema\/person\/image\/\",\"url\":\"https:\/\/secure.gravatar.com\/avatar\/3b57ebcdabda285cfd0874ae32ea4b83ff0f2234ba690313ed4f9eec404cd4a4?s=96&d=mm&r=g\",\"contentUrl\":\"https:\/\/secure.gravatar.com\/avatar\/3b57ebcdabda285cfd0874ae32ea4b83ff0f2234ba690313ed4f9eec404cd4a4?s=96&d=mm&r=g\",\"caption\":\"Arnaud Fady\"},\"url\":\"https:\/\/theplayoffs.news\/fr\/author\/arnaud-fadyoutlook-com\/\"}]}<\/script>\n<!-- \/ Yoast SEO plugin. -->","yoast_head_json":{"title":"Kevin Durant &eacute;chang&eacute; chez les Suns ! - The Playoffs FR","robots":{"index":"index","follow":"follow","max-snippet":"max-snippet:-1","max-image-preview":"max-image-preview:large","max-video-preview":"max-video-preview:-1"},"canonical":"https:\/\/theplayoffs.news\/fr\/actualite-nba\/kevin-durant-echange-chez-les-suns\/","og_locale":"fr_FR","og_type":"article","og_title":"Kevin Durant &eacute;chang&eacute; chez les Suns ! - The Playoffs FR","og_url":"https:\/\/theplayoffs.news\/fr\/actualite-nba\/kevin-durant-echange-chez-les-suns\/","og_site_name":"The Playoffs FR","article_publisher":"https:\/\/www.facebook.com\/TheFreeAgentFR\/","og_image":[{"width":500,"height":500,"url":"https:\/\/theplayoffs.news\/fr\/wp-content\/uploads\/2023\/02\/FogPLTYXwAABJGK.jpeg","type":"image\/jpeg"}],"author":"Arnaud Fady","twitter_card":"summary_large_image","twitter_creator":"@TheFreeAgentFR","twitter_site":"@TheFreeAgentFR","twitter_misc":{"\u00c9crit par":"Arnaud Fady","Dur\u00e9e de lecture estim\u00e9e":"2 minutes"},"schema":{"@context":"https:\/\/schema.org","@graph":[{"@type":"WebPage","@id":"https:\/\/theplayoffs.news\/fr\/actualite-nba\/kevin-durant-echange-chez-les-suns\/","url":"https:\/\/theplayoffs.news\/fr\/actualite-nba\/kevin-durant-echange-chez-les-suns\/","name":"Kevin Durant \u00e9chang\u00e9 chez les Suns ! - The Playoffs FR","isPartOf":{"@id":"https:\/\/theplayoffs.news\/fr\/#website"},"primaryImageOfPage":{"@id":"https:\/\/theplayoffs.news\/fr\/actualite-nba\/kevin-durant-echange-chez-les-suns\/#primaryimage"},"image":{"@id":"https:\/\/theplayoffs.news\/fr\/actualite-nba\/kevin-durant-echange-chez-les-suns\/#primaryimage"},"thumbnailUrl":"https:\/\/theplayoffs.news\/fr\/wp-content\/uploads\/2023\/02\/FogPLTYXwAABJGK.jpeg","datePublished":"2023-02-09T06:25:07+00:00","dateModified":"2023-02-09T06:25:07+00:00","author":{"@id":"https:\/\/theplayoffs.news\/fr\/#\/schema\/person\/a21cdc575c17111d7f6899967fe61a18"},"breadcrumb":{"@id":"https:\/\/theplayoffs.news\/fr\/actualite-nba\/kevin-durant-echange-chez-les-suns\/#breadcrumb"},"inLanguage":"fr-FR","potentialAction":[{"@type":"ReadAction","target":["https:\/\/theplayoffs.news\/fr\/actualite-nba\/kevin-durant-echange-chez-les-suns\/"]}]},{"@type":"ImageObject","inLanguage":"fr-FR","@id":"https:\/\/theplayoffs.news\/fr\/actualite-nba\/kevin-durant-echange-chez-les-suns\/#primaryimage","url":"https:\/\/theplayoffs.news\/fr\/wp-content\/uploads\/2023\/02\/FogPLTYXwAABJGK.jpeg","contentUrl":"https:\/\/theplayoffs.news\/fr\/wp-content\/uploads\/2023\/02\/FogPLTYXwAABJGK.jpeg","width":500,"height":500,"caption":"kevin Durant"},{"@type":"BreadcrumbList","@id":"https:\/\/theplayoffs.news\/fr\/actualite-nba\/kevin-durant-echange-chez-les-suns\/#breadcrumb","itemListElement":[{"@type":"ListItem","position":1,"name":"Accueil","item":"https:\/\/theplayoffs.news\/fr\/"},{"@type":"ListItem","position":2,"name":"Kevin Durant \u00e9chang\u00e9 chez les Suns !"}]},{"@type":"WebSite","@id":"https:\/\/theplayoffs.news\/fr\/#website","url":"https:\/\/theplayoffs.news\/fr\/","name":"The Playoffs FR","description":"NBA-NFL-NHL-MLB","potentialAction":[{"@type":"SearchAction","target":{"@type":"EntryPoint","urlTemplate":"https:\/\/theplayoffs.news\/fr\/?s={search_term_string}"},"query-input":{"@type":"PropertyValueSpecification","valueRequired":true,"valueName":"search_term_string"}}],"inLanguage":"fr-FR"},{"@type":"Person","@id":"https:\/\/theplayoffs.news\/fr\/#\/schema\/person\/a21cdc575c17111d7f6899967fe61a18","name":"Arnaud Fady","image":{"@type":"ImageObject","inLanguage":"fr-FR","@id":"https:\/\/theplayoffs.news\/fr\/#\/schema\/person\/image\/","url":"https:\/\/secure.gravatar.com\/avatar\/3b57ebcdabda285cfd0874ae32ea4b83ff0f2234ba690313ed4f9eec404cd4a4?s=96&d=mm&r=g","contentUrl":"https:\/\/secure.gravatar.com\/avatar\/3b57ebcdabda285cfd0874ae32ea4b83ff0f2234ba690313ed4f9eec404cd4a4?s=96&d=mm&r=g","caption":"Arnaud Fady"},"url":"https:\/\/theplayoffs.news\/fr\/author\/arnaud-fadyoutlook-com\/"}]}},"_links":{"self":[{"href":"https:\/\/theplayoffs.news\/fr\/wp-json\/wp\/v2\/posts\/564889","targetHints":{"allow":["GET"]}}],"collection":[{"href":"https:\/\/theplayoffs.news\/fr\/wp-json\/wp\/v2\/posts"}],"about":[{"href":"https:\/\/theplayoffs.news\/fr\/wp-json\/wp\/v2\/types\/post"}],"author":[{"embeddable":true,"href":"https:\/\/theplayoffs.news\/fr\/wp-json\/wp\/v2\/users\/180310142"}],"replies":[{"embeddable":true,"href":"https:\/\/theplayoffs.news\/fr\/wp-json\/wp\/v2\/comments?post=564889"}],"version-history":[{"count":3,"href":"https:\/\/theplayoffs.news\/fr\/wp-json\/wp\/v2\/posts\/564889\/revisions"}],"predecessor-version":[{"id":564904,"href":"https:\/\/theplayoffs.news\/fr\/wp-json\/wp\/v2\/posts\/564889\/revisions\/564904"}],"wp:featuredmedia":[{"embeddable":true,"href":"https:\/\/theplayoffs.news\/fr\/wp-json\/wp\/v2\/media\/564893"}],"wp:attachment":[{"href":"https:\/\/theplayoffs.news\/fr\/wp-json\/wp\/v2\/media?parent=564889"}],"wp:term":[{"taxonomy":"category","embeddable":true,"href":"https:\/\/theplayoffs.news\/fr\/wp-json\/wp\/v2\/categories?post=564889"},{"taxonomy":"post_tag","embeddable":true,"href":"https:\/\/theplayoffs.news\/fr\/wp-json\/wp\/v2\/tags?post=564889"},{"taxonomy":"sport","embeddable":true,"href":"https:\/\/theplayoffs.news\/fr\/wp-json\/wp\/v2\/sport?post=564889"},{"taxonomy":"saison","embeddable":true,"href":"https:\/\/theplayoffs.news\/fr\/wp-json\/wp\/v2\/saison?post=564889"}],"curies":[{"name":"wp","href":"https:\/\/api.w.org\/{rel}","templated":true}]}}