{"id":564157,"date":"2023-02-09T10:00:13","date_gmt":"2023-02-09T09:00:13","guid":{"rendered":"https:\/\/theplayoffs.news\/fr\/?p=564157"},"modified":"2023-02-09T10:04:04","modified_gmt":"2023-02-09T09:04:04","slug":"les-kelce-la-belle-histoire-du-super-bowl","status":"publish","type":"post","link":"https:\/\/theplayoffs.news\/fr\/actualite-nfl\/les-kelce-la-belle-histoire-du-super-bowl\/","title":{"rendered":"Les Kelce : la belle histoire du Super Bowl"},"content":{"rendered":"<h2>Pour la premi&egrave;re de l&rsquo;histoire du Super Bowl, deux fr&egrave;res seront de la partie, mais ils seront adversaires. Jason et Travis Kelce vont s&rsquo;affronter pour tenter de soulever le troph&eacute;e Vince Lombardi. Mais les deux fr&egrave;res sont intimement li&eacute;es sur et en dehors du terrain. Voici leur histoire.<\/h2><p>Dans la nuit de dimanche &agrave; lundi, on conna&icirc;tra le vainqueur du 57&egrave; Super Bowl de l&rsquo;histoire. Mais ce match va &ecirc;tre sp&eacute;cial pour deux d&rsquo;entre eux. Il s&rsquo;agit des fr&egrave;res Kelce. <a href=\"https:\/\/theplayoffs.news\/fr\/joueur\/jason-kelce-philadelphia-eagles-nfl\/\" class=\"trk-cta-link\" data-cta-trk='{\"ctaType\":\"Link\",\"ctaSubType\":\"main\"}'>Jason<\/a> et <a href=\"https:\/\/theplayoffs.news\/fr\/joueur\/travis-kelce-nfl-31694\/\" class=\"trk-cta-link\" data-cta-trk='{\"ctaType\":\"Link\",\"ctaSubType\":\"main\"}'>Travis<\/a> Kelce vont s&rsquo;affronter lors de cette opposition. C&rsquo;est la premi&egrave;re fois que deux fr&egrave;res s&rsquo;affrontent dans ce grand rendez-vous plan&eacute;taire.<\/p><blockquote class=\"twitter-tweet\" data-width=\"500\" data-dnt=\"true\">\n<p lang=\"en\" dir=\"ltr\">Travis Kelce or Jason Kelce<\/p>\n<p>Which brother do you think is better at their position? <a href=\"https:\/\/t.co\/4HU58ElsUX\" class=\"trk-cta-link\" data-cta-trk='{\"ctaType\":\"Link\",\"ctaSubType\":\"main\"}'>pic.twitter.com\/4HU58ElsUX<\/a><\/p>\n<p>&mdash; PFF (@PFF) <a href=\"https:\/\/twitter.com\/PFF\/status\/1623501939941212160?ref_src=twsrc%5Etfw\" class=\"trk-cta-link\" data-cta-trk='{\"ctaType\":\"Link\",\"ctaSubType\":\"main\"}'>February 9, 2023<\/a><\/p><\/blockquote><p><script async src=\"https:\/\/platform.twitter.com\/widgets.js\" charset=\"utf-8\"><\/script><\/p><h3>Des fr&egrave;res au destin li&eacute;<\/h3><p>Les <strong>Kelce<\/strong> sont tr&egrave;s proches et ce depuis leur plus jeune &acirc;ge. Cela fait maintenant plusieurs ann&eacute;es qu&rsquo;ils animent ensemble un podcast du nom de &laquo;&nbsp;<a href=\"https:\/\/twitter.com\/newheightshow?ref_src=twsrc%5Egoogle%7Ctwcamp%5Eserp%7Ctwgr%5Eauthor\" class=\"trk-cta-link\" data-cta-trk='{\"ctaType\":\"Link\",\"ctaSubType\":\"main\"}'><em>New Heights<\/em><\/a>&laquo;&nbsp;. Mais les deux fr&egrave;res appr&eacute;hendaient le fait de faire cette activit&eacute;. Ils avaient des doutes sur l&rsquo;influence que cela pouvait avoir sur leurs performances et si cela allait les mettre en porte-&agrave;-faux. Mais Jason, l&rsquo;a&icirc;n&eacute; de <strong>2 ans<\/strong>, est soulag&eacute; du fait qu&rsquo;il n&rsquo;y ait pas eu d&rsquo;impact.<\/p><blockquote><p>&laquo;&nbsp;Heureusement cela ne s&rsquo;est pas produit&nbsp;&raquo;, d&eacute;clare le centre des Eagles.<\/p><\/blockquote><p>Les fr&egrave;res Kelce n&rsquo;ont pas toujours eu les m&ecirc;mes &eacute;loges &agrave; leurs &eacute;gards. <strong>Beaucoup de critiques<\/strong> ont &eacute;t&eacute; faites notamment durant leur jeunesse. Ils ont pratiqu&eacute; le basket avant de connaitre et de faire carri&egrave;re dans le football. Lorsqu&rsquo;ils jouaient l&rsquo;un contre l&rsquo;autre, la partie se tendait quelque peu et les deux hommes en venaient aux mains par moment.<\/p><p>Cela s&rsquo;explique par le fait que Travis recevait toujours les &eacute;loges et &eacute;tait consid&eacute;r&eacute; comme le plus dou&eacute; des deux. Mais ce <strong>Super Bowl<\/strong> montre que Jason a aussi un talent et qu&rsquo;il a travaill&eacute; pour atteindre cet objectif.<\/p><p>Adepte du trashtalk, Travis Kelce se veut bienveillant envers son fr&egrave;re lors de cette grande finale.<\/p><blockquote><p>&laquo;&nbsp;Ce sera un sentiment incroyable de jouer contre lui&hellip;&nbsp;&raquo;, d&eacute;clare le tight end des Chiefs. &laquo;&nbsp;Vous ne me verrez pas parler &agrave; cause du respect et de l&rsquo;amour que j&rsquo;ai pour mon fr&egrave;re. Mais ce sera certainement un match &eacute;motionnel&nbsp;&raquo;.<\/p><\/blockquote><p>Les deux fr&egrave;res ont un point en commun : avoir eu le m&ecirc;me entra&icirc;neur chez les pros.<\/p><h3>Andy Reid, le mentor<\/h3><p>Andy Reid a entra&icirc;n&eacute; Jason Kelce pendant deux saisons (<strong>2011-13<\/strong>) aux Eagles de Philadelphie puis Travis Kelce depuis 10 ans maintenant chez les Chiefs de Kansas City. C&rsquo;est Reid qui a choisi ce dernier lors du 3&egrave; tour de la draft 2013. Il l&rsquo;a d&eacute;couvert lorsqu&rsquo;il &eacute;tait &agrave; <strong>l&rsquo;universit&eacute; de Cincinnati<\/strong>. Travis Kelce et son &eacute;quipe jouait contre Temple en <strong>automne 2012<\/strong>. Il s&rsquo;av&egrave;re que l&rsquo;homme de 64 ans avait fait le bon choix.<\/p><blockquote><p>&laquo;&nbsp;J&rsquo;ai eu la chance de le voir &agrave; Cincinnati, et j&rsquo;ai senti que ce gamin avait quelque chose de sp&eacute;cial&nbsp;&raquo;, a d&eacute;clar&eacute; Reid. &laquo;&nbsp;Je me souviens que c&rsquo;&eacute;tait un gars plus grand mais tellement lisse. Il avait cette fluidit&eacute;. Je me souviens m&rsquo;&ecirc;tre dit: &laquo; Ce gars serait g&eacute;nial dans l&rsquo;attaque que nous courons &raquo;&nbsp;&raquo;.<\/p><\/blockquote><p>Malheureusement, il n&rsquo;a pas eu la m&ecirc;me r&eacute;ussite avec Jason. <strong>Andy Reid<\/strong> a &eacute;t&eacute; limog&eacute; apr&egrave;s la <strong>saison 2013<\/strong> avec un bilan m&eacute;diocre avec les Eagles de Philadelphie (<strong>4-12<\/strong>). Mais ce qui est certain, c&rsquo;est que le coach actuel des Chiefs a d&eacute;cel&eacute; des similitudes en entra&icirc;nant ces deux hommes.<\/p><blockquote><p>&laquo;&nbsp;Ils sont tous les deux, au fond, tr&egrave;s comp&eacute;titifs et compatissants&nbsp;&raquo;, affirme Reid. Ils prennent soin et soucient des gens et ils se soucient de leur jeu, de leur m&eacute;tier&nbsp;&raquo;.<\/p><\/blockquote><h3>Qui l&rsquo;emportera ?<\/h3><p>Difficile &agrave; dire tant les deux &eacute;quipes ont &eacute;t&eacute; dominantes lors de cette saison 2022-23. Les deux fr&egrave;res ont r&eacute;alis&eacute;s une saison incroyable que &ccedil;a soit individuellement ou collectivement. Ils mettront<a href=\"https:\/\/twitter.com\/NFLFilms\/status\/1622674929312272384\" class=\"trk-cta-link\" data-cta-trk='{\"ctaType\":\"Link\",\"ctaSubType\":\"main\"}'> leurs sentiments de c&ocirc;t&eacute;<\/a> le temps d&rsquo;une rencontre mais &ccedil;a sera la plus importante de leur carri&egrave;re. La bonne nouvelle c&rsquo;est qu&rsquo;ils ne seront pas sur le terrain au m&ecirc;me moment car ils font partie de leurs attaques respectives. Ce qui est certain c&rsquo;est que la m&egrave;re verra l&rsquo;un de ses fils soulever le <strong>troph&eacute;e Vince Lombardi<\/strong>.<\/p><blockquote><p>&laquo;&nbsp;Ma m&egrave;re ne peut pas perdre&nbsp;&raquo;, sourit Travis.<\/p><\/blockquote><p>Alors, c&rsquo;est qui le plus fort ?<\/p>\n","protected":false},"excerpt":{"rendered":"","protected":false},"author":180310140,"featured_media":564165,"comment_status":"open","ping_status":"closed","sticky":false,"template":"","format":"standard","meta":{"inline_featured_image":false,"kia_subtitle":"","_mux_skip_reasons":[],"proofreadBy":0,"footnotes":""},"categories":[118,40],"tags":[1037,2168,487,773,833],"sport":[],"saison":[],"class_list":["post-564157","post","type-post","status-publish","format-standard","has-post-thumbnail","hentry","category-actualite-nfl","category-nfl","tag-andy-reid","tag-jason-kelce","tag-kansas-city-chiefs","tag-philadelphia-eagles","tag-travis-kelce"],"acf":[],"yoast_head":"<!-- This site is optimized with the Yoast SEO plugin v24.2 - https:\/\/yoast.com\/wordpress\/plugins\/seo\/ -->\n<title>Les Kelce : la belle histoire du Super Bowl - The Playoffs FR<\/title>\n<meta name=\"robots\" content=\"index, follow, max-snippet:-1, max-image-preview:large, max-video-preview:-1\" \/>\n<link rel=\"canonical\" href=\"https:\/\/theplayoffs.news\/fr\/actualite-nfl\/les-kelce-la-belle-histoire-du-super-bowl\/\" \/>\n<meta property=\"og:locale\" content=\"fr_FR\" \/>\n<meta property=\"og:type\" content=\"article\" \/>\n<meta property=\"og:title\" content=\"Les Kelce : la belle histoire du Super Bowl - The Playoffs FR\" \/>\n<meta property=\"og:url\" content=\"https:\/\/theplayoffs.news\/fr\/actualite-nfl\/les-kelce-la-belle-histoire-du-super-bowl\/\" \/>\n<meta property=\"og:site_name\" content=\"The Playoffs FR\" \/>\n<meta property=\"article:publisher\" content=\"https:\/\/www.facebook.com\/TheFreeAgentFR\/\" \/>\n<meta property=\"article:modified_time\" content=\"2023-02-09T10:04:04+01:00\" \/>\n<meta property=\"og:image\" content=\"https:\/\/theplayoffs.news\/fr\/wp-content\/uploads\/2023\/02\/kelce-brothers.jpg\" \/>\n\t<meta property=\"og:image:width\" content=\"1920\" \/>\n\t<meta property=\"og:image:height\" content=\"1080\" \/>\n\t<meta property=\"og:image:type\" content=\"image\/jpeg\" \/>\n<meta name=\"author\" content=\"Theophile Batica-ferreira\" \/>\n<meta name=\"twitter:card\" content=\"summary_large_image\" \/>\n<meta name=\"twitter:creator\" content=\"@TheFreeAgentFR\" \/>\n<meta name=\"twitter:site\" content=\"@TheFreeAgentFR\" \/>\n<meta name=\"twitter:label1\" content=\"\u00c9crit par\" \/>\n\t<meta name=\"twitter:data1\" content=\"Theophile Batica-ferreira\" \/>\n\t<meta name=\"twitter:label2\" content=\"Dur\u00e9e de lecture estim\u00e9e\" \/>\n\t<meta name=\"twitter:data2\" content=\"4 minutes\" \/>\n<script type=\"application\/ld+json\" class=\"yoast-schema-graph\">{\"@context\":\"https:\/\/schema.org\",\"@graph\":[{\"@type\":\"WebPage\",\"@id\":\"https:\/\/theplayoffs.news\/fr\/actualite-nfl\/les-kelce-la-belle-histoire-du-super-bowl\/\",\"url\":\"https:\/\/theplayoffs.news\/fr\/actualite-nfl\/les-kelce-la-belle-histoire-du-super-bowl\/\",\"name\":\"Les Kelce : la belle histoire du Super Bowl - The Playoffs FR\",\"isPartOf\":{\"@id\":\"https:\/\/theplayoffs.news\/fr\/#website\"},\"primaryImageOfPage\":{\"@id\":\"https:\/\/theplayoffs.news\/fr\/actualite-nfl\/les-kelce-la-belle-histoire-du-super-bowl\/#primaryimage\"},\"image\":{\"@id\":\"https:\/\/theplayoffs.news\/fr\/actualite-nfl\/les-kelce-la-belle-histoire-du-super-bowl\/#primaryimage\"},\"thumbnailUrl\":\"https:\/\/theplayoffs.news\/fr\/wp-content\/uploads\/2023\/02\/kelce-brothers.jpg\",\"datePublished\":\"2023-02-09T09:00:13+00:00\",\"dateModified\":\"2023-02-09T09:04:04+00:00\",\"author\":{\"@id\":\"https:\/\/theplayoffs.news\/fr\/#\/schema\/person\/28782e5d11e28ced1db43166cecdaae9\"},\"breadcrumb\":{\"@id\":\"https:\/\/theplayoffs.news\/fr\/actualite-nfl\/les-kelce-la-belle-histoire-du-super-bowl\/#breadcrumb\"},\"inLanguage\":\"fr-FR\",\"potentialAction\":[{\"@type\":\"ReadAction\",\"target\":[\"https:\/\/theplayoffs.news\/fr\/actualite-nfl\/les-kelce-la-belle-histoire-du-super-bowl\/\"]}]},{\"@type\":\"ImageObject\",\"inLanguage\":\"fr-FR\",\"@id\":\"https:\/\/theplayoffs.news\/fr\/actualite-nfl\/les-kelce-la-belle-histoire-du-super-bowl\/#primaryimage\",\"url\":\"https:\/\/theplayoffs.news\/fr\/wp-content\/uploads\/2023\/02\/kelce-brothers.jpg\",\"contentUrl\":\"https:\/\/theplayoffs.news\/fr\/wp-content\/uploads\/2023\/02\/kelce-brothers.jpg\",\"width\":1920,\"height\":1080,\"caption\":\"Travis Kelce (\u00e0 gauche, Kansas City Chiefs) et Jason Kelce (\u00e0 droite, Philadelphia Eagles)\"},{\"@type\":\"BreadcrumbList\",\"@id\":\"https:\/\/theplayoffs.news\/fr\/actualite-nfl\/les-kelce-la-belle-histoire-du-super-bowl\/#breadcrumb\",\"itemListElement\":[{\"@type\":\"ListItem\",\"position\":1,\"name\":\"Accueil\",\"item\":\"https:\/\/theplayoffs.news\/fr\/\"},{\"@type\":\"ListItem\",\"position\":2,\"name\":\"Les Kelce : la belle histoire du Super Bowl\"}]},{\"@type\":\"WebSite\",\"@id\":\"https:\/\/theplayoffs.news\/fr\/#website\",\"url\":\"https:\/\/theplayoffs.news\/fr\/\",\"name\":\"The Playoffs FR\",\"description\":\"NBA-NFL-NHL-MLB\",\"potentialAction\":[{\"@type\":\"SearchAction\",\"target\":{\"@type\":\"EntryPoint\",\"urlTemplate\":\"https:\/\/theplayoffs.news\/fr\/?s={search_term_string}\"},\"query-input\":{\"@type\":\"PropertyValueSpecification\",\"valueRequired\":true,\"valueName\":\"search_term_string\"}}],\"inLanguage\":\"fr-FR\"},{\"@type\":\"Person\",\"@id\":\"https:\/\/theplayoffs.news\/fr\/#\/schema\/person\/28782e5d11e28ced1db43166cecdaae9\",\"name\":\"Theophile Batica-ferreira\",\"image\":{\"@type\":\"ImageObject\",\"inLanguage\":\"fr-FR\",\"@id\":\"https:\/\/theplayoffs.news\/fr\/#\/schema\/person\/image\/\",\"url\":\"https:\/\/secure.gravatar.com\/avatar\/2a8200ad0411f8ebd27c6b41622c1d7589cdf53cfc6c271372dbe6fbfd1e8159?s=96&d=mm&r=g\",\"contentUrl\":\"https:\/\/secure.gravatar.com\/avatar\/2a8200ad0411f8ebd27c6b41622c1d7589cdf53cfc6c271372dbe6fbfd1e8159?s=96&d=mm&r=g\",\"caption\":\"Theophile Batica-ferreira\"},\"url\":\"https:\/\/theplayoffs.news\/fr\/author\/theophile-batica-ferreiramediaschool-me\/\"}]}<\/script>\n<!-- \/ Yoast SEO plugin. -->","yoast_head_json":{"title":"Les Kelce : la belle histoire du Super Bowl - The Playoffs FR","robots":{"index":"index","follow":"follow","max-snippet":"max-snippet:-1","max-image-preview":"max-image-preview:large","max-video-preview":"max-video-preview:-1"},"canonical":"https:\/\/theplayoffs.news\/fr\/actualite-nfl\/les-kelce-la-belle-histoire-du-super-bowl\/","og_locale":"fr_FR","og_type":"article","og_title":"Les Kelce : la belle histoire du Super Bowl - The Playoffs FR","og_url":"https:\/\/theplayoffs.news\/fr\/actualite-nfl\/les-kelce-la-belle-histoire-du-super-bowl\/","og_site_name":"The Playoffs FR","article_publisher":"https:\/\/www.facebook.com\/TheFreeAgentFR\/","article_modified_time":"2023-02-09T09:04:04+00:00","og_image":[{"width":1920,"height":1080,"url":"https:\/\/theplayoffs.news\/fr\/wp-content\/uploads\/2023\/02\/kelce-brothers.jpg","type":"image\/jpeg"}],"author":"Theophile Batica-ferreira","twitter_card":"summary_large_image","twitter_creator":"@TheFreeAgentFR","twitter_site":"@TheFreeAgentFR","twitter_misc":{"\u00c9crit par":"Theophile Batica-ferreira","Dur\u00e9e de lecture estim\u00e9e":"4 minutes"},"schema":{"@context":"https:\/\/schema.org","@graph":[{"@type":"WebPage","@id":"https:\/\/theplayoffs.news\/fr\/actualite-nfl\/les-kelce-la-belle-histoire-du-super-bowl\/","url":"https:\/\/theplayoffs.news\/fr\/actualite-nfl\/les-kelce-la-belle-histoire-du-super-bowl\/","name":"Les Kelce : la belle histoire du Super Bowl - The Playoffs FR","isPartOf":{"@id":"https:\/\/theplayoffs.news\/fr\/#website"},"primaryImageOfPage":{"@id":"https:\/\/theplayoffs.news\/fr\/actualite-nfl\/les-kelce-la-belle-histoire-du-super-bowl\/#primaryimage"},"image":{"@id":"https:\/\/theplayoffs.news\/fr\/actualite-nfl\/les-kelce-la-belle-histoire-du-super-bowl\/#primaryimage"},"thumbnailUrl":"https:\/\/theplayoffs.news\/fr\/wp-content\/uploads\/2023\/02\/kelce-brothers.jpg","datePublished":"2023-02-09T09:00:13+00:00","dateModified":"2023-02-09T09:04:04+00:00","author":{"@id":"https:\/\/theplayoffs.news\/fr\/#\/schema\/person\/28782e5d11e28ced1db43166cecdaae9"},"breadcrumb":{"@id":"https:\/\/theplayoffs.news\/fr\/actualite-nfl\/les-kelce-la-belle-histoire-du-super-bowl\/#breadcrumb"},"inLanguage":"fr-FR","potentialAction":[{"@type":"ReadAction","target":["https:\/\/theplayoffs.news\/fr\/actualite-nfl\/les-kelce-la-belle-histoire-du-super-bowl\/"]}]},{"@type":"ImageObject","inLanguage":"fr-FR","@id":"https:\/\/theplayoffs.news\/fr\/actualite-nfl\/les-kelce-la-belle-histoire-du-super-bowl\/#primaryimage","url":"https:\/\/theplayoffs.news\/fr\/wp-content\/uploads\/2023\/02\/kelce-brothers.jpg","contentUrl":"https:\/\/theplayoffs.news\/fr\/wp-content\/uploads\/2023\/02\/kelce-brothers.jpg","width":1920,"height":1080,"caption":"Travis Kelce (\u00e0 gauche, Kansas City Chiefs) et Jason Kelce (\u00e0 droite, Philadelphia Eagles)"},{"@type":"BreadcrumbList","@id":"https:\/\/theplayoffs.news\/fr\/actualite-nfl\/les-kelce-la-belle-histoire-du-super-bowl\/#breadcrumb","itemListElement":[{"@type":"ListItem","position":1,"name":"Accueil","item":"https:\/\/theplayoffs.news\/fr\/"},{"@type":"ListItem","position":2,"name":"Les Kelce : la belle histoire du Super Bowl"}]},{"@type":"WebSite","@id":"https:\/\/theplayoffs.news\/fr\/#website","url":"https:\/\/theplayoffs.news\/fr\/","name":"The Playoffs FR","description":"NBA-NFL-NHL-MLB","potentialAction":[{"@type":"SearchAction","target":{"@type":"EntryPoint","urlTemplate":"https:\/\/theplayoffs.news\/fr\/?s={search_term_string}"},"query-input":{"@type":"PropertyValueSpecification","valueRequired":true,"valueName":"search_term_string"}}],"inLanguage":"fr-FR"},{"@type":"Person","@id":"https:\/\/theplayoffs.news\/fr\/#\/schema\/person\/28782e5d11e28ced1db43166cecdaae9","name":"Theophile Batica-ferreira","image":{"@type":"ImageObject","inLanguage":"fr-FR","@id":"https:\/\/theplayoffs.news\/fr\/#\/schema\/person\/image\/","url":"https:\/\/secure.gravatar.com\/avatar\/2a8200ad0411f8ebd27c6b41622c1d7589cdf53cfc6c271372dbe6fbfd1e8159?s=96&d=mm&r=g","contentUrl":"https:\/\/secure.gravatar.com\/avatar\/2a8200ad0411f8ebd27c6b41622c1d7589cdf53cfc6c271372dbe6fbfd1e8159?s=96&d=mm&r=g","caption":"Theophile Batica-ferreira"},"url":"https:\/\/theplayoffs.news\/fr\/author\/theophile-batica-ferreiramediaschool-me\/"}]}},"_links":{"self":[{"href":"https:\/\/theplayoffs.news\/fr\/wp-json\/wp\/v2\/posts\/564157","targetHints":{"allow":["GET"]}}],"collection":[{"href":"https:\/\/theplayoffs.news\/fr\/wp-json\/wp\/v2\/posts"}],"about":[{"href":"https:\/\/theplayoffs.news\/fr\/wp-json\/wp\/v2\/types\/post"}],"author":[{"embeddable":true,"href":"https:\/\/theplayoffs.news\/fr\/wp-json\/wp\/v2\/users\/180310140"}],"replies":[{"embeddable":true,"href":"https:\/\/theplayoffs.news\/fr\/wp-json\/wp\/v2\/comments?post=564157"}],"version-history":[{"count":3,"href":"https:\/\/theplayoffs.news\/fr\/wp-json\/wp\/v2\/posts\/564157\/revisions"}],"predecessor-version":[{"id":564168,"href":"https:\/\/theplayoffs.news\/fr\/wp-json\/wp\/v2\/posts\/564157\/revisions\/564168"}],"wp:featuredmedia":[{"embeddable":true,"href":"https:\/\/theplayoffs.news\/fr\/wp-json\/wp\/v2\/media\/564165"}],"wp:attachment":[{"href":"https:\/\/theplayoffs.news\/fr\/wp-json\/wp\/v2\/media?parent=564157"}],"wp:term":[{"taxonomy":"category","embeddable":true,"href":"https:\/\/theplayoffs.news\/fr\/wp-json\/wp\/v2\/categories?post=564157"},{"taxonomy":"post_tag","embeddable":true,"href":"https:\/\/theplayoffs.news\/fr\/wp-json\/wp\/v2\/tags?post=564157"},{"taxonomy":"sport","embeddable":true,"href":"https:\/\/theplayoffs.news\/fr\/wp-json\/wp\/v2\/sport?post=564157"},{"taxonomy":"saison","embeddable":true,"href":"https:\/\/theplayoffs.news\/fr\/wp-json\/wp\/v2\/saison?post=564157"}],"curies":[{"name":"wp","href":"https:\/\/api.w.org\/{rel}","templated":true}]}}