{"id":564068,"date":"2023-02-08T12:54:44","date_gmt":"2023-02-08T11:54:44","guid":{"rendered":"https:\/\/theplayoffs.news\/fr\/?p=564068"},"modified":"2023-02-08T12:54:45","modified_gmt":"2023-02-08T11:54:45","slug":"rob-gronkowski-ne-reviendra-pas-en-nfl","status":"publish","type":"post","link":"https:\/\/theplayoffs.news\/fr\/actualite-nfl\/rob-gronkowski-ne-reviendra-pas-en-nfl\/","title":{"rendered":"Rob Gronkowski ne reviendra pas en NFL"},"content":{"rendered":"<h2>Il restait un petit espoir de voir Rob Gronkowski en NFL, lui qui a d&eacute;j&agrave; d&eacute;clar&eacute; qu&rsquo;il &eacute;tait capable de revenir, mais apr&egrave;s la retraite annonc&eacute;e de Tom Brady, le &laquo; Gronk &raquo; a annonc&eacute; qu&rsquo;il ne reviendrait pas.<\/h2><p><a href=\"https:\/\/theathletic.com\/4165006\/2023\/02\/07\/rob-gronkowski-retired-tom-brady\/?source=user_shared_article\" class=\"trk-cta-link\" data-cta-trk='{\"ctaType\":\"Link\",\"ctaSubType\":\"main\"}'>&laquo; Non, non. C&rsquo;est fini pour moi &raquo;<\/a>. Les mots de <strong>Rob Gronkowski<\/strong> sont clairs, l&rsquo;ancien tight end des <strong>Patriots<\/strong> et des <strong><a href=\"https:\/\/theplayoffs.news\/fr\/equipe\/tampa-bay-buccaneers-nfl\/\" class=\"trk-cta-link\" data-cta-trk='{\"ctaType\":\"Link\",\"ctaSubType\":\"main\"}'>Buccaneers<\/a><\/strong> en a finit avec la NFL. Son destin &eacute;tait en quelque sorte li&eacute; &agrave; celui de <strong>Tom Brady<\/strong>, puisque seule <strong>TB12<\/strong> pouvait faire sortir Gronkowski de sa retraite, mais il n&rsquo;en sera rien. Tom Brady a annonc&eacute; sa retraite il y a plusieurs jours tandis que Rob Gronkowski s&rsquo;&eacute;tait arr&ecirc;t&eacute; en juin 2022, ce qui marque la fin d&rsquo;une &egrave;re dans l&rsquo;histoire de la NFL.<\/p><p>Le propri&eacute;taire <strong>Robert Kraft<\/strong> avait annonc&eacute; qu&rsquo;il souhaitait proposer un contrat d&rsquo;un jour &agrave; Tom Brady pour qu&rsquo;il se retire en tant que joueur des Patriots, mais le projet n&rsquo;est pas au go&ucirc;t du jour pour le &laquo; Gronk &raquo;.<\/p><blockquote><p>&laquo;&nbsp;J&rsquo;ai &eacute;t&eacute; un peu choqu&eacute;, c&rsquo;est s&ucirc;r. Je dirais juste que j&rsquo;ai &eacute;t&eacute; choqu&eacute; parce que je pense qu&rsquo;il en a encore dans le r&eacute;servoir. Il n&rsquo;y a aucun doute l&agrave;-dessus. Je pensais que Tom pouvait jouer jusqu&rsquo;&agrave; 50 ans. C&rsquo;est &agrave; lui de d&eacute;cider quand il s&rsquo;arr&ecirc;te, mais &agrave; voir comment il se pr&eacute;pare, comment il prend soin de lui, &agrave; voir son &eacute;tat d&rsquo;esprit, il pourrait certainement jouer jusqu&rsquo;&agrave; 50 ans. Mais il a choisi de raccrocher &agrave; 45 ans, et je suis fier de lui. Je suis fier d&rsquo;&ecirc;tre son co&eacute;quipier. Je suis fier de tout ce qu&rsquo;il a accompli. Je suis simplement heureux pour lui, quoi qu&rsquo;il choisisse de faire ensuite.&nbsp;&raquo;<\/p>\n<p><strong>Rob Gronkowski<\/strong>, au sujet de la retraite de Tom Brady.<\/p><\/blockquote><p>&nbsp;<\/p>\n","protected":false},"excerpt":{"rendered":"","protected":false},"author":180310139,"featured_media":564071,"comment_status":"open","ping_status":"closed","sticky":false,"template":"","format":"standard","meta":{"inline_featured_image":false,"kia_subtitle":"","_mux_skip_reasons":[],"proofreadBy":0,"footnotes":""},"categories":[118,40],"tags":[79,5413,480,81],"sport":[2785],"saison":[],"class_list":["post-564068","post","type-post","status-publish","format-standard","has-post-thumbnail","hentry","category-actualite-nfl","category-nfl","tag-nfl","tag-retraite","tag-rob-gronkowski","tag-tom-brady","sport-nfl"],"acf":[],"yoast_head":"<!-- This site is optimized with the Yoast SEO plugin v24.2 - https:\/\/yoast.com\/wordpress\/plugins\/seo\/ -->\n<title>Rob Gronkowski ne reviendra pas en NFL - The Playoffs FR<\/title>\n<meta name=\"robots\" content=\"index, follow, max-snippet:-1, max-image-preview:large, max-video-preview:-1\" \/>\n<link rel=\"canonical\" href=\"https:\/\/theplayoffs.news\/fr\/actualite-nfl\/rob-gronkowski-ne-reviendra-pas-en-nfl\/\" \/>\n<meta property=\"og:locale\" content=\"fr_FR\" \/>\n<meta property=\"og:type\" content=\"article\" \/>\n<meta property=\"og:title\" content=\"Rob Gronkowski ne reviendra pas en NFL - The Playoffs FR\" \/>\n<meta property=\"og:url\" content=\"https:\/\/theplayoffs.news\/fr\/actualite-nfl\/rob-gronkowski-ne-reviendra-pas-en-nfl\/\" \/>\n<meta property=\"og:site_name\" content=\"The Playoffs FR\" \/>\n<meta property=\"article:publisher\" content=\"https:\/\/www.facebook.com\/TheFreeAgentFR\/\" \/>\n<meta property=\"article:modified_time\" content=\"2023-02-08T12:54:45+01:00\" \/>\n<meta property=\"og:image\" content=\"https:\/\/theplayoffs.news\/fr\/wp-content\/uploads\/2023\/02\/F73296FC-B7B8-4EEB-8789-88255CA4A81D.jpeg\" \/>\n\t<meta property=\"og:image:width\" content=\"1298\" \/>\n\t<meta property=\"og:image:height\" content=\"739\" \/>\n\t<meta property=\"og:image:type\" content=\"image\/jpeg\" \/>\n<meta name=\"author\" content=\"Alban Conejero\" \/>\n<meta name=\"twitter:card\" content=\"summary_large_image\" \/>\n<meta name=\"twitter:creator\" content=\"@TheFreeAgentFR\" \/>\n<meta name=\"twitter:site\" content=\"@TheFreeAgentFR\" \/>\n<meta name=\"twitter:label1\" content=\"\u00c9crit par\" \/>\n\t<meta name=\"twitter:data1\" content=\"Alban Conejero\" \/>\n\t<meta name=\"twitter:label2\" content=\"Dur\u00e9e de lecture estim\u00e9e\" \/>\n\t<meta name=\"twitter:data2\" content=\"2 minutes\" \/>\n<script type=\"application\/ld+json\" class=\"yoast-schema-graph\">{\"@context\":\"https:\/\/schema.org\",\"@graph\":[{\"@type\":\"WebPage\",\"@id\":\"https:\/\/theplayoffs.news\/fr\/actualite-nfl\/rob-gronkowski-ne-reviendra-pas-en-nfl\/\",\"url\":\"https:\/\/theplayoffs.news\/fr\/actualite-nfl\/rob-gronkowski-ne-reviendra-pas-en-nfl\/\",\"name\":\"Rob Gronkowski ne reviendra pas en NFL - The Playoffs FR\",\"isPartOf\":{\"@id\":\"https:\/\/theplayoffs.news\/fr\/#website\"},\"primaryImageOfPage\":{\"@id\":\"https:\/\/theplayoffs.news\/fr\/actualite-nfl\/rob-gronkowski-ne-reviendra-pas-en-nfl\/#primaryimage\"},\"image\":{\"@id\":\"https:\/\/theplayoffs.news\/fr\/actualite-nfl\/rob-gronkowski-ne-reviendra-pas-en-nfl\/#primaryimage\"},\"thumbnailUrl\":\"https:\/\/theplayoffs.news\/fr\/wp-content\/uploads\/2023\/02\/F73296FC-B7B8-4EEB-8789-88255CA4A81D.jpeg\",\"datePublished\":\"2023-02-08T11:54:44+00:00\",\"dateModified\":\"2023-02-08T11:54:45+00:00\",\"author\":{\"@id\":\"https:\/\/theplayoffs.news\/fr\/#\/schema\/person\/3dd6319a9057ecd181d2351cdb03ccd2\"},\"breadcrumb\":{\"@id\":\"https:\/\/theplayoffs.news\/fr\/actualite-nfl\/rob-gronkowski-ne-reviendra-pas-en-nfl\/#breadcrumb\"},\"inLanguage\":\"fr-FR\",\"potentialAction\":[{\"@type\":\"ReadAction\",\"target\":[\"https:\/\/theplayoffs.news\/fr\/actualite-nfl\/rob-gronkowski-ne-reviendra-pas-en-nfl\/\"]}]},{\"@type\":\"ImageObject\",\"inLanguage\":\"fr-FR\",\"@id\":\"https:\/\/theplayoffs.news\/fr\/actualite-nfl\/rob-gronkowski-ne-reviendra-pas-en-nfl\/#primaryimage\",\"url\":\"https:\/\/theplayoffs.news\/fr\/wp-content\/uploads\/2023\/02\/F73296FC-B7B8-4EEB-8789-88255CA4A81D.jpeg\",\"contentUrl\":\"https:\/\/theplayoffs.news\/fr\/wp-content\/uploads\/2023\/02\/F73296FC-B7B8-4EEB-8789-88255CA4A81D.jpeg\",\"width\":1298,\"height\":739,\"caption\":\"Gronkowski\"},{\"@type\":\"BreadcrumbList\",\"@id\":\"https:\/\/theplayoffs.news\/fr\/actualite-nfl\/rob-gronkowski-ne-reviendra-pas-en-nfl\/#breadcrumb\",\"itemListElement\":[{\"@type\":\"ListItem\",\"position\":1,\"name\":\"Accueil\",\"item\":\"https:\/\/theplayoffs.news\/fr\/\"},{\"@type\":\"ListItem\",\"position\":2,\"name\":\"Rob Gronkowski ne reviendra pas en NFL\"}]},{\"@type\":\"WebSite\",\"@id\":\"https:\/\/theplayoffs.news\/fr\/#website\",\"url\":\"https:\/\/theplayoffs.news\/fr\/\",\"name\":\"The Playoffs FR\",\"description\":\"NBA-NFL-NHL-MLB\",\"potentialAction\":[{\"@type\":\"SearchAction\",\"target\":{\"@type\":\"EntryPoint\",\"urlTemplate\":\"https:\/\/theplayoffs.news\/fr\/?s={search_term_string}\"},\"query-input\":{\"@type\":\"PropertyValueSpecification\",\"valueRequired\":true,\"valueName\":\"search_term_string\"}}],\"inLanguage\":\"fr-FR\"},{\"@type\":\"Person\",\"@id\":\"https:\/\/theplayoffs.news\/fr\/#\/schema\/person\/3dd6319a9057ecd181d2351cdb03ccd2\",\"name\":\"Alban Conejero\",\"image\":{\"@type\":\"ImageObject\",\"inLanguage\":\"fr-FR\",\"@id\":\"https:\/\/theplayoffs.news\/fr\/#\/schema\/person\/image\/\",\"url\":\"https:\/\/secure.gravatar.com\/avatar\/ef2d5e8508f59dc7b4e42edb92917fc230c9f46d5eb7ec09de6d5b8e112de01f?s=96&d=mm&r=g\",\"contentUrl\":\"https:\/\/secure.gravatar.com\/avatar\/ef2d5e8508f59dc7b4e42edb92917fc230c9f46d5eb7ec09de6d5b8e112de01f?s=96&d=mm&r=g\",\"caption\":\"Alban Conejero\"},\"url\":\"https:\/\/theplayoffs.news\/fr\/author\/albanconejero26gmail-com\/\"}]}<\/script>\n<!-- \/ Yoast SEO plugin. -->","yoast_head_json":{"title":"Rob Gronkowski ne reviendra pas en NFL - The Playoffs FR","robots":{"index":"index","follow":"follow","max-snippet":"max-snippet:-1","max-image-preview":"max-image-preview:large","max-video-preview":"max-video-preview:-1"},"canonical":"https:\/\/theplayoffs.news\/fr\/actualite-nfl\/rob-gronkowski-ne-reviendra-pas-en-nfl\/","og_locale":"fr_FR","og_type":"article","og_title":"Rob Gronkowski ne reviendra pas en NFL - The Playoffs FR","og_url":"https:\/\/theplayoffs.news\/fr\/actualite-nfl\/rob-gronkowski-ne-reviendra-pas-en-nfl\/","og_site_name":"The Playoffs FR","article_publisher":"https:\/\/www.facebook.com\/TheFreeAgentFR\/","article_modified_time":"2023-02-08T11:54:45+00:00","og_image":[{"width":1298,"height":739,"url":"https:\/\/theplayoffs.news\/fr\/wp-content\/uploads\/2023\/02\/F73296FC-B7B8-4EEB-8789-88255CA4A81D.jpeg","type":"image\/jpeg"}],"author":"Alban Conejero","twitter_card":"summary_large_image","twitter_creator":"@TheFreeAgentFR","twitter_site":"@TheFreeAgentFR","twitter_misc":{"\u00c9crit par":"Alban Conejero","Dur\u00e9e de lecture estim\u00e9e":"2 minutes"},"schema":{"@context":"https:\/\/schema.org","@graph":[{"@type":"WebPage","@id":"https:\/\/theplayoffs.news\/fr\/actualite-nfl\/rob-gronkowski-ne-reviendra-pas-en-nfl\/","url":"https:\/\/theplayoffs.news\/fr\/actualite-nfl\/rob-gronkowski-ne-reviendra-pas-en-nfl\/","name":"Rob Gronkowski ne reviendra pas en NFL - The Playoffs FR","isPartOf":{"@id":"https:\/\/theplayoffs.news\/fr\/#website"},"primaryImageOfPage":{"@id":"https:\/\/theplayoffs.news\/fr\/actualite-nfl\/rob-gronkowski-ne-reviendra-pas-en-nfl\/#primaryimage"},"image":{"@id":"https:\/\/theplayoffs.news\/fr\/actualite-nfl\/rob-gronkowski-ne-reviendra-pas-en-nfl\/#primaryimage"},"thumbnailUrl":"https:\/\/theplayoffs.news\/fr\/wp-content\/uploads\/2023\/02\/F73296FC-B7B8-4EEB-8789-88255CA4A81D.jpeg","datePublished":"2023-02-08T11:54:44+00:00","dateModified":"2023-02-08T11:54:45+00:00","author":{"@id":"https:\/\/theplayoffs.news\/fr\/#\/schema\/person\/3dd6319a9057ecd181d2351cdb03ccd2"},"breadcrumb":{"@id":"https:\/\/theplayoffs.news\/fr\/actualite-nfl\/rob-gronkowski-ne-reviendra-pas-en-nfl\/#breadcrumb"},"inLanguage":"fr-FR","potentialAction":[{"@type":"ReadAction","target":["https:\/\/theplayoffs.news\/fr\/actualite-nfl\/rob-gronkowski-ne-reviendra-pas-en-nfl\/"]}]},{"@type":"ImageObject","inLanguage":"fr-FR","@id":"https:\/\/theplayoffs.news\/fr\/actualite-nfl\/rob-gronkowski-ne-reviendra-pas-en-nfl\/#primaryimage","url":"https:\/\/theplayoffs.news\/fr\/wp-content\/uploads\/2023\/02\/F73296FC-B7B8-4EEB-8789-88255CA4A81D.jpeg","contentUrl":"https:\/\/theplayoffs.news\/fr\/wp-content\/uploads\/2023\/02\/F73296FC-B7B8-4EEB-8789-88255CA4A81D.jpeg","width":1298,"height":739,"caption":"Gronkowski"},{"@type":"BreadcrumbList","@id":"https:\/\/theplayoffs.news\/fr\/actualite-nfl\/rob-gronkowski-ne-reviendra-pas-en-nfl\/#breadcrumb","itemListElement":[{"@type":"ListItem","position":1,"name":"Accueil","item":"https:\/\/theplayoffs.news\/fr\/"},{"@type":"ListItem","position":2,"name":"Rob Gronkowski ne reviendra pas en NFL"}]},{"@type":"WebSite","@id":"https:\/\/theplayoffs.news\/fr\/#website","url":"https:\/\/theplayoffs.news\/fr\/","name":"The Playoffs FR","description":"NBA-NFL-NHL-MLB","potentialAction":[{"@type":"SearchAction","target":{"@type":"EntryPoint","urlTemplate":"https:\/\/theplayoffs.news\/fr\/?s={search_term_string}"},"query-input":{"@type":"PropertyValueSpecification","valueRequired":true,"valueName":"search_term_string"}}],"inLanguage":"fr-FR"},{"@type":"Person","@id":"https:\/\/theplayoffs.news\/fr\/#\/schema\/person\/3dd6319a9057ecd181d2351cdb03ccd2","name":"Alban Conejero","image":{"@type":"ImageObject","inLanguage":"fr-FR","@id":"https:\/\/theplayoffs.news\/fr\/#\/schema\/person\/image\/","url":"https:\/\/secure.gravatar.com\/avatar\/ef2d5e8508f59dc7b4e42edb92917fc230c9f46d5eb7ec09de6d5b8e112de01f?s=96&d=mm&r=g","contentUrl":"https:\/\/secure.gravatar.com\/avatar\/ef2d5e8508f59dc7b4e42edb92917fc230c9f46d5eb7ec09de6d5b8e112de01f?s=96&d=mm&r=g","caption":"Alban Conejero"},"url":"https:\/\/theplayoffs.news\/fr\/author\/albanconejero26gmail-com\/"}]}},"_links":{"self":[{"href":"https:\/\/theplayoffs.news\/fr\/wp-json\/wp\/v2\/posts\/564068","targetHints":{"allow":["GET"]}}],"collection":[{"href":"https:\/\/theplayoffs.news\/fr\/wp-json\/wp\/v2\/posts"}],"about":[{"href":"https:\/\/theplayoffs.news\/fr\/wp-json\/wp\/v2\/types\/post"}],"author":[{"embeddable":true,"href":"https:\/\/theplayoffs.news\/fr\/wp-json\/wp\/v2\/users\/180310139"}],"replies":[{"embeddable":true,"href":"https:\/\/theplayoffs.news\/fr\/wp-json\/wp\/v2\/comments?post=564068"}],"version-history":[{"count":2,"href":"https:\/\/theplayoffs.news\/fr\/wp-json\/wp\/v2\/posts\/564068\/revisions"}],"predecessor-version":[{"id":564073,"href":"https:\/\/theplayoffs.news\/fr\/wp-json\/wp\/v2\/posts\/564068\/revisions\/564073"}],"wp:featuredmedia":[{"embeddable":true,"href":"https:\/\/theplayoffs.news\/fr\/wp-json\/wp\/v2\/media\/564071"}],"wp:attachment":[{"href":"https:\/\/theplayoffs.news\/fr\/wp-json\/wp\/v2\/media?parent=564068"}],"wp:term":[{"taxonomy":"category","embeddable":true,"href":"https:\/\/theplayoffs.news\/fr\/wp-json\/wp\/v2\/categories?post=564068"},{"taxonomy":"post_tag","embeddable":true,"href":"https:\/\/theplayoffs.news\/fr\/wp-json\/wp\/v2\/tags?post=564068"},{"taxonomy":"sport","embeddable":true,"href":"https:\/\/theplayoffs.news\/fr\/wp-json\/wp\/v2\/sport?post=564068"},{"taxonomy":"saison","embeddable":true,"href":"https:\/\/theplayoffs.news\/fr\/wp-json\/wp\/v2\/saison?post=564068"}],"curies":[{"name":"wp","href":"https:\/\/api.w.org\/{rel}","templated":true}]}}