{"id":564052,"date":"2023-02-08T13:33:40","date_gmt":"2023-02-08T12:33:40","guid":{"rendered":"https:\/\/theplayoffs.news\/fr\/?p=564052"},"modified":"2023-02-08T13:33:41","modified_gmt":"2023-02-08T12:33:41","slug":"dylan-cozens-signe-prolongation-sabres","status":"publish","type":"post","link":"https:\/\/theplayoffs.news\/fr\/actualite-nhl\/dylan-cozens-signe-prolongation-sabres\/","title":{"rendered":"Dylan Cozens signe une prolongation avec les Sabres"},"content":{"rendered":"<h2>Dylan Cozens, un Sabre pour 7 ans de plus<\/h2><blockquote class=\"twitter-tweet\" data-width=\"500\" data-dnt=\"true\">\n<p lang=\"en\" dir=\"ltr\">&#128680; SEVEN MORE YEARS OF COZEY! &#128680;<\/p>\n<p>Dylan Cozens has agreed to terms on a 7-year, $49.7 million extension (7.1 AAV).<\/p>\n<p>Details: <a href=\"https:\/\/t.co\/cAjGhCCGVc\" class=\"trk-cta-link\" data-cta-trk='{\"ctaType\":\"Link\",\"ctaSubType\":\"main\"}'>https:\/\/t.co\/cAjGhCCGVc<\/a> <a href=\"https:\/\/t.co\/7d5j7vCLLj\" class=\"trk-cta-link\" data-cta-trk='{\"ctaType\":\"Link\",\"ctaSubType\":\"main\"}'>pic.twitter.com\/7d5j7vCLLj<\/a><\/p>\n<p>&mdash; Buffalo Sabres (@BuffaloSabres) <a href=\"https:\/\/twitter.com\/BuffaloSabres\/status\/1623014999831547962?ref_src=twsrc%5Etfw\" class=\"trk-cta-link\" data-cta-trk='{\"ctaType\":\"Link\",\"ctaSubType\":\"main\"}'>February 7, 2023<\/a><\/p><\/blockquote><p><script async src=\"https:\/\/platform.twitter.com\/widgets.js\" charset=\"utf-8\"><\/script><\/p><p>Mercredi 7 f&eacute;vrier, le jeune centre canadien de 21 ans, <strong><a href=\"https:\/\/theplayoffs.news\/fr\/joueur\/dylan-cozens-nhl-9130456\/\" class=\"trk-cta-link\" data-cta-trk='{\"ctaType\":\"Link\",\"ctaSubType\":\"main\"}'>Dylan Cozens<\/a><\/strong>, a sign&eacute; un contrat d&rsquo;une valeur de 49,7M de dollars pour un total de 7 ann&eacute;es, soit 7,1M de dollars par ann&eacute;e de contrat avec son &eacute;quipe qui a eu l&rsquo;honneur de le rep&ecirc;cher 7e choix au total en 2019, les <strong>Sabres de Buffalo<\/strong>.<\/p><p>&nbsp;<\/p><h3>Dylan Cozens, un centre d&rsquo;avenir pour les Sabres<\/h3><p>&nbsp;<\/p><blockquote class=\"twitter-tweet\" data-width=\"500\" data-dnt=\"true\">\n<p lang=\"en\" dir=\"ltr\">We can't wait to see what's to come for Dylan Cozens. &#128588;<\/p>\n<p>&mdash; Buffalo Sabres (@BuffaloSabres) <a href=\"https:\/\/twitter.com\/BuffaloSabres\/status\/1623018511197929472?ref_src=twsrc%5Etfw\" class=\"trk-cta-link\" data-cta-trk='{\"ctaType\":\"Link\",\"ctaSubType\":\"main\"}'>February 7, 2023<\/a><\/p><\/blockquote><p><script async src=\"https:\/\/platform.twitter.com\/widgets.js\" charset=\"utf-8\"><\/script><\/p><p><strong>Dylan Cozens<\/strong> r&eacute;alise une saison exaltante avec un potentiel et une progression tout &agrave; fait remarquable, comme &agrave; l&rsquo;image de l&rsquo;effectif des <strong>Buffalo Sabres<\/strong>. <strong>Cozens<\/strong> a inscrit 43 points dont 17 buts et 26 passes d&eacute;cisives en 49 matchs. <strong>Dylan Cozens<\/strong> a d&rsquo;ores et d&eacute;j&agrave; d&eacute;pass&eacute; son plus grand nombre de buts, de passes et donc de points en carri&egrave;re dans une saison r&eacute;guli&egrave;re et se hisse actuellement en 5e position dans les meilleurs pointeurs de son &eacute;quipe.<\/p><p>En d&eacute;cembre pass&eacute;, l&rsquo;entraineur g&eacute;n&eacute;ral des Sabres, <strong>Don Granato<\/strong>, s&rsquo;&eacute;tait montr&eacute; tr&egrave;s expressif et enthousiaste &agrave; l&rsquo;id&eacute;e d&rsquo;avoir un joueur comme <strong>Dylan Cozens<\/strong> dans son effectif quand il a affirm&eacute; ceci &agrave; <strong>Jourdon LaBarber<\/strong>, journaliste pour <strong>NHL.com<\/strong> :<\/p><blockquote><p>&laquo;&nbsp;Je n&rsquo;arr&ecirc;te pas de dire la m&ecirc;me chose de lui, c&rsquo;est la comp&eacute;tition. Il faut y ajouter l&rsquo;amour du jeu qu&rsquo;il a, l&rsquo;amour du hockey. Il participe &agrave; la comp&eacute;tition pour la bonne raison qu&rsquo;il s&rsquo;agit d&rsquo;un sport d&rsquo;&eacute;quipe. Il entra&icirc;ne les gars avec lui, il entra&icirc;ne des gens dans le combat, pour ainsi dire, ce qui est un v&eacute;ritable indicateur de son leadership et de sa capacit&eacute; &agrave; diriger &agrave; l&rsquo;avenir. Il y a tellement de choses, tellement d&rsquo;&eacute;l&eacute;ments &agrave;, dire de <strong>Dylan<\/strong>.&nbsp;&raquo;<\/p>\n<p><em><strong>Don Granato<\/strong>, &agrave; propos de <strong>Dylan Cozens<\/strong> (<strong>NHL.com<\/strong>)<\/em><\/p><\/blockquote><p>Les <strong>Sabres de Buffalo<\/strong> ont d&eacute;sormais plus que jamais un futur des plus brillants avec <strong>Dylan Cozens<\/strong> mais aussi avec les sensationnels <a href=\"https:\/\/theplayoffs.news\/fr\/joueur\/rasmus-dahlin-buffalo-sabres-nhl\/\" class=\"trk-cta-link\" data-cta-trk='{\"ctaType\":\"Link\",\"ctaSubType\":\"main\"}'><strong>Rasmus Dahlin<\/strong><\/a> et <a href=\"https:\/\/theplayoffs.news\/fr\/joueur\/tage-thompson-nhl-8049976\/\" class=\"trk-cta-link\" data-cta-trk='{\"ctaType\":\"Link\",\"ctaSubType\":\"main\"}'><strong>Tage Thompson<\/strong><\/a>. Ces jeunes superstars en devenir seront accompagn&eacute; de <a href=\"https:\/\/theplayoffs.news\/fr\/joueur\/jj-peterka-buffalo-sabres-nhl\/\" class=\"trk-cta-link\" data-cta-trk='{\"ctaType\":\"Link\",\"ctaSubType\":\"main\"}'><strong>JJ Peterka<\/strong><\/a> et <a href=\"https:\/\/theplayoffs.news\/fr\/joueur\/jack-quinn-nhl-9394778\/\" class=\"trk-cta-link\" data-cta-trk='{\"ctaType\":\"Link\",\"ctaSubType\":\"main\"}'><strong>Jack Quinn<\/strong><\/a>, de quoi donner une lueur d&rsquo;espoir remplie d&rsquo;excitation pour les fans de <strong>Buffalo<\/strong>.<\/p><p>&nbsp;<\/p><p>&nbsp;<\/p>\n","protected":false},"excerpt":{"rendered":"","protected":false},"author":180310148,"featured_media":564074,"comment_status":"open","ping_status":"closed","sticky":false,"template":"","format":"standard","meta":{"inline_featured_image":false,"kia_subtitle":"","_mux_skip_reasons":[],"proofreadBy":0,"footnotes":""},"categories":[187,26],"tags":[5450,5451,24],"sport":[],"saison":[],"class_list":["post-564052","post","type-post","status-publish","format-standard","has-post-thumbnail","hentry","category-actualite-nhl","category-nhl","tag-buffalosabres","tag-dylancozens","tag-nhl"],"acf":[],"yoast_head":"<!-- This site is optimized with the Yoast SEO plugin v24.2 - https:\/\/yoast.com\/wordpress\/plugins\/seo\/ -->\n<title>Dylan Cozens signe une prolongation avec les Sabres - The Playoffs FR<\/title>\n<meta name=\"robots\" content=\"index, follow, max-snippet:-1, max-image-preview:large, max-video-preview:-1\" \/>\n<link rel=\"canonical\" href=\"https:\/\/theplayoffs.news\/fr\/actualite-nhl\/dylan-cozens-signe-prolongation-sabres\/\" \/>\n<meta property=\"og:locale\" content=\"fr_FR\" \/>\n<meta property=\"og:type\" content=\"article\" \/>\n<meta property=\"og:title\" content=\"Dylan Cozens signe une prolongation avec les Sabres - The Playoffs FR\" \/>\n<meta property=\"og:url\" content=\"https:\/\/theplayoffs.news\/fr\/actualite-nhl\/dylan-cozens-signe-prolongation-sabres\/\" \/>\n<meta property=\"og:site_name\" content=\"The Playoffs FR\" \/>\n<meta property=\"article:publisher\" content=\"https:\/\/www.facebook.com\/TheFreeAgentFR\/\" \/>\n<meta property=\"article:modified_time\" content=\"2023-02-08T13:33:41+01:00\" \/>\n<meta property=\"og:image\" content=\"https:\/\/theplayoffs.news\/fr\/wp-content\/uploads\/2023\/02\/dylan-cozens.jpg\" \/>\n\t<meta property=\"og:image:width\" content=\"1200\" \/>\n\t<meta property=\"og:image:height\" content=\"900\" \/>\n\t<meta property=\"og:image:type\" content=\"image\/jpeg\" \/>\n<meta name=\"author\" content=\"Rapha\u00ebl Dangueuger\" \/>\n<meta name=\"twitter:card\" content=\"summary_large_image\" \/>\n<meta name=\"twitter:creator\" content=\"@TheFreeAgentFR\" \/>\n<meta name=\"twitter:site\" content=\"@TheFreeAgentFR\" \/>\n<meta name=\"twitter:label1\" content=\"\u00c9crit par\" \/>\n\t<meta name=\"twitter:data1\" content=\"Rapha\u00ebl Dangueuger\" \/>\n\t<meta name=\"twitter:label2\" content=\"Dur\u00e9e de lecture estim\u00e9e\" \/>\n\t<meta name=\"twitter:data2\" content=\"2 minutes\" \/>\n<script type=\"application\/ld+json\" class=\"yoast-schema-graph\">{\"@context\":\"https:\/\/schema.org\",\"@graph\":[{\"@type\":\"WebPage\",\"@id\":\"https:\/\/theplayoffs.news\/fr\/actualite-nhl\/dylan-cozens-signe-prolongation-sabres\/\",\"url\":\"https:\/\/theplayoffs.news\/fr\/actualite-nhl\/dylan-cozens-signe-prolongation-sabres\/\",\"name\":\"Dylan Cozens signe une prolongation avec les Sabres - The Playoffs FR\",\"isPartOf\":{\"@id\":\"https:\/\/theplayoffs.news\/fr\/#website\"},\"primaryImageOfPage\":{\"@id\":\"https:\/\/theplayoffs.news\/fr\/actualite-nhl\/dylan-cozens-signe-prolongation-sabres\/#primaryimage\"},\"image\":{\"@id\":\"https:\/\/theplayoffs.news\/fr\/actualite-nhl\/dylan-cozens-signe-prolongation-sabres\/#primaryimage\"},\"thumbnailUrl\":\"https:\/\/theplayoffs.news\/fr\/wp-content\/uploads\/2023\/02\/dylan-cozens.jpg\",\"datePublished\":\"2023-02-08T12:33:40+00:00\",\"dateModified\":\"2023-02-08T12:33:41+00:00\",\"author\":{\"@id\":\"https:\/\/theplayoffs.news\/fr\/#\/schema\/person\/4b02b53432403b95b5e8ccbd4da65f97\"},\"breadcrumb\":{\"@id\":\"https:\/\/theplayoffs.news\/fr\/actualite-nhl\/dylan-cozens-signe-prolongation-sabres\/#breadcrumb\"},\"inLanguage\":\"fr-FR\",\"potentialAction\":[{\"@type\":\"ReadAction\",\"target\":[\"https:\/\/theplayoffs.news\/fr\/actualite-nhl\/dylan-cozens-signe-prolongation-sabres\/\"]}]},{\"@type\":\"ImageObject\",\"inLanguage\":\"fr-FR\",\"@id\":\"https:\/\/theplayoffs.news\/fr\/actualite-nhl\/dylan-cozens-signe-prolongation-sabres\/#primaryimage\",\"url\":\"https:\/\/theplayoffs.news\/fr\/wp-content\/uploads\/2023\/02\/dylan-cozens.jpg\",\"contentUrl\":\"https:\/\/theplayoffs.news\/fr\/wp-content\/uploads\/2023\/02\/dylan-cozens.jpg\",\"width\":1200,\"height\":900,\"caption\":\"Dylan Cozens\"},{\"@type\":\"BreadcrumbList\",\"@id\":\"https:\/\/theplayoffs.news\/fr\/actualite-nhl\/dylan-cozens-signe-prolongation-sabres\/#breadcrumb\",\"itemListElement\":[{\"@type\":\"ListItem\",\"position\":1,\"name\":\"Accueil\",\"item\":\"https:\/\/theplayoffs.news\/fr\/\"},{\"@type\":\"ListItem\",\"position\":2,\"name\":\"Dylan Cozens signe une prolongation avec les Sabres\"}]},{\"@type\":\"WebSite\",\"@id\":\"https:\/\/theplayoffs.news\/fr\/#website\",\"url\":\"https:\/\/theplayoffs.news\/fr\/\",\"name\":\"The Playoffs FR\",\"description\":\"NBA-NFL-NHL-MLB\",\"potentialAction\":[{\"@type\":\"SearchAction\",\"target\":{\"@type\":\"EntryPoint\",\"urlTemplate\":\"https:\/\/theplayoffs.news\/fr\/?s={search_term_string}\"},\"query-input\":{\"@type\":\"PropertyValueSpecification\",\"valueRequired\":true,\"valueName\":\"search_term_string\"}}],\"inLanguage\":\"fr-FR\"},{\"@type\":\"Person\",\"@id\":\"https:\/\/theplayoffs.news\/fr\/#\/schema\/person\/4b02b53432403b95b5e8ccbd4da65f97\",\"name\":\"Rapha\u00ebl Dangueuger\",\"image\":{\"@type\":\"ImageObject\",\"inLanguage\":\"fr-FR\",\"@id\":\"https:\/\/theplayoffs.news\/fr\/#\/schema\/person\/image\/\",\"url\":\"https:\/\/secure.gravatar.com\/avatar\/18c9032760c2b9c175c3f0c3b7c2cb563384755cdbc1a585e4cc6d57b742cfed?s=96&d=mm&r=g\",\"contentUrl\":\"https:\/\/secure.gravatar.com\/avatar\/18c9032760c2b9c175c3f0c3b7c2cb563384755cdbc1a585e4cc6d57b742cfed?s=96&d=mm&r=g\",\"caption\":\"Rapha\u00ebl Dangueuger\"},\"url\":\"https:\/\/theplayoffs.news\/fr\/author\/rdangueugeroutlook-fr\/\"}]}<\/script>\n<!-- \/ Yoast SEO plugin. -->","yoast_head_json":{"title":"Dylan Cozens signe une prolongation avec les Sabres - The Playoffs FR","robots":{"index":"index","follow":"follow","max-snippet":"max-snippet:-1","max-image-preview":"max-image-preview:large","max-video-preview":"max-video-preview:-1"},"canonical":"https:\/\/theplayoffs.news\/fr\/actualite-nhl\/dylan-cozens-signe-prolongation-sabres\/","og_locale":"fr_FR","og_type":"article","og_title":"Dylan Cozens signe une prolongation avec les Sabres - The Playoffs FR","og_url":"https:\/\/theplayoffs.news\/fr\/actualite-nhl\/dylan-cozens-signe-prolongation-sabres\/","og_site_name":"The Playoffs FR","article_publisher":"https:\/\/www.facebook.com\/TheFreeAgentFR\/","article_modified_time":"2023-02-08T12:33:41+00:00","og_image":[{"width":1200,"height":900,"url":"https:\/\/theplayoffs.news\/fr\/wp-content\/uploads\/2023\/02\/dylan-cozens.jpg","type":"image\/jpeg"}],"author":"Rapha\u00ebl Dangueuger","twitter_card":"summary_large_image","twitter_creator":"@TheFreeAgentFR","twitter_site":"@TheFreeAgentFR","twitter_misc":{"\u00c9crit par":"Rapha\u00ebl Dangueuger","Dur\u00e9e de lecture estim\u00e9e":"2 minutes"},"schema":{"@context":"https:\/\/schema.org","@graph":[{"@type":"WebPage","@id":"https:\/\/theplayoffs.news\/fr\/actualite-nhl\/dylan-cozens-signe-prolongation-sabres\/","url":"https:\/\/theplayoffs.news\/fr\/actualite-nhl\/dylan-cozens-signe-prolongation-sabres\/","name":"Dylan Cozens signe une prolongation avec les Sabres - The Playoffs FR","isPartOf":{"@id":"https:\/\/theplayoffs.news\/fr\/#website"},"primaryImageOfPage":{"@id":"https:\/\/theplayoffs.news\/fr\/actualite-nhl\/dylan-cozens-signe-prolongation-sabres\/#primaryimage"},"image":{"@id":"https:\/\/theplayoffs.news\/fr\/actualite-nhl\/dylan-cozens-signe-prolongation-sabres\/#primaryimage"},"thumbnailUrl":"https:\/\/theplayoffs.news\/fr\/wp-content\/uploads\/2023\/02\/dylan-cozens.jpg","datePublished":"2023-02-08T12:33:40+00:00","dateModified":"2023-02-08T12:33:41+00:00","author":{"@id":"https:\/\/theplayoffs.news\/fr\/#\/schema\/person\/4b02b53432403b95b5e8ccbd4da65f97"},"breadcrumb":{"@id":"https:\/\/theplayoffs.news\/fr\/actualite-nhl\/dylan-cozens-signe-prolongation-sabres\/#breadcrumb"},"inLanguage":"fr-FR","potentialAction":[{"@type":"ReadAction","target":["https:\/\/theplayoffs.news\/fr\/actualite-nhl\/dylan-cozens-signe-prolongation-sabres\/"]}]},{"@type":"ImageObject","inLanguage":"fr-FR","@id":"https:\/\/theplayoffs.news\/fr\/actualite-nhl\/dylan-cozens-signe-prolongation-sabres\/#primaryimage","url":"https:\/\/theplayoffs.news\/fr\/wp-content\/uploads\/2023\/02\/dylan-cozens.jpg","contentUrl":"https:\/\/theplayoffs.news\/fr\/wp-content\/uploads\/2023\/02\/dylan-cozens.jpg","width":1200,"height":900,"caption":"Dylan Cozens"},{"@type":"BreadcrumbList","@id":"https:\/\/theplayoffs.news\/fr\/actualite-nhl\/dylan-cozens-signe-prolongation-sabres\/#breadcrumb","itemListElement":[{"@type":"ListItem","position":1,"name":"Accueil","item":"https:\/\/theplayoffs.news\/fr\/"},{"@type":"ListItem","position":2,"name":"Dylan Cozens signe une prolongation avec les Sabres"}]},{"@type":"WebSite","@id":"https:\/\/theplayoffs.news\/fr\/#website","url":"https:\/\/theplayoffs.news\/fr\/","name":"The Playoffs FR","description":"NBA-NFL-NHL-MLB","potentialAction":[{"@type":"SearchAction","target":{"@type":"EntryPoint","urlTemplate":"https:\/\/theplayoffs.news\/fr\/?s={search_term_string}"},"query-input":{"@type":"PropertyValueSpecification","valueRequired":true,"valueName":"search_term_string"}}],"inLanguage":"fr-FR"},{"@type":"Person","@id":"https:\/\/theplayoffs.news\/fr\/#\/schema\/person\/4b02b53432403b95b5e8ccbd4da65f97","name":"Rapha\u00ebl Dangueuger","image":{"@type":"ImageObject","inLanguage":"fr-FR","@id":"https:\/\/theplayoffs.news\/fr\/#\/schema\/person\/image\/","url":"https:\/\/secure.gravatar.com\/avatar\/18c9032760c2b9c175c3f0c3b7c2cb563384755cdbc1a585e4cc6d57b742cfed?s=96&d=mm&r=g","contentUrl":"https:\/\/secure.gravatar.com\/avatar\/18c9032760c2b9c175c3f0c3b7c2cb563384755cdbc1a585e4cc6d57b742cfed?s=96&d=mm&r=g","caption":"Rapha\u00ebl Dangueuger"},"url":"https:\/\/theplayoffs.news\/fr\/author\/rdangueugeroutlook-fr\/"}]}},"_links":{"self":[{"href":"https:\/\/theplayoffs.news\/fr\/wp-json\/wp\/v2\/posts\/564052","targetHints":{"allow":["GET"]}}],"collection":[{"href":"https:\/\/theplayoffs.news\/fr\/wp-json\/wp\/v2\/posts"}],"about":[{"href":"https:\/\/theplayoffs.news\/fr\/wp-json\/wp\/v2\/types\/post"}],"author":[{"embeddable":true,"href":"https:\/\/theplayoffs.news\/fr\/wp-json\/wp\/v2\/users\/180310148"}],"replies":[{"embeddable":true,"href":"https:\/\/theplayoffs.news\/fr\/wp-json\/wp\/v2\/comments?post=564052"}],"version-history":[{"count":2,"href":"https:\/\/theplayoffs.news\/fr\/wp-json\/wp\/v2\/posts\/564052\/revisions"}],"predecessor-version":[{"id":564076,"href":"https:\/\/theplayoffs.news\/fr\/wp-json\/wp\/v2\/posts\/564052\/revisions\/564076"}],"wp:featuredmedia":[{"embeddable":true,"href":"https:\/\/theplayoffs.news\/fr\/wp-json\/wp\/v2\/media\/564074"}],"wp:attachment":[{"href":"https:\/\/theplayoffs.news\/fr\/wp-json\/wp\/v2\/media?parent=564052"}],"wp:term":[{"taxonomy":"category","embeddable":true,"href":"https:\/\/theplayoffs.news\/fr\/wp-json\/wp\/v2\/categories?post=564052"},{"taxonomy":"post_tag","embeddable":true,"href":"https:\/\/theplayoffs.news\/fr\/wp-json\/wp\/v2\/tags?post=564052"},{"taxonomy":"sport","embeddable":true,"href":"https:\/\/theplayoffs.news\/fr\/wp-json\/wp\/v2\/sport?post=564052"},{"taxonomy":"saison","embeddable":true,"href":"https:\/\/theplayoffs.news\/fr\/wp-json\/wp\/v2\/saison?post=564052"}],"curies":[{"name":"wp","href":"https:\/\/api.w.org\/{rel}","templated":true}]}}