{"id":563936,"date":"2023-02-08T10:08:47","date_gmt":"2023-02-08T09:08:47","guid":{"rendered":"https:\/\/theplayoffs.news\/fr\/?p=563936"},"modified":"2023-02-08T10:08:48","modified_gmt":"2023-02-08T09:08:48","slug":"record-points-saison-nuggets","status":"publish","type":"post","link":"https:\/\/theplayoffs.news\/fr\/actualite-nba\/record-points-saison-nuggets\/","title":{"rendered":"Record de points marqu\u00e9s cette saison pour les Nuggets"},"content":{"rendered":"<h2><b>Avec leur large succ&egrave;s 146-112 sur les Wolves cette nuit, les Nuggets se sont d&eacute;cha&icirc;n&eacute;s et ont obtenu leur plus gros score offensif de la saison. Avec, comme &agrave; son habitude, un nouveau triple-double de Jokic.<\/b><\/h2><p>&nbsp;<\/p><p>Tout &eacute;tait d&eacute;j&agrave; r&eacute;gl&eacute; d&egrave;s le premier quart-temps. Au bout de 12 minutes, les Nuggets menaient 49-19 et ont tout de suite montr&eacute; aux Wolves qu&rsquo;en possession de leurs joueurs majeurs, la donne allait &ecirc;tre clairement diff&eacute;rente de dimanche dernier, lorsque la franchise du Minnesota avait battu l&rsquo;&eacute;quipe r&eacute;serve de Denver. Cette nuit, <a href=\"https:\/\/theplayoffs.news\/fr\/joueur\/nikola-jokic-nba-6224670\/\" class=\"trk-cta-link\" data-cta-trk='{\"ctaType\":\"Link\",\"ctaSubType\":\"main\"}'>Nikola Jokic<\/a> s&rsquo;est offert un nouveau double-double (20 points, 16 passes, 12 rebonds) qu&rsquo;il avait d&rsquo;ailleurs r&eacute;alis&eacute; d&egrave;s la premi&egrave;re mi-temps. Vu l&rsquo;avance confortable des Nuggets tout au long de la partie, Mike Malone a sorti le Joker du terrain &agrave; la fin du troisi&egrave;me quart, lorsque l&rsquo;affaire &eacute;tait pli&eacute;e. <a href=\"https:\/\/theplayoffs.news\/fr\/joueur\/jamal-murray-nba-7872598\/\" class=\"trk-cta-link\" data-cta-trk='{\"ctaType\":\"Link\",\"ctaSubType\":\"main\"}'>Jamal Murray<\/a> &eacute;tait lui encore absent.<\/p><p><a href=\"https:\/\/theplayoffs.news\/fr\/joueur\/michael-porter-jr-nba-8556208\/\" class=\"trk-cta-link\" data-cta-trk='{\"ctaType\":\"Link\",\"ctaSubType\":\"main\"}'>Michael Porter Jr<\/a> (30 pts dont 19 dans le premier quart-temps) et <a href=\"https:\/\/theplayoffs.news\/fr\/joueur\/aaron-gordon-nba-6128580\/\" class=\"trk-cta-link\" data-cta-trk='{\"ctaType\":\"Link\",\"ctaSubType\":\"main\"}'>Aaron Gordon<\/a> (24 points, 8 passes) <a href=\"https:\/\/twitter.com\/nuggets\/status\/1623155267860062208?ref_src=twsrc%5Etfw%7Ctwcamp%5Etweetembed%7Ctwterm%5E1623155267860062208%7Ctwgr%5E383009a733857cc6e47847e68c69cd87f8169bac%7Ctwcon%5Es1_c10&amp;ref_url=https%3A%2F%2Fthefreeagent.fr%2Fwp-admin%2Fpost-new.php\" class=\"trk-cta-link\" data-cta-trk='{\"ctaType\":\"Link\",\"ctaSubType\":\"main\"}'>ont &eacute;galement assur&eacute;<\/a> et permettent &agrave; la franchise du Colorado d&rsquo;asseoir sa domination en t&ecirc;te de la conf&eacute;rence Ouest. Dure soir&eacute;e en revanche pour les Wolves, auteurs d&rsquo;un match compl&egrave;tement rat&eacute;. <a href=\"https:\/\/theplayoffs.news\/fr\/joueur\/rudy-gobert-nba-6065952\/\" class=\"trk-cta-link\" data-cta-trk='{\"ctaType\":\"Link\",\"ctaSubType\":\"main\"}'>Rudy Gobert<\/a>, 0 point en 19 minutes ou encore <a href=\"https:\/\/theplayoffs.news\/fr\/joueur\/dangelo-russell-nba-6273552\/\" class=\"trk-cta-link\" data-cta-trk='{\"ctaType\":\"Link\",\"ctaSubType\":\"main\"}'>D&rsquo;Angelo Russell<\/a>, expuls&eacute; pour deux fautes techniques, n&rsquo;ont pas su trouver la cl&eacute; pour sortir la t&ecirc;te de l&rsquo;eau. <a href=\"https:\/\/theplayoffs.news\/fr\/joueur\/anthony-edwards-nba-9188536\/\" class=\"trk-cta-link\" data-cta-trk='{\"ctaType\":\"Link\",\"ctaSubType\":\"main\"}'>Anthony Edwards<\/a> termine meilleur scoreur de son &eacute;quipe avec 19 points.<\/p><blockquote class=\"twitter-tweet\" data-width=\"500\" data-dnt=\"true\">\n<p lang=\"en\" dir=\"ltr\">Shifty AG <a href=\"https:\/\/t.co\/Bcrnuw4SHA\" class=\"trk-cta-link\" data-cta-trk='{\"ctaType\":\"Link\",\"ctaSubType\":\"main\"}'>pic.twitter.com\/Bcrnuw4SHA<\/a><\/p>\n<p>&mdash; Denver Nuggets (@nuggets) <a href=\"https:\/\/twitter.com\/nuggets\/status\/1623155267860062208?ref_src=twsrc%5Etfw\" class=\"trk-cta-link\" data-cta-trk='{\"ctaType\":\"Link\",\"ctaSubType\":\"main\"}'>February 8, 2023<\/a><\/p><\/blockquote><p><script async src=\"https:\/\/platform.twitter.com\/widgets.js\" charset=\"utf-8\"><\/script><\/p><p>Les Wolves devront vite se remobiliser car ils retrouvent les parquets cette nuit &agrave; Salt Lake City face au Jazz. Les Nuggets se rendront &agrave; Orlando pour y affronter le Magic dans la nuit de jeudi &agrave; vendredi.<\/p>\n","protected":false},"excerpt":{"rendered":"","protected":false},"author":180310144,"featured_media":563956,"comment_status":"open","ping_status":"closed","sticky":false,"template":"","format":"standard","meta":{"inline_featured_image":false,"kia_subtitle":"","_mux_skip_reasons":[],"proofreadBy":0,"footnotes":""},"categories":[110,10],"tags":[620,2668,23],"sport":[],"saison":[],"class_list":["post-563936","post","type-post","status-publish","format-standard","has-post-thumbnail","hentry","category-actualite-nba","category-nba","tag-denver-nuggets","tag-minesota-timberwolves","tag-nba-tag"],"acf":[],"yoast_head":"<!-- This site is optimized with the Yoast SEO plugin v24.2 - https:\/\/yoast.com\/wordpress\/plugins\/seo\/ -->\n<title>Record de points marqu&eacute;s cette saison pour les Nuggets - The Playoffs FR<\/title>\n<meta name=\"robots\" content=\"index, follow, max-snippet:-1, max-image-preview:large, max-video-preview:-1\" \/>\n<link rel=\"canonical\" href=\"https:\/\/theplayoffs.news\/fr\/actualite-nba\/record-points-saison-nuggets\/\" \/>\n<meta property=\"og:locale\" content=\"fr_FR\" \/>\n<meta property=\"og:type\" content=\"article\" \/>\n<meta property=\"og:title\" content=\"Record de points marqu&eacute;s cette saison pour les Nuggets - The Playoffs FR\" \/>\n<meta property=\"og:url\" content=\"https:\/\/theplayoffs.news\/fr\/actualite-nba\/record-points-saison-nuggets\/\" \/>\n<meta property=\"og:site_name\" content=\"The Playoffs FR\" \/>\n<meta property=\"article:publisher\" content=\"https:\/\/www.facebook.com\/TheFreeAgentFR\/\" \/>\n<meta property=\"article:modified_time\" content=\"2023-02-08T10:08:48+01:00\" \/>\n<meta property=\"og:image\" content=\"https:\/\/theplayoffs.news\/fr\/wp-content\/uploads\/2023\/02\/nuggets-wolves.jpg\" \/>\n\t<meta property=\"og:image:width\" content=\"680\" \/>\n\t<meta property=\"og:image:height\" content=\"419\" \/>\n\t<meta property=\"og:image:type\" content=\"image\/jpeg\" \/>\n<meta name=\"author\" content=\"Evan Glomot\" \/>\n<meta name=\"twitter:card\" content=\"summary_large_image\" \/>\n<meta name=\"twitter:creator\" content=\"@TheFreeAgentFR\" \/>\n<meta name=\"twitter:site\" content=\"@TheFreeAgentFR\" \/>\n<meta name=\"twitter:label1\" content=\"\u00c9crit par\" \/>\n\t<meta name=\"twitter:data1\" content=\"Evan Glomot\" \/>\n\t<meta name=\"twitter:label2\" content=\"Dur\u00e9e de lecture estim\u00e9e\" \/>\n\t<meta name=\"twitter:data2\" content=\"1 minute\" \/>\n<script type=\"application\/ld+json\" class=\"yoast-schema-graph\">{\"@context\":\"https:\/\/schema.org\",\"@graph\":[{\"@type\":\"WebPage\",\"@id\":\"https:\/\/theplayoffs.news\/fr\/actualite-nba\/record-points-saison-nuggets\/\",\"url\":\"https:\/\/theplayoffs.news\/fr\/actualite-nba\/record-points-saison-nuggets\/\",\"name\":\"Record de points marqu\u00e9s cette saison pour les Nuggets - The Playoffs FR\",\"isPartOf\":{\"@id\":\"https:\/\/theplayoffs.news\/fr\/#website\"},\"primaryImageOfPage\":{\"@id\":\"https:\/\/theplayoffs.news\/fr\/actualite-nba\/record-points-saison-nuggets\/#primaryimage\"},\"image\":{\"@id\":\"https:\/\/theplayoffs.news\/fr\/actualite-nba\/record-points-saison-nuggets\/#primaryimage\"},\"thumbnailUrl\":\"https:\/\/theplayoffs.news\/fr\/wp-content\/uploads\/2023\/02\/nuggets-wolves.jpg\",\"datePublished\":\"2023-02-08T09:08:47+00:00\",\"dateModified\":\"2023-02-08T09:08:48+00:00\",\"author\":{\"@id\":\"https:\/\/theplayoffs.news\/fr\/#\/schema\/person\/efcb1404f7c790a161fdc0aa29e81646\"},\"breadcrumb\":{\"@id\":\"https:\/\/theplayoffs.news\/fr\/actualite-nba\/record-points-saison-nuggets\/#breadcrumb\"},\"inLanguage\":\"fr-FR\",\"potentialAction\":[{\"@type\":\"ReadAction\",\"target\":[\"https:\/\/theplayoffs.news\/fr\/actualite-nba\/record-points-saison-nuggets\/\"]}]},{\"@type\":\"ImageObject\",\"inLanguage\":\"fr-FR\",\"@id\":\"https:\/\/theplayoffs.news\/fr\/actualite-nba\/record-points-saison-nuggets\/#primaryimage\",\"url\":\"https:\/\/theplayoffs.news\/fr\/wp-content\/uploads\/2023\/02\/nuggets-wolves.jpg\",\"contentUrl\":\"https:\/\/theplayoffs.news\/fr\/wp-content\/uploads\/2023\/02\/nuggets-wolves.jpg\",\"width\":680,\"height\":419,\"caption\":\"nuggets\"},{\"@type\":\"BreadcrumbList\",\"@id\":\"https:\/\/theplayoffs.news\/fr\/actualite-nba\/record-points-saison-nuggets\/#breadcrumb\",\"itemListElement\":[{\"@type\":\"ListItem\",\"position\":1,\"name\":\"Accueil\",\"item\":\"https:\/\/theplayoffs.news\/fr\/\"},{\"@type\":\"ListItem\",\"position\":2,\"name\":\"Record de points marqu\u00e9s cette saison pour les Nuggets\"}]},{\"@type\":\"WebSite\",\"@id\":\"https:\/\/theplayoffs.news\/fr\/#website\",\"url\":\"https:\/\/theplayoffs.news\/fr\/\",\"name\":\"The Playoffs FR\",\"description\":\"NBA-NFL-NHL-MLB\",\"potentialAction\":[{\"@type\":\"SearchAction\",\"target\":{\"@type\":\"EntryPoint\",\"urlTemplate\":\"https:\/\/theplayoffs.news\/fr\/?s={search_term_string}\"},\"query-input\":{\"@type\":\"PropertyValueSpecification\",\"valueRequired\":true,\"valueName\":\"search_term_string\"}}],\"inLanguage\":\"fr-FR\"},{\"@type\":\"Person\",\"@id\":\"https:\/\/theplayoffs.news\/fr\/#\/schema\/person\/efcb1404f7c790a161fdc0aa29e81646\",\"name\":\"Evan Glomot\",\"image\":{\"@type\":\"ImageObject\",\"inLanguage\":\"fr-FR\",\"@id\":\"https:\/\/theplayoffs.news\/fr\/#\/schema\/person\/image\/\",\"url\":\"https:\/\/secure.gravatar.com\/avatar\/93e18dce985a4dfed140ef5ef5ecc82be40a165cbb4838e421f46abb52b7c315?s=96&d=mm&r=g\",\"contentUrl\":\"https:\/\/secure.gravatar.com\/avatar\/93e18dce985a4dfed140ef5ef5ecc82be40a165cbb4838e421f46abb52b7c315?s=96&d=mm&r=g\",\"caption\":\"Evan Glomot\"},\"url\":\"https:\/\/theplayoffs.news\/fr\/author\/evanglomotgmail-com\/\"}]}<\/script>\n<!-- \/ Yoast SEO plugin. -->","yoast_head_json":{"title":"Record de points marqu&eacute;s cette saison pour les Nuggets - The Playoffs FR","robots":{"index":"index","follow":"follow","max-snippet":"max-snippet:-1","max-image-preview":"max-image-preview:large","max-video-preview":"max-video-preview:-1"},"canonical":"https:\/\/theplayoffs.news\/fr\/actualite-nba\/record-points-saison-nuggets\/","og_locale":"fr_FR","og_type":"article","og_title":"Record de points marqu&eacute;s cette saison pour les Nuggets - The Playoffs FR","og_url":"https:\/\/theplayoffs.news\/fr\/actualite-nba\/record-points-saison-nuggets\/","og_site_name":"The Playoffs FR","article_publisher":"https:\/\/www.facebook.com\/TheFreeAgentFR\/","article_modified_time":"2023-02-08T09:08:48+00:00","og_image":[{"width":680,"height":419,"url":"https:\/\/theplayoffs.news\/fr\/wp-content\/uploads\/2023\/02\/nuggets-wolves.jpg","type":"image\/jpeg"}],"author":"Evan Glomot","twitter_card":"summary_large_image","twitter_creator":"@TheFreeAgentFR","twitter_site":"@TheFreeAgentFR","twitter_misc":{"\u00c9crit par":"Evan Glomot","Dur\u00e9e de lecture estim\u00e9e":"1 minute"},"schema":{"@context":"https:\/\/schema.org","@graph":[{"@type":"WebPage","@id":"https:\/\/theplayoffs.news\/fr\/actualite-nba\/record-points-saison-nuggets\/","url":"https:\/\/theplayoffs.news\/fr\/actualite-nba\/record-points-saison-nuggets\/","name":"Record de points marqu\u00e9s cette saison pour les Nuggets - The Playoffs FR","isPartOf":{"@id":"https:\/\/theplayoffs.news\/fr\/#website"},"primaryImageOfPage":{"@id":"https:\/\/theplayoffs.news\/fr\/actualite-nba\/record-points-saison-nuggets\/#primaryimage"},"image":{"@id":"https:\/\/theplayoffs.news\/fr\/actualite-nba\/record-points-saison-nuggets\/#primaryimage"},"thumbnailUrl":"https:\/\/theplayoffs.news\/fr\/wp-content\/uploads\/2023\/02\/nuggets-wolves.jpg","datePublished":"2023-02-08T09:08:47+00:00","dateModified":"2023-02-08T09:08:48+00:00","author":{"@id":"https:\/\/theplayoffs.news\/fr\/#\/schema\/person\/efcb1404f7c790a161fdc0aa29e81646"},"breadcrumb":{"@id":"https:\/\/theplayoffs.news\/fr\/actualite-nba\/record-points-saison-nuggets\/#breadcrumb"},"inLanguage":"fr-FR","potentialAction":[{"@type":"ReadAction","target":["https:\/\/theplayoffs.news\/fr\/actualite-nba\/record-points-saison-nuggets\/"]}]},{"@type":"ImageObject","inLanguage":"fr-FR","@id":"https:\/\/theplayoffs.news\/fr\/actualite-nba\/record-points-saison-nuggets\/#primaryimage","url":"https:\/\/theplayoffs.news\/fr\/wp-content\/uploads\/2023\/02\/nuggets-wolves.jpg","contentUrl":"https:\/\/theplayoffs.news\/fr\/wp-content\/uploads\/2023\/02\/nuggets-wolves.jpg","width":680,"height":419,"caption":"nuggets"},{"@type":"BreadcrumbList","@id":"https:\/\/theplayoffs.news\/fr\/actualite-nba\/record-points-saison-nuggets\/#breadcrumb","itemListElement":[{"@type":"ListItem","position":1,"name":"Accueil","item":"https:\/\/theplayoffs.news\/fr\/"},{"@type":"ListItem","position":2,"name":"Record de points marqu\u00e9s cette saison pour les Nuggets"}]},{"@type":"WebSite","@id":"https:\/\/theplayoffs.news\/fr\/#website","url":"https:\/\/theplayoffs.news\/fr\/","name":"The Playoffs FR","description":"NBA-NFL-NHL-MLB","potentialAction":[{"@type":"SearchAction","target":{"@type":"EntryPoint","urlTemplate":"https:\/\/theplayoffs.news\/fr\/?s={search_term_string}"},"query-input":{"@type":"PropertyValueSpecification","valueRequired":true,"valueName":"search_term_string"}}],"inLanguage":"fr-FR"},{"@type":"Person","@id":"https:\/\/theplayoffs.news\/fr\/#\/schema\/person\/efcb1404f7c790a161fdc0aa29e81646","name":"Evan Glomot","image":{"@type":"ImageObject","inLanguage":"fr-FR","@id":"https:\/\/theplayoffs.news\/fr\/#\/schema\/person\/image\/","url":"https:\/\/secure.gravatar.com\/avatar\/93e18dce985a4dfed140ef5ef5ecc82be40a165cbb4838e421f46abb52b7c315?s=96&d=mm&r=g","contentUrl":"https:\/\/secure.gravatar.com\/avatar\/93e18dce985a4dfed140ef5ef5ecc82be40a165cbb4838e421f46abb52b7c315?s=96&d=mm&r=g","caption":"Evan Glomot"},"url":"https:\/\/theplayoffs.news\/fr\/author\/evanglomotgmail-com\/"}]}},"_links":{"self":[{"href":"https:\/\/theplayoffs.news\/fr\/wp-json\/wp\/v2\/posts\/563936","targetHints":{"allow":["GET"]}}],"collection":[{"href":"https:\/\/theplayoffs.news\/fr\/wp-json\/wp\/v2\/posts"}],"about":[{"href":"https:\/\/theplayoffs.news\/fr\/wp-json\/wp\/v2\/types\/post"}],"author":[{"embeddable":true,"href":"https:\/\/theplayoffs.news\/fr\/wp-json\/wp\/v2\/users\/180310144"}],"replies":[{"embeddable":true,"href":"https:\/\/theplayoffs.news\/fr\/wp-json\/wp\/v2\/comments?post=563936"}],"version-history":[{"count":3,"href":"https:\/\/theplayoffs.news\/fr\/wp-json\/wp\/v2\/posts\/563936\/revisions"}],"predecessor-version":[{"id":563988,"href":"https:\/\/theplayoffs.news\/fr\/wp-json\/wp\/v2\/posts\/563936\/revisions\/563988"}],"wp:featuredmedia":[{"embeddable":true,"href":"https:\/\/theplayoffs.news\/fr\/wp-json\/wp\/v2\/media\/563956"}],"wp:attachment":[{"href":"https:\/\/theplayoffs.news\/fr\/wp-json\/wp\/v2\/media?parent=563936"}],"wp:term":[{"taxonomy":"category","embeddable":true,"href":"https:\/\/theplayoffs.news\/fr\/wp-json\/wp\/v2\/categories?post=563936"},{"taxonomy":"post_tag","embeddable":true,"href":"https:\/\/theplayoffs.news\/fr\/wp-json\/wp\/v2\/tags?post=563936"},{"taxonomy":"sport","embeddable":true,"href":"https:\/\/theplayoffs.news\/fr\/wp-json\/wp\/v2\/sport?post=563936"},{"taxonomy":"saison","embeddable":true,"href":"https:\/\/theplayoffs.news\/fr\/wp-json\/wp\/v2\/saison?post=563936"}],"curies":[{"name":"wp","href":"https:\/\/api.w.org\/{rel}","templated":true}]}}