{"id":562430,"date":"2023-02-07T15:45:21","date_gmt":"2023-02-07T14:45:21","guid":{"rendered":"https:\/\/theplayoffs.news\/fr\/?p=562430"},"modified":"2023-02-07T15:45:22","modified_gmt":"2023-02-07T14:45:22","slug":"chiefs-le-point-sur-la-liste-des-blesses","status":"publish","type":"post","link":"https:\/\/theplayoffs.news\/fr\/actualite-nfl\/chiefs-le-point-sur-la-liste-des-blesses\/","title":{"rendered":"Kansas City Chiefs : un point sur la liste des bless\u00e9s"},"content":{"rendered":"<h2>Ces derniers jours, le doute est venu s&rsquo;immiscer dans les rangs des Chiefs concernant la pr&eacute;sence sur le terrain dimanche de certains joueurs cadres. On fait un point sur les joueurs dont la participation au Super Bowl de dimanche pose question.<\/h2><p>Tout d&rsquo;abord, <a href=\"https:\/\/es.pn\/3wZqyr3\" class=\"trk-cta-link\" data-cta-trk='{\"ctaType\":\"Link\",\"ctaSubType\":\"main\"}'><strong>les Chiefs<\/strong> ont activ&eacute; le running back titulaire <strong>Clyde Edwards-Helaire<\/strong><\/a> qui n&rsquo;a plus jou&eacute; depuis le 21 novembre dernier (week 11) contre <strong>les Chargers<\/strong>. &Agrave; contrario, le receveur <strong>Mecole Hardman<\/strong> a lui &eacute;t&eacute; replac&eacute; sur la liste des bless&eacute;s et il ne jouera pas le Super Bowl.<\/p><blockquote class=\"twitter-tweet\" data-width=\"500\" data-dnt=\"true\">\n<p lang=\"en\" dir=\"ltr\">We have activated RB Clyde Edwards-Helaire from Reserve\/Injured.<\/p>\n<p>We have placed WR Mecole Hardman on Reserve\/Injured. <a href=\"https:\/\/t.co\/guepFZndhI\" class=\"trk-cta-link\" data-cta-trk='{\"ctaType\":\"Link\",\"ctaSubType\":\"main\"}'>pic.twitter.com\/guepFZndhI<\/a><\/p>\n<p>&mdash; Kansas City Chiefs (@Chiefs) <a href=\"https:\/\/twitter.com\/Chiefs\/status\/1622653922065383425?ref_src=twsrc%5Etfw\" class=\"trk-cta-link\" data-cta-trk='{\"ctaType\":\"Link\",\"ctaSubType\":\"main\"}'>February 6, 2023<\/a><\/p><\/blockquote><p><script async src=\"https:\/\/platform.twitter.com\/widgets.js\" charset=\"utf-8\"><\/script><\/p><p>Pour trois joueurs, le doute reste pr&eacute;sent, puisque les receveurs <strong>Juju Smith-Schuster<\/strong> et <strong>Kadarius Toney<\/strong> ont &eacute;t&eacute; annonc&eacute;s &laquo; questionnable &raquo;. Toney a &eacute;t&eacute; interrog&eacute; &agrave; ce sujet lors des premiers meetings de la semaine du Super Bowl hier et a d&eacute;clar&eacute; qu&rsquo;il serait &laquo; bien entendu &raquo; sur le terrain dimanche soir.<\/p><p>Le troisi&egrave;me joueur dont il est &eacute;galement question, c&rsquo;est le cornerback <strong>L&rsquo;Jarius Sneed<\/strong>, qui a du faire face &agrave; un protocole commotion lors de la finale de conf&eacute;rence AFC contre <strong>les Bengals<\/strong> il y a plus d&rsquo;une semaine. Sneed s&rsquo;est lui aussi exprim&eacute; et a clarfi&eacute; la situation en disant que les derniers tests pass&eacute;s plus t&ocirc;t dans la journ&eacute;e d&rsquo;hier, laissaient entrevoir pas mal d&rsquo;espoirs de le voir sur le terrain contre <strong>Philadelphie<\/strong>.<\/p><blockquote class=\"twitter-tweet\" data-width=\"500\" data-dnt=\"true\">\n<p lang=\"en\" dir=\"ltr\">A key update for the Chiefs defense: starting CB L&rsquo;Jarius Sneed said at Super Bowl Opening Night that he cleared concussion protocol earlier today. Puts him on track to play Sunday.<\/p>\n<p>&mdash; Field Yates (@FieldYates) <a href=\"https:\/\/twitter.com\/FieldYates\/status\/1622798821347426304?ref_src=twsrc%5Etfw\" class=\"trk-cta-link\" data-cta-trk='{\"ctaType\":\"Link\",\"ctaSubType\":\"main\"}'>February 7, 2023<\/a><\/p><\/blockquote><p><script async src=\"https:\/\/platform.twitter.com\/widgets.js\" charset=\"utf-8\"><\/script><\/p><p>Enfin, en ce qui concerne la cheville de <strong><a href=\"https:\/\/theplayoffs.news\/fr\/joueur\/patrick-mahomes-nfl-6278954\/\" class=\"trk-cta-link\" data-cta-trk='{\"ctaType\":\"Link\",\"ctaSubType\":\"main\"}'>Patrick Mahomes<\/a><\/strong>, tout va bien, il sera bien &eacute;videmment titulaire pour son troisi&egrave;me Super Bowl.<\/p>\n","protected":false},"excerpt":{"rendered":"","protected":false},"author":180310139,"featured_media":562440,"comment_status":"open","ping_status":"closed","sticky":false,"template":"","format":"standard","meta":{"inline_featured_image":false,"kia_subtitle":"","_mux_skip_reasons":[],"proofreadBy":0,"footnotes":""},"categories":[118,40],"tags":[3009,487,79],"sport":[2785],"saison":[],"class_list":["post-562430","post","type-post","status-publish","format-standard","has-post-thumbnail","hentry","category-actualite-nfl","category-nfl","tag-blessures","tag-kansas-city-chiefs","tag-nfl","sport-nfl"],"acf":[],"yoast_head":"<!-- This site is optimized with the Yoast SEO plugin v24.2 - https:\/\/yoast.com\/wordpress\/plugins\/seo\/ -->\n<title>Kansas City Chiefs : un point sur la liste des bless&eacute;s - The Playoffs FR<\/title>\n<meta name=\"robots\" content=\"index, follow, max-snippet:-1, max-image-preview:large, max-video-preview:-1\" \/>\n<link rel=\"canonical\" href=\"https:\/\/theplayoffs.news\/fr\/actualite-nfl\/chiefs-le-point-sur-la-liste-des-blesses\/\" \/>\n<meta property=\"og:locale\" content=\"fr_FR\" \/>\n<meta property=\"og:type\" content=\"article\" \/>\n<meta property=\"og:title\" content=\"Kansas City Chiefs : un point sur la liste des bless&eacute;s - The Playoffs FR\" \/>\n<meta property=\"og:url\" content=\"https:\/\/theplayoffs.news\/fr\/actualite-nfl\/chiefs-le-point-sur-la-liste-des-blesses\/\" \/>\n<meta property=\"og:site_name\" content=\"The Playoffs FR\" \/>\n<meta property=\"article:publisher\" content=\"https:\/\/www.facebook.com\/TheFreeAgentFR\/\" \/>\n<meta property=\"article:modified_time\" content=\"2023-02-07T15:45:22+01:00\" \/>\n<meta property=\"og:image\" content=\"https:\/\/theplayoffs.news\/fr\/wp-content\/uploads\/2023\/02\/984377EF-5E58-4515-A074-0FCFA81504FE.jpeg\" \/>\n\t<meta property=\"og:image:width\" content=\"1024\" \/>\n\t<meta property=\"og:image:height\" content=\"576\" \/>\n\t<meta property=\"og:image:type\" content=\"image\/jpeg\" \/>\n<meta name=\"author\" content=\"Alban Conejero\" \/>\n<meta name=\"twitter:card\" content=\"summary_large_image\" \/>\n<meta name=\"twitter:creator\" content=\"@TheFreeAgentFR\" \/>\n<meta name=\"twitter:site\" content=\"@TheFreeAgentFR\" \/>\n<meta name=\"twitter:label1\" content=\"\u00c9crit par\" \/>\n\t<meta name=\"twitter:data1\" content=\"Alban Conejero\" \/>\n\t<meta name=\"twitter:label2\" content=\"Dur\u00e9e de lecture estim\u00e9e\" \/>\n\t<meta name=\"twitter:data2\" content=\"1 minute\" \/>\n<script type=\"application\/ld+json\" class=\"yoast-schema-graph\">{\"@context\":\"https:\/\/schema.org\",\"@graph\":[{\"@type\":\"WebPage\",\"@id\":\"https:\/\/theplayoffs.news\/fr\/actualite-nfl\/chiefs-le-point-sur-la-liste-des-blesses\/\",\"url\":\"https:\/\/theplayoffs.news\/fr\/actualite-nfl\/chiefs-le-point-sur-la-liste-des-blesses\/\",\"name\":\"Kansas City Chiefs : un point sur la liste des bless\u00e9s - The Playoffs FR\",\"isPartOf\":{\"@id\":\"https:\/\/theplayoffs.news\/fr\/#website\"},\"primaryImageOfPage\":{\"@id\":\"https:\/\/theplayoffs.news\/fr\/actualite-nfl\/chiefs-le-point-sur-la-liste-des-blesses\/#primaryimage\"},\"image\":{\"@id\":\"https:\/\/theplayoffs.news\/fr\/actualite-nfl\/chiefs-le-point-sur-la-liste-des-blesses\/#primaryimage\"},\"thumbnailUrl\":\"https:\/\/theplayoffs.news\/fr\/wp-content\/uploads\/2023\/02\/984377EF-5E58-4515-A074-0FCFA81504FE.jpeg\",\"datePublished\":\"2023-02-07T14:45:21+00:00\",\"dateModified\":\"2023-02-07T14:45:22+00:00\",\"author\":{\"@id\":\"https:\/\/theplayoffs.news\/fr\/#\/schema\/person\/3dd6319a9057ecd181d2351cdb03ccd2\"},\"breadcrumb\":{\"@id\":\"https:\/\/theplayoffs.news\/fr\/actualite-nfl\/chiefs-le-point-sur-la-liste-des-blesses\/#breadcrumb\"},\"inLanguage\":\"fr-FR\",\"potentialAction\":[{\"@type\":\"ReadAction\",\"target\":[\"https:\/\/theplayoffs.news\/fr\/actualite-nfl\/chiefs-le-point-sur-la-liste-des-blesses\/\"]}]},{\"@type\":\"ImageObject\",\"inLanguage\":\"fr-FR\",\"@id\":\"https:\/\/theplayoffs.news\/fr\/actualite-nfl\/chiefs-le-point-sur-la-liste-des-blesses\/#primaryimage\",\"url\":\"https:\/\/theplayoffs.news\/fr\/wp-content\/uploads\/2023\/02\/984377EF-5E58-4515-A074-0FCFA81504FE.jpeg\",\"contentUrl\":\"https:\/\/theplayoffs.news\/fr\/wp-content\/uploads\/2023\/02\/984377EF-5E58-4515-A074-0FCFA81504FE.jpeg\",\"width\":1024,\"height\":576,\"caption\":\"Chiefs\"},{\"@type\":\"BreadcrumbList\",\"@id\":\"https:\/\/theplayoffs.news\/fr\/actualite-nfl\/chiefs-le-point-sur-la-liste-des-blesses\/#breadcrumb\",\"itemListElement\":[{\"@type\":\"ListItem\",\"position\":1,\"name\":\"Accueil\",\"item\":\"https:\/\/theplayoffs.news\/fr\/\"},{\"@type\":\"ListItem\",\"position\":2,\"name\":\"Kansas City Chiefs : un point sur la liste des bless\u00e9s\"}]},{\"@type\":\"WebSite\",\"@id\":\"https:\/\/theplayoffs.news\/fr\/#website\",\"url\":\"https:\/\/theplayoffs.news\/fr\/\",\"name\":\"The Playoffs FR\",\"description\":\"NBA-NFL-NHL-MLB\",\"potentialAction\":[{\"@type\":\"SearchAction\",\"target\":{\"@type\":\"EntryPoint\",\"urlTemplate\":\"https:\/\/theplayoffs.news\/fr\/?s={search_term_string}\"},\"query-input\":{\"@type\":\"PropertyValueSpecification\",\"valueRequired\":true,\"valueName\":\"search_term_string\"}}],\"inLanguage\":\"fr-FR\"},{\"@type\":\"Person\",\"@id\":\"https:\/\/theplayoffs.news\/fr\/#\/schema\/person\/3dd6319a9057ecd181d2351cdb03ccd2\",\"name\":\"Alban Conejero\",\"image\":{\"@type\":\"ImageObject\",\"inLanguage\":\"fr-FR\",\"@id\":\"https:\/\/theplayoffs.news\/fr\/#\/schema\/person\/image\/\",\"url\":\"https:\/\/secure.gravatar.com\/avatar\/ef2d5e8508f59dc7b4e42edb92917fc230c9f46d5eb7ec09de6d5b8e112de01f?s=96&d=mm&r=g\",\"contentUrl\":\"https:\/\/secure.gravatar.com\/avatar\/ef2d5e8508f59dc7b4e42edb92917fc230c9f46d5eb7ec09de6d5b8e112de01f?s=96&d=mm&r=g\",\"caption\":\"Alban Conejero\"},\"url\":\"https:\/\/theplayoffs.news\/fr\/author\/albanconejero26gmail-com\/\"}]}<\/script>\n<!-- \/ Yoast SEO plugin. -->","yoast_head_json":{"title":"Kansas City Chiefs : un point sur la liste des bless&eacute;s - The Playoffs FR","robots":{"index":"index","follow":"follow","max-snippet":"max-snippet:-1","max-image-preview":"max-image-preview:large","max-video-preview":"max-video-preview:-1"},"canonical":"https:\/\/theplayoffs.news\/fr\/actualite-nfl\/chiefs-le-point-sur-la-liste-des-blesses\/","og_locale":"fr_FR","og_type":"article","og_title":"Kansas City Chiefs : un point sur la liste des bless&eacute;s - The Playoffs FR","og_url":"https:\/\/theplayoffs.news\/fr\/actualite-nfl\/chiefs-le-point-sur-la-liste-des-blesses\/","og_site_name":"The Playoffs FR","article_publisher":"https:\/\/www.facebook.com\/TheFreeAgentFR\/","article_modified_time":"2023-02-07T14:45:22+00:00","og_image":[{"width":1024,"height":576,"url":"https:\/\/theplayoffs.news\/fr\/wp-content\/uploads\/2023\/02\/984377EF-5E58-4515-A074-0FCFA81504FE.jpeg","type":"image\/jpeg"}],"author":"Alban Conejero","twitter_card":"summary_large_image","twitter_creator":"@TheFreeAgentFR","twitter_site":"@TheFreeAgentFR","twitter_misc":{"\u00c9crit par":"Alban Conejero","Dur\u00e9e de lecture estim\u00e9e":"1 minute"},"schema":{"@context":"https:\/\/schema.org","@graph":[{"@type":"WebPage","@id":"https:\/\/theplayoffs.news\/fr\/actualite-nfl\/chiefs-le-point-sur-la-liste-des-blesses\/","url":"https:\/\/theplayoffs.news\/fr\/actualite-nfl\/chiefs-le-point-sur-la-liste-des-blesses\/","name":"Kansas City Chiefs : un point sur la liste des bless\u00e9s - The Playoffs FR","isPartOf":{"@id":"https:\/\/theplayoffs.news\/fr\/#website"},"primaryImageOfPage":{"@id":"https:\/\/theplayoffs.news\/fr\/actualite-nfl\/chiefs-le-point-sur-la-liste-des-blesses\/#primaryimage"},"image":{"@id":"https:\/\/theplayoffs.news\/fr\/actualite-nfl\/chiefs-le-point-sur-la-liste-des-blesses\/#primaryimage"},"thumbnailUrl":"https:\/\/theplayoffs.news\/fr\/wp-content\/uploads\/2023\/02\/984377EF-5E58-4515-A074-0FCFA81504FE.jpeg","datePublished":"2023-02-07T14:45:21+00:00","dateModified":"2023-02-07T14:45:22+00:00","author":{"@id":"https:\/\/theplayoffs.news\/fr\/#\/schema\/person\/3dd6319a9057ecd181d2351cdb03ccd2"},"breadcrumb":{"@id":"https:\/\/theplayoffs.news\/fr\/actualite-nfl\/chiefs-le-point-sur-la-liste-des-blesses\/#breadcrumb"},"inLanguage":"fr-FR","potentialAction":[{"@type":"ReadAction","target":["https:\/\/theplayoffs.news\/fr\/actualite-nfl\/chiefs-le-point-sur-la-liste-des-blesses\/"]}]},{"@type":"ImageObject","inLanguage":"fr-FR","@id":"https:\/\/theplayoffs.news\/fr\/actualite-nfl\/chiefs-le-point-sur-la-liste-des-blesses\/#primaryimage","url":"https:\/\/theplayoffs.news\/fr\/wp-content\/uploads\/2023\/02\/984377EF-5E58-4515-A074-0FCFA81504FE.jpeg","contentUrl":"https:\/\/theplayoffs.news\/fr\/wp-content\/uploads\/2023\/02\/984377EF-5E58-4515-A074-0FCFA81504FE.jpeg","width":1024,"height":576,"caption":"Chiefs"},{"@type":"BreadcrumbList","@id":"https:\/\/theplayoffs.news\/fr\/actualite-nfl\/chiefs-le-point-sur-la-liste-des-blesses\/#breadcrumb","itemListElement":[{"@type":"ListItem","position":1,"name":"Accueil","item":"https:\/\/theplayoffs.news\/fr\/"},{"@type":"ListItem","position":2,"name":"Kansas City Chiefs : un point sur la liste des bless\u00e9s"}]},{"@type":"WebSite","@id":"https:\/\/theplayoffs.news\/fr\/#website","url":"https:\/\/theplayoffs.news\/fr\/","name":"The Playoffs FR","description":"NBA-NFL-NHL-MLB","potentialAction":[{"@type":"SearchAction","target":{"@type":"EntryPoint","urlTemplate":"https:\/\/theplayoffs.news\/fr\/?s={search_term_string}"},"query-input":{"@type":"PropertyValueSpecification","valueRequired":true,"valueName":"search_term_string"}}],"inLanguage":"fr-FR"},{"@type":"Person","@id":"https:\/\/theplayoffs.news\/fr\/#\/schema\/person\/3dd6319a9057ecd181d2351cdb03ccd2","name":"Alban Conejero","image":{"@type":"ImageObject","inLanguage":"fr-FR","@id":"https:\/\/theplayoffs.news\/fr\/#\/schema\/person\/image\/","url":"https:\/\/secure.gravatar.com\/avatar\/ef2d5e8508f59dc7b4e42edb92917fc230c9f46d5eb7ec09de6d5b8e112de01f?s=96&d=mm&r=g","contentUrl":"https:\/\/secure.gravatar.com\/avatar\/ef2d5e8508f59dc7b4e42edb92917fc230c9f46d5eb7ec09de6d5b8e112de01f?s=96&d=mm&r=g","caption":"Alban Conejero"},"url":"https:\/\/theplayoffs.news\/fr\/author\/albanconejero26gmail-com\/"}]}},"_links":{"self":[{"href":"https:\/\/theplayoffs.news\/fr\/wp-json\/wp\/v2\/posts\/562430","targetHints":{"allow":["GET"]}}],"collection":[{"href":"https:\/\/theplayoffs.news\/fr\/wp-json\/wp\/v2\/posts"}],"about":[{"href":"https:\/\/theplayoffs.news\/fr\/wp-json\/wp\/v2\/types\/post"}],"author":[{"embeddable":true,"href":"https:\/\/theplayoffs.news\/fr\/wp-json\/wp\/v2\/users\/180310139"}],"replies":[{"embeddable":true,"href":"https:\/\/theplayoffs.news\/fr\/wp-json\/wp\/v2\/comments?post=562430"}],"version-history":[{"count":3,"href":"https:\/\/theplayoffs.news\/fr\/wp-json\/wp\/v2\/posts\/562430\/revisions"}],"predecessor-version":[{"id":562444,"href":"https:\/\/theplayoffs.news\/fr\/wp-json\/wp\/v2\/posts\/562430\/revisions\/562444"}],"wp:featuredmedia":[{"embeddable":true,"href":"https:\/\/theplayoffs.news\/fr\/wp-json\/wp\/v2\/media\/562440"}],"wp:attachment":[{"href":"https:\/\/theplayoffs.news\/fr\/wp-json\/wp\/v2\/media?parent=562430"}],"wp:term":[{"taxonomy":"category","embeddable":true,"href":"https:\/\/theplayoffs.news\/fr\/wp-json\/wp\/v2\/categories?post=562430"},{"taxonomy":"post_tag","embeddable":true,"href":"https:\/\/theplayoffs.news\/fr\/wp-json\/wp\/v2\/tags?post=562430"},{"taxonomy":"sport","embeddable":true,"href":"https:\/\/theplayoffs.news\/fr\/wp-json\/wp\/v2\/sport?post=562430"},{"taxonomy":"saison","embeddable":true,"href":"https:\/\/theplayoffs.news\/fr\/wp-json\/wp\/v2\/saison?post=562430"}],"curies":[{"name":"wp","href":"https:\/\/api.w.org\/{rel}","templated":true}]}}