{"id":562419,"date":"2023-02-07T14:01:10","date_gmt":"2023-02-07T13:01:10","guid":{"rendered":"https:\/\/theplayoffs.news\/fr\/?p=562419"},"modified":"2023-02-07T14:01:11","modified_gmt":"2023-02-07T13:01:11","slug":"patrick-mahomes-chiefs-adaptes-depart-tyreek-hill","status":"publish","type":"post","link":"https:\/\/theplayoffs.news\/fr\/actualite-nfl\/patrick-mahomes-chiefs-adaptes-depart-tyreek-hill\/","title":{"rendered":"Patrick Mahomes et les Chiefs se sont adapt\u00e9s au d\u00e9part de Tyreek Hill"},"content":{"rendered":"<h2><strong>Hier soir, Patrick Mahomes &eacute;tait pr&eacute;sent lors de la premi&egrave;re soir&eacute;e de disponibilit&eacute; m&eacute;dia et en a profit&eacute; pour donner du cr&eacute;dit &agrave; son entra&icirc;neur pour cette nouvelle saison.<\/strong><\/h2><p>Le d&eacute;part de Tyreek Hill avait soulev&eacute; de nombreuses questions en d&eacute;but de saison. la r&eacute;ponse est venue des entra&icirc;neurs selon <a href=\"https:\/\/theplayoffs.news\/fr\/joueur\/patrick-mahomes-nfl-6278954\/\" class=\"trk-cta-link\" data-cta-trk='{\"ctaType\":\"Link\",\"ctaSubType\":\"main\"}'><strong>Patrick Mahomes<\/strong><\/a> :<\/p><blockquote><p>&laquo;&nbsp;Nous avons accept&eacute; le d&eacute;fi en tant que joueurs, les entra&icirc;neurs et l&rsquo;entra&icirc;neur Bieniemy ont accept&eacute; le d&eacute;fi&nbsp;&raquo;, <a href=\"https:\/\/profootballtalk.nbcsports.com\/2023\/02\/07\/patrick-mahomes-we-lost-an-all-time-great-receiver-in-tyreek-hill-but-our-coaches-adapted\/\" class=\"trk-cta-link\" data-cta-trk='{\"ctaType\":\"Link\",\"ctaSubType\":\"main\"}'>a d&eacute;clar&eacute; Mahomes<\/a>. &laquo;&nbsp;Nous avons perdu un excellent receveur de tous les temps &agrave; Tyreek Hill, quelqu&rsquo;un qui a fait beaucoup de grandes choses pour nous, mais nous avons aussi beaucoup d&rsquo;excellents receveurs, et l&rsquo;entra&icirc;neur Bieniemy et l&rsquo;entra&icirc;neur Reid, ils sont all&eacute;s l&agrave;-bas et ont appris quelles &eacute;taient leurs forces, et nous les avons maximis&eacute;es cette ann&eacute;e. Ce ne sont pas seulement les joueurs, ce sont les entra&icirc;neurs, c&rsquo;est tout le monde dans ce b&acirc;timent.&nbsp;&raquo;<\/p><\/blockquote><p>Ce d&eacute;part a permis &agrave; Kansas City de se focaliser sur sa d&eacute;fense pour la renforcer avec du salary cap et des picks de draft avec le succ&egrave;s que l&rsquo;on conna&icirc;t.<\/p><p>&nbsp;<\/p>\n","protected":false},"excerpt":{"rendered":"","protected":false},"author":13,"featured_media":562420,"comment_status":"open","ping_status":"closed","sticky":false,"template":"","format":"standard","meta":{"inline_featured_image":false,"kia_subtitle":"","_mux_skip_reasons":[],"proofreadBy":0,"footnotes":""},"categories":[118,40],"tags":[487,225],"sport":[],"saison":[],"class_list":["post-562419","post","type-post","status-publish","format-standard","has-post-thumbnail","hentry","category-actualite-nfl","category-nfl","tag-kansas-city-chiefs","tag-patrick-mahomes"],"acf":[],"yoast_head":"<!-- This site is optimized with the Yoast SEO plugin v24.2 - https:\/\/yoast.com\/wordpress\/plugins\/seo\/ -->\n<title>Patrick Mahomes et les Chiefs se sont adapt&eacute;s au d&eacute;part de Tyreek Hill - The Playoffs FR<\/title>\n<meta name=\"robots\" content=\"index, follow, max-snippet:-1, max-image-preview:large, max-video-preview:-1\" \/>\n<link rel=\"canonical\" href=\"https:\/\/theplayoffs.news\/fr\/actualite-nfl\/patrick-mahomes-chiefs-adaptes-depart-tyreek-hill\/\" \/>\n<meta property=\"og:locale\" content=\"fr_FR\" \/>\n<meta property=\"og:type\" content=\"article\" \/>\n<meta property=\"og:title\" content=\"Patrick Mahomes et les Chiefs se sont adapt&eacute;s au d&eacute;part de Tyreek Hill - The Playoffs FR\" \/>\n<meta property=\"og:url\" content=\"https:\/\/theplayoffs.news\/fr\/actualite-nfl\/patrick-mahomes-chiefs-adaptes-depart-tyreek-hill\/\" \/>\n<meta property=\"og:site_name\" content=\"The Playoffs FR\" \/>\n<meta property=\"article:publisher\" content=\"https:\/\/www.facebook.com\/TheFreeAgentFR\/\" \/>\n<meta property=\"article:modified_time\" content=\"2023-02-07T14:01:11+01:00\" \/>\n<meta property=\"og:image\" content=\"https:\/\/theplayoffs.news\/fr\/wp-content\/uploads\/2023\/02\/tinywow_63e1eff1610e0_13309338.jpg\" \/>\n\t<meta property=\"og:image:width\" content=\"1100\" \/>\n\t<meta property=\"og:image:height\" content=\"733\" \/>\n\t<meta property=\"og:image:type\" content=\"image\/jpeg\" \/>\n<meta name=\"author\" content=\"Charles Taudin\" \/>\n<meta name=\"twitter:card\" content=\"summary_large_image\" \/>\n<meta name=\"twitter:creator\" content=\"@TheFreeAgentFR\" \/>\n<meta name=\"twitter:site\" content=\"@TheFreeAgentFR\" \/>\n<meta name=\"twitter:label1\" content=\"\u00c9crit par\" \/>\n\t<meta name=\"twitter:data1\" content=\"Charles Taudin\" \/>\n\t<meta name=\"twitter:label2\" content=\"Dur\u00e9e de lecture estim\u00e9e\" \/>\n\t<meta name=\"twitter:data2\" content=\"1 minute\" \/>\n<script type=\"application\/ld+json\" class=\"yoast-schema-graph\">{\"@context\":\"https:\/\/schema.org\",\"@graph\":[{\"@type\":\"WebPage\",\"@id\":\"https:\/\/theplayoffs.news\/fr\/actualite-nfl\/patrick-mahomes-chiefs-adaptes-depart-tyreek-hill\/\",\"url\":\"https:\/\/theplayoffs.news\/fr\/actualite-nfl\/patrick-mahomes-chiefs-adaptes-depart-tyreek-hill\/\",\"name\":\"Patrick Mahomes et les Chiefs se sont adapt\u00e9s au d\u00e9part de Tyreek Hill - The Playoffs FR\",\"isPartOf\":{\"@id\":\"https:\/\/theplayoffs.news\/fr\/#website\"},\"primaryImageOfPage\":{\"@id\":\"https:\/\/theplayoffs.news\/fr\/actualite-nfl\/patrick-mahomes-chiefs-adaptes-depart-tyreek-hill\/#primaryimage\"},\"image\":{\"@id\":\"https:\/\/theplayoffs.news\/fr\/actualite-nfl\/patrick-mahomes-chiefs-adaptes-depart-tyreek-hill\/#primaryimage\"},\"thumbnailUrl\":\"https:\/\/theplayoffs.news\/fr\/wp-content\/uploads\/2023\/02\/tinywow_63e1eff1610e0_13309338.jpg\",\"datePublished\":\"2023-02-07T13:01:10+00:00\",\"dateModified\":\"2023-02-07T13:01:11+00:00\",\"author\":{\"@id\":\"https:\/\/theplayoffs.news\/fr\/#\/schema\/person\/eee5b69ad5d3c51cabe881c839dbe133\"},\"breadcrumb\":{\"@id\":\"https:\/\/theplayoffs.news\/fr\/actualite-nfl\/patrick-mahomes-chiefs-adaptes-depart-tyreek-hill\/#breadcrumb\"},\"inLanguage\":\"fr-FR\",\"potentialAction\":[{\"@type\":\"ReadAction\",\"target\":[\"https:\/\/theplayoffs.news\/fr\/actualite-nfl\/patrick-mahomes-chiefs-adaptes-depart-tyreek-hill\/\"]}]},{\"@type\":\"ImageObject\",\"inLanguage\":\"fr-FR\",\"@id\":\"https:\/\/theplayoffs.news\/fr\/actualite-nfl\/patrick-mahomes-chiefs-adaptes-depart-tyreek-hill\/#primaryimage\",\"url\":\"https:\/\/theplayoffs.news\/fr\/wp-content\/uploads\/2023\/02\/tinywow_63e1eff1610e0_13309338.jpg\",\"contentUrl\":\"https:\/\/theplayoffs.news\/fr\/wp-content\/uploads\/2023\/02\/tinywow_63e1eff1610e0_13309338.jpg\",\"width\":1100,\"height\":733,\"caption\":\"patrick Mahomes\"},{\"@type\":\"BreadcrumbList\",\"@id\":\"https:\/\/theplayoffs.news\/fr\/actualite-nfl\/patrick-mahomes-chiefs-adaptes-depart-tyreek-hill\/#breadcrumb\",\"itemListElement\":[{\"@type\":\"ListItem\",\"position\":1,\"name\":\"Accueil\",\"item\":\"https:\/\/theplayoffs.news\/fr\/\"},{\"@type\":\"ListItem\",\"position\":2,\"name\":\"Patrick Mahomes et les Chiefs se sont adapt\u00e9s au d\u00e9part de Tyreek Hill\"}]},{\"@type\":\"WebSite\",\"@id\":\"https:\/\/theplayoffs.news\/fr\/#website\",\"url\":\"https:\/\/theplayoffs.news\/fr\/\",\"name\":\"The Playoffs FR\",\"description\":\"NBA-NFL-NHL-MLB\",\"potentialAction\":[{\"@type\":\"SearchAction\",\"target\":{\"@type\":\"EntryPoint\",\"urlTemplate\":\"https:\/\/theplayoffs.news\/fr\/?s={search_term_string}\"},\"query-input\":{\"@type\":\"PropertyValueSpecification\",\"valueRequired\":true,\"valueName\":\"search_term_string\"}}],\"inLanguage\":\"fr-FR\"},{\"@type\":\"Person\",\"@id\":\"https:\/\/theplayoffs.news\/fr\/#\/schema\/person\/eee5b69ad5d3c51cabe881c839dbe133\",\"name\":\"Charles Taudin\",\"image\":{\"@type\":\"ImageObject\",\"inLanguage\":\"fr-FR\",\"@id\":\"https:\/\/theplayoffs.news\/fr\/#\/schema\/person\/image\/\",\"url\":\"https:\/\/secure.gravatar.com\/avatar\/59a1e772205ce9fd255edfcafc93013736822e20261f294c5753b20c41ede9f2?s=96&d=mm&r=g\",\"contentUrl\":\"https:\/\/secure.gravatar.com\/avatar\/59a1e772205ce9fd255edfcafc93013736822e20261f294c5753b20c41ede9f2?s=96&d=mm&r=g\",\"caption\":\"Charles Taudin\"},\"description\":\"R\u00e9dacteur en chef global de The Playoffs, j\u2019ai cr\u00e9\u00e9 The Free Agent, devenu The Playoffs FR, en 2020 durant la pand\u00e9mie. Amoureux depuis des ann\u00e9es des 4 sports majeurs am\u00e9ricains, j\u2019organise maintenant la strat\u00e9gie \u00e9ditoriale et les r\u00e9seaux sociaux de l\u2019ensemble des versions de The Playoffs. Il m\u2019arrive encore d\u2019\u00e9crire sur certains sports que j\u2019affectionne particuli\u00e8rement comme la NFL ou la MLB. Si vous devez retenir qu\u2019une chose : Eli Manning est le vrai GOAT pour avoir battu deux fois Tom Brady.\",\"sameAs\":[\"https:\/\/www.instagram.com\/ctaudin_\/\"],\"url\":\"https:\/\/theplayoffs.news\/fr\/author\/charles-taudin\/\"}]}<\/script>\n<!-- \/ Yoast SEO plugin. -->","yoast_head_json":{"title":"Patrick Mahomes et les Chiefs se sont adapt&eacute;s au d&eacute;part de Tyreek Hill - The Playoffs FR","robots":{"index":"index","follow":"follow","max-snippet":"max-snippet:-1","max-image-preview":"max-image-preview:large","max-video-preview":"max-video-preview:-1"},"canonical":"https:\/\/theplayoffs.news\/fr\/actualite-nfl\/patrick-mahomes-chiefs-adaptes-depart-tyreek-hill\/","og_locale":"fr_FR","og_type":"article","og_title":"Patrick Mahomes et les Chiefs se sont adapt&eacute;s au d&eacute;part de Tyreek Hill - The Playoffs FR","og_url":"https:\/\/theplayoffs.news\/fr\/actualite-nfl\/patrick-mahomes-chiefs-adaptes-depart-tyreek-hill\/","og_site_name":"The Playoffs FR","article_publisher":"https:\/\/www.facebook.com\/TheFreeAgentFR\/","article_modified_time":"2023-02-07T13:01:11+00:00","og_image":[{"width":1100,"height":733,"url":"https:\/\/theplayoffs.news\/fr\/wp-content\/uploads\/2023\/02\/tinywow_63e1eff1610e0_13309338.jpg","type":"image\/jpeg"}],"author":"Charles Taudin","twitter_card":"summary_large_image","twitter_creator":"@TheFreeAgentFR","twitter_site":"@TheFreeAgentFR","twitter_misc":{"\u00c9crit par":"Charles Taudin","Dur\u00e9e de lecture estim\u00e9e":"1 minute"},"schema":{"@context":"https:\/\/schema.org","@graph":[{"@type":"WebPage","@id":"https:\/\/theplayoffs.news\/fr\/actualite-nfl\/patrick-mahomes-chiefs-adaptes-depart-tyreek-hill\/","url":"https:\/\/theplayoffs.news\/fr\/actualite-nfl\/patrick-mahomes-chiefs-adaptes-depart-tyreek-hill\/","name":"Patrick Mahomes et les Chiefs se sont adapt\u00e9s au d\u00e9part de Tyreek Hill - The Playoffs FR","isPartOf":{"@id":"https:\/\/theplayoffs.news\/fr\/#website"},"primaryImageOfPage":{"@id":"https:\/\/theplayoffs.news\/fr\/actualite-nfl\/patrick-mahomes-chiefs-adaptes-depart-tyreek-hill\/#primaryimage"},"image":{"@id":"https:\/\/theplayoffs.news\/fr\/actualite-nfl\/patrick-mahomes-chiefs-adaptes-depart-tyreek-hill\/#primaryimage"},"thumbnailUrl":"https:\/\/theplayoffs.news\/fr\/wp-content\/uploads\/2023\/02\/tinywow_63e1eff1610e0_13309338.jpg","datePublished":"2023-02-07T13:01:10+00:00","dateModified":"2023-02-07T13:01:11+00:00","author":{"@id":"https:\/\/theplayoffs.news\/fr\/#\/schema\/person\/eee5b69ad5d3c51cabe881c839dbe133"},"breadcrumb":{"@id":"https:\/\/theplayoffs.news\/fr\/actualite-nfl\/patrick-mahomes-chiefs-adaptes-depart-tyreek-hill\/#breadcrumb"},"inLanguage":"fr-FR","potentialAction":[{"@type":"ReadAction","target":["https:\/\/theplayoffs.news\/fr\/actualite-nfl\/patrick-mahomes-chiefs-adaptes-depart-tyreek-hill\/"]}]},{"@type":"ImageObject","inLanguage":"fr-FR","@id":"https:\/\/theplayoffs.news\/fr\/actualite-nfl\/patrick-mahomes-chiefs-adaptes-depart-tyreek-hill\/#primaryimage","url":"https:\/\/theplayoffs.news\/fr\/wp-content\/uploads\/2023\/02\/tinywow_63e1eff1610e0_13309338.jpg","contentUrl":"https:\/\/theplayoffs.news\/fr\/wp-content\/uploads\/2023\/02\/tinywow_63e1eff1610e0_13309338.jpg","width":1100,"height":733,"caption":"patrick Mahomes"},{"@type":"BreadcrumbList","@id":"https:\/\/theplayoffs.news\/fr\/actualite-nfl\/patrick-mahomes-chiefs-adaptes-depart-tyreek-hill\/#breadcrumb","itemListElement":[{"@type":"ListItem","position":1,"name":"Accueil","item":"https:\/\/theplayoffs.news\/fr\/"},{"@type":"ListItem","position":2,"name":"Patrick Mahomes et les Chiefs se sont adapt\u00e9s au d\u00e9part de Tyreek Hill"}]},{"@type":"WebSite","@id":"https:\/\/theplayoffs.news\/fr\/#website","url":"https:\/\/theplayoffs.news\/fr\/","name":"The Playoffs FR","description":"NBA-NFL-NHL-MLB","potentialAction":[{"@type":"SearchAction","target":{"@type":"EntryPoint","urlTemplate":"https:\/\/theplayoffs.news\/fr\/?s={search_term_string}"},"query-input":{"@type":"PropertyValueSpecification","valueRequired":true,"valueName":"search_term_string"}}],"inLanguage":"fr-FR"},{"@type":"Person","@id":"https:\/\/theplayoffs.news\/fr\/#\/schema\/person\/eee5b69ad5d3c51cabe881c839dbe133","name":"Charles Taudin","image":{"@type":"ImageObject","inLanguage":"fr-FR","@id":"https:\/\/theplayoffs.news\/fr\/#\/schema\/person\/image\/","url":"https:\/\/secure.gravatar.com\/avatar\/59a1e772205ce9fd255edfcafc93013736822e20261f294c5753b20c41ede9f2?s=96&d=mm&r=g","contentUrl":"https:\/\/secure.gravatar.com\/avatar\/59a1e772205ce9fd255edfcafc93013736822e20261f294c5753b20c41ede9f2?s=96&d=mm&r=g","caption":"Charles Taudin"},"description":"R\u00e9dacteur en chef global de The Playoffs, j\u2019ai cr\u00e9\u00e9 The Free Agent, devenu The Playoffs FR, en 2020 durant la pand\u00e9mie. Amoureux depuis des ann\u00e9es des 4 sports majeurs am\u00e9ricains, j\u2019organise maintenant la strat\u00e9gie \u00e9ditoriale et les r\u00e9seaux sociaux de l\u2019ensemble des versions de The Playoffs. Il m\u2019arrive encore d\u2019\u00e9crire sur certains sports que j\u2019affectionne particuli\u00e8rement comme la NFL ou la MLB. Si vous devez retenir qu\u2019une chose : Eli Manning est le vrai GOAT pour avoir battu deux fois Tom Brady.","sameAs":["https:\/\/www.instagram.com\/ctaudin_\/"],"url":"https:\/\/theplayoffs.news\/fr\/author\/charles-taudin\/"}]}},"_links":{"self":[{"href":"https:\/\/theplayoffs.news\/fr\/wp-json\/wp\/v2\/posts\/562419","targetHints":{"allow":["GET"]}}],"collection":[{"href":"https:\/\/theplayoffs.news\/fr\/wp-json\/wp\/v2\/posts"}],"about":[{"href":"https:\/\/theplayoffs.news\/fr\/wp-json\/wp\/v2\/types\/post"}],"author":[{"embeddable":true,"href":"https:\/\/theplayoffs.news\/fr\/wp-json\/wp\/v2\/users\/13"}],"replies":[{"embeddable":true,"href":"https:\/\/theplayoffs.news\/fr\/wp-json\/wp\/v2\/comments?post=562419"}],"version-history":[{"count":2,"href":"https:\/\/theplayoffs.news\/fr\/wp-json\/wp\/v2\/posts\/562419\/revisions"}],"predecessor-version":[{"id":562422,"href":"https:\/\/theplayoffs.news\/fr\/wp-json\/wp\/v2\/posts\/562419\/revisions\/562422"}],"wp:featuredmedia":[{"embeddable":true,"href":"https:\/\/theplayoffs.news\/fr\/wp-json\/wp\/v2\/media\/562420"}],"wp:attachment":[{"href":"https:\/\/theplayoffs.news\/fr\/wp-json\/wp\/v2\/media?parent=562419"}],"wp:term":[{"taxonomy":"category","embeddable":true,"href":"https:\/\/theplayoffs.news\/fr\/wp-json\/wp\/v2\/categories?post=562419"},{"taxonomy":"post_tag","embeddable":true,"href":"https:\/\/theplayoffs.news\/fr\/wp-json\/wp\/v2\/tags?post=562419"},{"taxonomy":"sport","embeddable":true,"href":"https:\/\/theplayoffs.news\/fr\/wp-json\/wp\/v2\/sport?post=562419"},{"taxonomy":"saison","embeddable":true,"href":"https:\/\/theplayoffs.news\/fr\/wp-json\/wp\/v2\/saison?post=562419"}],"curies":[{"name":"wp","href":"https:\/\/api.w.org\/{rel}","templated":true}]}}