{"id":562397,"date":"2023-02-07T12:35:09","date_gmt":"2023-02-07T11:35:09","guid":{"rendered":"https:\/\/theplayoffs.news\/fr\/?p=562397"},"modified":"2023-02-07T12:35:10","modified_gmt":"2023-02-07T11:35:10","slug":"plusieurs-rumeurs-trades-lakers","status":"publish","type":"post","link":"https:\/\/theplayoffs.news\/fr\/actualite-nba\/plusieurs-rumeurs-trades-lakers\/","title":{"rendered":"Plusieurs rumeurs de trade ressortent pour les Lakers"},"content":{"rendered":"<h2>Dans son dernier podcast hier soir, l&rsquo;insider NBA Shams Charania de <a href=\"https:\/\/theathletic.com\/\" class=\"trk-cta-link\" data-cta-trk='{\"ctaType\":\"Link\",\"ctaSubType\":\"main\"}'>The Athletic<\/a> a &eacute;voqu&eacute; 4 cibles qui pourraient rejoindre les Lakers en &eacute;change d&rsquo;un First Round Pick.<\/h2><p>Tout d&rsquo;abord, l&rsquo;Utah Jazz pourrait &ecirc;tre int&eacute;ress&eacute; par un choix de Draft et Russell Westbrook en &eacute;change de 3 joueurs&nbsp;: le meneur v&eacute;t&eacute;ran Mike Conley, l&rsquo;arri&egrave;re Malik Beasley et l&rsquo;int&eacute;rieur Jarred Vanderbilt.&nbsp; Du shoot, de la m&egrave;ne et de la taille, difficile de trouver mieux pour les Purple and Gold.<\/p><p>Deuxi&egrave;me piste, les Charlotte Hornets : ils chercheraient une porte de sortie pour <a href=\"https:\/\/theplayoffs.news\/fr\/joueur\/terry-rozier-nba-6149504\/\" class=\"trk-cta-link\" data-cta-trk='{\"ctaType\":\"Link\",\"ctaSubType\":\"main\"}'><strong>Terry Rozier III<\/strong><\/a> en &eacute;change de picks de Draft. Il tourne &agrave; 22 points et 5 passes d&eacute;cisives, il apporterait beaucoup &agrave; la cr&eacute;ation et au scoring pour les Lakers.<\/p><p>Enfin, les Hawks d&rsquo;Atlanta et les Detroit Pistions pourraient l&acirc;cher leur Bogdanovic (Bodgan et Bojan). Tous deux excellents shooters, ils combleraient bien le manque de spacing qui fait tant d&eacute;faut aux Californiens depuis le d&eacute;but de la saison. Un First Round Pick convaincrait probablement les deux franchises, reste &agrave; savoir lequel serait le plus int&eacute;ressant pour Darvin Ham.<\/p><p>Dernier nom qui revient beaucoup, omis par Shams Charania, il s&rsquo;agit de l&rsquo;arri&egrave;re de Toronto Gary Trent Jr. En instance de d&eacute;part, son excellent shoot et sa d&eacute;fense soulageraient beaucoup LeBron James et les siens. Cependant, le co&ucirc;t devrait &ecirc;tre plus &eacute;lev&eacute; que pour les 4 premiers cit&eacute;s.<\/p><p>Rob Pelinka ne souhaitait pas l&acirc;cher de First Round Pick aux derni&egrave;res nouvelles, mais il &eacute;tait finalement enclin &agrave; le faire pour Kyrie Irving. Les Lakers ont besoin de renfort pour esp&eacute;rer les play-offs en avril, reste &agrave; voir si le management sera pr&ecirc;t &agrave; marchander son futur&hellip;<\/p>\n","protected":false},"excerpt":{"rendered":"","protected":false},"author":180310142,"featured_media":562401,"comment_status":"open","ping_status":"closed","sticky":false,"template":"","format":"standard","meta":{"inline_featured_image":false,"kia_subtitle":"","_mux_skip_reasons":[],"proofreadBy":0,"footnotes":""},"categories":[110,10],"tags":[117],"sport":[],"saison":[],"class_list":["post-562397","post","type-post","status-publish","format-standard","has-post-thumbnail","hentry","category-actualite-nba","category-nba","tag-los-angeles-lakers"],"acf":[],"yoast_head":"<!-- This site is optimized with the Yoast SEO plugin v24.2 - https:\/\/yoast.com\/wordpress\/plugins\/seo\/ -->\n<title>Plusieurs rumeurs de trade ressortent pour les Lakers - The Playoffs FR<\/title>\n<meta name=\"robots\" content=\"index, follow, max-snippet:-1, max-image-preview:large, max-video-preview:-1\" \/>\n<link rel=\"canonical\" href=\"https:\/\/theplayoffs.news\/fr\/actualite-nba\/plusieurs-rumeurs-trades-lakers\/\" \/>\n<meta property=\"og:locale\" content=\"fr_FR\" \/>\n<meta property=\"og:type\" content=\"article\" \/>\n<meta property=\"og:title\" content=\"Plusieurs rumeurs de trade ressortent pour les Lakers - The Playoffs FR\" \/>\n<meta property=\"og:url\" content=\"https:\/\/theplayoffs.news\/fr\/actualite-nba\/plusieurs-rumeurs-trades-lakers\/\" \/>\n<meta property=\"og:site_name\" content=\"The Playoffs FR\" \/>\n<meta property=\"article:publisher\" content=\"https:\/\/www.facebook.com\/TheFreeAgentFR\/\" \/>\n<meta property=\"article:modified_time\" content=\"2023-02-07T12:35:10+01:00\" \/>\n<meta property=\"og:image\" content=\"https:\/\/theplayoffs.news\/fr\/wp-content\/uploads\/2023\/02\/tinywow_LeBron-James-2_13302521.jpg\" \/>\n\t<meta property=\"og:image:width\" content=\"1920\" \/>\n\t<meta property=\"og:image:height\" content=\"1280\" \/>\n\t<meta property=\"og:image:type\" content=\"image\/jpeg\" \/>\n<meta name=\"author\" content=\"Arnaud Fady\" \/>\n<meta name=\"twitter:card\" content=\"summary_large_image\" \/>\n<meta name=\"twitter:creator\" content=\"@TheFreeAgentFR\" \/>\n<meta name=\"twitter:site\" content=\"@TheFreeAgentFR\" \/>\n<meta name=\"twitter:label1\" content=\"\u00c9crit par\" \/>\n\t<meta name=\"twitter:data1\" content=\"Arnaud Fady\" \/>\n\t<meta name=\"twitter:label2\" content=\"Dur\u00e9e de lecture estim\u00e9e\" \/>\n\t<meta name=\"twitter:data2\" content=\"1 minute\" \/>\n<script type=\"application\/ld+json\" class=\"yoast-schema-graph\">{\"@context\":\"https:\/\/schema.org\",\"@graph\":[{\"@type\":\"WebPage\",\"@id\":\"https:\/\/theplayoffs.news\/fr\/actualite-nba\/plusieurs-rumeurs-trades-lakers\/\",\"url\":\"https:\/\/theplayoffs.news\/fr\/actualite-nba\/plusieurs-rumeurs-trades-lakers\/\",\"name\":\"Plusieurs rumeurs de trade ressortent pour les Lakers - The Playoffs FR\",\"isPartOf\":{\"@id\":\"https:\/\/theplayoffs.news\/fr\/#website\"},\"primaryImageOfPage\":{\"@id\":\"https:\/\/theplayoffs.news\/fr\/actualite-nba\/plusieurs-rumeurs-trades-lakers\/#primaryimage\"},\"image\":{\"@id\":\"https:\/\/theplayoffs.news\/fr\/actualite-nba\/plusieurs-rumeurs-trades-lakers\/#primaryimage\"},\"thumbnailUrl\":\"https:\/\/theplayoffs.news\/fr\/wp-content\/uploads\/2023\/02\/tinywow_LeBron-James-2_13302521.jpg\",\"datePublished\":\"2023-02-07T11:35:09+00:00\",\"dateModified\":\"2023-02-07T11:35:10+00:00\",\"author\":{\"@id\":\"https:\/\/theplayoffs.news\/fr\/#\/schema\/person\/a21cdc575c17111d7f6899967fe61a18\"},\"breadcrumb\":{\"@id\":\"https:\/\/theplayoffs.news\/fr\/actualite-nba\/plusieurs-rumeurs-trades-lakers\/#breadcrumb\"},\"inLanguage\":\"fr-FR\",\"potentialAction\":[{\"@type\":\"ReadAction\",\"target\":[\"https:\/\/theplayoffs.news\/fr\/actualite-nba\/plusieurs-rumeurs-trades-lakers\/\"]}]},{\"@type\":\"ImageObject\",\"inLanguage\":\"fr-FR\",\"@id\":\"https:\/\/theplayoffs.news\/fr\/actualite-nba\/plusieurs-rumeurs-trades-lakers\/#primaryimage\",\"url\":\"https:\/\/theplayoffs.news\/fr\/wp-content\/uploads\/2023\/02\/tinywow_LeBron-James-2_13302521.jpg\",\"contentUrl\":\"https:\/\/theplayoffs.news\/fr\/wp-content\/uploads\/2023\/02\/tinywow_LeBron-James-2_13302521.jpg\",\"width\":1920,\"height\":1280,\"caption\":\"Lakers\"},{\"@type\":\"BreadcrumbList\",\"@id\":\"https:\/\/theplayoffs.news\/fr\/actualite-nba\/plusieurs-rumeurs-trades-lakers\/#breadcrumb\",\"itemListElement\":[{\"@type\":\"ListItem\",\"position\":1,\"name\":\"Accueil\",\"item\":\"https:\/\/theplayoffs.news\/fr\/\"},{\"@type\":\"ListItem\",\"position\":2,\"name\":\"Plusieurs rumeurs de trade ressortent pour les Lakers\"}]},{\"@type\":\"WebSite\",\"@id\":\"https:\/\/theplayoffs.news\/fr\/#website\",\"url\":\"https:\/\/theplayoffs.news\/fr\/\",\"name\":\"The Playoffs FR\",\"description\":\"NBA-NFL-NHL-MLB\",\"potentialAction\":[{\"@type\":\"SearchAction\",\"target\":{\"@type\":\"EntryPoint\",\"urlTemplate\":\"https:\/\/theplayoffs.news\/fr\/?s={search_term_string}\"},\"query-input\":{\"@type\":\"PropertyValueSpecification\",\"valueRequired\":true,\"valueName\":\"search_term_string\"}}],\"inLanguage\":\"fr-FR\"},{\"@type\":\"Person\",\"@id\":\"https:\/\/theplayoffs.news\/fr\/#\/schema\/person\/a21cdc575c17111d7f6899967fe61a18\",\"name\":\"Arnaud Fady\",\"image\":{\"@type\":\"ImageObject\",\"inLanguage\":\"fr-FR\",\"@id\":\"https:\/\/theplayoffs.news\/fr\/#\/schema\/person\/image\/\",\"url\":\"https:\/\/secure.gravatar.com\/avatar\/3b57ebcdabda285cfd0874ae32ea4b83ff0f2234ba690313ed4f9eec404cd4a4?s=96&d=mm&r=g\",\"contentUrl\":\"https:\/\/secure.gravatar.com\/avatar\/3b57ebcdabda285cfd0874ae32ea4b83ff0f2234ba690313ed4f9eec404cd4a4?s=96&d=mm&r=g\",\"caption\":\"Arnaud Fady\"},\"url\":\"https:\/\/theplayoffs.news\/fr\/author\/arnaud-fadyoutlook-com\/\"}]}<\/script>\n<!-- \/ Yoast SEO plugin. -->","yoast_head_json":{"title":"Plusieurs rumeurs de trade ressortent pour les Lakers - The Playoffs FR","robots":{"index":"index","follow":"follow","max-snippet":"max-snippet:-1","max-image-preview":"max-image-preview:large","max-video-preview":"max-video-preview:-1"},"canonical":"https:\/\/theplayoffs.news\/fr\/actualite-nba\/plusieurs-rumeurs-trades-lakers\/","og_locale":"fr_FR","og_type":"article","og_title":"Plusieurs rumeurs de trade ressortent pour les Lakers - The Playoffs FR","og_url":"https:\/\/theplayoffs.news\/fr\/actualite-nba\/plusieurs-rumeurs-trades-lakers\/","og_site_name":"The Playoffs FR","article_publisher":"https:\/\/www.facebook.com\/TheFreeAgentFR\/","article_modified_time":"2023-02-07T11:35:10+00:00","og_image":[{"width":1920,"height":1280,"url":"https:\/\/theplayoffs.news\/fr\/wp-content\/uploads\/2023\/02\/tinywow_LeBron-James-2_13302521.jpg","type":"image\/jpeg"}],"author":"Arnaud Fady","twitter_card":"summary_large_image","twitter_creator":"@TheFreeAgentFR","twitter_site":"@TheFreeAgentFR","twitter_misc":{"\u00c9crit par":"Arnaud Fady","Dur\u00e9e de lecture estim\u00e9e":"1 minute"},"schema":{"@context":"https:\/\/schema.org","@graph":[{"@type":"WebPage","@id":"https:\/\/theplayoffs.news\/fr\/actualite-nba\/plusieurs-rumeurs-trades-lakers\/","url":"https:\/\/theplayoffs.news\/fr\/actualite-nba\/plusieurs-rumeurs-trades-lakers\/","name":"Plusieurs rumeurs de trade ressortent pour les Lakers - The Playoffs FR","isPartOf":{"@id":"https:\/\/theplayoffs.news\/fr\/#website"},"primaryImageOfPage":{"@id":"https:\/\/theplayoffs.news\/fr\/actualite-nba\/plusieurs-rumeurs-trades-lakers\/#primaryimage"},"image":{"@id":"https:\/\/theplayoffs.news\/fr\/actualite-nba\/plusieurs-rumeurs-trades-lakers\/#primaryimage"},"thumbnailUrl":"https:\/\/theplayoffs.news\/fr\/wp-content\/uploads\/2023\/02\/tinywow_LeBron-James-2_13302521.jpg","datePublished":"2023-02-07T11:35:09+00:00","dateModified":"2023-02-07T11:35:10+00:00","author":{"@id":"https:\/\/theplayoffs.news\/fr\/#\/schema\/person\/a21cdc575c17111d7f6899967fe61a18"},"breadcrumb":{"@id":"https:\/\/theplayoffs.news\/fr\/actualite-nba\/plusieurs-rumeurs-trades-lakers\/#breadcrumb"},"inLanguage":"fr-FR","potentialAction":[{"@type":"ReadAction","target":["https:\/\/theplayoffs.news\/fr\/actualite-nba\/plusieurs-rumeurs-trades-lakers\/"]}]},{"@type":"ImageObject","inLanguage":"fr-FR","@id":"https:\/\/theplayoffs.news\/fr\/actualite-nba\/plusieurs-rumeurs-trades-lakers\/#primaryimage","url":"https:\/\/theplayoffs.news\/fr\/wp-content\/uploads\/2023\/02\/tinywow_LeBron-James-2_13302521.jpg","contentUrl":"https:\/\/theplayoffs.news\/fr\/wp-content\/uploads\/2023\/02\/tinywow_LeBron-James-2_13302521.jpg","width":1920,"height":1280,"caption":"Lakers"},{"@type":"BreadcrumbList","@id":"https:\/\/theplayoffs.news\/fr\/actualite-nba\/plusieurs-rumeurs-trades-lakers\/#breadcrumb","itemListElement":[{"@type":"ListItem","position":1,"name":"Accueil","item":"https:\/\/theplayoffs.news\/fr\/"},{"@type":"ListItem","position":2,"name":"Plusieurs rumeurs de trade ressortent pour les Lakers"}]},{"@type":"WebSite","@id":"https:\/\/theplayoffs.news\/fr\/#website","url":"https:\/\/theplayoffs.news\/fr\/","name":"The Playoffs FR","description":"NBA-NFL-NHL-MLB","potentialAction":[{"@type":"SearchAction","target":{"@type":"EntryPoint","urlTemplate":"https:\/\/theplayoffs.news\/fr\/?s={search_term_string}"},"query-input":{"@type":"PropertyValueSpecification","valueRequired":true,"valueName":"search_term_string"}}],"inLanguage":"fr-FR"},{"@type":"Person","@id":"https:\/\/theplayoffs.news\/fr\/#\/schema\/person\/a21cdc575c17111d7f6899967fe61a18","name":"Arnaud Fady","image":{"@type":"ImageObject","inLanguage":"fr-FR","@id":"https:\/\/theplayoffs.news\/fr\/#\/schema\/person\/image\/","url":"https:\/\/secure.gravatar.com\/avatar\/3b57ebcdabda285cfd0874ae32ea4b83ff0f2234ba690313ed4f9eec404cd4a4?s=96&d=mm&r=g","contentUrl":"https:\/\/secure.gravatar.com\/avatar\/3b57ebcdabda285cfd0874ae32ea4b83ff0f2234ba690313ed4f9eec404cd4a4?s=96&d=mm&r=g","caption":"Arnaud Fady"},"url":"https:\/\/theplayoffs.news\/fr\/author\/arnaud-fadyoutlook-com\/"}]}},"_links":{"self":[{"href":"https:\/\/theplayoffs.news\/fr\/wp-json\/wp\/v2\/posts\/562397","targetHints":{"allow":["GET"]}}],"collection":[{"href":"https:\/\/theplayoffs.news\/fr\/wp-json\/wp\/v2\/posts"}],"about":[{"href":"https:\/\/theplayoffs.news\/fr\/wp-json\/wp\/v2\/types\/post"}],"author":[{"embeddable":true,"href":"https:\/\/theplayoffs.news\/fr\/wp-json\/wp\/v2\/users\/180310142"}],"replies":[{"embeddable":true,"href":"https:\/\/theplayoffs.news\/fr\/wp-json\/wp\/v2\/comments?post=562397"}],"version-history":[{"count":2,"href":"https:\/\/theplayoffs.news\/fr\/wp-json\/wp\/v2\/posts\/562397\/revisions"}],"predecessor-version":[{"id":562403,"href":"https:\/\/theplayoffs.news\/fr\/wp-json\/wp\/v2\/posts\/562397\/revisions\/562403"}],"wp:featuredmedia":[{"embeddable":true,"href":"https:\/\/theplayoffs.news\/fr\/wp-json\/wp\/v2\/media\/562401"}],"wp:attachment":[{"href":"https:\/\/theplayoffs.news\/fr\/wp-json\/wp\/v2\/media?parent=562397"}],"wp:term":[{"taxonomy":"category","embeddable":true,"href":"https:\/\/theplayoffs.news\/fr\/wp-json\/wp\/v2\/categories?post=562397"},{"taxonomy":"post_tag","embeddable":true,"href":"https:\/\/theplayoffs.news\/fr\/wp-json\/wp\/v2\/tags?post=562397"},{"taxonomy":"sport","embeddable":true,"href":"https:\/\/theplayoffs.news\/fr\/wp-json\/wp\/v2\/sport?post=562397"},{"taxonomy":"saison","embeddable":true,"href":"https:\/\/theplayoffs.news\/fr\/wp-json\/wp\/v2\/saison?post=562397"}],"curies":[{"name":"wp","href":"https:\/\/api.w.org\/{rel}","templated":true}]}}