{"id":562380,"date":"2023-02-07T11:36:20","date_gmt":"2023-02-07T10:36:20","guid":{"rendered":"https:\/\/theplayoffs.news\/fr\/?p=562380"},"modified":"2023-02-07T11:36:21","modified_gmt":"2023-02-07T10:36:21","slug":"lebron-james-reagit-transfert-kyrie-irving","status":"publish","type":"post","link":"https:\/\/theplayoffs.news\/fr\/actualite-nba\/lebron-james-reagit-transfert-kyrie-irving\/","title":{"rendered":"LeBron James r\u00e9agit au transfert de Kyrie Irving"},"content":{"rendered":"<h2><strong>LeBron James ne sera pas r&eacute;uni avec son comp&egrave;re des Cavaliers pour cette fin de saison.<\/strong><\/h2><p>Apr&egrave;s un tweet &eacute;nigmatique &laquo;&nbsp;Maybe it&rsquo;s me&nbsp;&raquo; dans la foul&eacute;e de l&rsquo;annonce du <a href=\"https:\/\/theplayoffs.news\/fr\/nba-basketball\/kyrie-irving-echange-a-dallas\/\" class=\"trk-cta-link\" data-cta-trk='{\"ctaType\":\"Link\",\"ctaSubType\":\"main\"}'>transfert de Kyrie Irving &agrave; Dallas<\/a>, le King s&rsquo;est confi&eacute; &agrave; <a href=\"https:\/\/www.youtube.com\/watch?v=wre18rbgqCQ\" class=\"trk-cta-link\" data-cta-trk='{\"ctaType\":\"Link\",\"ctaSubType\":\"main\"}'>ESPN lors d&rsquo;un court &eacute;change vid&eacute;o<\/a>&nbsp;:<\/p><blockquote><p>&laquo;&nbsp;Je suis d&eacute;&ccedil;u. Je ne peux pas &ecirc;tre l&agrave; et dire que je ne suis pas d&eacute;&ccedil;u, de ne pas pouvoir acqu&eacute;rir un talent pareil (Kyrie Irving), quelqu&rsquo;un avec qui j&rsquo;ai une telle alchimie et qui peut aider &agrave; remporter des titres. Mais mon attention a chang&eacute; maintenant, je suis focus sur l&agrave; o&ugrave; je dois l&rsquo;&ecirc;tre, c&rsquo;est-&agrave;-dire cette &eacute;quipe des Lakers et ce que nous avons dans le vestiaire&nbsp;&raquo;.<\/p><\/blockquote><p>A bient&ocirc;t 48h de la trade deadline, Rob Pelinka va devoir s&rsquo;activer pour amener du renfort aux co&eacute;quipiers de LeBron James, d&eacute;cevants 13&egrave;mes de conf&eacute;rence. A la recherche de taille et de shoot, les derni&egrave;res rumeurs mentionnent des &eacute;changes avec Toronto et Utah notamment.<\/p><p>Les Lakers pourraient proposer leurs deux First Round Picks 2027 et 2029, ainsi que Russell Westbrook&nbsp;!<\/p>\n","protected":false},"excerpt":{"rendered":"","protected":false},"author":180310142,"featured_media":562381,"comment_status":"open","ping_status":"closed","sticky":false,"template":"","format":"standard","meta":{"inline_featured_image":false,"kia_subtitle":"","_mux_skip_reasons":[],"proofreadBy":0,"footnotes":""},"categories":[110,10],"tags":[1073,116],"sport":[],"saison":[],"class_list":["post-562380","post","type-post","status-publish","format-standard","has-post-thumbnail","hentry","category-actualite-nba","category-nba","tag-kyrie-irving","tag-lebron-james"],"acf":[],"yoast_head":"<!-- This site is optimized with the Yoast SEO plugin v24.2 - https:\/\/yoast.com\/wordpress\/plugins\/seo\/ -->\n<title>LeBron James r&eacute;agit au transfert de Kyrie Irving - The Playoffs FR<\/title>\n<meta name=\"robots\" content=\"index, follow, max-snippet:-1, max-image-preview:large, max-video-preview:-1\" \/>\n<link rel=\"canonical\" href=\"https:\/\/theplayoffs.news\/fr\/actualite-nba\/lebron-james-reagit-transfert-kyrie-irving\/\" \/>\n<meta property=\"og:locale\" content=\"fr_FR\" \/>\n<meta property=\"og:type\" content=\"article\" \/>\n<meta property=\"og:title\" content=\"LeBron James r&eacute;agit au transfert de Kyrie Irving - The Playoffs FR\" \/>\n<meta property=\"og:url\" content=\"https:\/\/theplayoffs.news\/fr\/actualite-nba\/lebron-james-reagit-transfert-kyrie-irving\/\" \/>\n<meta property=\"og:site_name\" content=\"The Playoffs FR\" \/>\n<meta property=\"article:publisher\" content=\"https:\/\/www.facebook.com\/TheFreeAgentFR\/\" \/>\n<meta property=\"article:modified_time\" content=\"2023-02-07T11:36:21+01:00\" \/>\n<meta property=\"og:image\" content=\"https:\/\/theplayoffs.news\/fr\/wp-content\/uploads\/2023\/02\/Capture-decran-2023-02-07-a-11.32.37.jpg\" \/>\n\t<meta property=\"og:image:width\" content=\"1181\" \/>\n\t<meta property=\"og:image:height\" content=\"656\" \/>\n\t<meta property=\"og:image:type\" content=\"image\/jpeg\" \/>\n<meta name=\"author\" content=\"Arnaud Fady\" \/>\n<meta name=\"twitter:card\" content=\"summary_large_image\" \/>\n<meta name=\"twitter:creator\" content=\"@TheFreeAgentFR\" \/>\n<meta name=\"twitter:site\" content=\"@TheFreeAgentFR\" \/>\n<meta name=\"twitter:label1\" content=\"\u00c9crit par\" \/>\n\t<meta name=\"twitter:data1\" content=\"Arnaud Fady\" \/>\n\t<meta name=\"twitter:label2\" content=\"Dur\u00e9e de lecture estim\u00e9e\" \/>\n\t<meta name=\"twitter:data2\" content=\"1 minute\" \/>\n<script type=\"application\/ld+json\" class=\"yoast-schema-graph\">{\"@context\":\"https:\/\/schema.org\",\"@graph\":[{\"@type\":\"WebPage\",\"@id\":\"https:\/\/theplayoffs.news\/fr\/actualite-nba\/lebron-james-reagit-transfert-kyrie-irving\/\",\"url\":\"https:\/\/theplayoffs.news\/fr\/actualite-nba\/lebron-james-reagit-transfert-kyrie-irving\/\",\"name\":\"LeBron James r\u00e9agit au transfert de Kyrie Irving - The Playoffs FR\",\"isPartOf\":{\"@id\":\"https:\/\/theplayoffs.news\/fr\/#website\"},\"primaryImageOfPage\":{\"@id\":\"https:\/\/theplayoffs.news\/fr\/actualite-nba\/lebron-james-reagit-transfert-kyrie-irving\/#primaryimage\"},\"image\":{\"@id\":\"https:\/\/theplayoffs.news\/fr\/actualite-nba\/lebron-james-reagit-transfert-kyrie-irving\/#primaryimage\"},\"thumbnailUrl\":\"https:\/\/theplayoffs.news\/fr\/wp-content\/uploads\/2023\/02\/Capture-decran-2023-02-07-a-11.32.37.jpg\",\"datePublished\":\"2023-02-07T10:36:20+00:00\",\"dateModified\":\"2023-02-07T10:36:21+00:00\",\"author\":{\"@id\":\"https:\/\/theplayoffs.news\/fr\/#\/schema\/person\/a21cdc575c17111d7f6899967fe61a18\"},\"breadcrumb\":{\"@id\":\"https:\/\/theplayoffs.news\/fr\/actualite-nba\/lebron-james-reagit-transfert-kyrie-irving\/#breadcrumb\"},\"inLanguage\":\"fr-FR\",\"potentialAction\":[{\"@type\":\"ReadAction\",\"target\":[\"https:\/\/theplayoffs.news\/fr\/actualite-nba\/lebron-james-reagit-transfert-kyrie-irving\/\"]}]},{\"@type\":\"ImageObject\",\"inLanguage\":\"fr-FR\",\"@id\":\"https:\/\/theplayoffs.news\/fr\/actualite-nba\/lebron-james-reagit-transfert-kyrie-irving\/#primaryimage\",\"url\":\"https:\/\/theplayoffs.news\/fr\/wp-content\/uploads\/2023\/02\/Capture-decran-2023-02-07-a-11.32.37.jpg\",\"contentUrl\":\"https:\/\/theplayoffs.news\/fr\/wp-content\/uploads\/2023\/02\/Capture-decran-2023-02-07-a-11.32.37.jpg\",\"width\":1181,\"height\":656,\"caption\":\"Lebron James\"},{\"@type\":\"BreadcrumbList\",\"@id\":\"https:\/\/theplayoffs.news\/fr\/actualite-nba\/lebron-james-reagit-transfert-kyrie-irving\/#breadcrumb\",\"itemListElement\":[{\"@type\":\"ListItem\",\"position\":1,\"name\":\"Accueil\",\"item\":\"https:\/\/theplayoffs.news\/fr\/\"},{\"@type\":\"ListItem\",\"position\":2,\"name\":\"LeBron James r\u00e9agit au transfert de Kyrie Irving\"}]},{\"@type\":\"WebSite\",\"@id\":\"https:\/\/theplayoffs.news\/fr\/#website\",\"url\":\"https:\/\/theplayoffs.news\/fr\/\",\"name\":\"The Playoffs FR\",\"description\":\"NBA-NFL-NHL-MLB\",\"potentialAction\":[{\"@type\":\"SearchAction\",\"target\":{\"@type\":\"EntryPoint\",\"urlTemplate\":\"https:\/\/theplayoffs.news\/fr\/?s={search_term_string}\"},\"query-input\":{\"@type\":\"PropertyValueSpecification\",\"valueRequired\":true,\"valueName\":\"search_term_string\"}}],\"inLanguage\":\"fr-FR\"},{\"@type\":\"Person\",\"@id\":\"https:\/\/theplayoffs.news\/fr\/#\/schema\/person\/a21cdc575c17111d7f6899967fe61a18\",\"name\":\"Arnaud Fady\",\"image\":{\"@type\":\"ImageObject\",\"inLanguage\":\"fr-FR\",\"@id\":\"https:\/\/theplayoffs.news\/fr\/#\/schema\/person\/image\/\",\"url\":\"https:\/\/secure.gravatar.com\/avatar\/3b57ebcdabda285cfd0874ae32ea4b83ff0f2234ba690313ed4f9eec404cd4a4?s=96&d=mm&r=g\",\"contentUrl\":\"https:\/\/secure.gravatar.com\/avatar\/3b57ebcdabda285cfd0874ae32ea4b83ff0f2234ba690313ed4f9eec404cd4a4?s=96&d=mm&r=g\",\"caption\":\"Arnaud Fady\"},\"url\":\"https:\/\/theplayoffs.news\/fr\/author\/arnaud-fadyoutlook-com\/\"}]}<\/script>\n<!-- \/ Yoast SEO plugin. -->","yoast_head_json":{"title":"LeBron James r&eacute;agit au transfert de Kyrie Irving - The Playoffs FR","robots":{"index":"index","follow":"follow","max-snippet":"max-snippet:-1","max-image-preview":"max-image-preview:large","max-video-preview":"max-video-preview:-1"},"canonical":"https:\/\/theplayoffs.news\/fr\/actualite-nba\/lebron-james-reagit-transfert-kyrie-irving\/","og_locale":"fr_FR","og_type":"article","og_title":"LeBron James r&eacute;agit au transfert de Kyrie Irving - The Playoffs FR","og_url":"https:\/\/theplayoffs.news\/fr\/actualite-nba\/lebron-james-reagit-transfert-kyrie-irving\/","og_site_name":"The Playoffs FR","article_publisher":"https:\/\/www.facebook.com\/TheFreeAgentFR\/","article_modified_time":"2023-02-07T10:36:21+00:00","og_image":[{"width":1181,"height":656,"url":"https:\/\/theplayoffs.news\/fr\/wp-content\/uploads\/2023\/02\/Capture-decran-2023-02-07-a-11.32.37.jpg","type":"image\/jpeg"}],"author":"Arnaud Fady","twitter_card":"summary_large_image","twitter_creator":"@TheFreeAgentFR","twitter_site":"@TheFreeAgentFR","twitter_misc":{"\u00c9crit par":"Arnaud Fady","Dur\u00e9e de lecture estim\u00e9e":"1 minute"},"schema":{"@context":"https:\/\/schema.org","@graph":[{"@type":"WebPage","@id":"https:\/\/theplayoffs.news\/fr\/actualite-nba\/lebron-james-reagit-transfert-kyrie-irving\/","url":"https:\/\/theplayoffs.news\/fr\/actualite-nba\/lebron-james-reagit-transfert-kyrie-irving\/","name":"LeBron James r\u00e9agit au transfert de Kyrie Irving - The Playoffs FR","isPartOf":{"@id":"https:\/\/theplayoffs.news\/fr\/#website"},"primaryImageOfPage":{"@id":"https:\/\/theplayoffs.news\/fr\/actualite-nba\/lebron-james-reagit-transfert-kyrie-irving\/#primaryimage"},"image":{"@id":"https:\/\/theplayoffs.news\/fr\/actualite-nba\/lebron-james-reagit-transfert-kyrie-irving\/#primaryimage"},"thumbnailUrl":"https:\/\/theplayoffs.news\/fr\/wp-content\/uploads\/2023\/02\/Capture-decran-2023-02-07-a-11.32.37.jpg","datePublished":"2023-02-07T10:36:20+00:00","dateModified":"2023-02-07T10:36:21+00:00","author":{"@id":"https:\/\/theplayoffs.news\/fr\/#\/schema\/person\/a21cdc575c17111d7f6899967fe61a18"},"breadcrumb":{"@id":"https:\/\/theplayoffs.news\/fr\/actualite-nba\/lebron-james-reagit-transfert-kyrie-irving\/#breadcrumb"},"inLanguage":"fr-FR","potentialAction":[{"@type":"ReadAction","target":["https:\/\/theplayoffs.news\/fr\/actualite-nba\/lebron-james-reagit-transfert-kyrie-irving\/"]}]},{"@type":"ImageObject","inLanguage":"fr-FR","@id":"https:\/\/theplayoffs.news\/fr\/actualite-nba\/lebron-james-reagit-transfert-kyrie-irving\/#primaryimage","url":"https:\/\/theplayoffs.news\/fr\/wp-content\/uploads\/2023\/02\/Capture-decran-2023-02-07-a-11.32.37.jpg","contentUrl":"https:\/\/theplayoffs.news\/fr\/wp-content\/uploads\/2023\/02\/Capture-decran-2023-02-07-a-11.32.37.jpg","width":1181,"height":656,"caption":"Lebron James"},{"@type":"BreadcrumbList","@id":"https:\/\/theplayoffs.news\/fr\/actualite-nba\/lebron-james-reagit-transfert-kyrie-irving\/#breadcrumb","itemListElement":[{"@type":"ListItem","position":1,"name":"Accueil","item":"https:\/\/theplayoffs.news\/fr\/"},{"@type":"ListItem","position":2,"name":"LeBron James r\u00e9agit au transfert de Kyrie Irving"}]},{"@type":"WebSite","@id":"https:\/\/theplayoffs.news\/fr\/#website","url":"https:\/\/theplayoffs.news\/fr\/","name":"The Playoffs FR","description":"NBA-NFL-NHL-MLB","potentialAction":[{"@type":"SearchAction","target":{"@type":"EntryPoint","urlTemplate":"https:\/\/theplayoffs.news\/fr\/?s={search_term_string}"},"query-input":{"@type":"PropertyValueSpecification","valueRequired":true,"valueName":"search_term_string"}}],"inLanguage":"fr-FR"},{"@type":"Person","@id":"https:\/\/theplayoffs.news\/fr\/#\/schema\/person\/a21cdc575c17111d7f6899967fe61a18","name":"Arnaud Fady","image":{"@type":"ImageObject","inLanguage":"fr-FR","@id":"https:\/\/theplayoffs.news\/fr\/#\/schema\/person\/image\/","url":"https:\/\/secure.gravatar.com\/avatar\/3b57ebcdabda285cfd0874ae32ea4b83ff0f2234ba690313ed4f9eec404cd4a4?s=96&d=mm&r=g","contentUrl":"https:\/\/secure.gravatar.com\/avatar\/3b57ebcdabda285cfd0874ae32ea4b83ff0f2234ba690313ed4f9eec404cd4a4?s=96&d=mm&r=g","caption":"Arnaud Fady"},"url":"https:\/\/theplayoffs.news\/fr\/author\/arnaud-fadyoutlook-com\/"}]}},"_links":{"self":[{"href":"https:\/\/theplayoffs.news\/fr\/wp-json\/wp\/v2\/posts\/562380","targetHints":{"allow":["GET"]}}],"collection":[{"href":"https:\/\/theplayoffs.news\/fr\/wp-json\/wp\/v2\/posts"}],"about":[{"href":"https:\/\/theplayoffs.news\/fr\/wp-json\/wp\/v2\/types\/post"}],"author":[{"embeddable":true,"href":"https:\/\/theplayoffs.news\/fr\/wp-json\/wp\/v2\/users\/180310142"}],"replies":[{"embeddable":true,"href":"https:\/\/theplayoffs.news\/fr\/wp-json\/wp\/v2\/comments?post=562380"}],"version-history":[{"count":2,"href":"https:\/\/theplayoffs.news\/fr\/wp-json\/wp\/v2\/posts\/562380\/revisions"}],"predecessor-version":[{"id":562383,"href":"https:\/\/theplayoffs.news\/fr\/wp-json\/wp\/v2\/posts\/562380\/revisions\/562383"}],"wp:featuredmedia":[{"embeddable":true,"href":"https:\/\/theplayoffs.news\/fr\/wp-json\/wp\/v2\/media\/562381"}],"wp:attachment":[{"href":"https:\/\/theplayoffs.news\/fr\/wp-json\/wp\/v2\/media?parent=562380"}],"wp:term":[{"taxonomy":"category","embeddable":true,"href":"https:\/\/theplayoffs.news\/fr\/wp-json\/wp\/v2\/categories?post=562380"},{"taxonomy":"post_tag","embeddable":true,"href":"https:\/\/theplayoffs.news\/fr\/wp-json\/wp\/v2\/tags?post=562380"},{"taxonomy":"sport","embeddable":true,"href":"https:\/\/theplayoffs.news\/fr\/wp-json\/wp\/v2\/sport?post=562380"},{"taxonomy":"saison","embeddable":true,"href":"https:\/\/theplayoffs.news\/fr\/wp-json\/wp\/v2\/saison?post=562380"}],"curies":[{"name":"wp","href":"https:\/\/api.w.org\/{rel}","templated":true}]}}