{"id":562269,"date":"2023-02-07T10:35:48","date_gmt":"2023-02-07T09:35:48","guid":{"rendered":"https:\/\/theplayoffs.news\/fr\/?p=562269"},"modified":"2023-02-07T10:36:05","modified_gmt":"2023-02-07T09:36:05","slug":"dallas-serieux-sans-irving-doncic","status":"publish","type":"post","link":"https:\/\/theplayoffs.news\/fr\/actualite-nba\/dallas-serieux-sans-irving-doncic\/","title":{"rendered":"Dallas tr\u00e8s s\u00e9rieux en attendant Irving et sans Doncic"},"content":{"rendered":"<h2>Les Mavericks de Dallas n&rsquo;ont eu besoin ni de Kyrie Irving, ni de Luka Doncic pour aller s&rsquo;imposer en d&eacute;placement la nuit derni&egrave;re sur le parquet du Jazz d&rsquo;Utah, 124 &ndash; 111.<\/h2><p>En attendant les d&eacute;buts de leur nouvelle recrue <strong>Kyrie Irving<\/strong>, les <strong>Dallas Mavericks<\/strong> sont all&eacute;s chercher une belle victoire dans <strong>l&rsquo;Utah<\/strong> en d&eacute;placement contre le <strong>Jazz<\/strong>. Une victoire finale <strong><a href=\"https:\/\/www.espn.co.uk\/nba\/game\/_\/gameId\/401468968\" class=\"trk-cta-link\" data-cta-trk='{\"ctaType\":\"Link\",\"ctaSubType\":\"main\"}'>124 &agrave; 111<\/a><\/strong>, sans <strong>Luka Doncic<\/strong> qui &eacute;tait absent pour une blessure au talon.<\/p><p>Les Mavs ont pu compter sur un <strong><a href=\"https:\/\/theplayoffs.news\/fr\/joueur\/josh-green-nba-8865622\/\" class=\"trk-cta-link\" data-cta-trk='{\"ctaType\":\"Link\",\"ctaSubType\":\"main\"}'>Josh Green<\/a><\/strong> en feu avec 29 points, &agrave; pratiquement 59% au tir (10\/17) et 50% &agrave; 3 points (3\/6), tout &ccedil;a en plus de 37 minutes (plus gros temps de jeu du match). Mais ce n&rsquo;est pas tout puisque son coll&egrave;gue <strong><a href=\"https:\/\/theplayoffs.news\/fr\/joueur\/jaden-hardy-nba-9736846\/\" class=\"trk-cta-link\" data-cta-trk='{\"ctaType\":\"Link\",\"ctaSubType\":\"main\"}'>Jaden Hardy<\/a><\/strong> l&rsquo;a imit&eacute; allant de ses 29 points aussi, en sortie de banc &agrave; plus de 66% au tir et &agrave; 3 points, 8\/12 et 4\/6 longue distance. Les deux joueurs ont sign&eacute; avec ces 29 points chacun, leur record en carri&egrave;re.<\/p><blockquote class=\"twitter-tweet\" data-width=\"500\" data-dnt=\"true\">\n<p lang=\"en\" dir=\"ltr\">Jaden Hardy and Josh Green showed out in the Mavs W.<\/p>\n<p>Hardy: 29 PTS, 4 REB, 4 AST, 4 3PM<br>Green: 29 PTS, 6 REB, 3 3PM <a href=\"https:\/\/t.co\/gNj3ZrxYDp\" class=\"trk-cta-link\" data-cta-trk='{\"ctaType\":\"Link\",\"ctaSubType\":\"main\"}'>pic.twitter.com\/gNj3ZrxYDp<\/a><\/p>\n<p>&mdash; NBA (@NBA) <a href=\"https:\/\/twitter.com\/NBA\/status\/1622821208189284353?ref_src=twsrc%5Etfw\" class=\"trk-cta-link\" data-cta-trk='{\"ctaType\":\"Link\",\"ctaSubType\":\"main\"}'>February 7, 2023<\/a><\/p><\/blockquote><p><script async src=\"https:\/\/platform.twitter.com\/widgets.js\" charset=\"utf-8\"><\/script><\/p><p>Deux joueurs qui se montrent et pourraient s&rsquo;affirmer comme deux options int&eacute;ressantes derri&egrave;re <strong>Kyrie Irving<\/strong> et <strong>Luka Doncic<\/strong>, &agrave; qui il faudra trouver des lieutenants fiables d&rsquo;ici peu. D&eacute;pourvus de <strong>Spencer Dinwiddie<\/strong> et de <strong>Dorian Finney-Smith<\/strong> partis &agrave; <strong>Brooklyn<\/strong>, <strong>Dallas<\/strong> va devoir s&rsquo;appuyer sur des options en sortie de banc, eux qui ne pr&eacute;sentent pas un banc de touche tr&egrave;s fourni, et encore moins aujourd&rsquo;hui.<\/p>\n","protected":false},"excerpt":{"rendered":"","protected":false},"author":180310139,"featured_media":562369,"comment_status":"open","ping_status":"closed","sticky":false,"template":"","format":"standard","meta":{"inline_featured_image":false,"kia_subtitle":"","_mux_skip_reasons":[],"proofreadBy":0,"footnotes":""},"categories":[110,10],"tags":[595,5445,5444,1073,545,23,855],"sport":[2783],"saison":[],"class_list":["post-562269","post","type-post","status-publish","format-standard","has-post-thumbnail","hentry","category-actualite-nba","category-nba","tag-dallas-mavericks","tag-jaden-hardy","tag-josh-green","tag-kyrie-irving","tag-luka-doncic","tag-nba-tag","tag-utah-jazz","sport-nba"],"acf":[],"yoast_head":"<!-- This site is optimized with the Yoast SEO plugin v24.2 - https:\/\/yoast.com\/wordpress\/plugins\/seo\/ -->\n<title>Dallas tr&egrave;s s&eacute;rieux en attendant Irving et sans Doncic - The Playoffs FR<\/title>\n<meta name=\"robots\" content=\"index, follow, max-snippet:-1, max-image-preview:large, max-video-preview:-1\" \/>\n<link rel=\"canonical\" href=\"https:\/\/theplayoffs.news\/fr\/actualite-nba\/dallas-serieux-sans-irving-doncic\/\" \/>\n<meta property=\"og:locale\" content=\"fr_FR\" \/>\n<meta property=\"og:type\" content=\"article\" \/>\n<meta property=\"og:title\" content=\"Dallas tr&egrave;s s&eacute;rieux en attendant Irving et sans Doncic - The Playoffs FR\" \/>\n<meta property=\"og:url\" content=\"https:\/\/theplayoffs.news\/fr\/actualite-nba\/dallas-serieux-sans-irving-doncic\/\" \/>\n<meta property=\"og:site_name\" content=\"The Playoffs FR\" \/>\n<meta property=\"article:publisher\" content=\"https:\/\/www.facebook.com\/TheFreeAgentFR\/\" \/>\n<meta property=\"article:modified_time\" content=\"2023-02-07T10:36:05+01:00\" \/>\n<meta property=\"og:image\" content=\"https:\/\/theplayoffs.news\/fr\/wp-content\/uploads\/2023\/02\/FA85F77A-57EA-4618-89E5-97E01ED6F046.jpeg\" \/>\n\t<meta property=\"og:image:width\" content=\"675\" \/>\n\t<meta property=\"og:image:height\" content=\"450\" \/>\n\t<meta property=\"og:image:type\" content=\"image\/jpeg\" \/>\n<meta name=\"author\" content=\"Alban Conejero\" \/>\n<meta name=\"twitter:card\" content=\"summary_large_image\" \/>\n<meta name=\"twitter:creator\" content=\"@TheFreeAgentFR\" \/>\n<meta name=\"twitter:site\" content=\"@TheFreeAgentFR\" \/>\n<meta name=\"twitter:label1\" content=\"\u00c9crit par\" \/>\n\t<meta name=\"twitter:data1\" content=\"Alban Conejero\" \/>\n\t<meta name=\"twitter:label2\" content=\"Dur\u00e9e de lecture estim\u00e9e\" \/>\n\t<meta name=\"twitter:data2\" content=\"1 minute\" \/>\n<script type=\"application\/ld+json\" class=\"yoast-schema-graph\">{\"@context\":\"https:\/\/schema.org\",\"@graph\":[{\"@type\":\"WebPage\",\"@id\":\"https:\/\/theplayoffs.news\/fr\/actualite-nba\/dallas-serieux-sans-irving-doncic\/\",\"url\":\"https:\/\/theplayoffs.news\/fr\/actualite-nba\/dallas-serieux-sans-irving-doncic\/\",\"name\":\"Dallas tr\u00e8s s\u00e9rieux en attendant Irving et sans Doncic - The Playoffs FR\",\"isPartOf\":{\"@id\":\"https:\/\/theplayoffs.news\/fr\/#website\"},\"primaryImageOfPage\":{\"@id\":\"https:\/\/theplayoffs.news\/fr\/actualite-nba\/dallas-serieux-sans-irving-doncic\/#primaryimage\"},\"image\":{\"@id\":\"https:\/\/theplayoffs.news\/fr\/actualite-nba\/dallas-serieux-sans-irving-doncic\/#primaryimage\"},\"thumbnailUrl\":\"https:\/\/theplayoffs.news\/fr\/wp-content\/uploads\/2023\/02\/FA85F77A-57EA-4618-89E5-97E01ED6F046.jpeg\",\"datePublished\":\"2023-02-07T09:35:48+00:00\",\"dateModified\":\"2023-02-07T09:36:05+00:00\",\"author\":{\"@id\":\"https:\/\/theplayoffs.news\/fr\/#\/schema\/person\/3dd6319a9057ecd181d2351cdb03ccd2\"},\"breadcrumb\":{\"@id\":\"https:\/\/theplayoffs.news\/fr\/actualite-nba\/dallas-serieux-sans-irving-doncic\/#breadcrumb\"},\"inLanguage\":\"fr-FR\",\"potentialAction\":[{\"@type\":\"ReadAction\",\"target\":[\"https:\/\/theplayoffs.news\/fr\/actualite-nba\/dallas-serieux-sans-irving-doncic\/\"]}]},{\"@type\":\"ImageObject\",\"inLanguage\":\"fr-FR\",\"@id\":\"https:\/\/theplayoffs.news\/fr\/actualite-nba\/dallas-serieux-sans-irving-doncic\/#primaryimage\",\"url\":\"https:\/\/theplayoffs.news\/fr\/wp-content\/uploads\/2023\/02\/FA85F77A-57EA-4618-89E5-97E01ED6F046.jpeg\",\"contentUrl\":\"https:\/\/theplayoffs.news\/fr\/wp-content\/uploads\/2023\/02\/FA85F77A-57EA-4618-89E5-97E01ED6F046.jpeg\",\"width\":675,\"height\":450,\"caption\":\"Dallas\"},{\"@type\":\"BreadcrumbList\",\"@id\":\"https:\/\/theplayoffs.news\/fr\/actualite-nba\/dallas-serieux-sans-irving-doncic\/#breadcrumb\",\"itemListElement\":[{\"@type\":\"ListItem\",\"position\":1,\"name\":\"Accueil\",\"item\":\"https:\/\/theplayoffs.news\/fr\/\"},{\"@type\":\"ListItem\",\"position\":2,\"name\":\"Dallas tr\u00e8s s\u00e9rieux en attendant Irving et sans Doncic\"}]},{\"@type\":\"WebSite\",\"@id\":\"https:\/\/theplayoffs.news\/fr\/#website\",\"url\":\"https:\/\/theplayoffs.news\/fr\/\",\"name\":\"The Playoffs FR\",\"description\":\"NBA-NFL-NHL-MLB\",\"potentialAction\":[{\"@type\":\"SearchAction\",\"target\":{\"@type\":\"EntryPoint\",\"urlTemplate\":\"https:\/\/theplayoffs.news\/fr\/?s={search_term_string}\"},\"query-input\":{\"@type\":\"PropertyValueSpecification\",\"valueRequired\":true,\"valueName\":\"search_term_string\"}}],\"inLanguage\":\"fr-FR\"},{\"@type\":\"Person\",\"@id\":\"https:\/\/theplayoffs.news\/fr\/#\/schema\/person\/3dd6319a9057ecd181d2351cdb03ccd2\",\"name\":\"Alban Conejero\",\"image\":{\"@type\":\"ImageObject\",\"inLanguage\":\"fr-FR\",\"@id\":\"https:\/\/theplayoffs.news\/fr\/#\/schema\/person\/image\/\",\"url\":\"https:\/\/secure.gravatar.com\/avatar\/ef2d5e8508f59dc7b4e42edb92917fc230c9f46d5eb7ec09de6d5b8e112de01f?s=96&d=mm&r=g\",\"contentUrl\":\"https:\/\/secure.gravatar.com\/avatar\/ef2d5e8508f59dc7b4e42edb92917fc230c9f46d5eb7ec09de6d5b8e112de01f?s=96&d=mm&r=g\",\"caption\":\"Alban Conejero\"},\"url\":\"https:\/\/theplayoffs.news\/fr\/author\/albanconejero26gmail-com\/\"}]}<\/script>\n<!-- \/ Yoast SEO plugin. -->","yoast_head_json":{"title":"Dallas tr&egrave;s s&eacute;rieux en attendant Irving et sans Doncic - The Playoffs FR","robots":{"index":"index","follow":"follow","max-snippet":"max-snippet:-1","max-image-preview":"max-image-preview:large","max-video-preview":"max-video-preview:-1"},"canonical":"https:\/\/theplayoffs.news\/fr\/actualite-nba\/dallas-serieux-sans-irving-doncic\/","og_locale":"fr_FR","og_type":"article","og_title":"Dallas tr&egrave;s s&eacute;rieux en attendant Irving et sans Doncic - The Playoffs FR","og_url":"https:\/\/theplayoffs.news\/fr\/actualite-nba\/dallas-serieux-sans-irving-doncic\/","og_site_name":"The Playoffs FR","article_publisher":"https:\/\/www.facebook.com\/TheFreeAgentFR\/","article_modified_time":"2023-02-07T09:36:05+00:00","og_image":[{"width":675,"height":450,"url":"https:\/\/theplayoffs.news\/fr\/wp-content\/uploads\/2023\/02\/FA85F77A-57EA-4618-89E5-97E01ED6F046.jpeg","type":"image\/jpeg"}],"author":"Alban Conejero","twitter_card":"summary_large_image","twitter_creator":"@TheFreeAgentFR","twitter_site":"@TheFreeAgentFR","twitter_misc":{"\u00c9crit par":"Alban Conejero","Dur\u00e9e de lecture estim\u00e9e":"1 minute"},"schema":{"@context":"https:\/\/schema.org","@graph":[{"@type":"WebPage","@id":"https:\/\/theplayoffs.news\/fr\/actualite-nba\/dallas-serieux-sans-irving-doncic\/","url":"https:\/\/theplayoffs.news\/fr\/actualite-nba\/dallas-serieux-sans-irving-doncic\/","name":"Dallas tr\u00e8s s\u00e9rieux en attendant Irving et sans Doncic - The Playoffs FR","isPartOf":{"@id":"https:\/\/theplayoffs.news\/fr\/#website"},"primaryImageOfPage":{"@id":"https:\/\/theplayoffs.news\/fr\/actualite-nba\/dallas-serieux-sans-irving-doncic\/#primaryimage"},"image":{"@id":"https:\/\/theplayoffs.news\/fr\/actualite-nba\/dallas-serieux-sans-irving-doncic\/#primaryimage"},"thumbnailUrl":"https:\/\/theplayoffs.news\/fr\/wp-content\/uploads\/2023\/02\/FA85F77A-57EA-4618-89E5-97E01ED6F046.jpeg","datePublished":"2023-02-07T09:35:48+00:00","dateModified":"2023-02-07T09:36:05+00:00","author":{"@id":"https:\/\/theplayoffs.news\/fr\/#\/schema\/person\/3dd6319a9057ecd181d2351cdb03ccd2"},"breadcrumb":{"@id":"https:\/\/theplayoffs.news\/fr\/actualite-nba\/dallas-serieux-sans-irving-doncic\/#breadcrumb"},"inLanguage":"fr-FR","potentialAction":[{"@type":"ReadAction","target":["https:\/\/theplayoffs.news\/fr\/actualite-nba\/dallas-serieux-sans-irving-doncic\/"]}]},{"@type":"ImageObject","inLanguage":"fr-FR","@id":"https:\/\/theplayoffs.news\/fr\/actualite-nba\/dallas-serieux-sans-irving-doncic\/#primaryimage","url":"https:\/\/theplayoffs.news\/fr\/wp-content\/uploads\/2023\/02\/FA85F77A-57EA-4618-89E5-97E01ED6F046.jpeg","contentUrl":"https:\/\/theplayoffs.news\/fr\/wp-content\/uploads\/2023\/02\/FA85F77A-57EA-4618-89E5-97E01ED6F046.jpeg","width":675,"height":450,"caption":"Dallas"},{"@type":"BreadcrumbList","@id":"https:\/\/theplayoffs.news\/fr\/actualite-nba\/dallas-serieux-sans-irving-doncic\/#breadcrumb","itemListElement":[{"@type":"ListItem","position":1,"name":"Accueil","item":"https:\/\/theplayoffs.news\/fr\/"},{"@type":"ListItem","position":2,"name":"Dallas tr\u00e8s s\u00e9rieux en attendant Irving et sans Doncic"}]},{"@type":"WebSite","@id":"https:\/\/theplayoffs.news\/fr\/#website","url":"https:\/\/theplayoffs.news\/fr\/","name":"The Playoffs FR","description":"NBA-NFL-NHL-MLB","potentialAction":[{"@type":"SearchAction","target":{"@type":"EntryPoint","urlTemplate":"https:\/\/theplayoffs.news\/fr\/?s={search_term_string}"},"query-input":{"@type":"PropertyValueSpecification","valueRequired":true,"valueName":"search_term_string"}}],"inLanguage":"fr-FR"},{"@type":"Person","@id":"https:\/\/theplayoffs.news\/fr\/#\/schema\/person\/3dd6319a9057ecd181d2351cdb03ccd2","name":"Alban Conejero","image":{"@type":"ImageObject","inLanguage":"fr-FR","@id":"https:\/\/theplayoffs.news\/fr\/#\/schema\/person\/image\/","url":"https:\/\/secure.gravatar.com\/avatar\/ef2d5e8508f59dc7b4e42edb92917fc230c9f46d5eb7ec09de6d5b8e112de01f?s=96&d=mm&r=g","contentUrl":"https:\/\/secure.gravatar.com\/avatar\/ef2d5e8508f59dc7b4e42edb92917fc230c9f46d5eb7ec09de6d5b8e112de01f?s=96&d=mm&r=g","caption":"Alban Conejero"},"url":"https:\/\/theplayoffs.news\/fr\/author\/albanconejero26gmail-com\/"}]}},"_links":{"self":[{"href":"https:\/\/theplayoffs.news\/fr\/wp-json\/wp\/v2\/posts\/562269","targetHints":{"allow":["GET"]}}],"collection":[{"href":"https:\/\/theplayoffs.news\/fr\/wp-json\/wp\/v2\/posts"}],"about":[{"href":"https:\/\/theplayoffs.news\/fr\/wp-json\/wp\/v2\/types\/post"}],"author":[{"embeddable":true,"href":"https:\/\/theplayoffs.news\/fr\/wp-json\/wp\/v2\/users\/180310139"}],"replies":[{"embeddable":true,"href":"https:\/\/theplayoffs.news\/fr\/wp-json\/wp\/v2\/comments?post=562269"}],"version-history":[{"count":2,"href":"https:\/\/theplayoffs.news\/fr\/wp-json\/wp\/v2\/posts\/562269\/revisions"}],"predecessor-version":[{"id":562371,"href":"https:\/\/theplayoffs.news\/fr\/wp-json\/wp\/v2\/posts\/562269\/revisions\/562371"}],"wp:featuredmedia":[{"embeddable":true,"href":"https:\/\/theplayoffs.news\/fr\/wp-json\/wp\/v2\/media\/562369"}],"wp:attachment":[{"href":"https:\/\/theplayoffs.news\/fr\/wp-json\/wp\/v2\/media?parent=562269"}],"wp:term":[{"taxonomy":"category","embeddable":true,"href":"https:\/\/theplayoffs.news\/fr\/wp-json\/wp\/v2\/categories?post=562269"},{"taxonomy":"post_tag","embeddable":true,"href":"https:\/\/theplayoffs.news\/fr\/wp-json\/wp\/v2\/tags?post=562269"},{"taxonomy":"sport","embeddable":true,"href":"https:\/\/theplayoffs.news\/fr\/wp-json\/wp\/v2\/sport?post=562269"},{"taxonomy":"saison","embeddable":true,"href":"https:\/\/theplayoffs.news\/fr\/wp-json\/wp\/v2\/saison?post=562269"}],"curies":[{"name":"wp","href":"https:\/\/api.w.org\/{rel}","templated":true}]}}