{"id":560874,"date":"2023-02-06T20:10:38","date_gmt":"2023-02-06T19:10:38","guid":{"rendered":"https:\/\/theplayoffs.news\/fr\/?p=560874"},"modified":"2023-02-06T20:12:06","modified_gmt":"2023-02-06T19:12:06","slug":"le-heat-en-quete-de-renfort","status":"publish","type":"post","link":"https:\/\/theplayoffs.news\/fr\/actualite-nba\/le-heat-en-quete-de-renfort\/","title":{"rendered":"Le Heat en qu\u00eate de renfort"},"content":{"rendered":"<h2><strong>Class&eacute;s sixi&egrave;mes de la Conf&eacute;rence Est, le Heat de Miami voit s&rsquo;&eacute;loigner le quint&eacute; de t&ecirc;te match apr&egrave;s match.<\/strong><\/h2><p>Apr&egrave;s un d&eacute;but de saison poussif, g&ecirc;n&eacute;s par les blessures, les floridiens souhaitent renforcer leur &eacute;quipe en vue de la fin de saison.<\/p><p>Pour ce, Pat Riley et le management du Heat ont construit une offre autour de Duncan Robinson, Dwayne Dedmon et un First Round Pick, dont l&rsquo;ann&eacute;e n&rsquo;a pas &eacute;t&eacute; pr&eacute;cis&eacute;e. D&eacute;cevant depuis la Bulle d&rsquo;Orlando (2020), le snipeur non-draft&eacute; se trouve dans la seconde ann&eacute;e de son contrat de 5 ans (90 millions de dollars) et le Heat, semblant vouloir s&rsquo;en s&eacute;parer, d&eacute;cide donc de sonder le march&eacute;.<\/p><p>Deux autres joueurs ont &eacute;galement &eacute;t&eacute; &eacute;voqu&eacute;s. Tout d&rsquo;abord, Nikola Jovic, issu de la Draft 2022 et ayant tr&egrave;s peu jou&eacute; cette saison ainsi que le meneur v&eacute;t&eacute;ran Kyle Lowry.<\/p><p>Concernant les diff&eacute;rentes cibles, peu de noms circulent &agrave; l&rsquo;exception de <a href=\"https:\/\/theplayoffs.news\/fr\/joueur\/grant-williams-nba-8132436\/\" class=\"trk-cta-link\" data-cta-trk='{\"ctaType\":\"Link\",\"ctaSubType\":\"main\"}'><strong>Grant Williams<\/strong><\/a> (Boston), <a href=\"https:\/\/theplayoffs.news\/fr\/joueur\/o-g-anunoby-nba-7869438\/\" class=\"trk-cta-link\" data-cta-trk='{\"ctaType\":\"Link\",\"ctaSubType\":\"main\"}'><strong>O.G. Anunoby<\/strong><\/a> et Fred Van Vleet (Toronto) r&eacute;cemment.<\/p><p>R&eacute;ponse dans les jours &agrave; venir<\/p>\n","protected":false},"excerpt":{"rendered":"","protected":false},"author":180310142,"featured_media":560876,"comment_status":"open","ping_status":"closed","sticky":false,"template":"","format":"standard","meta":{"inline_featured_image":false,"kia_subtitle":"","_mux_skip_reasons":[],"proofreadBy":0,"footnotes":""},"categories":[110,10],"tags":[854],"sport":[],"saison":[],"class_list":["post-560874","post","type-post","status-publish","format-standard","has-post-thumbnail","hentry","category-actualite-nba","category-nba","tag-toronto-raptors"],"acf":[],"yoast_head":"<!-- This site is optimized with the Yoast SEO plugin v24.2 - https:\/\/yoast.com\/wordpress\/plugins\/seo\/ -->\n<title>Le Heat en qu&ecirc;te de renfort - The Playoffs FR<\/title>\n<meta name=\"robots\" content=\"index, follow, max-snippet:-1, max-image-preview:large, max-video-preview:-1\" \/>\n<link rel=\"canonical\" href=\"https:\/\/theplayoffs.news\/fr\/actualite-nba\/le-heat-en-quete-de-renfort\/\" \/>\n<meta property=\"og:locale\" content=\"fr_FR\" \/>\n<meta property=\"og:type\" content=\"article\" \/>\n<meta property=\"og:title\" content=\"Le Heat en qu&ecirc;te de renfort - The Playoffs FR\" \/>\n<meta property=\"og:url\" content=\"https:\/\/theplayoffs.news\/fr\/actualite-nba\/le-heat-en-quete-de-renfort\/\" \/>\n<meta property=\"og:site_name\" content=\"The Playoffs FR\" \/>\n<meta property=\"article:publisher\" content=\"https:\/\/www.facebook.com\/TheFreeAgentFR\/\" \/>\n<meta property=\"article:modified_time\" content=\"2023-02-06T20:12:06+01:00\" \/>\n<meta property=\"og:image\" content=\"https:\/\/theplayoffs.news\/fr\/wp-content\/uploads\/2023\/02\/1447802874.0.jpg\" \/>\n\t<meta property=\"og:image:width\" content=\"1200\" \/>\n\t<meta property=\"og:image:height\" content=\"800\" \/>\n\t<meta property=\"og:image:type\" content=\"image\/jpeg\" \/>\n<meta name=\"author\" content=\"Arnaud Fady\" \/>\n<meta name=\"twitter:card\" content=\"summary_large_image\" \/>\n<meta name=\"twitter:creator\" content=\"@TheFreeAgentFR\" \/>\n<meta name=\"twitter:site\" content=\"@TheFreeAgentFR\" \/>\n<meta name=\"twitter:label1\" content=\"\u00c9crit par\" \/>\n\t<meta name=\"twitter:data1\" content=\"Arnaud Fady\" \/>\n\t<meta name=\"twitter:label2\" content=\"Dur\u00e9e de lecture estim\u00e9e\" \/>\n\t<meta name=\"twitter:data2\" content=\"1 minute\" \/>\n<script type=\"application\/ld+json\" class=\"yoast-schema-graph\">{\"@context\":\"https:\/\/schema.org\",\"@graph\":[{\"@type\":\"WebPage\",\"@id\":\"https:\/\/theplayoffs.news\/fr\/actualite-nba\/le-heat-en-quete-de-renfort\/\",\"url\":\"https:\/\/theplayoffs.news\/fr\/actualite-nba\/le-heat-en-quete-de-renfort\/\",\"name\":\"Le Heat en qu\u00eate de renfort - The Playoffs FR\",\"isPartOf\":{\"@id\":\"https:\/\/theplayoffs.news\/fr\/#website\"},\"primaryImageOfPage\":{\"@id\":\"https:\/\/theplayoffs.news\/fr\/actualite-nba\/le-heat-en-quete-de-renfort\/#primaryimage\"},\"image\":{\"@id\":\"https:\/\/theplayoffs.news\/fr\/actualite-nba\/le-heat-en-quete-de-renfort\/#primaryimage\"},\"thumbnailUrl\":\"https:\/\/theplayoffs.news\/fr\/wp-content\/uploads\/2023\/02\/1447802874.0.jpg\",\"datePublished\":\"2023-02-06T19:10:38+00:00\",\"dateModified\":\"2023-02-06T19:12:06+00:00\",\"author\":{\"@id\":\"https:\/\/theplayoffs.news\/fr\/#\/schema\/person\/a21cdc575c17111d7f6899967fe61a18\"},\"breadcrumb\":{\"@id\":\"https:\/\/theplayoffs.news\/fr\/actualite-nba\/le-heat-en-quete-de-renfort\/#breadcrumb\"},\"inLanguage\":\"fr-FR\",\"potentialAction\":[{\"@type\":\"ReadAction\",\"target\":[\"https:\/\/theplayoffs.news\/fr\/actualite-nba\/le-heat-en-quete-de-renfort\/\"]}]},{\"@type\":\"ImageObject\",\"inLanguage\":\"fr-FR\",\"@id\":\"https:\/\/theplayoffs.news\/fr\/actualite-nba\/le-heat-en-quete-de-renfort\/#primaryimage\",\"url\":\"https:\/\/theplayoffs.news\/fr\/wp-content\/uploads\/2023\/02\/1447802874.0.jpg\",\"contentUrl\":\"https:\/\/theplayoffs.news\/fr\/wp-content\/uploads\/2023\/02\/1447802874.0.jpg\",\"width\":1200,\"height\":800,\"caption\":\"Heat\"},{\"@type\":\"BreadcrumbList\",\"@id\":\"https:\/\/theplayoffs.news\/fr\/actualite-nba\/le-heat-en-quete-de-renfort\/#breadcrumb\",\"itemListElement\":[{\"@type\":\"ListItem\",\"position\":1,\"name\":\"Accueil\",\"item\":\"https:\/\/theplayoffs.news\/fr\/\"},{\"@type\":\"ListItem\",\"position\":2,\"name\":\"Le Heat en qu\u00eate de renfort\"}]},{\"@type\":\"WebSite\",\"@id\":\"https:\/\/theplayoffs.news\/fr\/#website\",\"url\":\"https:\/\/theplayoffs.news\/fr\/\",\"name\":\"The Playoffs FR\",\"description\":\"NBA-NFL-NHL-MLB\",\"potentialAction\":[{\"@type\":\"SearchAction\",\"target\":{\"@type\":\"EntryPoint\",\"urlTemplate\":\"https:\/\/theplayoffs.news\/fr\/?s={search_term_string}\"},\"query-input\":{\"@type\":\"PropertyValueSpecification\",\"valueRequired\":true,\"valueName\":\"search_term_string\"}}],\"inLanguage\":\"fr-FR\"},{\"@type\":\"Person\",\"@id\":\"https:\/\/theplayoffs.news\/fr\/#\/schema\/person\/a21cdc575c17111d7f6899967fe61a18\",\"name\":\"Arnaud Fady\",\"image\":{\"@type\":\"ImageObject\",\"inLanguage\":\"fr-FR\",\"@id\":\"https:\/\/theplayoffs.news\/fr\/#\/schema\/person\/image\/\",\"url\":\"https:\/\/secure.gravatar.com\/avatar\/3b57ebcdabda285cfd0874ae32ea4b83ff0f2234ba690313ed4f9eec404cd4a4?s=96&d=mm&r=g\",\"contentUrl\":\"https:\/\/secure.gravatar.com\/avatar\/3b57ebcdabda285cfd0874ae32ea4b83ff0f2234ba690313ed4f9eec404cd4a4?s=96&d=mm&r=g\",\"caption\":\"Arnaud Fady\"},\"url\":\"https:\/\/theplayoffs.news\/fr\/author\/arnaud-fadyoutlook-com\/\"}]}<\/script>\n<!-- \/ Yoast SEO plugin. -->","yoast_head_json":{"title":"Le Heat en qu&ecirc;te de renfort - The Playoffs FR","robots":{"index":"index","follow":"follow","max-snippet":"max-snippet:-1","max-image-preview":"max-image-preview:large","max-video-preview":"max-video-preview:-1"},"canonical":"https:\/\/theplayoffs.news\/fr\/actualite-nba\/le-heat-en-quete-de-renfort\/","og_locale":"fr_FR","og_type":"article","og_title":"Le Heat en qu&ecirc;te de renfort - The Playoffs FR","og_url":"https:\/\/theplayoffs.news\/fr\/actualite-nba\/le-heat-en-quete-de-renfort\/","og_site_name":"The Playoffs FR","article_publisher":"https:\/\/www.facebook.com\/TheFreeAgentFR\/","article_modified_time":"2023-02-06T19:12:06+00:00","og_image":[{"width":1200,"height":800,"url":"https:\/\/theplayoffs.news\/fr\/wp-content\/uploads\/2023\/02\/1447802874.0.jpg","type":"image\/jpeg"}],"author":"Arnaud Fady","twitter_card":"summary_large_image","twitter_creator":"@TheFreeAgentFR","twitter_site":"@TheFreeAgentFR","twitter_misc":{"\u00c9crit par":"Arnaud Fady","Dur\u00e9e de lecture estim\u00e9e":"1 minute"},"schema":{"@context":"https:\/\/schema.org","@graph":[{"@type":"WebPage","@id":"https:\/\/theplayoffs.news\/fr\/actualite-nba\/le-heat-en-quete-de-renfort\/","url":"https:\/\/theplayoffs.news\/fr\/actualite-nba\/le-heat-en-quete-de-renfort\/","name":"Le Heat en qu\u00eate de renfort - The Playoffs FR","isPartOf":{"@id":"https:\/\/theplayoffs.news\/fr\/#website"},"primaryImageOfPage":{"@id":"https:\/\/theplayoffs.news\/fr\/actualite-nba\/le-heat-en-quete-de-renfort\/#primaryimage"},"image":{"@id":"https:\/\/theplayoffs.news\/fr\/actualite-nba\/le-heat-en-quete-de-renfort\/#primaryimage"},"thumbnailUrl":"https:\/\/theplayoffs.news\/fr\/wp-content\/uploads\/2023\/02\/1447802874.0.jpg","datePublished":"2023-02-06T19:10:38+00:00","dateModified":"2023-02-06T19:12:06+00:00","author":{"@id":"https:\/\/theplayoffs.news\/fr\/#\/schema\/person\/a21cdc575c17111d7f6899967fe61a18"},"breadcrumb":{"@id":"https:\/\/theplayoffs.news\/fr\/actualite-nba\/le-heat-en-quete-de-renfort\/#breadcrumb"},"inLanguage":"fr-FR","potentialAction":[{"@type":"ReadAction","target":["https:\/\/theplayoffs.news\/fr\/actualite-nba\/le-heat-en-quete-de-renfort\/"]}]},{"@type":"ImageObject","inLanguage":"fr-FR","@id":"https:\/\/theplayoffs.news\/fr\/actualite-nba\/le-heat-en-quete-de-renfort\/#primaryimage","url":"https:\/\/theplayoffs.news\/fr\/wp-content\/uploads\/2023\/02\/1447802874.0.jpg","contentUrl":"https:\/\/theplayoffs.news\/fr\/wp-content\/uploads\/2023\/02\/1447802874.0.jpg","width":1200,"height":800,"caption":"Heat"},{"@type":"BreadcrumbList","@id":"https:\/\/theplayoffs.news\/fr\/actualite-nba\/le-heat-en-quete-de-renfort\/#breadcrumb","itemListElement":[{"@type":"ListItem","position":1,"name":"Accueil","item":"https:\/\/theplayoffs.news\/fr\/"},{"@type":"ListItem","position":2,"name":"Le Heat en qu\u00eate de renfort"}]},{"@type":"WebSite","@id":"https:\/\/theplayoffs.news\/fr\/#website","url":"https:\/\/theplayoffs.news\/fr\/","name":"The Playoffs FR","description":"NBA-NFL-NHL-MLB","potentialAction":[{"@type":"SearchAction","target":{"@type":"EntryPoint","urlTemplate":"https:\/\/theplayoffs.news\/fr\/?s={search_term_string}"},"query-input":{"@type":"PropertyValueSpecification","valueRequired":true,"valueName":"search_term_string"}}],"inLanguage":"fr-FR"},{"@type":"Person","@id":"https:\/\/theplayoffs.news\/fr\/#\/schema\/person\/a21cdc575c17111d7f6899967fe61a18","name":"Arnaud Fady","image":{"@type":"ImageObject","inLanguage":"fr-FR","@id":"https:\/\/theplayoffs.news\/fr\/#\/schema\/person\/image\/","url":"https:\/\/secure.gravatar.com\/avatar\/3b57ebcdabda285cfd0874ae32ea4b83ff0f2234ba690313ed4f9eec404cd4a4?s=96&d=mm&r=g","contentUrl":"https:\/\/secure.gravatar.com\/avatar\/3b57ebcdabda285cfd0874ae32ea4b83ff0f2234ba690313ed4f9eec404cd4a4?s=96&d=mm&r=g","caption":"Arnaud Fady"},"url":"https:\/\/theplayoffs.news\/fr\/author\/arnaud-fadyoutlook-com\/"}]}},"_links":{"self":[{"href":"https:\/\/theplayoffs.news\/fr\/wp-json\/wp\/v2\/posts\/560874","targetHints":{"allow":["GET"]}}],"collection":[{"href":"https:\/\/theplayoffs.news\/fr\/wp-json\/wp\/v2\/posts"}],"about":[{"href":"https:\/\/theplayoffs.news\/fr\/wp-json\/wp\/v2\/types\/post"}],"author":[{"embeddable":true,"href":"https:\/\/theplayoffs.news\/fr\/wp-json\/wp\/v2\/users\/180310142"}],"replies":[{"embeddable":true,"href":"https:\/\/theplayoffs.news\/fr\/wp-json\/wp\/v2\/comments?post=560874"}],"version-history":[{"count":2,"href":"https:\/\/theplayoffs.news\/fr\/wp-json\/wp\/v2\/posts\/560874\/revisions"}],"predecessor-version":[{"id":560878,"href":"https:\/\/theplayoffs.news\/fr\/wp-json\/wp\/v2\/posts\/560874\/revisions\/560878"}],"wp:featuredmedia":[{"embeddable":true,"href":"https:\/\/theplayoffs.news\/fr\/wp-json\/wp\/v2\/media\/560876"}],"wp:attachment":[{"href":"https:\/\/theplayoffs.news\/fr\/wp-json\/wp\/v2\/media?parent=560874"}],"wp:term":[{"taxonomy":"category","embeddable":true,"href":"https:\/\/theplayoffs.news\/fr\/wp-json\/wp\/v2\/categories?post=560874"},{"taxonomy":"post_tag","embeddable":true,"href":"https:\/\/theplayoffs.news\/fr\/wp-json\/wp\/v2\/tags?post=560874"},{"taxonomy":"sport","embeddable":true,"href":"https:\/\/theplayoffs.news\/fr\/wp-json\/wp\/v2\/sport?post=560874"},{"taxonomy":"saison","embeddable":true,"href":"https:\/\/theplayoffs.news\/fr\/wp-json\/wp\/v2\/saison?post=560874"}],"curies":[{"name":"wp","href":"https:\/\/api.w.org\/{rel}","templated":true}]}}