{"id":560868,"date":"2023-02-06T19:25:10","date_gmt":"2023-02-06T18:25:10","guid":{"rendered":"https:\/\/theplayoffs.news\/fr\/?p=560868"},"modified":"2023-02-06T19:25:11","modified_gmt":"2023-02-06T18:25:11","slug":"matt-ryan-va-t-il-poursuivre-sa-carriere","status":"publish","type":"post","link":"https:\/\/theplayoffs.news\/fr\/actualite-nfl\/matt-ryan-va-t-il-poursuivre-sa-carriere\/","title":{"rendered":"Matt Ryan va-t-il poursuivre sa carri\u00e8re ?"},"content":{"rendered":"<h2>Matt Ryan ne sait pas de quoi son avenir sera fait. Il est actuellement sous contrat avec les Colts d&rsquo;Indianapolis mais son futur ne d&eacute;pend pas que de lui.<\/h2><p><a href=\"https:\/\/theplayoffs.news\/fr\/joueur\/matt-ryan-nfl-22474\/\" class=\"trk-cta-link\" data-cta-trk='{\"ctaType\":\"Link\",\"ctaSubType\":\"main\"}'>Matt Ryan<\/a> a pass&eacute; 14 saisons sous les couleurs des Falcons d&rsquo;Atlanta. Il a rejoint cette saison les <strong>Colts d&rsquo;Indianapolis<\/strong> mais il n&rsquo;a pas connu le m&ecirc;me succ&egrave;s qu&rsquo;avec la franchise de G&eacute;orgie.<\/p><blockquote class=\"twitter-tweet\" data-width=\"500\" data-dnt=\"true\">\n<p lang=\"en\" dir=\"ltr\">Breaking: The Falcons are trading QB Matt Ryan to the Colts, sources tell @diannaESPN, <a href=\"https:\/\/twitter.com\/mortreport?ref_src=twsrc%5Etfw\" class=\"trk-cta-link\" data-cta-trk='{\"ctaType\":\"Link\",\"ctaSubType\":\"main\"}'>@mortreport<\/a> and <a href=\"https:\/\/twitter.com\/AdamSchefter?ref_src=twsrc%5Etfw\" class=\"trk-cta-link\" data-cta-trk='{\"ctaType\":\"Link\",\"ctaSubType\":\"main\"}'>@AdamSchefter<\/a>.<\/p>\n<p>The Colts will send a 2022 third-round pick. <a href=\"https:\/\/t.co\/VcX5ZarzTH\" class=\"trk-cta-link\" data-cta-trk='{\"ctaType\":\"Link\",\"ctaSubType\":\"main\"}'>pic.twitter.com\/VcX5ZarzTH<\/a><\/p>\n<p>&mdash; ESPN (@espn) <a href=\"https:\/\/twitter.com\/espn\/status\/1505964591750205453?ref_src=twsrc%5Etfw\" class=\"trk-cta-link\" data-cta-trk='{\"ctaType\":\"Link\",\"ctaSubType\":\"main\"}'>March 21, 2022<\/a><\/p><\/blockquote><p><script async src=\"https:\/\/platform.twitter.com\/widgets.js\" charset=\"utf-8\"><\/script><\/p><p>Les Colts d&rsquo;Indianapolis ont fini la saison avec <strong>4 victoires, 12 d&eacute;faites et un nul<\/strong>. Les performances de l&rsquo;&eacute;quipe ont &eacute;t&eacute; inqui&eacute;tantes et ne sait clairement pas quelle(s) direction(s) prendre. Cela se confirme avec le cas Matt Ryan.<\/p><p>L&rsquo;ancien quarterback des <strong>Falcons<\/strong> n&rsquo;a pas cach&eacute; son envie de continuer mais il sait qu&rsquo;il y a des choses qui doivent &ecirc;tre pris en compte.<\/p><blockquote><p>&laquo;&nbsp;J&rsquo;aime toujours jouer&nbsp;&raquo;, a dit Ryan apr&egrave;s la fin de la saison. &laquo; Je ne suis &eacute;videmment engag&eacute; &agrave; rien. Il faut voir comment &ccedil;a se d&eacute;goupille. Mais j&rsquo;aime toujours jouer et j&rsquo;ai toujours l&rsquo;impression que, honn&ecirc;tement, il reste beaucoup de bon football. Donc, nous verrons&nbsp;&raquo;.<\/p><\/blockquote><p><strong>Le quarterback<\/strong> ne sait pas s&rsquo;il souhaite continuer et si les Colts vont le garder.<\/p><p>En effet, Ryan a un contrat qui s&rsquo;&eacute;l&egrave;ve &agrave; un peu plus de <strong>29 millions de dollars<\/strong> par an. Pour la saison 2023-24, s&rsquo;il reste sous contrat il aura d&eacute;j&agrave; 12 millions qui lui seront garantis. Donc le quarterback n&rsquo;a clairement pas &agrave; rompre son contrat s&rsquo;il souhaite toucher cette somme.<\/p><p>Les Colts d&rsquo;Indianapolis, s&rsquo;il se s&eacute;pare de <strong>Matt Ryan<\/strong>, pourra garder dans ses caisses <strong>17 millions de dollars<\/strong>, ce qui n&rsquo;est absolument pas n&eacute;gligeable. Un autre param&egrave;tre entre en compte sur le choix de la franchise ou non de continuer avec le v&eacute;t&eacute;ran.<\/p><p>Lors de la prochaine draft, les <strong>Colts<\/strong> auront le 4&egrave; choix et voudront s&ucirc;rement se procurer les services d&rsquo;un quarterback. Mais l&rsquo;id&eacute;e de garder Ryan dans l&rsquo;effectif afin de faire progresser le jeune au m&ecirc;me poste que lui peut &ecirc;tre soulev&eacute;e.<\/p><p>Mais le gros probl&egrave;me de cette &eacute;quation est ailleurs.<\/p><p>Les Colts d&rsquo;Indianapolis n&rsquo;ont toujours pas de coach &agrave; ce jour et c&rsquo;est un gros probl&egrave;me pour pouvoir prendre des d&eacute;cisions et conna&icirc;tre les objectifs de la franchise.<\/p><p>Matt Ryan, apr&egrave;s la saison, s&rsquo;est distingu&eacute; pendant les s&eacute;ries &eacute;liminatoires en tant que consultant pour l&rsquo;une des cha&icirc;nes am&eacute;ricaines diffusant la NFL. Il s&rsquo;est <a href=\"https:\/\/twitter.com\/NFLonCBS\/status\/1617178175242661890\" class=\"trk-cta-link\" data-cta-trk='{\"ctaType\":\"Link\",\"ctaSubType\":\"main\"}'>montr&eacute; tr&egrave;s &agrave; l&rsquo;aise<\/a> et &ccedil;a n&rsquo;a &eacute;chapp&eacute; &agrave; personne qu&rsquo;il pourrait faire de la t&eacute;l&eacute;vision apr&egrave;s sa carri&egrave;re.<\/p><p>La balle n&rsquo;est donc pas seulement dans le camp de <strong>Matt Ryan<\/strong>.<\/p>\n","protected":false},"excerpt":{"rendered":"","protected":false},"author":180310140,"featured_media":560869,"comment_status":"open","ping_status":"closed","sticky":false,"template":"","format":"standard","meta":{"inline_featured_image":false,"kia_subtitle":"","_mux_skip_reasons":[],"proofreadBy":0,"footnotes":""},"categories":[118,40],"tags":[509,425],"sport":[],"saison":[],"class_list":["post-560868","post","type-post","status-publish","format-standard","has-post-thumbnail","hentry","category-actualite-nfl","category-nfl","tag-indianapolis-colts","tag-matt-ryan"],"acf":[],"yoast_head":"<!-- This site is optimized with the Yoast SEO plugin v24.2 - https:\/\/yoast.com\/wordpress\/plugins\/seo\/ -->\n<title>Matt Ryan va-t-il poursuivre sa carri&egrave;re ? - The Playoffs FR<\/title>\n<meta name=\"robots\" content=\"index, follow, max-snippet:-1, max-image-preview:large, max-video-preview:-1\" \/>\n<link rel=\"canonical\" href=\"https:\/\/theplayoffs.news\/fr\/actualite-nfl\/matt-ryan-va-t-il-poursuivre-sa-carriere\/\" \/>\n<meta property=\"og:locale\" content=\"fr_FR\" \/>\n<meta property=\"og:type\" content=\"article\" \/>\n<meta property=\"og:title\" content=\"Matt Ryan va-t-il poursuivre sa carri&egrave;re ? - The Playoffs FR\" \/>\n<meta property=\"og:url\" content=\"https:\/\/theplayoffs.news\/fr\/actualite-nfl\/matt-ryan-va-t-il-poursuivre-sa-carriere\/\" \/>\n<meta property=\"og:site_name\" content=\"The Playoffs FR\" \/>\n<meta property=\"article:publisher\" content=\"https:\/\/www.facebook.com\/TheFreeAgentFR\/\" \/>\n<meta property=\"article:modified_time\" content=\"2023-02-06T19:25:11+01:00\" \/>\n<meta property=\"og:image\" content=\"https:\/\/theplayoffs.news\/fr\/wp-content\/uploads\/2023\/02\/Matt-Ryan.webp\" \/>\n\t<meta property=\"og:image:width\" content=\"1000\" \/>\n\t<meta property=\"og:image:height\" content=\"600\" \/>\n\t<meta property=\"og:image:type\" content=\"image\/webp\" \/>\n<meta name=\"author\" content=\"Theophile Batica-ferreira\" \/>\n<meta name=\"twitter:card\" content=\"summary_large_image\" \/>\n<meta name=\"twitter:creator\" content=\"@TheFreeAgentFR\" \/>\n<meta name=\"twitter:site\" content=\"@TheFreeAgentFR\" \/>\n<meta name=\"twitter:label1\" content=\"\u00c9crit par\" \/>\n\t<meta name=\"twitter:data1\" content=\"Theophile Batica-ferreira\" \/>\n\t<meta name=\"twitter:label2\" content=\"Dur\u00e9e de lecture estim\u00e9e\" \/>\n\t<meta name=\"twitter:data2\" content=\"2 minutes\" \/>\n<script type=\"application\/ld+json\" class=\"yoast-schema-graph\">{\"@context\":\"https:\/\/schema.org\",\"@graph\":[{\"@type\":\"WebPage\",\"@id\":\"https:\/\/theplayoffs.news\/fr\/actualite-nfl\/matt-ryan-va-t-il-poursuivre-sa-carriere\/\",\"url\":\"https:\/\/theplayoffs.news\/fr\/actualite-nfl\/matt-ryan-va-t-il-poursuivre-sa-carriere\/\",\"name\":\"Matt Ryan va-t-il poursuivre sa carri\u00e8re ? - The Playoffs FR\",\"isPartOf\":{\"@id\":\"https:\/\/theplayoffs.news\/fr\/#website\"},\"primaryImageOfPage\":{\"@id\":\"https:\/\/theplayoffs.news\/fr\/actualite-nfl\/matt-ryan-va-t-il-poursuivre-sa-carriere\/#primaryimage\"},\"image\":{\"@id\":\"https:\/\/theplayoffs.news\/fr\/actualite-nfl\/matt-ryan-va-t-il-poursuivre-sa-carriere\/#primaryimage\"},\"thumbnailUrl\":\"https:\/\/theplayoffs.news\/fr\/wp-content\/uploads\/2023\/02\/Matt-Ryan.webp\",\"datePublished\":\"2023-02-06T18:25:10+00:00\",\"dateModified\":\"2023-02-06T18:25:11+00:00\",\"author\":{\"@id\":\"https:\/\/theplayoffs.news\/fr\/#\/schema\/person\/28782e5d11e28ced1db43166cecdaae9\"},\"breadcrumb\":{\"@id\":\"https:\/\/theplayoffs.news\/fr\/actualite-nfl\/matt-ryan-va-t-il-poursuivre-sa-carriere\/#breadcrumb\"},\"inLanguage\":\"fr-FR\",\"potentialAction\":[{\"@type\":\"ReadAction\",\"target\":[\"https:\/\/theplayoffs.news\/fr\/actualite-nfl\/matt-ryan-va-t-il-poursuivre-sa-carriere\/\"]}]},{\"@type\":\"ImageObject\",\"inLanguage\":\"fr-FR\",\"@id\":\"https:\/\/theplayoffs.news\/fr\/actualite-nfl\/matt-ryan-va-t-il-poursuivre-sa-carriere\/#primaryimage\",\"url\":\"https:\/\/theplayoffs.news\/fr\/wp-content\/uploads\/2023\/02\/Matt-Ryan.webp\",\"contentUrl\":\"https:\/\/theplayoffs.news\/fr\/wp-content\/uploads\/2023\/02\/Matt-Ryan.webp\",\"width\":1000,\"height\":600,\"caption\":\"Matt Ryan\"},{\"@type\":\"BreadcrumbList\",\"@id\":\"https:\/\/theplayoffs.news\/fr\/actualite-nfl\/matt-ryan-va-t-il-poursuivre-sa-carriere\/#breadcrumb\",\"itemListElement\":[{\"@type\":\"ListItem\",\"position\":1,\"name\":\"Accueil\",\"item\":\"https:\/\/theplayoffs.news\/fr\/\"},{\"@type\":\"ListItem\",\"position\":2,\"name\":\"Matt Ryan va-t-il poursuivre sa carri\u00e8re ?\"}]},{\"@type\":\"WebSite\",\"@id\":\"https:\/\/theplayoffs.news\/fr\/#website\",\"url\":\"https:\/\/theplayoffs.news\/fr\/\",\"name\":\"The Playoffs FR\",\"description\":\"NBA-NFL-NHL-MLB\",\"potentialAction\":[{\"@type\":\"SearchAction\",\"target\":{\"@type\":\"EntryPoint\",\"urlTemplate\":\"https:\/\/theplayoffs.news\/fr\/?s={search_term_string}\"},\"query-input\":{\"@type\":\"PropertyValueSpecification\",\"valueRequired\":true,\"valueName\":\"search_term_string\"}}],\"inLanguage\":\"fr-FR\"},{\"@type\":\"Person\",\"@id\":\"https:\/\/theplayoffs.news\/fr\/#\/schema\/person\/28782e5d11e28ced1db43166cecdaae9\",\"name\":\"Theophile Batica-ferreira\",\"image\":{\"@type\":\"ImageObject\",\"inLanguage\":\"fr-FR\",\"@id\":\"https:\/\/theplayoffs.news\/fr\/#\/schema\/person\/image\/\",\"url\":\"https:\/\/secure.gravatar.com\/avatar\/2a8200ad0411f8ebd27c6b41622c1d7589cdf53cfc6c271372dbe6fbfd1e8159?s=96&d=mm&r=g\",\"contentUrl\":\"https:\/\/secure.gravatar.com\/avatar\/2a8200ad0411f8ebd27c6b41622c1d7589cdf53cfc6c271372dbe6fbfd1e8159?s=96&d=mm&r=g\",\"caption\":\"Theophile Batica-ferreira\"},\"url\":\"https:\/\/theplayoffs.news\/fr\/author\/theophile-batica-ferreiramediaschool-me\/\"}]}<\/script>\n<!-- \/ Yoast SEO plugin. -->","yoast_head_json":{"title":"Matt Ryan va-t-il poursuivre sa carri&egrave;re ? - The Playoffs FR","robots":{"index":"index","follow":"follow","max-snippet":"max-snippet:-1","max-image-preview":"max-image-preview:large","max-video-preview":"max-video-preview:-1"},"canonical":"https:\/\/theplayoffs.news\/fr\/actualite-nfl\/matt-ryan-va-t-il-poursuivre-sa-carriere\/","og_locale":"fr_FR","og_type":"article","og_title":"Matt Ryan va-t-il poursuivre sa carri&egrave;re ? - The Playoffs FR","og_url":"https:\/\/theplayoffs.news\/fr\/actualite-nfl\/matt-ryan-va-t-il-poursuivre-sa-carriere\/","og_site_name":"The Playoffs FR","article_publisher":"https:\/\/www.facebook.com\/TheFreeAgentFR\/","article_modified_time":"2023-02-06T18:25:11+00:00","og_image":[{"width":1000,"height":600,"url":"https:\/\/theplayoffs.news\/fr\/wp-content\/uploads\/2023\/02\/Matt-Ryan.webp","type":"image\/webp"}],"author":"Theophile Batica-ferreira","twitter_card":"summary_large_image","twitter_creator":"@TheFreeAgentFR","twitter_site":"@TheFreeAgentFR","twitter_misc":{"\u00c9crit par":"Theophile Batica-ferreira","Dur\u00e9e de lecture estim\u00e9e":"2 minutes"},"schema":{"@context":"https:\/\/schema.org","@graph":[{"@type":"WebPage","@id":"https:\/\/theplayoffs.news\/fr\/actualite-nfl\/matt-ryan-va-t-il-poursuivre-sa-carriere\/","url":"https:\/\/theplayoffs.news\/fr\/actualite-nfl\/matt-ryan-va-t-il-poursuivre-sa-carriere\/","name":"Matt Ryan va-t-il poursuivre sa carri\u00e8re ? - The Playoffs FR","isPartOf":{"@id":"https:\/\/theplayoffs.news\/fr\/#website"},"primaryImageOfPage":{"@id":"https:\/\/theplayoffs.news\/fr\/actualite-nfl\/matt-ryan-va-t-il-poursuivre-sa-carriere\/#primaryimage"},"image":{"@id":"https:\/\/theplayoffs.news\/fr\/actualite-nfl\/matt-ryan-va-t-il-poursuivre-sa-carriere\/#primaryimage"},"thumbnailUrl":"https:\/\/theplayoffs.news\/fr\/wp-content\/uploads\/2023\/02\/Matt-Ryan.webp","datePublished":"2023-02-06T18:25:10+00:00","dateModified":"2023-02-06T18:25:11+00:00","author":{"@id":"https:\/\/theplayoffs.news\/fr\/#\/schema\/person\/28782e5d11e28ced1db43166cecdaae9"},"breadcrumb":{"@id":"https:\/\/theplayoffs.news\/fr\/actualite-nfl\/matt-ryan-va-t-il-poursuivre-sa-carriere\/#breadcrumb"},"inLanguage":"fr-FR","potentialAction":[{"@type":"ReadAction","target":["https:\/\/theplayoffs.news\/fr\/actualite-nfl\/matt-ryan-va-t-il-poursuivre-sa-carriere\/"]}]},{"@type":"ImageObject","inLanguage":"fr-FR","@id":"https:\/\/theplayoffs.news\/fr\/actualite-nfl\/matt-ryan-va-t-il-poursuivre-sa-carriere\/#primaryimage","url":"https:\/\/theplayoffs.news\/fr\/wp-content\/uploads\/2023\/02\/Matt-Ryan.webp","contentUrl":"https:\/\/theplayoffs.news\/fr\/wp-content\/uploads\/2023\/02\/Matt-Ryan.webp","width":1000,"height":600,"caption":"Matt Ryan"},{"@type":"BreadcrumbList","@id":"https:\/\/theplayoffs.news\/fr\/actualite-nfl\/matt-ryan-va-t-il-poursuivre-sa-carriere\/#breadcrumb","itemListElement":[{"@type":"ListItem","position":1,"name":"Accueil","item":"https:\/\/theplayoffs.news\/fr\/"},{"@type":"ListItem","position":2,"name":"Matt Ryan va-t-il poursuivre sa carri\u00e8re ?"}]},{"@type":"WebSite","@id":"https:\/\/theplayoffs.news\/fr\/#website","url":"https:\/\/theplayoffs.news\/fr\/","name":"The Playoffs FR","description":"NBA-NFL-NHL-MLB","potentialAction":[{"@type":"SearchAction","target":{"@type":"EntryPoint","urlTemplate":"https:\/\/theplayoffs.news\/fr\/?s={search_term_string}"},"query-input":{"@type":"PropertyValueSpecification","valueRequired":true,"valueName":"search_term_string"}}],"inLanguage":"fr-FR"},{"@type":"Person","@id":"https:\/\/theplayoffs.news\/fr\/#\/schema\/person\/28782e5d11e28ced1db43166cecdaae9","name":"Theophile Batica-ferreira","image":{"@type":"ImageObject","inLanguage":"fr-FR","@id":"https:\/\/theplayoffs.news\/fr\/#\/schema\/person\/image\/","url":"https:\/\/secure.gravatar.com\/avatar\/2a8200ad0411f8ebd27c6b41622c1d7589cdf53cfc6c271372dbe6fbfd1e8159?s=96&d=mm&r=g","contentUrl":"https:\/\/secure.gravatar.com\/avatar\/2a8200ad0411f8ebd27c6b41622c1d7589cdf53cfc6c271372dbe6fbfd1e8159?s=96&d=mm&r=g","caption":"Theophile Batica-ferreira"},"url":"https:\/\/theplayoffs.news\/fr\/author\/theophile-batica-ferreiramediaschool-me\/"}]}},"_links":{"self":[{"href":"https:\/\/theplayoffs.news\/fr\/wp-json\/wp\/v2\/posts\/560868","targetHints":{"allow":["GET"]}}],"collection":[{"href":"https:\/\/theplayoffs.news\/fr\/wp-json\/wp\/v2\/posts"}],"about":[{"href":"https:\/\/theplayoffs.news\/fr\/wp-json\/wp\/v2\/types\/post"}],"author":[{"embeddable":true,"href":"https:\/\/theplayoffs.news\/fr\/wp-json\/wp\/v2\/users\/180310140"}],"replies":[{"embeddable":true,"href":"https:\/\/theplayoffs.news\/fr\/wp-json\/wp\/v2\/comments?post=560868"}],"version-history":[{"count":3,"href":"https:\/\/theplayoffs.news\/fr\/wp-json\/wp\/v2\/posts\/560868\/revisions"}],"predecessor-version":[{"id":560873,"href":"https:\/\/theplayoffs.news\/fr\/wp-json\/wp\/v2\/posts\/560868\/revisions\/560873"}],"wp:featuredmedia":[{"embeddable":true,"href":"https:\/\/theplayoffs.news\/fr\/wp-json\/wp\/v2\/media\/560869"}],"wp:attachment":[{"href":"https:\/\/theplayoffs.news\/fr\/wp-json\/wp\/v2\/media?parent=560868"}],"wp:term":[{"taxonomy":"category","embeddable":true,"href":"https:\/\/theplayoffs.news\/fr\/wp-json\/wp\/v2\/categories?post=560868"},{"taxonomy":"post_tag","embeddable":true,"href":"https:\/\/theplayoffs.news\/fr\/wp-json\/wp\/v2\/tags?post=560868"},{"taxonomy":"sport","embeddable":true,"href":"https:\/\/theplayoffs.news\/fr\/wp-json\/wp\/v2\/sport?post=560868"},{"taxonomy":"saison","embeddable":true,"href":"https:\/\/theplayoffs.news\/fr\/wp-json\/wp\/v2\/saison?post=560868"}],"curies":[{"name":"wp","href":"https:\/\/api.w.org\/{rel}","templated":true}]}}