{"id":560854,"date":"2023-02-06T17:55:05","date_gmt":"2023-02-06T16:55:05","guid":{"rendered":"https:\/\/theplayoffs.news\/fr\/?p=560854"},"modified":"2023-02-06T17:56:07","modified_gmt":"2023-02-06T16:56:07","slug":"lawrence-optimiste-apres-la-saison-des-jaguars","status":"publish","type":"post","link":"https:\/\/theplayoffs.news\/fr\/actualite-nfl\/lawrence-optimiste-apres-la-saison-des-jaguars\/","title":{"rendered":"Lawrence optimiste apr\u00e8s la saison des Jaguars"},"content":{"rendered":"<h2>Trevor Lawrence a connu une excellente saison avec les Jaguars qui ont atteint les Divisional rounds (&eacute;limination face aux Chiefs de Kansas City, 20-27). Le quarterback de Jacksonville croit au futur de la franchise.<\/h2><p><a href=\"https:\/\/theplayoffs.news\/fr\/joueur\/trevor-lawrence-nfl-8720620\/\" class=\"trk-cta-link\" data-cta-trk='{\"ctaType\":\"Link\",\"ctaSubType\":\"main\"}'>Trevor Lawrence<\/a> peut &ecirc;tre fier de ce qu&rsquo;a accompli les <strong>Jaguars de Jacksonville<\/strong> cette saison. Ces derniers ont remport&eacute; l&rsquo;<strong>AFC Sud<\/strong> (9-8), ont &eacute;limin&eacute;s les <strong>Chargers de Los Angeles<\/strong> dans l&rsquo;un des plus grands comebacks de la <strong>NFL<\/strong> en s&eacute;ries &eacute;liminatoires (30-31) et se sont inclin&eacute;s avec les honneurs face aux <strong>Chiefs de Kansas City<\/strong> (20-27).<\/p><p>Le futur de la franchise promet d&rsquo;&ecirc;tre radieuse. Et ce n&rsquo;&eacute;tait pas la direction que prenait Jacksonville apr&egrave;s la premi&egrave;re saison de Trevor Lawrence. En effet, les Jaguars avaient fini avec un bilan de <strong>3 victoires et 14 d&eacute;faites<\/strong>.<\/p><blockquote class=\"twitter-tweet\" data-width=\"500\" data-dnt=\"true\">\n<p lang=\"en\" dir=\"ltr\">\"We know that we belong and we're with that top group of teams.\" <a href=\"https:\/\/twitter.com\/Jaguars?ref_src=twsrc%5Etfw\" class=\"trk-cta-link\" data-cta-trk='{\"ctaType\":\"Link\",\"ctaSubType\":\"main\"}'>@Jaguars<\/a> QB <a href=\"https:\/\/twitter.com\/Trevorlawrencee?ref_src=twsrc%5Etfw\" class=\"trk-cta-link\" data-cta-trk='{\"ctaType\":\"Link\",\"ctaSubType\":\"main\"}'>@TrevorLawrencee<\/a> discussed how the future is bright in Jacksonville and HC Doug Pederson.<a href=\"https:\/\/twitter.com\/hashtag\/Jaguars?src=hash&amp;ref_src=twsrc%5Etfw\" class=\"trk-cta-link\" data-cta-trk='{\"ctaType\":\"Link\",\"ctaSubType\":\"main\"}'>#Jaguars<\/a> | <a href=\"https:\/\/twitter.com\/hashtag\/DUUUVAL?src=hash&amp;ref_src=twsrc%5Etfw\" class=\"trk-cta-link\" data-cta-trk='{\"ctaType\":\"Link\",\"ctaSubType\":\"main\"}'>#DUUUVAL<\/a> | <a href=\"https:\/\/twitter.com\/hashtag\/ProBowl?src=hash&amp;ref_src=twsrc%5Etfw\" class=\"trk-cta-link\" data-cta-trk='{\"ctaType\":\"Link\",\"ctaSubType\":\"main\"}'>#ProBowl<\/a> <a href=\"https:\/\/t.co\/IIlDcq5Uha\" class=\"trk-cta-link\" data-cta-trk='{\"ctaType\":\"Link\",\"ctaSubType\":\"main\"}'>pic.twitter.com\/IIlDcq5Uha<\/a><\/p>\n<p>&mdash; SiriusXM NFL Radio (@SiriusXMNFL) <a href=\"https:\/\/twitter.com\/SiriusXMNFL\/status\/1622631333062234114?ref_src=twsrc%5Etfw\" class=\"trk-cta-link\" data-cta-trk='{\"ctaType\":\"Link\",\"ctaSubType\":\"main\"}'>February 6, 2023<\/a><\/p><\/blockquote><p><script async src=\"https:\/\/platform.twitter.com\/widgets.js\" charset=\"utf-8\"><\/script><\/p><p>La <strong>saison 2022-23<\/strong> a donn&eacute; de l&rsquo;espoir pour les ann&eacute;es &agrave; venir pour l&rsquo;&eacute;quipe entra&icirc;n&eacute; par <a href=\"https:\/\/theplayoffs.news\/fr\/nfl\/doug-pederson-lhomme-parfait-des-jaguars\/\" class=\"trk-cta-link\" data-cta-trk='{\"ctaType\":\"Link\",\"ctaSubType\":\"main\"}'>Doug Pederson<\/a>. En tout cas, c&rsquo;est ce <a href=\"https:\/\/profootballtalk.nbcsports.com\/2023\/02\/06\/trevor-lawrence-i-have-a-lot-more-confidence-in-where-were-going\/\" class=\"trk-cta-link\" data-cta-trk='{\"ctaType\":\"Link\",\"ctaSubType\":\"main\"}'>que pense Lawrence<\/a>.<\/p><blockquote><p>&nbsp;&raquo;&nbsp;Beaucoup de choses ont chang&eacute;. C&rsquo;est un peu plus facile de voir&nbsp;<a href=\"https:\/\/www.nfl.com\/news\/jaguars-qb-trevor-lawrence-on-what-s-changed-in-one-year-s-time-i-have-a-lot-mor\" class=\"trk-cta-link\" data-cta-trk='{\"ctaType\":\"Link\",\"ctaSubType\":\"main\"}'>la direction que nous prenons<\/a> &raquo;, a d&eacute;clar&eacute; Lawrence, via Grant Gordon de NFL Media. &laquo;&nbsp;&Eacute;videmment, chaque ann&eacute;e est diff&eacute;rente, chaque ann&eacute;e est nouvelle et vous devez partir de z&eacute;ro. Mais juste la culture que nous avons construite &agrave; Jacksonville, par rapport &agrave; la m&ecirc;me p&eacute;riode l&rsquo;ann&eacute;e derni&egrave;re, j&rsquo;ai beaucoup plus confiance dans la direction que nous allons prendre. Nous avons notre entra&icirc;neur, nous avons beaucoup de nos gars qui reviennent en attaque, en d&eacute;fense&nbsp;&raquo;.<\/p><\/blockquote><p>Une stabilit&eacute; s&rsquo;est donc install&eacute; dans cette &eacute;quipe des Jaguars.<\/p><p>Trevor Lawrence a r&eacute;alis&eacute; une tr&egrave;s belle saison avec<strong> 4 113 yards<\/strong> &agrave; la passe, <strong>25 touchdowns et 8 interceptions<\/strong>.<\/p>\n","protected":false},"excerpt":{"rendered":"","protected":false},"author":180310140,"featured_media":560863,"comment_status":"open","ping_status":"closed","sticky":false,"template":"","format":"standard","meta":{"inline_featured_image":false,"kia_subtitle":"","_mux_skip_reasons":[],"proofreadBy":0,"footnotes":""},"categories":[118,40],"tags":[787,510,256],"sport":[],"saison":[],"class_list":["post-560854","post","type-post","status-publish","format-standard","has-post-thumbnail","hentry","category-actualite-nfl","category-nfl","tag-doug-pederson","tag-jacksonville-jaguars","tag-trevor-lawrence"],"acf":[],"yoast_head":"<!-- This site is optimized with the Yoast SEO plugin v24.2 - https:\/\/yoast.com\/wordpress\/plugins\/seo\/ -->\n<title>Lawrence optimiste apr&egrave;s la saison des Jaguars - The Playoffs FR<\/title>\n<meta name=\"robots\" content=\"index, follow, max-snippet:-1, max-image-preview:large, max-video-preview:-1\" \/>\n<link rel=\"canonical\" href=\"https:\/\/theplayoffs.news\/fr\/actualite-nfl\/lawrence-optimiste-apres-la-saison-des-jaguars\/\" \/>\n<meta property=\"og:locale\" content=\"fr_FR\" \/>\n<meta property=\"og:type\" content=\"article\" \/>\n<meta property=\"og:title\" content=\"Lawrence optimiste apr&egrave;s la saison des Jaguars - The Playoffs FR\" \/>\n<meta property=\"og:url\" content=\"https:\/\/theplayoffs.news\/fr\/actualite-nfl\/lawrence-optimiste-apres-la-saison-des-jaguars\/\" \/>\n<meta property=\"og:site_name\" content=\"The Playoffs FR\" \/>\n<meta property=\"article:publisher\" content=\"https:\/\/www.facebook.com\/TheFreeAgentFR\/\" \/>\n<meta property=\"article:modified_time\" content=\"2023-02-06T17:56:07+01:00\" \/>\n<meta property=\"og:image\" content=\"https:\/\/theplayoffs.news\/fr\/wp-content\/uploads\/2023\/02\/Trevor-Lawrence.jpg\" \/>\n\t<meta property=\"og:image:width\" content=\"1200\" \/>\n\t<meta property=\"og:image:height\" content=\"800\" \/>\n\t<meta property=\"og:image:type\" content=\"image\/jpeg\" \/>\n<meta name=\"author\" content=\"Theophile Batica-ferreira\" \/>\n<meta name=\"twitter:card\" content=\"summary_large_image\" \/>\n<meta name=\"twitter:creator\" content=\"@TheFreeAgentFR\" \/>\n<meta name=\"twitter:site\" content=\"@TheFreeAgentFR\" \/>\n<meta name=\"twitter:label1\" content=\"\u00c9crit par\" \/>\n\t<meta name=\"twitter:data1\" content=\"Theophile Batica-ferreira\" \/>\n\t<meta name=\"twitter:label2\" content=\"Dur\u00e9e de lecture estim\u00e9e\" \/>\n\t<meta name=\"twitter:data2\" content=\"1 minute\" \/>\n<script type=\"application\/ld+json\" class=\"yoast-schema-graph\">{\"@context\":\"https:\/\/schema.org\",\"@graph\":[{\"@type\":\"WebPage\",\"@id\":\"https:\/\/theplayoffs.news\/fr\/actualite-nfl\/lawrence-optimiste-apres-la-saison-des-jaguars\/\",\"url\":\"https:\/\/theplayoffs.news\/fr\/actualite-nfl\/lawrence-optimiste-apres-la-saison-des-jaguars\/\",\"name\":\"Lawrence optimiste apr\u00e8s la saison des Jaguars - The Playoffs FR\",\"isPartOf\":{\"@id\":\"https:\/\/theplayoffs.news\/fr\/#website\"},\"primaryImageOfPage\":{\"@id\":\"https:\/\/theplayoffs.news\/fr\/actualite-nfl\/lawrence-optimiste-apres-la-saison-des-jaguars\/#primaryimage\"},\"image\":{\"@id\":\"https:\/\/theplayoffs.news\/fr\/actualite-nfl\/lawrence-optimiste-apres-la-saison-des-jaguars\/#primaryimage\"},\"thumbnailUrl\":\"https:\/\/theplayoffs.news\/fr\/wp-content\/uploads\/2023\/02\/Trevor-Lawrence.jpg\",\"datePublished\":\"2023-02-06T16:55:05+00:00\",\"dateModified\":\"2023-02-06T16:56:07+00:00\",\"author\":{\"@id\":\"https:\/\/theplayoffs.news\/fr\/#\/schema\/person\/28782e5d11e28ced1db43166cecdaae9\"},\"breadcrumb\":{\"@id\":\"https:\/\/theplayoffs.news\/fr\/actualite-nfl\/lawrence-optimiste-apres-la-saison-des-jaguars\/#breadcrumb\"},\"inLanguage\":\"fr-FR\",\"potentialAction\":[{\"@type\":\"ReadAction\",\"target\":[\"https:\/\/theplayoffs.news\/fr\/actualite-nfl\/lawrence-optimiste-apres-la-saison-des-jaguars\/\"]}]},{\"@type\":\"ImageObject\",\"inLanguage\":\"fr-FR\",\"@id\":\"https:\/\/theplayoffs.news\/fr\/actualite-nfl\/lawrence-optimiste-apres-la-saison-des-jaguars\/#primaryimage\",\"url\":\"https:\/\/theplayoffs.news\/fr\/wp-content\/uploads\/2023\/02\/Trevor-Lawrence.jpg\",\"contentUrl\":\"https:\/\/theplayoffs.news\/fr\/wp-content\/uploads\/2023\/02\/Trevor-Lawrence.jpg\",\"width\":1200,\"height\":800,\"caption\":\"Trevor Lawrence\"},{\"@type\":\"BreadcrumbList\",\"@id\":\"https:\/\/theplayoffs.news\/fr\/actualite-nfl\/lawrence-optimiste-apres-la-saison-des-jaguars\/#breadcrumb\",\"itemListElement\":[{\"@type\":\"ListItem\",\"position\":1,\"name\":\"Accueil\",\"item\":\"https:\/\/theplayoffs.news\/fr\/\"},{\"@type\":\"ListItem\",\"position\":2,\"name\":\"Lawrence optimiste apr\u00e8s la saison des Jaguars\"}]},{\"@type\":\"WebSite\",\"@id\":\"https:\/\/theplayoffs.news\/fr\/#website\",\"url\":\"https:\/\/theplayoffs.news\/fr\/\",\"name\":\"The Playoffs FR\",\"description\":\"NBA-NFL-NHL-MLB\",\"potentialAction\":[{\"@type\":\"SearchAction\",\"target\":{\"@type\":\"EntryPoint\",\"urlTemplate\":\"https:\/\/theplayoffs.news\/fr\/?s={search_term_string}\"},\"query-input\":{\"@type\":\"PropertyValueSpecification\",\"valueRequired\":true,\"valueName\":\"search_term_string\"}}],\"inLanguage\":\"fr-FR\"},{\"@type\":\"Person\",\"@id\":\"https:\/\/theplayoffs.news\/fr\/#\/schema\/person\/28782e5d11e28ced1db43166cecdaae9\",\"name\":\"Theophile Batica-ferreira\",\"image\":{\"@type\":\"ImageObject\",\"inLanguage\":\"fr-FR\",\"@id\":\"https:\/\/theplayoffs.news\/fr\/#\/schema\/person\/image\/\",\"url\":\"https:\/\/secure.gravatar.com\/avatar\/2a8200ad0411f8ebd27c6b41622c1d7589cdf53cfc6c271372dbe6fbfd1e8159?s=96&d=mm&r=g\",\"contentUrl\":\"https:\/\/secure.gravatar.com\/avatar\/2a8200ad0411f8ebd27c6b41622c1d7589cdf53cfc6c271372dbe6fbfd1e8159?s=96&d=mm&r=g\",\"caption\":\"Theophile Batica-ferreira\"},\"url\":\"https:\/\/theplayoffs.news\/fr\/author\/theophile-batica-ferreiramediaschool-me\/\"}]}<\/script>\n<!-- \/ Yoast SEO plugin. -->","yoast_head_json":{"title":"Lawrence optimiste apr&egrave;s la saison des Jaguars - The Playoffs FR","robots":{"index":"index","follow":"follow","max-snippet":"max-snippet:-1","max-image-preview":"max-image-preview:large","max-video-preview":"max-video-preview:-1"},"canonical":"https:\/\/theplayoffs.news\/fr\/actualite-nfl\/lawrence-optimiste-apres-la-saison-des-jaguars\/","og_locale":"fr_FR","og_type":"article","og_title":"Lawrence optimiste apr&egrave;s la saison des Jaguars - The Playoffs FR","og_url":"https:\/\/theplayoffs.news\/fr\/actualite-nfl\/lawrence-optimiste-apres-la-saison-des-jaguars\/","og_site_name":"The Playoffs FR","article_publisher":"https:\/\/www.facebook.com\/TheFreeAgentFR\/","article_modified_time":"2023-02-06T16:56:07+00:00","og_image":[{"width":1200,"height":800,"url":"https:\/\/theplayoffs.news\/fr\/wp-content\/uploads\/2023\/02\/Trevor-Lawrence.jpg","type":"image\/jpeg"}],"author":"Theophile Batica-ferreira","twitter_card":"summary_large_image","twitter_creator":"@TheFreeAgentFR","twitter_site":"@TheFreeAgentFR","twitter_misc":{"\u00c9crit par":"Theophile Batica-ferreira","Dur\u00e9e de lecture estim\u00e9e":"1 minute"},"schema":{"@context":"https:\/\/schema.org","@graph":[{"@type":"WebPage","@id":"https:\/\/theplayoffs.news\/fr\/actualite-nfl\/lawrence-optimiste-apres-la-saison-des-jaguars\/","url":"https:\/\/theplayoffs.news\/fr\/actualite-nfl\/lawrence-optimiste-apres-la-saison-des-jaguars\/","name":"Lawrence optimiste apr\u00e8s la saison des Jaguars - The Playoffs FR","isPartOf":{"@id":"https:\/\/theplayoffs.news\/fr\/#website"},"primaryImageOfPage":{"@id":"https:\/\/theplayoffs.news\/fr\/actualite-nfl\/lawrence-optimiste-apres-la-saison-des-jaguars\/#primaryimage"},"image":{"@id":"https:\/\/theplayoffs.news\/fr\/actualite-nfl\/lawrence-optimiste-apres-la-saison-des-jaguars\/#primaryimage"},"thumbnailUrl":"https:\/\/theplayoffs.news\/fr\/wp-content\/uploads\/2023\/02\/Trevor-Lawrence.jpg","datePublished":"2023-02-06T16:55:05+00:00","dateModified":"2023-02-06T16:56:07+00:00","author":{"@id":"https:\/\/theplayoffs.news\/fr\/#\/schema\/person\/28782e5d11e28ced1db43166cecdaae9"},"breadcrumb":{"@id":"https:\/\/theplayoffs.news\/fr\/actualite-nfl\/lawrence-optimiste-apres-la-saison-des-jaguars\/#breadcrumb"},"inLanguage":"fr-FR","potentialAction":[{"@type":"ReadAction","target":["https:\/\/theplayoffs.news\/fr\/actualite-nfl\/lawrence-optimiste-apres-la-saison-des-jaguars\/"]}]},{"@type":"ImageObject","inLanguage":"fr-FR","@id":"https:\/\/theplayoffs.news\/fr\/actualite-nfl\/lawrence-optimiste-apres-la-saison-des-jaguars\/#primaryimage","url":"https:\/\/theplayoffs.news\/fr\/wp-content\/uploads\/2023\/02\/Trevor-Lawrence.jpg","contentUrl":"https:\/\/theplayoffs.news\/fr\/wp-content\/uploads\/2023\/02\/Trevor-Lawrence.jpg","width":1200,"height":800,"caption":"Trevor Lawrence"},{"@type":"BreadcrumbList","@id":"https:\/\/theplayoffs.news\/fr\/actualite-nfl\/lawrence-optimiste-apres-la-saison-des-jaguars\/#breadcrumb","itemListElement":[{"@type":"ListItem","position":1,"name":"Accueil","item":"https:\/\/theplayoffs.news\/fr\/"},{"@type":"ListItem","position":2,"name":"Lawrence optimiste apr\u00e8s la saison des Jaguars"}]},{"@type":"WebSite","@id":"https:\/\/theplayoffs.news\/fr\/#website","url":"https:\/\/theplayoffs.news\/fr\/","name":"The Playoffs FR","description":"NBA-NFL-NHL-MLB","potentialAction":[{"@type":"SearchAction","target":{"@type":"EntryPoint","urlTemplate":"https:\/\/theplayoffs.news\/fr\/?s={search_term_string}"},"query-input":{"@type":"PropertyValueSpecification","valueRequired":true,"valueName":"search_term_string"}}],"inLanguage":"fr-FR"},{"@type":"Person","@id":"https:\/\/theplayoffs.news\/fr\/#\/schema\/person\/28782e5d11e28ced1db43166cecdaae9","name":"Theophile Batica-ferreira","image":{"@type":"ImageObject","inLanguage":"fr-FR","@id":"https:\/\/theplayoffs.news\/fr\/#\/schema\/person\/image\/","url":"https:\/\/secure.gravatar.com\/avatar\/2a8200ad0411f8ebd27c6b41622c1d7589cdf53cfc6c271372dbe6fbfd1e8159?s=96&d=mm&r=g","contentUrl":"https:\/\/secure.gravatar.com\/avatar\/2a8200ad0411f8ebd27c6b41622c1d7589cdf53cfc6c271372dbe6fbfd1e8159?s=96&d=mm&r=g","caption":"Theophile Batica-ferreira"},"url":"https:\/\/theplayoffs.news\/fr\/author\/theophile-batica-ferreiramediaschool-me\/"}]}},"_links":{"self":[{"href":"https:\/\/theplayoffs.news\/fr\/wp-json\/wp\/v2\/posts\/560854","targetHints":{"allow":["GET"]}}],"collection":[{"href":"https:\/\/theplayoffs.news\/fr\/wp-json\/wp\/v2\/posts"}],"about":[{"href":"https:\/\/theplayoffs.news\/fr\/wp-json\/wp\/v2\/types\/post"}],"author":[{"embeddable":true,"href":"https:\/\/theplayoffs.news\/fr\/wp-json\/wp\/v2\/users\/180310140"}],"replies":[{"embeddable":true,"href":"https:\/\/theplayoffs.news\/fr\/wp-json\/wp\/v2\/comments?post=560854"}],"version-history":[{"count":2,"href":"https:\/\/theplayoffs.news\/fr\/wp-json\/wp\/v2\/posts\/560854\/revisions"}],"predecessor-version":[{"id":560865,"href":"https:\/\/theplayoffs.news\/fr\/wp-json\/wp\/v2\/posts\/560854\/revisions\/560865"}],"wp:featuredmedia":[{"embeddable":true,"href":"https:\/\/theplayoffs.news\/fr\/wp-json\/wp\/v2\/media\/560863"}],"wp:attachment":[{"href":"https:\/\/theplayoffs.news\/fr\/wp-json\/wp\/v2\/media?parent=560854"}],"wp:term":[{"taxonomy":"category","embeddable":true,"href":"https:\/\/theplayoffs.news\/fr\/wp-json\/wp\/v2\/categories?post=560854"},{"taxonomy":"post_tag","embeddable":true,"href":"https:\/\/theplayoffs.news\/fr\/wp-json\/wp\/v2\/tags?post=560854"},{"taxonomy":"sport","embeddable":true,"href":"https:\/\/theplayoffs.news\/fr\/wp-json\/wp\/v2\/sport?post=560854"},{"taxonomy":"saison","embeddable":true,"href":"https:\/\/theplayoffs.news\/fr\/wp-json\/wp\/v2\/saison?post=560854"}],"curies":[{"name":"wp","href":"https:\/\/api.w.org\/{rel}","templated":true}]}}