{"id":560846,"date":"2023-02-06T17:18:28","date_gmt":"2023-02-06T16:18:28","guid":{"rendered":"https:\/\/theplayoffs.news\/fr\/?p=560846"},"modified":"2023-02-06T17:18:29","modified_gmt":"2023-02-06T16:18:29","slug":"rumeurs-nets-mavericks","status":"publish","type":"post","link":"https:\/\/theplayoffs.news\/fr\/actualite-nba\/rumeurs-nets-mavericks\/","title":{"rendered":"Les rumeurs s&rsquo;accumulent chez les Nets et les Mavericks"},"content":{"rendered":"<h2><strong>Apr&egrave;s le trade de Kyrie Irving des&nbsp;Brooklyn Nets vers les Dallas Mavericks, les deux franchises ne semblent pas avoir finies leurs emplettes.<\/strong><\/h2><p>En effet, pr&eacute;parez vous &agrave; du mouvement des deux c&ocirc;t&eacute;s d&rsquo;ici jeudi soir. Voici les derni&egrave;res rumeurs.<\/p><p>C&ocirc;t&eacute; Mavericks, <a href=\"https:\/\/theplayoffs.news\/fr\/nba-basketball\/kyrie-irving-echange-a-dallas\/\" class=\"trk-cta-link\" data-cta-trk='{\"ctaType\":\"Link\",\"ctaSubType\":\"main\"}'>l&rsquo;arriv&eacute;e de Kyrie Irving<\/a> va &eacute;pauler Luka Doncic en attaque, faisant d&rsquo;eux probablement le back court le plus dangereux de la ligue. En d&eacute;fense cependant, cela laisse &agrave; d&eacute;sirer. D&eacute;j&agrave; 24<sup>&egrave;me<\/sup> d&eacute;fense de la ligue (en Defensive Net Rating), les hommes de Jason Kidd vont en plus devoir pallier le d&eacute;part de Dorian Finney Smith, l&rsquo;un de leurs meilleurs d&eacute;fenseurs. Si Josh Green et Jaden Hardy ont &eacute;t&eacute; &eacute;cart&eacute;s des n&eacute;gociations avec les Nets et devraient rester dans le Texas, ce n&rsquo;est peut-&ecirc;tre pas le cas de Christian Wood.<\/p><p>Selon <a href=\"https:\/\/twitter.com\/CallieCaplan\" class=\"trk-cta-link\" data-cta-trk='{\"ctaType\":\"Link\",\"ctaSubType\":\"main\"}'>Callie Caplan<\/a>, il serait le Maverick le plus &agrave; m&ecirc;me d&rsquo;&ecirc;tre &eacute;chang&eacute; dans les jours qui viennent. A noter &eacute;galement que les Cavaliers se sont renseign&eacute;s sur Tim Hardaway Jr r&eacute;cemment.<\/p><p>A Brooklyn maintenant, les fans sont en plein doute quant &agrave; la trajectoire que va prendre Joe Tsai et son management. Deux options &eacute;mergent naturellement. Tout d&rsquo;abord, Kevin Durant pourrait demander son transfert d&rsquo;ici jeudi. Silencieux depuis le d&eacute;but de l&rsquo;histoire Kyrie Irving, il ne faut pas oublier qu&rsquo;il avait d&eacute;j&agrave; demand&eacute; &agrave; partir cet &eacute;t&eacute;. Les Suns, recal&eacute;s pour Kyrie Irving, semblent aussi int&eacute;ress&eacute;s par le Snake, avec un package probablement autour de Deandre Ayton, Chris Paul et des First Round Picks.<\/p><p>Autre possibilit&eacute;, les Nets pourraient souhaiter remplacer Kyrie Irving pour entourer Kevin Durant selon The Athletic. Fraichement revenu &agrave; New York, Spencer Dinwiddie a d&eacute;j&agrave; &eacute;t&eacute; &eacute;voqu&eacute; comme une pi&egrave;ce d&rsquo;&eacute;change int&eacute;ressante. Brooklyn poss&egrave;de 3 First Round Picks et de nombreux profils attirants pour d&rsquo;autres franchises, par exemple Toronto.<\/p><p>Une chose est certaine, les jours &agrave; venir vont &ecirc;tre riches en rebondissements, particuli&egrave;rement pour les Nets et les Mavericks. Le premier domino est tomb&eacute; hier soir, plusieurs autres risquent de suivre rapidement&hellip;<\/p>\n","protected":false},"excerpt":{"rendered":"","protected":false},"author":180310142,"featured_media":560848,"comment_status":"open","ping_status":"closed","sticky":false,"template":"","format":"standard","meta":{"inline_featured_image":false,"kia_subtitle":"","_mux_skip_reasons":[],"proofreadBy":0,"footnotes":""},"categories":[110,10],"tags":[499,595],"sport":[],"saison":[],"class_list":["post-560846","post","type-post","status-publish","format-standard","has-post-thumbnail","hentry","category-actualite-nba","category-nba","tag-brooklyn-nets","tag-dallas-mavericks"],"acf":[],"yoast_head":"<!-- This site is optimized with the Yoast SEO plugin v24.2 - https:\/\/yoast.com\/wordpress\/plugins\/seo\/ -->\n<title>Les rumeurs s&#039;accumulent chez les Nets et les Mavericks - The Playoffs FR<\/title>\n<meta name=\"robots\" content=\"index, follow, max-snippet:-1, max-image-preview:large, max-video-preview:-1\" \/>\n<link rel=\"canonical\" href=\"https:\/\/theplayoffs.news\/fr\/actualite-nba\/rumeurs-nets-mavericks\/\" \/>\n<meta property=\"og:locale\" content=\"fr_FR\" \/>\n<meta property=\"og:type\" content=\"article\" \/>\n<meta property=\"og:title\" content=\"Les rumeurs s&#039;accumulent chez les Nets et les Mavericks - The Playoffs FR\" \/>\n<meta property=\"og:url\" content=\"https:\/\/theplayoffs.news\/fr\/actualite-nba\/rumeurs-nets-mavericks\/\" \/>\n<meta property=\"og:site_name\" content=\"The Playoffs FR\" \/>\n<meta property=\"article:publisher\" content=\"https:\/\/www.facebook.com\/TheFreeAgentFR\/\" \/>\n<meta property=\"article:modified_time\" content=\"2023-02-06T17:18:29+01:00\" \/>\n<meta property=\"og:image\" content=\"https:\/\/theplayoffs.news\/fr\/wp-content\/uploads\/2023\/02\/tinywow_christian-wood-getty_13240014.jpg\" \/>\n\t<meta property=\"og:image:width\" content=\"1200\" \/>\n\t<meta property=\"og:image:height\" content=\"675\" \/>\n\t<meta property=\"og:image:type\" content=\"image\/jpeg\" \/>\n<meta name=\"author\" content=\"Arnaud Fady\" \/>\n<meta name=\"twitter:card\" content=\"summary_large_image\" \/>\n<meta name=\"twitter:creator\" content=\"@TheFreeAgentFR\" \/>\n<meta name=\"twitter:site\" content=\"@TheFreeAgentFR\" \/>\n<meta name=\"twitter:label1\" content=\"\u00c9crit par\" \/>\n\t<meta name=\"twitter:data1\" content=\"Arnaud Fady\" \/>\n\t<meta name=\"twitter:label2\" content=\"Dur\u00e9e de lecture estim\u00e9e\" \/>\n\t<meta name=\"twitter:data2\" content=\"2 minutes\" \/>\n<script type=\"application\/ld+json\" class=\"yoast-schema-graph\">{\"@context\":\"https:\/\/schema.org\",\"@graph\":[{\"@type\":\"WebPage\",\"@id\":\"https:\/\/theplayoffs.news\/fr\/actualite-nba\/rumeurs-nets-mavericks\/\",\"url\":\"https:\/\/theplayoffs.news\/fr\/actualite-nba\/rumeurs-nets-mavericks\/\",\"name\":\"Les rumeurs s\\\\'accumulent chez les Nets et les Mavericks - The Playoffs FR\",\"isPartOf\":{\"@id\":\"https:\/\/theplayoffs.news\/fr\/#website\"},\"primaryImageOfPage\":{\"@id\":\"https:\/\/theplayoffs.news\/fr\/actualite-nba\/rumeurs-nets-mavericks\/#primaryimage\"},\"image\":{\"@id\":\"https:\/\/theplayoffs.news\/fr\/actualite-nba\/rumeurs-nets-mavericks\/#primaryimage\"},\"thumbnailUrl\":\"https:\/\/theplayoffs.news\/fr\/wp-content\/uploads\/2023\/02\/tinywow_christian-wood-getty_13240014.jpg\",\"datePublished\":\"2023-02-06T16:18:28+00:00\",\"dateModified\":\"2023-02-06T16:18:29+00:00\",\"author\":{\"@id\":\"https:\/\/theplayoffs.news\/fr\/#\/schema\/person\/a21cdc575c17111d7f6899967fe61a18\"},\"breadcrumb\":{\"@id\":\"https:\/\/theplayoffs.news\/fr\/actualite-nba\/rumeurs-nets-mavericks\/#breadcrumb\"},\"inLanguage\":\"fr-FR\",\"potentialAction\":[{\"@type\":\"ReadAction\",\"target\":[\"https:\/\/theplayoffs.news\/fr\/actualite-nba\/rumeurs-nets-mavericks\/\"]}]},{\"@type\":\"ImageObject\",\"inLanguage\":\"fr-FR\",\"@id\":\"https:\/\/theplayoffs.news\/fr\/actualite-nba\/rumeurs-nets-mavericks\/#primaryimage\",\"url\":\"https:\/\/theplayoffs.news\/fr\/wp-content\/uploads\/2023\/02\/tinywow_christian-wood-getty_13240014.jpg\",\"contentUrl\":\"https:\/\/theplayoffs.news\/fr\/wp-content\/uploads\/2023\/02\/tinywow_christian-wood-getty_13240014.jpg\",\"width\":1200,\"height\":675,\"caption\":\"rumeurs mavericks nets\"},{\"@type\":\"BreadcrumbList\",\"@id\":\"https:\/\/theplayoffs.news\/fr\/actualite-nba\/rumeurs-nets-mavericks\/#breadcrumb\",\"itemListElement\":[{\"@type\":\"ListItem\",\"position\":1,\"name\":\"Accueil\",\"item\":\"https:\/\/theplayoffs.news\/fr\/\"},{\"@type\":\"ListItem\",\"position\":2,\"name\":\"Les rumeurs s&rsquo;accumulent chez les Nets et les Mavericks\"}]},{\"@type\":\"WebSite\",\"@id\":\"https:\/\/theplayoffs.news\/fr\/#website\",\"url\":\"https:\/\/theplayoffs.news\/fr\/\",\"name\":\"The Playoffs FR\",\"description\":\"NBA-NFL-NHL-MLB\",\"potentialAction\":[{\"@type\":\"SearchAction\",\"target\":{\"@type\":\"EntryPoint\",\"urlTemplate\":\"https:\/\/theplayoffs.news\/fr\/?s={search_term_string}\"},\"query-input\":{\"@type\":\"PropertyValueSpecification\",\"valueRequired\":true,\"valueName\":\"search_term_string\"}}],\"inLanguage\":\"fr-FR\"},{\"@type\":\"Person\",\"@id\":\"https:\/\/theplayoffs.news\/fr\/#\/schema\/person\/a21cdc575c17111d7f6899967fe61a18\",\"name\":\"Arnaud Fady\",\"image\":{\"@type\":\"ImageObject\",\"inLanguage\":\"fr-FR\",\"@id\":\"https:\/\/theplayoffs.news\/fr\/#\/schema\/person\/image\/\",\"url\":\"https:\/\/secure.gravatar.com\/avatar\/3b57ebcdabda285cfd0874ae32ea4b83ff0f2234ba690313ed4f9eec404cd4a4?s=96&d=mm&r=g\",\"contentUrl\":\"https:\/\/secure.gravatar.com\/avatar\/3b57ebcdabda285cfd0874ae32ea4b83ff0f2234ba690313ed4f9eec404cd4a4?s=96&d=mm&r=g\",\"caption\":\"Arnaud Fady\"},\"url\":\"https:\/\/theplayoffs.news\/fr\/author\/arnaud-fadyoutlook-com\/\"}]}<\/script>\n<!-- \/ Yoast SEO plugin. -->","yoast_head_json":{"title":"Les rumeurs s&#039;accumulent chez les Nets et les Mavericks - The Playoffs FR","robots":{"index":"index","follow":"follow","max-snippet":"max-snippet:-1","max-image-preview":"max-image-preview:large","max-video-preview":"max-video-preview:-1"},"canonical":"https:\/\/theplayoffs.news\/fr\/actualite-nba\/rumeurs-nets-mavericks\/","og_locale":"fr_FR","og_type":"article","og_title":"Les rumeurs s&#039;accumulent chez les Nets et les Mavericks - The Playoffs FR","og_url":"https:\/\/theplayoffs.news\/fr\/actualite-nba\/rumeurs-nets-mavericks\/","og_site_name":"The Playoffs FR","article_publisher":"https:\/\/www.facebook.com\/TheFreeAgentFR\/","article_modified_time":"2023-02-06T16:18:29+00:00","og_image":[{"width":1200,"height":675,"url":"https:\/\/theplayoffs.news\/fr\/wp-content\/uploads\/2023\/02\/tinywow_christian-wood-getty_13240014.jpg","type":"image\/jpeg"}],"author":"Arnaud Fady","twitter_card":"summary_large_image","twitter_creator":"@TheFreeAgentFR","twitter_site":"@TheFreeAgentFR","twitter_misc":{"\u00c9crit par":"Arnaud Fady","Dur\u00e9e de lecture estim\u00e9e":"2 minutes"},"schema":{"@context":"https:\/\/schema.org","@graph":[{"@type":"WebPage","@id":"https:\/\/theplayoffs.news\/fr\/actualite-nba\/rumeurs-nets-mavericks\/","url":"https:\/\/theplayoffs.news\/fr\/actualite-nba\/rumeurs-nets-mavericks\/","name":"Les rumeurs s\\'accumulent chez les Nets et les Mavericks - The Playoffs FR","isPartOf":{"@id":"https:\/\/theplayoffs.news\/fr\/#website"},"primaryImageOfPage":{"@id":"https:\/\/theplayoffs.news\/fr\/actualite-nba\/rumeurs-nets-mavericks\/#primaryimage"},"image":{"@id":"https:\/\/theplayoffs.news\/fr\/actualite-nba\/rumeurs-nets-mavericks\/#primaryimage"},"thumbnailUrl":"https:\/\/theplayoffs.news\/fr\/wp-content\/uploads\/2023\/02\/tinywow_christian-wood-getty_13240014.jpg","datePublished":"2023-02-06T16:18:28+00:00","dateModified":"2023-02-06T16:18:29+00:00","author":{"@id":"https:\/\/theplayoffs.news\/fr\/#\/schema\/person\/a21cdc575c17111d7f6899967fe61a18"},"breadcrumb":{"@id":"https:\/\/theplayoffs.news\/fr\/actualite-nba\/rumeurs-nets-mavericks\/#breadcrumb"},"inLanguage":"fr-FR","potentialAction":[{"@type":"ReadAction","target":["https:\/\/theplayoffs.news\/fr\/actualite-nba\/rumeurs-nets-mavericks\/"]}]},{"@type":"ImageObject","inLanguage":"fr-FR","@id":"https:\/\/theplayoffs.news\/fr\/actualite-nba\/rumeurs-nets-mavericks\/#primaryimage","url":"https:\/\/theplayoffs.news\/fr\/wp-content\/uploads\/2023\/02\/tinywow_christian-wood-getty_13240014.jpg","contentUrl":"https:\/\/theplayoffs.news\/fr\/wp-content\/uploads\/2023\/02\/tinywow_christian-wood-getty_13240014.jpg","width":1200,"height":675,"caption":"rumeurs mavericks nets"},{"@type":"BreadcrumbList","@id":"https:\/\/theplayoffs.news\/fr\/actualite-nba\/rumeurs-nets-mavericks\/#breadcrumb","itemListElement":[{"@type":"ListItem","position":1,"name":"Accueil","item":"https:\/\/theplayoffs.news\/fr\/"},{"@type":"ListItem","position":2,"name":"Les rumeurs s&rsquo;accumulent chez les Nets et les Mavericks"}]},{"@type":"WebSite","@id":"https:\/\/theplayoffs.news\/fr\/#website","url":"https:\/\/theplayoffs.news\/fr\/","name":"The Playoffs FR","description":"NBA-NFL-NHL-MLB","potentialAction":[{"@type":"SearchAction","target":{"@type":"EntryPoint","urlTemplate":"https:\/\/theplayoffs.news\/fr\/?s={search_term_string}"},"query-input":{"@type":"PropertyValueSpecification","valueRequired":true,"valueName":"search_term_string"}}],"inLanguage":"fr-FR"},{"@type":"Person","@id":"https:\/\/theplayoffs.news\/fr\/#\/schema\/person\/a21cdc575c17111d7f6899967fe61a18","name":"Arnaud Fady","image":{"@type":"ImageObject","inLanguage":"fr-FR","@id":"https:\/\/theplayoffs.news\/fr\/#\/schema\/person\/image\/","url":"https:\/\/secure.gravatar.com\/avatar\/3b57ebcdabda285cfd0874ae32ea4b83ff0f2234ba690313ed4f9eec404cd4a4?s=96&d=mm&r=g","contentUrl":"https:\/\/secure.gravatar.com\/avatar\/3b57ebcdabda285cfd0874ae32ea4b83ff0f2234ba690313ed4f9eec404cd4a4?s=96&d=mm&r=g","caption":"Arnaud Fady"},"url":"https:\/\/theplayoffs.news\/fr\/author\/arnaud-fadyoutlook-com\/"}]}},"_links":{"self":[{"href":"https:\/\/theplayoffs.news\/fr\/wp-json\/wp\/v2\/posts\/560846","targetHints":{"allow":["GET"]}}],"collection":[{"href":"https:\/\/theplayoffs.news\/fr\/wp-json\/wp\/v2\/posts"}],"about":[{"href":"https:\/\/theplayoffs.news\/fr\/wp-json\/wp\/v2\/types\/post"}],"author":[{"embeddable":true,"href":"https:\/\/theplayoffs.news\/fr\/wp-json\/wp\/v2\/users\/180310142"}],"replies":[{"embeddable":true,"href":"https:\/\/theplayoffs.news\/fr\/wp-json\/wp\/v2\/comments?post=560846"}],"version-history":[{"count":2,"href":"https:\/\/theplayoffs.news\/fr\/wp-json\/wp\/v2\/posts\/560846\/revisions"}],"predecessor-version":[{"id":560850,"href":"https:\/\/theplayoffs.news\/fr\/wp-json\/wp\/v2\/posts\/560846\/revisions\/560850"}],"wp:featuredmedia":[{"embeddable":true,"href":"https:\/\/theplayoffs.news\/fr\/wp-json\/wp\/v2\/media\/560848"}],"wp:attachment":[{"href":"https:\/\/theplayoffs.news\/fr\/wp-json\/wp\/v2\/media?parent=560846"}],"wp:term":[{"taxonomy":"category","embeddable":true,"href":"https:\/\/theplayoffs.news\/fr\/wp-json\/wp\/v2\/categories?post=560846"},{"taxonomy":"post_tag","embeddable":true,"href":"https:\/\/theplayoffs.news\/fr\/wp-json\/wp\/v2\/tags?post=560846"},{"taxonomy":"sport","embeddable":true,"href":"https:\/\/theplayoffs.news\/fr\/wp-json\/wp\/v2\/sport?post=560846"},{"taxonomy":"saison","embeddable":true,"href":"https:\/\/theplayoffs.news\/fr\/wp-json\/wp\/v2\/saison?post=560846"}],"curies":[{"name":"wp","href":"https:\/\/api.w.org\/{rel}","templated":true}]}}