{"id":560839,"date":"2023-02-06T16:50:16","date_gmt":"2023-02-06T15:50:16","guid":{"rendered":"https:\/\/theplayoffs.news\/fr\/?p=560839"},"modified":"2023-02-06T16:50:17","modified_gmt":"2023-02-06T15:50:17","slug":"le-jazz-ouvert-a-plusieurs-options","status":"publish","type":"post","link":"https:\/\/theplayoffs.news\/fr\/actualite-nba\/le-jazz-ouvert-a-plusieurs-options\/","title":{"rendered":"Le Jazz ouvert \u00e0 plusieurs options"},"content":{"rendered":"<h2>Depuis le d&eacute;part de Kyrie Irving vers Dallas, les franchises commencent &agrave; se poser des questions comme le Jazz d&rsquo;Utah qui a l&rsquo;embarras du choix.<\/h2><p>Il y a des franchises qui ont besoin de faire des mouvements, d&rsquo;autres non et certaines ont le privil&egrave;ge de faire ce que bon leur semble car leur situation le leur permet. C&rsquo;est le cas du <strong>Jazz d&rsquo;Utah<\/strong>. La franchise de <strong>Salt Lake City<\/strong> r&eacute;alise une saison plus qu&rsquo;honorable et ne compte pas pr&eacute;cipiter les choses car le moment n&rsquo;est pas venu pour tout chambouler alors que d&rsquo;une certaine mani&egrave;re, tout &agrave; l&rsquo;air de bien fonctionner.<\/p><p>Alors que la fin de la p&eacute;riode de trade se termine dans 3 jours, le Jazz d&rsquo;Utah a le choix de <a href=\"https:\/\/theathletic.com\/4159405\/2023\/02\/06\/jazz-trade-deadline-intel\/\" class=\"trk-cta-link\" data-cta-trk='{\"ctaType\":\"Link\",\"ctaSubType\":\"main\"}'>faire ou non des mouvements<\/a> quant &agrave; l&rsquo;effectif qu&rsquo;il a sous la main.<\/p><p>Voici ce qu&rsquo;il faut savoir &agrave; l&rsquo;heure actuelle sur les diff&eacute;rents joueurs qui peuvent potentiellement &ecirc;tre &eacute;chang&eacute;.<\/p><p>Selon certaines sources, le joueur qui serait le plus susceptible d&rsquo;&ecirc;tre &eacute;chang&eacute; est <a href=\"https:\/\/theplayoffs.news\/fr\/joueur\/jarred-vanderbilt-nba-8556154\/\" class=\"trk-cta-link\" data-cta-trk='{\"ctaType\":\"Link\",\"ctaSubType\":\"main\"}'>Jarred Vanderbilt<\/a>. En effet, l&rsquo;int&eacute;rieur du Jazz serait une monnaie d&rsquo;&eacute;change int&eacute;ressante pour la franchise. Ce qui pousse les instances d&eacute;cisionnaires &agrave; pouvoir le mettre sur le march&eacute; est que le rookie <strong>Walker Kessler<\/strong> est du m&ecirc;me profil que lui et que Kessler repr&eacute;sente l&rsquo;avenir et est dans la bonne franchise pour progresser. De plus, Vanderbilt est un jeune joueur (23 ans) et est un profil qui est recherch&eacute;.<\/p><p>Des propositions ont &eacute;t&eacute; faite concernant l&rsquo;ancien joueur de Minnesota mais aucune d&eacute;cision n&rsquo;a &eacute;t&eacute; prise pour la franchise du Jazz.<\/p><p>Un autre joueur est dans les discussions. Il s&rsquo;agit du meneur <a href=\"https:\/\/theplayoffs.news\/fr\/joueur\/mike-conley-nba-6390\/\" class=\"trk-cta-link\" data-cta-trk='{\"ctaType\":\"Link\",\"ctaSubType\":\"main\"}'>Mike Conley<\/a>. Selon diff&eacute;rentes sources, il aurait &eacute;galement re&ccedil;u des propositions venant d&rsquo;une franchise de la conf&eacute;rence Ouest sur un &eacute;ventuel contrat expirant. Cependant, le <strong>Jazz d&rsquo;Utah<\/strong> pense qu&rsquo;il serait plus b&eacute;n&eacute;fique de le garder plut&ocirc;t que de l&rsquo;&eacute;changer.<\/p><p><strong>Mike Conley<\/strong> souhaite rester au Jazz notamment car sa famille s&rsquo;y sent bien, tout comme lui. Il ne partira que s&rsquo;il peut allez chez une &eacute;quipe qui serait un concurrent pour aller chercher une place en playoffs. Le Jazz d&rsquo;Utah ne veut pas s&rsquo;en s&eacute;parer non plus car il est le v&eacute;t&eacute;ran de cette &eacute;quipe et fait du bien aux jeunes de par son exp&eacute;rience et de ce qu&rsquo;il peut apporter sur et en dehors du terrain.<\/p><p>Enfin, des propositions ont &eacute;t&eacute; faites pour <a href=\"https:\/\/theplayoffs.news\/fr\/joueur\/lauri-markkanen-nba-8132672\/\" class=\"trk-cta-link\" data-cta-trk='{\"ctaType\":\"Link\",\"ctaSubType\":\"main\"}'>Lauri M&auml;rkkanen<\/a> et <a href=\"https:\/\/theplayoffs.news\/fr\/joueur\/ochai-agbaji-nba-8794036\/\" class=\"trk-cta-link\" data-cta-trk='{\"ctaType\":\"Link\",\"ctaSubType\":\"main\"}'>Ochai Agbaji<\/a>. Mais le Jazz ne souhaite pas s&rsquo;en s&eacute;parer.<\/p><p>Le <strong>Jazz d&rsquo;Utah<\/strong> a donc le choix de faire ce que bon lui semble mais l&rsquo;impression donn&eacute;e est qu&rsquo;ils attendent la saison prochaine pour donner une direction claire &agrave; la franchise.<\/p>\n","protected":false},"excerpt":{"rendered":"","protected":false},"author":180310140,"featured_media":560840,"comment_status":"open","ping_status":"closed","sticky":false,"template":"","format":"standard","meta":{"inline_featured_image":false,"kia_subtitle":"","_mux_skip_reasons":[],"proofreadBy":0,"footnotes":""},"categories":[110,10],"tags":[2766,2044,4352,855],"sport":[],"saison":[],"class_list":["post-560839","post","type-post","status-publish","format-standard","has-post-thumbnail","hentry","category-actualite-nba","category-nba","tag-lauri-markkanen","tag-mike-conley","tag-ochai-agbaji","tag-utah-jazz"],"acf":[],"yoast_head":"<!-- This site is optimized with the Yoast SEO plugin v24.2 - https:\/\/yoast.com\/wordpress\/plugins\/seo\/ -->\n<title>Le Jazz ouvert &agrave; plusieurs options - The Playoffs FR<\/title>\n<meta name=\"robots\" content=\"index, follow, max-snippet:-1, max-image-preview:large, max-video-preview:-1\" \/>\n<link rel=\"canonical\" href=\"https:\/\/theplayoffs.news\/fr\/actualite-nba\/le-jazz-ouvert-a-plusieurs-options\/\" \/>\n<meta property=\"og:locale\" content=\"fr_FR\" \/>\n<meta property=\"og:type\" content=\"article\" \/>\n<meta property=\"og:title\" content=\"Le Jazz ouvert &agrave; plusieurs options - The Playoffs FR\" \/>\n<meta property=\"og:url\" content=\"https:\/\/theplayoffs.news\/fr\/actualite-nba\/le-jazz-ouvert-a-plusieurs-options\/\" \/>\n<meta property=\"og:site_name\" content=\"The Playoffs FR\" \/>\n<meta property=\"article:publisher\" content=\"https:\/\/www.facebook.com\/TheFreeAgentFR\/\" \/>\n<meta property=\"article:modified_time\" content=\"2023-02-06T16:50:17+01:00\" \/>\n<meta property=\"og:image\" content=\"https:\/\/theplayoffs.news\/fr\/wp-content\/uploads\/2023\/02\/Jarred-Vanderbilt.jpg\" \/>\n\t<meta property=\"og:image:width\" content=\"1180\" \/>\n\t<meta property=\"og:image:height\" content=\"787\" \/>\n\t<meta property=\"og:image:type\" content=\"image\/jpeg\" \/>\n<meta name=\"author\" content=\"Theophile Batica-ferreira\" \/>\n<meta name=\"twitter:card\" content=\"summary_large_image\" \/>\n<meta name=\"twitter:creator\" content=\"@TheFreeAgentFR\" \/>\n<meta name=\"twitter:site\" content=\"@TheFreeAgentFR\" \/>\n<meta name=\"twitter:label1\" content=\"\u00c9crit par\" \/>\n\t<meta name=\"twitter:data1\" content=\"Theophile Batica-ferreira\" \/>\n\t<meta name=\"twitter:label2\" content=\"Dur\u00e9e de lecture estim\u00e9e\" \/>\n\t<meta name=\"twitter:data2\" content=\"2 minutes\" \/>\n<script type=\"application\/ld+json\" class=\"yoast-schema-graph\">{\"@context\":\"https:\/\/schema.org\",\"@graph\":[{\"@type\":\"WebPage\",\"@id\":\"https:\/\/theplayoffs.news\/fr\/actualite-nba\/le-jazz-ouvert-a-plusieurs-options\/\",\"url\":\"https:\/\/theplayoffs.news\/fr\/actualite-nba\/le-jazz-ouvert-a-plusieurs-options\/\",\"name\":\"Le Jazz ouvert \u00e0 plusieurs options - The Playoffs FR\",\"isPartOf\":{\"@id\":\"https:\/\/theplayoffs.news\/fr\/#website\"},\"primaryImageOfPage\":{\"@id\":\"https:\/\/theplayoffs.news\/fr\/actualite-nba\/le-jazz-ouvert-a-plusieurs-options\/#primaryimage\"},\"image\":{\"@id\":\"https:\/\/theplayoffs.news\/fr\/actualite-nba\/le-jazz-ouvert-a-plusieurs-options\/#primaryimage\"},\"thumbnailUrl\":\"https:\/\/theplayoffs.news\/fr\/wp-content\/uploads\/2023\/02\/Jarred-Vanderbilt.jpg\",\"datePublished\":\"2023-02-06T15:50:16+00:00\",\"dateModified\":\"2023-02-06T15:50:17+00:00\",\"author\":{\"@id\":\"https:\/\/theplayoffs.news\/fr\/#\/schema\/person\/28782e5d11e28ced1db43166cecdaae9\"},\"breadcrumb\":{\"@id\":\"https:\/\/theplayoffs.news\/fr\/actualite-nba\/le-jazz-ouvert-a-plusieurs-options\/#breadcrumb\"},\"inLanguage\":\"fr-FR\",\"potentialAction\":[{\"@type\":\"ReadAction\",\"target\":[\"https:\/\/theplayoffs.news\/fr\/actualite-nba\/le-jazz-ouvert-a-plusieurs-options\/\"]}]},{\"@type\":\"ImageObject\",\"inLanguage\":\"fr-FR\",\"@id\":\"https:\/\/theplayoffs.news\/fr\/actualite-nba\/le-jazz-ouvert-a-plusieurs-options\/#primaryimage\",\"url\":\"https:\/\/theplayoffs.news\/fr\/wp-content\/uploads\/2023\/02\/Jarred-Vanderbilt.jpg\",\"contentUrl\":\"https:\/\/theplayoffs.news\/fr\/wp-content\/uploads\/2023\/02\/Jarred-Vanderbilt.jpg\",\"width\":1180,\"height\":787,\"caption\":\"Feb 3, 2023; Salt Lake City, Utah, USA; Utah Jazz forward Jarred Vanderbilt (8) reacts after Atlanta Hawks guard Trae Young (11) makes a basket during the second half at Vivint Arena. Mandatory Credit: Christopher Creveling-USA TODAY Sports\"},{\"@type\":\"BreadcrumbList\",\"@id\":\"https:\/\/theplayoffs.news\/fr\/actualite-nba\/le-jazz-ouvert-a-plusieurs-options\/#breadcrumb\",\"itemListElement\":[{\"@type\":\"ListItem\",\"position\":1,\"name\":\"Accueil\",\"item\":\"https:\/\/theplayoffs.news\/fr\/\"},{\"@type\":\"ListItem\",\"position\":2,\"name\":\"Le Jazz ouvert \u00e0 plusieurs options\"}]},{\"@type\":\"WebSite\",\"@id\":\"https:\/\/theplayoffs.news\/fr\/#website\",\"url\":\"https:\/\/theplayoffs.news\/fr\/\",\"name\":\"The Playoffs FR\",\"description\":\"NBA-NFL-NHL-MLB\",\"potentialAction\":[{\"@type\":\"SearchAction\",\"target\":{\"@type\":\"EntryPoint\",\"urlTemplate\":\"https:\/\/theplayoffs.news\/fr\/?s={search_term_string}\"},\"query-input\":{\"@type\":\"PropertyValueSpecification\",\"valueRequired\":true,\"valueName\":\"search_term_string\"}}],\"inLanguage\":\"fr-FR\"},{\"@type\":\"Person\",\"@id\":\"https:\/\/theplayoffs.news\/fr\/#\/schema\/person\/28782e5d11e28ced1db43166cecdaae9\",\"name\":\"Theophile Batica-ferreira\",\"image\":{\"@type\":\"ImageObject\",\"inLanguage\":\"fr-FR\",\"@id\":\"https:\/\/theplayoffs.news\/fr\/#\/schema\/person\/image\/\",\"url\":\"https:\/\/secure.gravatar.com\/avatar\/2a8200ad0411f8ebd27c6b41622c1d7589cdf53cfc6c271372dbe6fbfd1e8159?s=96&d=mm&r=g\",\"contentUrl\":\"https:\/\/secure.gravatar.com\/avatar\/2a8200ad0411f8ebd27c6b41622c1d7589cdf53cfc6c271372dbe6fbfd1e8159?s=96&d=mm&r=g\",\"caption\":\"Theophile Batica-ferreira\"},\"url\":\"https:\/\/theplayoffs.news\/fr\/author\/theophile-batica-ferreiramediaschool-me\/\"}]}<\/script>\n<!-- \/ Yoast SEO plugin. -->","yoast_head_json":{"title":"Le Jazz ouvert &agrave; plusieurs options - The Playoffs FR","robots":{"index":"index","follow":"follow","max-snippet":"max-snippet:-1","max-image-preview":"max-image-preview:large","max-video-preview":"max-video-preview:-1"},"canonical":"https:\/\/theplayoffs.news\/fr\/actualite-nba\/le-jazz-ouvert-a-plusieurs-options\/","og_locale":"fr_FR","og_type":"article","og_title":"Le Jazz ouvert &agrave; plusieurs options - The Playoffs FR","og_url":"https:\/\/theplayoffs.news\/fr\/actualite-nba\/le-jazz-ouvert-a-plusieurs-options\/","og_site_name":"The Playoffs FR","article_publisher":"https:\/\/www.facebook.com\/TheFreeAgentFR\/","article_modified_time":"2023-02-06T15:50:17+00:00","og_image":[{"width":1180,"height":787,"url":"https:\/\/theplayoffs.news\/fr\/wp-content\/uploads\/2023\/02\/Jarred-Vanderbilt.jpg","type":"image\/jpeg"}],"author":"Theophile Batica-ferreira","twitter_card":"summary_large_image","twitter_creator":"@TheFreeAgentFR","twitter_site":"@TheFreeAgentFR","twitter_misc":{"\u00c9crit par":"Theophile Batica-ferreira","Dur\u00e9e de lecture estim\u00e9e":"2 minutes"},"schema":{"@context":"https:\/\/schema.org","@graph":[{"@type":"WebPage","@id":"https:\/\/theplayoffs.news\/fr\/actualite-nba\/le-jazz-ouvert-a-plusieurs-options\/","url":"https:\/\/theplayoffs.news\/fr\/actualite-nba\/le-jazz-ouvert-a-plusieurs-options\/","name":"Le Jazz ouvert \u00e0 plusieurs options - The Playoffs FR","isPartOf":{"@id":"https:\/\/theplayoffs.news\/fr\/#website"},"primaryImageOfPage":{"@id":"https:\/\/theplayoffs.news\/fr\/actualite-nba\/le-jazz-ouvert-a-plusieurs-options\/#primaryimage"},"image":{"@id":"https:\/\/theplayoffs.news\/fr\/actualite-nba\/le-jazz-ouvert-a-plusieurs-options\/#primaryimage"},"thumbnailUrl":"https:\/\/theplayoffs.news\/fr\/wp-content\/uploads\/2023\/02\/Jarred-Vanderbilt.jpg","datePublished":"2023-02-06T15:50:16+00:00","dateModified":"2023-02-06T15:50:17+00:00","author":{"@id":"https:\/\/theplayoffs.news\/fr\/#\/schema\/person\/28782e5d11e28ced1db43166cecdaae9"},"breadcrumb":{"@id":"https:\/\/theplayoffs.news\/fr\/actualite-nba\/le-jazz-ouvert-a-plusieurs-options\/#breadcrumb"},"inLanguage":"fr-FR","potentialAction":[{"@type":"ReadAction","target":["https:\/\/theplayoffs.news\/fr\/actualite-nba\/le-jazz-ouvert-a-plusieurs-options\/"]}]},{"@type":"ImageObject","inLanguage":"fr-FR","@id":"https:\/\/theplayoffs.news\/fr\/actualite-nba\/le-jazz-ouvert-a-plusieurs-options\/#primaryimage","url":"https:\/\/theplayoffs.news\/fr\/wp-content\/uploads\/2023\/02\/Jarred-Vanderbilt.jpg","contentUrl":"https:\/\/theplayoffs.news\/fr\/wp-content\/uploads\/2023\/02\/Jarred-Vanderbilt.jpg","width":1180,"height":787,"caption":"Feb 3, 2023; Salt Lake City, Utah, USA; Utah Jazz forward Jarred Vanderbilt (8) reacts after Atlanta Hawks guard Trae Young (11) makes a basket during the second half at Vivint Arena. Mandatory Credit: Christopher Creveling-USA TODAY Sports"},{"@type":"BreadcrumbList","@id":"https:\/\/theplayoffs.news\/fr\/actualite-nba\/le-jazz-ouvert-a-plusieurs-options\/#breadcrumb","itemListElement":[{"@type":"ListItem","position":1,"name":"Accueil","item":"https:\/\/theplayoffs.news\/fr\/"},{"@type":"ListItem","position":2,"name":"Le Jazz ouvert \u00e0 plusieurs options"}]},{"@type":"WebSite","@id":"https:\/\/theplayoffs.news\/fr\/#website","url":"https:\/\/theplayoffs.news\/fr\/","name":"The Playoffs FR","description":"NBA-NFL-NHL-MLB","potentialAction":[{"@type":"SearchAction","target":{"@type":"EntryPoint","urlTemplate":"https:\/\/theplayoffs.news\/fr\/?s={search_term_string}"},"query-input":{"@type":"PropertyValueSpecification","valueRequired":true,"valueName":"search_term_string"}}],"inLanguage":"fr-FR"},{"@type":"Person","@id":"https:\/\/theplayoffs.news\/fr\/#\/schema\/person\/28782e5d11e28ced1db43166cecdaae9","name":"Theophile Batica-ferreira","image":{"@type":"ImageObject","inLanguage":"fr-FR","@id":"https:\/\/theplayoffs.news\/fr\/#\/schema\/person\/image\/","url":"https:\/\/secure.gravatar.com\/avatar\/2a8200ad0411f8ebd27c6b41622c1d7589cdf53cfc6c271372dbe6fbfd1e8159?s=96&d=mm&r=g","contentUrl":"https:\/\/secure.gravatar.com\/avatar\/2a8200ad0411f8ebd27c6b41622c1d7589cdf53cfc6c271372dbe6fbfd1e8159?s=96&d=mm&r=g","caption":"Theophile Batica-ferreira"},"url":"https:\/\/theplayoffs.news\/fr\/author\/theophile-batica-ferreiramediaschool-me\/"}]}},"_links":{"self":[{"href":"https:\/\/theplayoffs.news\/fr\/wp-json\/wp\/v2\/posts\/560839","targetHints":{"allow":["GET"]}}],"collection":[{"href":"https:\/\/theplayoffs.news\/fr\/wp-json\/wp\/v2\/posts"}],"about":[{"href":"https:\/\/theplayoffs.news\/fr\/wp-json\/wp\/v2\/types\/post"}],"author":[{"embeddable":true,"href":"https:\/\/theplayoffs.news\/fr\/wp-json\/wp\/v2\/users\/180310140"}],"replies":[{"embeddable":true,"href":"https:\/\/theplayoffs.news\/fr\/wp-json\/wp\/v2\/comments?post=560839"}],"version-history":[{"count":2,"href":"https:\/\/theplayoffs.news\/fr\/wp-json\/wp\/v2\/posts\/560839\/revisions"}],"predecessor-version":[{"id":560842,"href":"https:\/\/theplayoffs.news\/fr\/wp-json\/wp\/v2\/posts\/560839\/revisions\/560842"}],"wp:featuredmedia":[{"embeddable":true,"href":"https:\/\/theplayoffs.news\/fr\/wp-json\/wp\/v2\/media\/560840"}],"wp:attachment":[{"href":"https:\/\/theplayoffs.news\/fr\/wp-json\/wp\/v2\/media?parent=560839"}],"wp:term":[{"taxonomy":"category","embeddable":true,"href":"https:\/\/theplayoffs.news\/fr\/wp-json\/wp\/v2\/categories?post=560839"},{"taxonomy":"post_tag","embeddable":true,"href":"https:\/\/theplayoffs.news\/fr\/wp-json\/wp\/v2\/tags?post=560839"},{"taxonomy":"sport","embeddable":true,"href":"https:\/\/theplayoffs.news\/fr\/wp-json\/wp\/v2\/sport?post=560839"},{"taxonomy":"saison","embeddable":true,"href":"https:\/\/theplayoffs.news\/fr\/wp-json\/wp\/v2\/saison?post=560839"}],"curies":[{"name":"wp","href":"https:\/\/api.w.org\/{rel}","templated":true}]}}